{"id":73778,"date":"2024-06-05T07:09:57","date_gmt":"2024-06-05T12:09:57","guid":{"rendered":"https:\/\/luchonoticias.com\/?p=73778"},"modified":"2024-06-05T07:09:57","modified_gmt":"2024-06-05T12:09:57","slug":"aprobacion-en-camara-de-la-ley-estatutaria-de-jurisdiccion-agraria","status":"publish","type":"post","link":"https:\/\/luchonoticias.com\/editor\/aprobacion-en-camara-de-la-ley-estatutaria-de-jurisdiccion-agraria\/","title":{"rendered":"Aprobaci\u00f3n en c\u00e1mara de la ley estatutaria de jurisdicci\u00f3n agraria"},"content":{"rendered":"<div>Con 96 votos a favor y 30 en contra la plenaria de la C\u00e1mara de Representantes aprob\u00f3, en \u00faltimo debate, el proyecto de ley estatutaria de la jurisdicci\u00f3n agraria y rural.<\/div>\n<div><\/div>\n<div>Luego de la aprobaci\u00f3n de la iniciativa, el ministro de Justicia, N\u00e9stor Osuna celebr\u00f3 la decisi\u00f3n del Congreso y en su cuenta de X dijo que \u201ces un gran d\u00eda para la justicia colombiana. \u00a1As\u00ed construimos el cambio!\u201d.<\/div>\n<div><\/div>\n<div>El esp\u00edritu de la norma busca la protecci\u00f3n de los derechos de propiedad y el establecimiento dentro de la legalidad para resolver conflictos agrarios de manera expedita.<\/div>\n<div><\/div>\n<div>De hecho, el ministro Osuna\u00a0 ha insistido en que la jurisdicci\u00f3n agraria y rural representa un avance significativo para saldar la deuda hist\u00f3rica del Estado colombiano con la ruralidad y cumplir con los compromisos del Acuerdo de Paz de 2016.<\/div>\n<div><\/div>\n<div>La ley estatutaria reglamenta lo establecido en la Constituci\u00f3n Nacional, reformada a trav\u00e9s del Acto Legislativo 03 de 2023, que concede a jueces y magistrados la autoridad para resolver, de manera especializada y pac\u00edfica, los conflictos agrarios y rurales del pa\u00eds.<\/div>\n<div><\/div>\n<div>A la iniciativa solo le resta la conciliaci\u00f3n en las plenarias y de ah\u00ed pasar\u00e1 a manos de la Corte Constitucional para el an\u00e1lisis de exequibilidad con la Carta Magna.<\/div>\n<div><\/div>\n","protected":false},"excerpt":{"rendered":"<p>Con 96 votos a favor y 30 en contra la plenaria de la C\u00e1mara de Representantes aprob\u00f3, en \u00faltimo debate, el proyecto de ley estatutaria de la jurisdicci\u00f3n agraria y rural. Luego de la aprobaci\u00f3n de la iniciativa, el ministro de Justicia, N\u00e9stor Osuna celebr\u00f3 la decisi\u00f3n del Congreso y en su cuenta de X [&hellip;]<\/p>\n","protected":false},"author":2,"featured_media":73779,"comment_status":"closed","ping_status":"open","sticky":false,"template":"","format":"standard","meta":{"footnotes":""},"categories":[28],"tags":[],"class_list":["post-73778","post","type-post","status-publish","format-standard","has-post-thumbnail","hentry","category-actualidad"],"yoast_head":"<!-- This site is optimized with the Yoast SEO plugin v26.6 - https:\/\/yoast.com\/wordpress\/plugins\/seo\/ -->\n<title>Aprobaci\u00f3n en c\u00e1mara de la ley estatutaria de jurisdicci\u00f3n agraria -<\/title>\n<meta name=\"robots\" content=\"index, follow, max-snippet:-1, max-image-preview:large, max-video-preview:-1\" \/>\n<link rel=\"canonical\" href=\"https:\/\/luchonoticias.com\/editor\/aprobacion-en-camara-de-la-ley-estatutaria-de-jurisdiccion-agraria\/\" \/>\n<meta property=\"og:locale\" content=\"es_ES\" \/>\n<meta property=\"og:type\" content=\"article\" \/>\n<meta property=\"og:title\" content=\"Aprobaci\u00f3n en c\u00e1mara de la ley estatutaria de jurisdicci\u00f3n agraria -\" \/>\n<meta property=\"og:url\" content=\"https:\/\/luchonoticias.com\/editor\/aprobacion-en-camara-de-la-ley-estatutaria-de-jurisdiccion-agraria\/\" \/>\n<meta property=\"article:publisher\" content=\"https:\/\/www.facebook.com\/luchonoticiasneiva\" \/>\n<meta property=\"article:published_time\" content=\"2024-06-05T12:09:57+00:00\" \/>\n<meta property=\"og:image\" content=\"https:\/\/luchonoticias.com\/editor\/wp-content\/uploads\/2024\/06\/jurisdiccion-agraria.jpg\" \/>\n\t<meta property=\"og:image:width\" content=\"700\" \/>\n\t<meta property=\"og:image:height\" content=\"400\" \/>\n\t<meta property=\"og:image:type\" content=\"image\/jpeg\" \/>\n<meta name=\"author\" content=\"Editor General\" \/>\n<meta name=\"twitter:card\" content=\"summary_large_image\" \/>\n<meta name=\"twitter:label1\" content=\"Escrito por\" \/>\n\t<meta name=\"twitter:data1\" content=\"Editor General\" \/>\n\t<meta name=\"twitter:label2\" content=\"Tiempo de lectura\" \/>\n\t<meta name=\"twitter:data2\" content=\"1 minuto\" \/>\n<script type=\"application\/ld+json\" class=\"yoast-schema-graph\">{\"@context\":\"https:\/\/schema.org\",\"@graph\":[{\"@type\":\"Article\",\"@id\":\"https:\/\/luchonoticias.com\/editor\/aprobacion-en-camara-de-la-ley-estatutaria-de-jurisdiccion-agraria\/#article\",\"isPartOf\":{\"@id\":\"https:\/\/luchonoticias.com\/editor\/aprobacion-en-camara-de-la-ley-estatutaria-de-jurisdiccion-agraria\/\"},\"author\":{\"name\":\"Editor General\",\"@id\":\"https:\/\/luchonoticias.com\/editor\/#\/schema\/person\/29217990ddf6f14e35912b2866d591fb\"},\"headline\":\"Aprobaci\u00f3n en c\u00e1mara de la ley estatutaria de jurisdicci\u00f3n agraria\",\"datePublished\":\"2024-06-05T12:09:57+00:00\",\"mainEntityOfPage\":{\"@id\":\"https:\/\/luchonoticias.com\/editor\/aprobacion-en-camara-de-la-ley-estatutaria-de-jurisdiccion-agraria\/\"},\"wordCount\":231,\"publisher\":{\"@id\":\"https:\/\/luchonoticias.com\/editor\/#\/schema\/person\/7a7fd911f58561fd056dbac7b55af9cd\"},\"image\":{\"@id\":\"https:\/\/luchonoticias.com\/editor\/aprobacion-en-camara-de-la-ley-estatutaria-de-jurisdiccion-agraria\/#primaryimage\"},\"thumbnailUrl\":\"https:\/\/luchonoticias.com\/editor\/wp-content\/uploads\/2024\/06\/jurisdiccion-agraria.jpg\",\"articleSection\":[\"Actualidad\"],\"inLanguage\":\"es\"},{\"@type\":\"WebPage\",\"@id\":\"https:\/\/luchonoticias.com\/editor\/aprobacion-en-camara-de-la-ley-estatutaria-de-jurisdiccion-agraria\/\",\"url\":\"https:\/\/luchonoticias.com\/editor\/aprobacion-en-camara-de-la-ley-estatutaria-de-jurisdiccion-agraria\/\",\"name\":\"Aprobaci\u00f3n en c\u00e1mara de la ley estatutaria de jurisdicci\u00f3n agraria -\",\"isPartOf\":{\"@id\":\"https:\/\/luchonoticias.com\/editor\/#website\"},\"primaryImageOfPage\":{\"@id\":\"https:\/\/luchonoticias.com\/editor\/aprobacion-en-camara-de-la-ley-estatutaria-de-jurisdiccion-agraria\/#primaryimage\"},\"image\":{\"@id\":\"https:\/\/luchonoticias.com\/editor\/aprobacion-en-camara-de-la-ley-estatutaria-de-jurisdiccion-agraria\/#primaryimage\"},\"thumbnailUrl\":\"https:\/\/luchonoticias.com\/editor\/wp-content\/uploads\/2024\/06\/jurisdiccion-agraria.jpg\",\"datePublished\":\"2024-06-05T12:09:57+00:00\",\"breadcrumb\":{\"@id\":\"https:\/\/luchonoticias.com\/editor\/aprobacion-en-camara-de-la-ley-estatutaria-de-jurisdiccion-agraria\/#breadcrumb\"},\"inLanguage\":\"es\",\"potentialAction\":[{\"@type\":\"ReadAction\",\"target\":[\"https:\/\/luchonoticias.com\/editor\/aprobacion-en-camara-de-la-ley-estatutaria-de-jurisdiccion-agraria\/\"]}]},{\"@type\":\"ImageObject\",\"inLanguage\":\"es\",\"@id\":\"https:\/\/luchonoticias.com\/editor\/aprobacion-en-camara-de-la-ley-estatutaria-de-jurisdiccion-agraria\/#primaryimage\",\"url\":\"https:\/\/luchonoticias.com\/editor\/wp-content\/uploads\/2024\/06\/jurisdiccion-agraria.jpg\",\"contentUrl\":\"https:\/\/luchonoticias.com\/editor\/wp-content\/uploads\/2024\/06\/jurisdiccion-agraria.jpg\",\"width\":700,\"height\":400},{\"@type\":\"BreadcrumbList\",\"@id\":\"https:\/\/luchonoticias.com\/editor\/aprobacion-en-camara-de-la-ley-estatutaria-de-jurisdiccion-agraria\/#breadcrumb\",\"itemListElement\":[{\"@type\":\"ListItem\",\"position\":1,\"name\":\"Portada\",\"item\":\"https:\/\/luchonoticias.com\/editor\/\"},{\"@type\":\"ListItem\",\"position\":2,\"name\":\"Aprobaci\u00f3n en c\u00e1mara de la ley estatutaria de jurisdicci\u00f3n agraria\"}]},{\"@type\":\"WebSite\",\"@id\":\"https:\/\/luchonoticias.com\/editor\/#website\",\"url\":\"https:\/\/luchonoticias.com\/editor\/\",\"name\":\"\",\"description\":\"\",\"publisher\":{\"@id\":\"https:\/\/luchonoticias.com\/editor\/#\/schema\/person\/7a7fd911f58561fd056dbac7b55af9cd\"},\"potentialAction\":[{\"@type\":\"SearchAction\",\"target\":{\"@type\":\"EntryPoint\",\"urlTemplate\":\"https:\/\/luchonoticias.com\/editor\/?s={search_term_string}\"},\"query-input\":{\"@type\":\"PropertyValueSpecification\",\"valueRequired\":true,\"valueName\":\"search_term_string\"}}],\"inLanguage\":\"es\"},{\"@type\":[\"Person\",\"Organization\"],\"@id\":\"https:\/\/luchonoticias.com\/editor\/#\/schema\/person\/7a7fd911f58561fd056dbac7b55af9cd\",\"name\":\"admin\",\"image\":{\"@type\":\"ImageObject\",\"inLanguage\":\"es\",\"@id\":\"https:\/\/luchonoticias.com\/editor\/#\/schema\/person\/image\/\",\"url\":\"https:\/\/luchonoticias.com\/editor\/wp-content\/uploads\/2024\/02\/cropped-cropped-logolu.webp\",\"contentUrl\":\"https:\/\/luchonoticias.com\/editor\/wp-content\/uploads\/2024\/02\/cropped-cropped-logolu.webp\",\"width\":382,\"height\":170,\"caption\":\"admin\"},\"logo\":{\"@id\":\"https:\/\/luchonoticias.com\/editor\/#\/schema\/person\/image\/\"},\"sameAs\":[\"https:\/\/www.facebook.com\/luchonoticiasneiva\"]},{\"@type\":\"Person\",\"@id\":\"https:\/\/luchonoticias.com\/editor\/#\/schema\/person\/29217990ddf6f14e35912b2866d591fb\",\"name\":\"Editor General\",\"image\":{\"@type\":\"ImageObject\",\"inLanguage\":\"es\",\"@id\":\"https:\/\/luchonoticias.com\/editor\/#\/schema\/person\/image\/\",\"url\":\"https:\/\/luchonoticias.com\/editor\/wp-content\/uploads\/2024\/02\/cropped-cropped-logolu-150x150.webp\",\"contentUrl\":\"https:\/\/luchonoticias.com\/editor\/wp-content\/uploads\/2024\/02\/cropped-cropped-logolu-150x150.webp\",\"caption\":\"Editor General\"},\"sameAs\":[\"https:\/\/luchonoticias.com\/\"],\"url\":\"https:\/\/luchonoticias.com\/editor\/author\/editor-general\/\"}]}<\/script>\n<!-- \/ Yoast SEO plugin. -->","yoast_head_json":{"title":"Aprobaci\u00f3n en c\u00e1mara de la ley estatutaria de jurisdicci\u00f3n agraria -","robots":{"index":"index","follow":"follow","max-snippet":"max-snippet:-1","max-image-preview":"max-image-preview:large","max-video-preview":"max-video-preview:-1"},"canonical":"https:\/\/luchonoticias.com\/editor\/aprobacion-en-camara-de-la-ley-estatutaria-de-jurisdiccion-agraria\/","og_locale":"es_ES","og_type":"article","og_title":"Aprobaci\u00f3n en c\u00e1mara de la ley estatutaria de jurisdicci\u00f3n agraria -","og_url":"https:\/\/luchonoticias.com\/editor\/aprobacion-en-camara-de-la-ley-estatutaria-de-jurisdiccion-agraria\/","article_publisher":"https:\/\/www.facebook.com\/luchonoticiasneiva","article_published_time":"2024-06-05T12:09:57+00:00","og_image":[{"width":700,"height":400,"url":"https:\/\/luchonoticias.com\/editor\/wp-content\/uploads\/2024\/06\/jurisdiccion-agraria.jpg","type":"image\/jpeg"}],"author":"Editor General","twitter_card":"summary_large_image","twitter_misc":{"Escrito por":"Editor General","Tiempo de lectura":"1 minuto"},"schema":{"@context":"https:\/\/schema.org","@graph":[{"@type":"Article","@id":"https:\/\/luchonoticias.com\/editor\/aprobacion-en-camara-de-la-ley-estatutaria-de-jurisdiccion-agraria\/#article","isPartOf":{"@id":"https:\/\/luchonoticias.com\/editor\/aprobacion-en-camara-de-la-ley-estatutaria-de-jurisdiccion-agraria\/"},"author":{"name":"Editor General","@id":"https:\/\/luchonoticias.com\/editor\/#\/schema\/person\/29217990ddf6f14e35912b2866d591fb"},"headline":"Aprobaci\u00f3n en c\u00e1mara de la ley estatutaria de jurisdicci\u00f3n agraria","datePublished":"2024-06-05T12:09:57+00:00","mainEntityOfPage":{"@id":"https:\/\/luchonoticias.com\/editor\/aprobacion-en-camara-de-la-ley-estatutaria-de-jurisdiccion-agraria\/"},"wordCount":231,"publisher":{"@id":"https:\/\/luchonoticias.com\/editor\/#\/schema\/person\/7a7fd911f58561fd056dbac7b55af9cd"},"image":{"@id":"https:\/\/luchonoticias.com\/editor\/aprobacion-en-camara-de-la-ley-estatutaria-de-jurisdiccion-agraria\/#primaryimage"},"thumbnailUrl":"https:\/\/luchonoticias.com\/editor\/wp-content\/uploads\/2024\/06\/jurisdiccion-agraria.jpg","articleSection":["Actualidad"],"inLanguage":"es"},{"@type":"WebPage","@id":"https:\/\/luchonoticias.com\/editor\/aprobacion-en-camara-de-la-ley-estatutaria-de-jurisdiccion-agraria\/","url":"https:\/\/luchonoticias.com\/editor\/aprobacion-en-camara-de-la-ley-estatutaria-de-jurisdiccion-agraria\/","name":"Aprobaci\u00f3n en c\u00e1mara de la ley estatutaria de jurisdicci\u00f3n agraria -","isPartOf":{"@id":"https:\/\/luchonoticias.com\/editor\/#website"},"primaryImageOfPage":{"@id":"https:\/\/luchonoticias.com\/editor\/aprobacion-en-camara-de-la-ley-estatutaria-de-jurisdiccion-agraria\/#primaryimage"},"image":{"@id":"https:\/\/luchonoticias.com\/editor\/aprobacion-en-camara-de-la-ley-estatutaria-de-jurisdiccion-agraria\/#primaryimage"},"thumbnailUrl":"https:\/\/luchonoticias.com\/editor\/wp-content\/uploads\/2024\/06\/jurisdiccion-agraria.jpg","datePublished":"2024-06-05T12:09:57+00:00","breadcrumb":{"@id":"https:\/\/luchonoticias.com\/editor\/aprobacion-en-camara-de-la-ley-estatutaria-de-jurisdiccion-agraria\/#breadcrumb"},"inLanguage":"es","potentialAction":[{"@type":"ReadAction","target":["https:\/\/luchonoticias.com\/editor\/aprobacion-en-camara-de-la-ley-estatutaria-de-jurisdiccion-agraria\/"]}]},{"@type":"ImageObject","inLanguage":"es","@id":"https:\/\/luchonoticias.com\/editor\/aprobacion-en-camara-de-la-ley-estatutaria-de-jurisdiccion-agraria\/#primaryimage","url":"https:\/\/luchonoticias.com\/editor\/wp-content\/uploads\/2024\/06\/jurisdiccion-agraria.jpg","contentUrl":"https:\/\/luchonoticias.com\/editor\/wp-content\/uploads\/2024\/06\/jurisdiccion-agraria.jpg","width":700,"height":400},{"@type":"BreadcrumbList","@id":"https:\/\/luchonoticias.com\/editor\/aprobacion-en-camara-de-la-ley-estatutaria-de-jurisdiccion-agraria\/#breadcrumb","itemListElement":[{"@type":"ListItem","position":1,"name":"Portada","item":"https:\/\/luchonoticias.com\/editor\/"},{"@type":"ListItem","position":2,"name":"Aprobaci\u00f3n en c\u00e1mara de la ley estatutaria de jurisdicci\u00f3n agraria"}]},{"@type":"WebSite","@id":"https:\/\/luchonoticias.com\/editor\/#website","url":"https:\/\/luchonoticias.com\/editor\/","name":"","description":"","publisher":{"@id":"https:\/\/luchonoticias.com\/editor\/#\/schema\/person\/7a7fd911f58561fd056dbac7b55af9cd"},"potentialAction":[{"@type":"SearchAction","target":{"@type":"EntryPoint","urlTemplate":"https:\/\/luchonoticias.com\/editor\/?s={search_term_string}"},"query-input":{"@type":"PropertyValueSpecification","valueRequired":true,"valueName":"search_term_string"}}],"inLanguage":"es"},{"@type":["Person","Organization"],"@id":"https:\/\/luchonoticias.com\/editor\/#\/schema\/person\/7a7fd911f58561fd056dbac7b55af9cd","name":"admin","image":{"@type":"ImageObject","inLanguage":"es","@id":"https:\/\/luchonoticias.com\/editor\/#\/schema\/person\/image\/","url":"https:\/\/luchonoticias.com\/editor\/wp-content\/uploads\/2024\/02\/cropped-cropped-logolu.webp","contentUrl":"https:\/\/luchonoticias.com\/editor\/wp-content\/uploads\/2024\/02\/cropped-cropped-logolu.webp","width":382,"height":170,"caption":"admin"},"logo":{"@id":"https:\/\/luchonoticias.com\/editor\/#\/schema\/person\/image\/"},"sameAs":["https:\/\/www.facebook.com\/luchonoticiasneiva"]},{"@type":"Person","@id":"https:\/\/luchonoticias.com\/editor\/#\/schema\/person\/29217990ddf6f14e35912b2866d591fb","name":"Editor General","image":{"@type":"ImageObject","inLanguage":"es","@id":"https:\/\/luchonoticias.com\/editor\/#\/schema\/person\/image\/","url":"https:\/\/luchonoticias.com\/editor\/wp-content\/uploads\/2024\/02\/cropped-cropped-logolu-150x150.webp","contentUrl":"https:\/\/luchonoticias.com\/editor\/wp-content\/uploads\/2024\/02\/cropped-cropped-logolu-150x150.webp","caption":"Editor General"},"sameAs":["https:\/\/luchonoticias.com\/"],"url":"https:\/\/luchonoticias.com\/editor\/author\/editor-general\/"}]}},"_links":{"self":[{"href":"https:\/\/luchonoticias.com\/editor\/wp-json\/wp\/v2\/posts\/73778","targetHints":{"allow":["GET"]}}],"collection":[{"href":"https:\/\/luchonoticias.com\/editor\/wp-json\/wp\/v2\/posts"}],"about":[{"href":"https:\/\/luchonoticias.com\/editor\/wp-json\/wp\/v2\/types\/post"}],"author":[{"embeddable":true,"href":"https:\/\/luchonoticias.com\/editor\/wp-json\/wp\/v2\/users\/2"}],"replies":[{"embeddable":true,"href":"https:\/\/luchonoticias.com\/editor\/wp-json\/wp\/v2\/comments?post=73778"}],"version-history":[{"count":0,"href":"https:\/\/luchonoticias.com\/editor\/wp-json\/wp\/v2\/posts\/73778\/revisions"}],"wp:featuredmedia":[{"embeddable":true,"href":"https:\/\/luchonoticias.com\/editor\/wp-json\/wp\/v2\/media\/73779"}],"wp:attachment":[{"href":"https:\/\/luchonoticias.com\/editor\/wp-json\/wp\/v2\/media?parent=73778"}],"wp:term":[{"taxonomy":"category","embeddable":true,"href":"https:\/\/luchonoticias.com\/editor\/wp-json\/wp\/v2\/categories?post=73778"},{"taxonomy":"post_tag","embeddable":true,"href":"https:\/\/luchonoticias.com\/editor\/wp-json\/wp\/v2\/tags?post=73778"}],"curies":[{"name":"wp","href":"https:\/\/api.w.org\/{rel}","templated":true}]}}