{"id":73801,"date":"2024-06-05T17:57:18","date_gmt":"2024-06-05T22:57:18","guid":{"rendered":"https:\/\/luchonoticias.com\/?p=73801"},"modified":"2024-06-05T17:57:18","modified_gmt":"2024-06-05T22:57:18","slug":"sigue-la-verificacion-de-la-alimentacion-escolar-en-los-municipios-huilenses","status":"publish","type":"post","link":"https:\/\/luchonoticias.com\/editor\/sigue-la-verificacion-de-la-alimentacion-escolar-en-los-municipios-huilenses\/","title":{"rendered":"Sigue la verificaci\u00f3n de la alimentaci\u00f3n escolar en los municipios huilenses"},"content":{"rendered":"<p>Contin\u00faan las visitas a terreno por parte del equipo coordinador del Programa de Alimentaci\u00f3n Escolar del Gobierno Departamental. El jefe de esta dependencia, visit\u00f3 la instituci\u00f3n educativa Carlos Ram\u00f3n Repizo, sede la Aguada, zona rural de la capital arqueol\u00f3gica de Colombia, haciendo supervisi\u00f3n y vigilancia al Programa de Alimentaci\u00f3n Escolar contratado por la Gobernaci\u00f3n del Huila.<\/p>\n<p>\u201cEn este establecimiento educativo de San Agust\u00edn, se presta alimentaci\u00f3n escolar a 27 ni\u00f1os y ni\u00f1as de preescolar y b\u00e1sica primara, que, por ser de jornada \u00fanica, se les ofrece raci\u00f3n tipo almuerzo como lo establece la Resoluci\u00f3n 0335 del Ministerio de Educaci\u00f3n\u201d, afirm\u00f3 el funcionario.<\/p>\n<p>\u201cComprobamos que se est\u00e1 prestando un buen servicio en los t\u00e9rminos de calidad y cantidad establecidos en la minuta oficial del ministerio, y recibimos algunas inquietudes de la comunidad educativa, a quienes siempre escuchamos para ajustar detalles que deben a veces mejorarse\u201d, a\u00f1adi\u00f3.<\/p>\n<p>El funcionario, acompa\u00f1ado de la Supervisora del PAE para ese municipio, la ingeniera industrial Karol Yahayra Laguna Mu\u00f1oz, resalt\u00f3 que se han hecho este tipo de visitas a instituciones educativas urbanas y rurales de municipios como Tello, Aipe, Baraya, Gigante, Timan\u00e1, Paicol y San Agust\u00edn.<\/p>\n<p>\u201cEsta actividad se seguir\u00e1 realizando en m\u00e1s instituciones educativas del Huila de los 35 municipios a cargo del Departamento, una supervisi\u00f3n que lidera Liliana V\u00e1squez Sandoval, y que ha querido se haga de manera constante el gobernador Rodrigo Villalba Mosquera, buscando siempre la mejora continua de este vital servicio que es una estrategia nacional para evitar la deserci\u00f3n escolar\u201d, puntualiz\u00f3.<\/p>\n","protected":false},"excerpt":{"rendered":"<p>Contin\u00faan las visitas a terreno por parte del equipo coordinador del Programa de Alimentaci\u00f3n Escolar del Gobierno Departamental. El jefe de esta dependencia, visit\u00f3 la instituci\u00f3n educativa Carlos Ram\u00f3n Repizo, sede la Aguada, zona rural de la capital arqueol\u00f3gica de Colombia, haciendo supervisi\u00f3n y vigilancia al Programa de Alimentaci\u00f3n Escolar contratado por la Gobernaci\u00f3n del [&hellip;]<\/p>\n","protected":false},"author":2,"featured_media":73802,"comment_status":"closed","ping_status":"open","sticky":false,"template":"","format":"standard","meta":{"footnotes":""},"categories":[33],"tags":[],"class_list":["post-73801","post","type-post","status-publish","format-standard","has-post-thumbnail","hentry","category-huila"],"yoast_head":"<!-- This site is optimized with the Yoast SEO plugin v26.6 - https:\/\/yoast.com\/wordpress\/plugins\/seo\/ -->\n<title>Sigue la verificaci\u00f3n de la alimentaci\u00f3n escolar en los municipios huilenses -<\/title>\n<meta name=\"robots\" content=\"index, follow, max-snippet:-1, max-image-preview:large, max-video-preview:-1\" \/>\n<link rel=\"canonical\" href=\"https:\/\/luchonoticias.com\/editor\/sigue-la-verificacion-de-la-alimentacion-escolar-en-los-municipios-huilenses\/\" \/>\n<meta property=\"og:locale\" content=\"es_ES\" \/>\n<meta property=\"og:type\" content=\"article\" \/>\n<meta property=\"og:title\" content=\"Sigue la verificaci\u00f3n de la alimentaci\u00f3n escolar en los municipios huilenses -\" \/>\n<meta property=\"og:url\" content=\"https:\/\/luchonoticias.com\/editor\/sigue-la-verificacion-de-la-alimentacion-escolar-en-los-municipios-huilenses\/\" \/>\n<meta property=\"article:publisher\" content=\"https:\/\/www.facebook.com\/luchonoticiasneiva\" \/>\n<meta property=\"article:published_time\" content=\"2024-06-05T22:57:18+00:00\" \/>\n<meta property=\"og:image\" content=\"https:\/\/luchonoticias.com\/editor\/wp-content\/uploads\/2024\/06\/alimentacion-escolar-colegios.jpg\" \/>\n\t<meta property=\"og:image:width\" content=\"700\" \/>\n\t<meta property=\"og:image:height\" content=\"400\" \/>\n\t<meta property=\"og:image:type\" content=\"image\/jpeg\" \/>\n<meta name=\"author\" content=\"Editor General\" \/>\n<meta name=\"twitter:card\" content=\"summary_large_image\" \/>\n<meta name=\"twitter:label1\" content=\"Escrito por\" \/>\n\t<meta name=\"twitter:data1\" content=\"Editor General\" \/>\n\t<meta name=\"twitter:label2\" content=\"Tiempo de lectura\" \/>\n\t<meta name=\"twitter:data2\" content=\"1 minuto\" \/>\n<script type=\"application\/ld+json\" class=\"yoast-schema-graph\">{\"@context\":\"https:\/\/schema.org\",\"@graph\":[{\"@type\":\"Article\",\"@id\":\"https:\/\/luchonoticias.com\/editor\/sigue-la-verificacion-de-la-alimentacion-escolar-en-los-municipios-huilenses\/#article\",\"isPartOf\":{\"@id\":\"https:\/\/luchonoticias.com\/editor\/sigue-la-verificacion-de-la-alimentacion-escolar-en-los-municipios-huilenses\/\"},\"author\":{\"name\":\"Editor General\",\"@id\":\"https:\/\/luchonoticias.com\/editor\/#\/schema\/person\/29217990ddf6f14e35912b2866d591fb\"},\"headline\":\"Sigue la verificaci\u00f3n de la alimentaci\u00f3n escolar en los municipios huilenses\",\"datePublished\":\"2024-06-05T22:57:18+00:00\",\"mainEntityOfPage\":{\"@id\":\"https:\/\/luchonoticias.com\/editor\/sigue-la-verificacion-de-la-alimentacion-escolar-en-los-municipios-huilenses\/\"},\"wordCount\":285,\"publisher\":{\"@id\":\"https:\/\/luchonoticias.com\/editor\/#\/schema\/person\/7a7fd911f58561fd056dbac7b55af9cd\"},\"image\":{\"@id\":\"https:\/\/luchonoticias.com\/editor\/sigue-la-verificacion-de-la-alimentacion-escolar-en-los-municipios-huilenses\/#primaryimage\"},\"thumbnailUrl\":\"https:\/\/luchonoticias.com\/editor\/wp-content\/uploads\/2024\/06\/alimentacion-escolar-colegios.jpg\",\"articleSection\":[\"Huila\"],\"inLanguage\":\"es\"},{\"@type\":\"WebPage\",\"@id\":\"https:\/\/luchonoticias.com\/editor\/sigue-la-verificacion-de-la-alimentacion-escolar-en-los-municipios-huilenses\/\",\"url\":\"https:\/\/luchonoticias.com\/editor\/sigue-la-verificacion-de-la-alimentacion-escolar-en-los-municipios-huilenses\/\",\"name\":\"Sigue la verificaci\u00f3n de la alimentaci\u00f3n escolar en los municipios huilenses -\",\"isPartOf\":{\"@id\":\"https:\/\/luchonoticias.com\/editor\/#website\"},\"primaryImageOfPage\":{\"@id\":\"https:\/\/luchonoticias.com\/editor\/sigue-la-verificacion-de-la-alimentacion-escolar-en-los-municipios-huilenses\/#primaryimage\"},\"image\":{\"@id\":\"https:\/\/luchonoticias.com\/editor\/sigue-la-verificacion-de-la-alimentacion-escolar-en-los-municipios-huilenses\/#primaryimage\"},\"thumbnailUrl\":\"https:\/\/luchonoticias.com\/editor\/wp-content\/uploads\/2024\/06\/alimentacion-escolar-colegios.jpg\",\"datePublished\":\"2024-06-05T22:57:18+00:00\",\"breadcrumb\":{\"@id\":\"https:\/\/luchonoticias.com\/editor\/sigue-la-verificacion-de-la-alimentacion-escolar-en-los-municipios-huilenses\/#breadcrumb\"},\"inLanguage\":\"es\",\"potentialAction\":[{\"@type\":\"ReadAction\",\"target\":[\"https:\/\/luchonoticias.com\/editor\/sigue-la-verificacion-de-la-alimentacion-escolar-en-los-municipios-huilenses\/\"]}]},{\"@type\":\"ImageObject\",\"inLanguage\":\"es\",\"@id\":\"https:\/\/luchonoticias.com\/editor\/sigue-la-verificacion-de-la-alimentacion-escolar-en-los-municipios-huilenses\/#primaryimage\",\"url\":\"https:\/\/luchonoticias.com\/editor\/wp-content\/uploads\/2024\/06\/alimentacion-escolar-colegios.jpg\",\"contentUrl\":\"https:\/\/luchonoticias.com\/editor\/wp-content\/uploads\/2024\/06\/alimentacion-escolar-colegios.jpg\",\"width\":700,\"height\":400},{\"@type\":\"BreadcrumbList\",\"@id\":\"https:\/\/luchonoticias.com\/editor\/sigue-la-verificacion-de-la-alimentacion-escolar-en-los-municipios-huilenses\/#breadcrumb\",\"itemListElement\":[{\"@type\":\"ListItem\",\"position\":1,\"name\":\"Portada\",\"item\":\"https:\/\/luchonoticias.com\/editor\/\"},{\"@type\":\"ListItem\",\"position\":2,\"name\":\"Sigue la verificaci\u00f3n de la alimentaci\u00f3n escolar en los municipios huilenses\"}]},{\"@type\":\"WebSite\",\"@id\":\"https:\/\/luchonoticias.com\/editor\/#website\",\"url\":\"https:\/\/luchonoticias.com\/editor\/\",\"name\":\"\",\"description\":\"\",\"publisher\":{\"@id\":\"https:\/\/luchonoticias.com\/editor\/#\/schema\/person\/7a7fd911f58561fd056dbac7b55af9cd\"},\"potentialAction\":[{\"@type\":\"SearchAction\",\"target\":{\"@type\":\"EntryPoint\",\"urlTemplate\":\"https:\/\/luchonoticias.com\/editor\/?s={search_term_string}\"},\"query-input\":{\"@type\":\"PropertyValueSpecification\",\"valueRequired\":true,\"valueName\":\"search_term_string\"}}],\"inLanguage\":\"es\"},{\"@type\":[\"Person\",\"Organization\"],\"@id\":\"https:\/\/luchonoticias.com\/editor\/#\/schema\/person\/7a7fd911f58561fd056dbac7b55af9cd\",\"name\":\"admin\",\"image\":{\"@type\":\"ImageObject\",\"inLanguage\":\"es\",\"@id\":\"https:\/\/luchonoticias.com\/editor\/#\/schema\/person\/image\/\",\"url\":\"https:\/\/luchonoticias.com\/editor\/wp-content\/uploads\/2024\/02\/cropped-cropped-logolu.webp\",\"contentUrl\":\"https:\/\/luchonoticias.com\/editor\/wp-content\/uploads\/2024\/02\/cropped-cropped-logolu.webp\",\"width\":382,\"height\":170,\"caption\":\"admin\"},\"logo\":{\"@id\":\"https:\/\/luchonoticias.com\/editor\/#\/schema\/person\/image\/\"},\"sameAs\":[\"https:\/\/www.facebook.com\/luchonoticiasneiva\"]},{\"@type\":\"Person\",\"@id\":\"https:\/\/luchonoticias.com\/editor\/#\/schema\/person\/29217990ddf6f14e35912b2866d591fb\",\"name\":\"Editor General\",\"image\":{\"@type\":\"ImageObject\",\"inLanguage\":\"es\",\"@id\":\"https:\/\/luchonoticias.com\/editor\/#\/schema\/person\/image\/\",\"url\":\"https:\/\/luchonoticias.com\/editor\/wp-content\/uploads\/2024\/02\/cropped-cropped-logolu-150x150.webp\",\"contentUrl\":\"https:\/\/luchonoticias.com\/editor\/wp-content\/uploads\/2024\/02\/cropped-cropped-logolu-150x150.webp\",\"caption\":\"Editor General\"},\"sameAs\":[\"https:\/\/luchonoticias.com\/\"],\"url\":\"https:\/\/luchonoticias.com\/editor\/author\/editor-general\/\"}]}<\/script>\n<!-- \/ Yoast SEO plugin. -->","yoast_head_json":{"title":"Sigue la verificaci\u00f3n de la alimentaci\u00f3n escolar en los municipios huilenses -","robots":{"index":"index","follow":"follow","max-snippet":"max-snippet:-1","max-image-preview":"max-image-preview:large","max-video-preview":"max-video-preview:-1"},"canonical":"https:\/\/luchonoticias.com\/editor\/sigue-la-verificacion-de-la-alimentacion-escolar-en-los-municipios-huilenses\/","og_locale":"es_ES","og_type":"article","og_title":"Sigue la verificaci\u00f3n de la alimentaci\u00f3n escolar en los municipios huilenses -","og_url":"https:\/\/luchonoticias.com\/editor\/sigue-la-verificacion-de-la-alimentacion-escolar-en-los-municipios-huilenses\/","article_publisher":"https:\/\/www.facebook.com\/luchonoticiasneiva","article_published_time":"2024-06-05T22:57:18+00:00","og_image":[{"width":700,"height":400,"url":"https:\/\/luchonoticias.com\/editor\/wp-content\/uploads\/2024\/06\/alimentacion-escolar-colegios.jpg","type":"image\/jpeg"}],"author":"Editor General","twitter_card":"summary_large_image","twitter_misc":{"Escrito por":"Editor General","Tiempo de lectura":"1 minuto"},"schema":{"@context":"https:\/\/schema.org","@graph":[{"@type":"Article","@id":"https:\/\/luchonoticias.com\/editor\/sigue-la-verificacion-de-la-alimentacion-escolar-en-los-municipios-huilenses\/#article","isPartOf":{"@id":"https:\/\/luchonoticias.com\/editor\/sigue-la-verificacion-de-la-alimentacion-escolar-en-los-municipios-huilenses\/"},"author":{"name":"Editor General","@id":"https:\/\/luchonoticias.com\/editor\/#\/schema\/person\/29217990ddf6f14e35912b2866d591fb"},"headline":"Sigue la verificaci\u00f3n de la alimentaci\u00f3n escolar en los municipios huilenses","datePublished":"2024-06-05T22:57:18+00:00","mainEntityOfPage":{"@id":"https:\/\/luchonoticias.com\/editor\/sigue-la-verificacion-de-la-alimentacion-escolar-en-los-municipios-huilenses\/"},"wordCount":285,"publisher":{"@id":"https:\/\/luchonoticias.com\/editor\/#\/schema\/person\/7a7fd911f58561fd056dbac7b55af9cd"},"image":{"@id":"https:\/\/luchonoticias.com\/editor\/sigue-la-verificacion-de-la-alimentacion-escolar-en-los-municipios-huilenses\/#primaryimage"},"thumbnailUrl":"https:\/\/luchonoticias.com\/editor\/wp-content\/uploads\/2024\/06\/alimentacion-escolar-colegios.jpg","articleSection":["Huila"],"inLanguage":"es"},{"@type":"WebPage","@id":"https:\/\/luchonoticias.com\/editor\/sigue-la-verificacion-de-la-alimentacion-escolar-en-los-municipios-huilenses\/","url":"https:\/\/luchonoticias.com\/editor\/sigue-la-verificacion-de-la-alimentacion-escolar-en-los-municipios-huilenses\/","name":"Sigue la verificaci\u00f3n de la alimentaci\u00f3n escolar en los municipios huilenses -","isPartOf":{"@id":"https:\/\/luchonoticias.com\/editor\/#website"},"primaryImageOfPage":{"@id":"https:\/\/luchonoticias.com\/editor\/sigue-la-verificacion-de-la-alimentacion-escolar-en-los-municipios-huilenses\/#primaryimage"},"image":{"@id":"https:\/\/luchonoticias.com\/editor\/sigue-la-verificacion-de-la-alimentacion-escolar-en-los-municipios-huilenses\/#primaryimage"},"thumbnailUrl":"https:\/\/luchonoticias.com\/editor\/wp-content\/uploads\/2024\/06\/alimentacion-escolar-colegios.jpg","datePublished":"2024-06-05T22:57:18+00:00","breadcrumb":{"@id":"https:\/\/luchonoticias.com\/editor\/sigue-la-verificacion-de-la-alimentacion-escolar-en-los-municipios-huilenses\/#breadcrumb"},"inLanguage":"es","potentialAction":[{"@type":"ReadAction","target":["https:\/\/luchonoticias.com\/editor\/sigue-la-verificacion-de-la-alimentacion-escolar-en-los-municipios-huilenses\/"]}]},{"@type":"ImageObject","inLanguage":"es","@id":"https:\/\/luchonoticias.com\/editor\/sigue-la-verificacion-de-la-alimentacion-escolar-en-los-municipios-huilenses\/#primaryimage","url":"https:\/\/luchonoticias.com\/editor\/wp-content\/uploads\/2024\/06\/alimentacion-escolar-colegios.jpg","contentUrl":"https:\/\/luchonoticias.com\/editor\/wp-content\/uploads\/2024\/06\/alimentacion-escolar-colegios.jpg","width":700,"height":400},{"@type":"BreadcrumbList","@id":"https:\/\/luchonoticias.com\/editor\/sigue-la-verificacion-de-la-alimentacion-escolar-en-los-municipios-huilenses\/#breadcrumb","itemListElement":[{"@type":"ListItem","position":1,"name":"Portada","item":"https:\/\/luchonoticias.com\/editor\/"},{"@type":"ListItem","position":2,"name":"Sigue la verificaci\u00f3n de la alimentaci\u00f3n escolar en los municipios huilenses"}]},{"@type":"WebSite","@id":"https:\/\/luchonoticias.com\/editor\/#website","url":"https:\/\/luchonoticias.com\/editor\/","name":"","description":"","publisher":{"@id":"https:\/\/luchonoticias.com\/editor\/#\/schema\/person\/7a7fd911f58561fd056dbac7b55af9cd"},"potentialAction":[{"@type":"SearchAction","target":{"@type":"EntryPoint","urlTemplate":"https:\/\/luchonoticias.com\/editor\/?s={search_term_string}"},"query-input":{"@type":"PropertyValueSpecification","valueRequired":true,"valueName":"search_term_string"}}],"inLanguage":"es"},{"@type":["Person","Organization"],"@id":"https:\/\/luchonoticias.com\/editor\/#\/schema\/person\/7a7fd911f58561fd056dbac7b55af9cd","name":"admin","image":{"@type":"ImageObject","inLanguage":"es","@id":"https:\/\/luchonoticias.com\/editor\/#\/schema\/person\/image\/","url":"https:\/\/luchonoticias.com\/editor\/wp-content\/uploads\/2024\/02\/cropped-cropped-logolu.webp","contentUrl":"https:\/\/luchonoticias.com\/editor\/wp-content\/uploads\/2024\/02\/cropped-cropped-logolu.webp","width":382,"height":170,"caption":"admin"},"logo":{"@id":"https:\/\/luchonoticias.com\/editor\/#\/schema\/person\/image\/"},"sameAs":["https:\/\/www.facebook.com\/luchonoticiasneiva"]},{"@type":"Person","@id":"https:\/\/luchonoticias.com\/editor\/#\/schema\/person\/29217990ddf6f14e35912b2866d591fb","name":"Editor General","image":{"@type":"ImageObject","inLanguage":"es","@id":"https:\/\/luchonoticias.com\/editor\/#\/schema\/person\/image\/","url":"https:\/\/luchonoticias.com\/editor\/wp-content\/uploads\/2024\/02\/cropped-cropped-logolu-150x150.webp","contentUrl":"https:\/\/luchonoticias.com\/editor\/wp-content\/uploads\/2024\/02\/cropped-cropped-logolu-150x150.webp","caption":"Editor General"},"sameAs":["https:\/\/luchonoticias.com\/"],"url":"https:\/\/luchonoticias.com\/editor\/author\/editor-general\/"}]}},"_links":{"self":[{"href":"https:\/\/luchonoticias.com\/editor\/wp-json\/wp\/v2\/posts\/73801","targetHints":{"allow":["GET"]}}],"collection":[{"href":"https:\/\/luchonoticias.com\/editor\/wp-json\/wp\/v2\/posts"}],"about":[{"href":"https:\/\/luchonoticias.com\/editor\/wp-json\/wp\/v2\/types\/post"}],"author":[{"embeddable":true,"href":"https:\/\/luchonoticias.com\/editor\/wp-json\/wp\/v2\/users\/2"}],"replies":[{"embeddable":true,"href":"https:\/\/luchonoticias.com\/editor\/wp-json\/wp\/v2\/comments?post=73801"}],"version-history":[{"count":0,"href":"https:\/\/luchonoticias.com\/editor\/wp-json\/wp\/v2\/posts\/73801\/revisions"}],"wp:featuredmedia":[{"embeddable":true,"href":"https:\/\/luchonoticias.com\/editor\/wp-json\/wp\/v2\/media\/73802"}],"wp:attachment":[{"href":"https:\/\/luchonoticias.com\/editor\/wp-json\/wp\/v2\/media?parent=73801"}],"wp:term":[{"taxonomy":"category","embeddable":true,"href":"https:\/\/luchonoticias.com\/editor\/wp-json\/wp\/v2\/categories?post=73801"},{"taxonomy":"post_tag","embeddable":true,"href":"https:\/\/luchonoticias.com\/editor\/wp-json\/wp\/v2\/tags?post=73801"}],"curies":[{"name":"wp","href":"https:\/\/api.w.org\/{rel}","templated":true}]}}