{"id":73806,"date":"2024-06-06T07:16:26","date_gmt":"2024-06-06T12:16:26","guid":{"rendered":"https:\/\/luchonoticias.com\/?p=73806"},"modified":"2024-06-06T07:16:26","modified_gmt":"2024-06-06T12:16:26","slug":"digna-despedida-para-desaparecido-entregado-por-la-jep","status":"publish","type":"post","link":"https:\/\/luchonoticias.com\/editor\/digna-despedida-para-desaparecido-entregado-por-la-jep\/","title":{"rendered":"Digna despedida para desaparecido entregado por la JEP"},"content":{"rendered":"<p>El cuerpo de Juan Carlos Aguirre Mac\u00edas, desaparecido en el departamento del Huila, fue entregado por la JEP y la Unidad de B\u00fasqueda de Personas dadas por Desaparecidas, UBPD, en medio de un acto de memoria y dignificaci\u00f3n en el Cementerio Central. La Alcald\u00eda de Neiva acompa\u00f1\u00f3 la jornada y celebr\u00f3 la articulaci\u00f3n entre entidades para esclarecer su doble desaparici\u00f3n.<\/p>\n<p>\u201cMi hermano era una persona trabajadora, se dedicaba a traer monturas y fabricar gafas con f\u00f3rmulas m\u00e9dicas, as\u00ed se ganaba la vida para sostener a sus cuatro hijos\u201d, coment\u00f3 Mauricio Aguirre, hermano Juan Carlos, en medio del acto humanitario frente al \u2018Monumento 14\u2019 \u201cNo me olvides\u201d, en el Cementerio Central de la ciudad de Neiva.<\/p>\n<p>Fue el 01 de febrero de 2008 cuando Juan Carlos Aguirre desapareci\u00f3 del barrio Santa In\u00e9s de Neiva. Tiempo despu\u00e9s, fue encontrado don vida en la vereda Potreritos del municipio de \u00cdquira, cerca del centro poblado Valencia de la Paz, supuestamente en combate. Desde ese momento, Mauricio Aguirre quiso limpiar el nombre de su hermano. \u201c\u00c9l no era guerrillero\u201d, expres\u00f3 Mauricio durante el acto conmemorativo.<\/p>\n<p>Desde la Jurisdicci\u00f3n Especial para la Paz, JEP, el haberse logrado identificar a una de las v\u00edctimas del conflicto armado en el marco de las ejecuciones extrajudiciales, en el desarrollo de la medida cautelar que se est\u00e1 tramitando en el Cementerio Central, es un paso determinante para la identificaci\u00f3n de otras personas que no han sido identificados.<\/p>\n<p>\u201cHemos hecho una entrega digna a sus familiares, quienes podr\u00e1n cerrar de una vez este dolor y con estos actos, la JEP, en contribuci\u00f3n y trabajo arm\u00f3nico con la Unidad de B\u00fasqueda de Personas dadas por Desaparecidas y el Instituto Nacional de Medicina Legal, estamos dando pasos para la verdad, la reconciliaci\u00f3n, y sanaci\u00f3n de todas las heridas generadas por el conflicto armado\u201d, afirm\u00f3 Ra\u00fal Eduardo S\u00e1nchez S\u00e1nchez, presidente de la Secci\u00f3n de Ausencia de Reconocimiento de la JEP.<\/p>\n<figure id=\"attachment_73808\" aria-describedby=\"caption-attachment-73808\" style=\"width: 500px\" class=\"wp-caption alignnone\"><img loading=\"lazy\" decoding=\"async\" class=\"wp-image-73808\" src=\"https:\/\/luchonoticias.com\/wp-content\/uploads\/2024\/06\/WhatsApp-Image-2024-06-06-at-06.43.56-1-300x200.jpeg\" alt=\"\" width=\"500\" height=\"333\" srcset=\"https:\/\/luchonoticias.com\/editor\/wp-content\/uploads\/2024\/06\/WhatsApp-Image-2024-06-06-at-06.43.56-1-300x200.jpeg 300w, https:\/\/luchonoticias.com\/editor\/wp-content\/uploads\/2024\/06\/WhatsApp-Image-2024-06-06-at-06.43.56-1-1024x682.jpeg 1024w, https:\/\/luchonoticias.com\/editor\/wp-content\/uploads\/2024\/06\/WhatsApp-Image-2024-06-06-at-06.43.56-1-768x512.jpeg 768w, https:\/\/luchonoticias.com\/editor\/wp-content\/uploads\/2024\/06\/WhatsApp-Image-2024-06-06-at-06.43.56-1-1536x1023.jpeg 1536w, https:\/\/luchonoticias.com\/editor\/wp-content\/uploads\/2024\/06\/WhatsApp-Image-2024-06-06-at-06.43.56-1-331x219.jpeg 331w, https:\/\/luchonoticias.com\/editor\/wp-content\/uploads\/2024\/06\/WhatsApp-Image-2024-06-06-at-06.43.56-1.jpeg 1600w\" sizes=\"auto, (max-width: 500px) 100vw, 500px\" \/><figcaption id=\"caption-attachment-73808\" class=\"wp-caption-text\">Familiares del desaparecido y cuyo cuerpo fue encontrado, asistieron para darle cristiana sepultura.<\/figcaption><\/figure>\n<p>Para la Alcald\u00eda de Neiva, desde la Secretar\u00eda de Paz y Derechos Humanos, este proceso es muy importante por la articulaci\u00f3n con diferentes entidades y unidades con el que se logr\u00f3 hacer la entrega digna de los restos \u00f3seos de Juan Carlos Aguirre Mac\u00edas.<\/p>\n<p>\u201cHicimos esta conmemoraci\u00f3n para poder entregarle a la familia el cuerpo de Juan Carlos Aguirre, lo importante de esto es la esperanza que le damos a muchas familias buscadoras que hoy a\u00fan est\u00e1n buscando sus familiares en el marco del conflicto armado, algo que como colombianos y neivanos, no podemos repetir\u201d, sostuvo Jorge Lozano Mestre, secretario de Paz y Derechos Humanos.<\/p>\n<p><strong>Un descanso para la familia<\/strong><\/p>\n<p>Mar\u00eda Gladys Mac\u00edas Lizcano, madre de Juan Carlos Aguirre Mac\u00edas, al igual que muchos de sus familiares, se sienten tranquilos al saber que ahora su cuerpo permanecer\u00e1 en el Cementerio Central de Neiva.<\/p>\n<p>\u201cLo vi y sent\u00ed un descanso inmenso, por eso he tenido fuerzas para soportar, desde que yo vi que era \u00e9l, mi Dios me dio fuerzas para seguir aqu\u00ed. Les digo a las familias buscadoras que no vayan a desfallecer en la b\u00fasqueda de su ser querido, sigan adelante, nosotros lo busc\u00e1bamos debajo de los puentes, de la tierra, desesperantemente por las carreteras, me cans\u00e9, a los cuatro a\u00f1os me avisaron de \u00e9l, lo vi y en ese momento estoy descansando, lo voy a dejar descansar ahora\u201d, manifest\u00f3 Mar\u00eda Gladys Mac\u00edas, madre de Juan Carlos.<\/p>\n<figure id=\"attachment_73809\" aria-describedby=\"caption-attachment-73809\" style=\"width: 500px\" class=\"wp-caption alignnone\"><img loading=\"lazy\" decoding=\"async\" class=\"wp-image-73809\" src=\"https:\/\/luchonoticias.com\/wp-content\/uploads\/2024\/06\/WhatsApp-Image-2024-06-06-at-06.43.57-300x200.jpeg\" alt=\"\" width=\"500\" height=\"333\" srcset=\"https:\/\/luchonoticias.com\/editor\/wp-content\/uploads\/2024\/06\/WhatsApp-Image-2024-06-06-at-06.43.57-300x200.jpeg 300w, https:\/\/luchonoticias.com\/editor\/wp-content\/uploads\/2024\/06\/WhatsApp-Image-2024-06-06-at-06.43.57-1024x682.jpeg 1024w, https:\/\/luchonoticias.com\/editor\/wp-content\/uploads\/2024\/06\/WhatsApp-Image-2024-06-06-at-06.43.57-768x512.jpeg 768w, https:\/\/luchonoticias.com\/editor\/wp-content\/uploads\/2024\/06\/WhatsApp-Image-2024-06-06-at-06.43.57-1536x1023.jpeg 1536w, https:\/\/luchonoticias.com\/editor\/wp-content\/uploads\/2024\/06\/WhatsApp-Image-2024-06-06-at-06.43.57-331x219.jpeg 331w, https:\/\/luchonoticias.com\/editor\/wp-content\/uploads\/2024\/06\/WhatsApp-Image-2024-06-06-at-06.43.57.jpeg 1600w\" sizes=\"auto, (max-width: 500px) 100vw, 500px\" \/><figcaption id=\"caption-attachment-73809\" class=\"wp-caption-text\">La Alcald\u00eda de Neiva acompa\u00f1\u00f3 la jornada y celebr\u00f3 la articulaci\u00f3n entre entidades para esclarecer su doble desaparici\u00f3n.<\/figcaption><\/figure>\n<p><strong>El proceso sigue<\/strong><\/p>\n<p>Desde la Unidad de B\u00fasqueda de Personas dadas por Desaparecidas, UBPD, el objetivo, a partir de la entrega de Juan Carlos Aguirre a sus familiares, es seguir con el proceso de identificaci\u00f3n de otras personas que, por causa del conflicto armado en el pa\u00eds, no saben del paradero de su ser querido.<\/p>\n<p>\u201cEsta entrega digna es uno de los tantos momentos importantes que para la Unidad de B\u00fasqueda tiene poder y significado, por supuesto, queremos llegar a estos escenarios de entrega digna para las familias, es necesario, es en parte lo que el pa\u00eds necesita, es una manera de dignificar y conmemorar la lucha de las familias buscadoras que quieren encontrar a su ser querido\u201d, indic\u00f3 Andrea Jim\u00e9nez, Coordinadora Regional Sur de la UBPD.<\/p>\n<p>Ahora la familia de Juan Carlos Aguirre Mac\u00edas, ayudar\u00e1 a otras familias buscadoras que, en el marco del conflicto armado, perdieron el rastro de su familiar. Tan solo en Huila, seg\u00fan la JEP, se reportan cerca de 1.200 personas desaparecidas, por lo que estos nuevos esfuerzos son determinantes para que las familias puedan encontrar a sus seres queridos.<\/p>\n","protected":false},"excerpt":{"rendered":"<p>El cuerpo de Juan Carlos Aguirre Mac\u00edas, desaparecido en el departamento del Huila, fue entregado por la JEP y la Unidad de B\u00fasqueda de Personas dadas por Desaparecidas, UBPD, en medio de un acto de memoria y dignificaci\u00f3n en el Cementerio Central. La Alcald\u00eda de Neiva acompa\u00f1\u00f3 la jornada y celebr\u00f3 la articulaci\u00f3n entre entidades [&hellip;]<\/p>\n","protected":false},"author":2,"featured_media":73807,"comment_status":"closed","ping_status":"open","sticky":false,"template":"","format":"standard","meta":{"footnotes":""},"categories":[31],"tags":[],"class_list":["post-73806","post","type-post","status-publish","format-standard","has-post-thumbnail","hentry","category-local"],"yoast_head":"<!-- This site is optimized with the Yoast SEO plugin v26.6 - https:\/\/yoast.com\/wordpress\/plugins\/seo\/ -->\n<title>Digna despedida para desaparecido entregado por la JEP -<\/title>\n<meta name=\"robots\" content=\"index, follow, max-snippet:-1, max-image-preview:large, max-video-preview:-1\" \/>\n<link rel=\"canonical\" href=\"https:\/\/luchonoticias.com\/editor\/digna-despedida-para-desaparecido-entregado-por-la-jep\/\" \/>\n<meta property=\"og:locale\" content=\"es_ES\" \/>\n<meta property=\"og:type\" content=\"article\" \/>\n<meta property=\"og:title\" content=\"Digna despedida para desaparecido entregado por la JEP -\" \/>\n<meta property=\"og:url\" content=\"https:\/\/luchonoticias.com\/editor\/digna-despedida-para-desaparecido-entregado-por-la-jep\/\" \/>\n<meta property=\"article:publisher\" content=\"https:\/\/www.facebook.com\/luchonoticiasneiva\" \/>\n<meta property=\"article:published_time\" content=\"2024-06-06T12:16:26+00:00\" \/>\n<meta property=\"og:image\" content=\"https:\/\/luchonoticias.com\/editor\/wp-content\/uploads\/2024\/06\/WhatsApp-Image-2024-06-06-at-06.43.56.jpeg\" \/>\n\t<meta property=\"og:image:width\" content=\"1600\" \/>\n\t<meta property=\"og:image:height\" content=\"1066\" \/>\n\t<meta property=\"og:image:type\" content=\"image\/jpeg\" \/>\n<meta name=\"author\" content=\"Editor General\" \/>\n<meta name=\"twitter:card\" content=\"summary_large_image\" \/>\n<meta name=\"twitter:label1\" content=\"Escrito por\" \/>\n\t<meta name=\"twitter:data1\" content=\"Editor General\" \/>\n\t<meta name=\"twitter:label2\" content=\"Tiempo de lectura\" \/>\n\t<meta name=\"twitter:data2\" content=\"4 minutos\" \/>\n<script type=\"application\/ld+json\" class=\"yoast-schema-graph\">{\"@context\":\"https:\/\/schema.org\",\"@graph\":[{\"@type\":\"Article\",\"@id\":\"https:\/\/luchonoticias.com\/editor\/digna-despedida-para-desaparecido-entregado-por-la-jep\/#article\",\"isPartOf\":{\"@id\":\"https:\/\/luchonoticias.com\/editor\/digna-despedida-para-desaparecido-entregado-por-la-jep\/\"},\"author\":{\"name\":\"Editor General\",\"@id\":\"https:\/\/luchonoticias.com\/editor\/#\/schema\/person\/29217990ddf6f14e35912b2866d591fb\"},\"headline\":\"Digna despedida para desaparecido entregado por la JEP\",\"datePublished\":\"2024-06-06T12:16:26+00:00\",\"mainEntityOfPage\":{\"@id\":\"https:\/\/luchonoticias.com\/editor\/digna-despedida-para-desaparecido-entregado-por-la-jep\/\"},\"wordCount\":837,\"publisher\":{\"@id\":\"https:\/\/luchonoticias.com\/editor\/#\/schema\/person\/7a7fd911f58561fd056dbac7b55af9cd\"},\"image\":{\"@id\":\"https:\/\/luchonoticias.com\/editor\/digna-despedida-para-desaparecido-entregado-por-la-jep\/#primaryimage\"},\"thumbnailUrl\":\"https:\/\/luchonoticias.com\/editor\/wp-content\/uploads\/2024\/06\/WhatsApp-Image-2024-06-06-at-06.43.56.jpeg\",\"articleSection\":[\"Local\"],\"inLanguage\":\"es\"},{\"@type\":\"WebPage\",\"@id\":\"https:\/\/luchonoticias.com\/editor\/digna-despedida-para-desaparecido-entregado-por-la-jep\/\",\"url\":\"https:\/\/luchonoticias.com\/editor\/digna-despedida-para-desaparecido-entregado-por-la-jep\/\",\"name\":\"Digna despedida para desaparecido entregado por la JEP -\",\"isPartOf\":{\"@id\":\"https:\/\/luchonoticias.com\/editor\/#website\"},\"primaryImageOfPage\":{\"@id\":\"https:\/\/luchonoticias.com\/editor\/digna-despedida-para-desaparecido-entregado-por-la-jep\/#primaryimage\"},\"image\":{\"@id\":\"https:\/\/luchonoticias.com\/editor\/digna-despedida-para-desaparecido-entregado-por-la-jep\/#primaryimage\"},\"thumbnailUrl\":\"https:\/\/luchonoticias.com\/editor\/wp-content\/uploads\/2024\/06\/WhatsApp-Image-2024-06-06-at-06.43.56.jpeg\",\"datePublished\":\"2024-06-06T12:16:26+00:00\",\"breadcrumb\":{\"@id\":\"https:\/\/luchonoticias.com\/editor\/digna-despedida-para-desaparecido-entregado-por-la-jep\/#breadcrumb\"},\"inLanguage\":\"es\",\"potentialAction\":[{\"@type\":\"ReadAction\",\"target\":[\"https:\/\/luchonoticias.com\/editor\/digna-despedida-para-desaparecido-entregado-por-la-jep\/\"]}]},{\"@type\":\"ImageObject\",\"inLanguage\":\"es\",\"@id\":\"https:\/\/luchonoticias.com\/editor\/digna-despedida-para-desaparecido-entregado-por-la-jep\/#primaryimage\",\"url\":\"https:\/\/luchonoticias.com\/editor\/wp-content\/uploads\/2024\/06\/WhatsApp-Image-2024-06-06-at-06.43.56.jpeg\",\"contentUrl\":\"https:\/\/luchonoticias.com\/editor\/wp-content\/uploads\/2024\/06\/WhatsApp-Image-2024-06-06-at-06.43.56.jpeg\",\"width\":1600,\"height\":1066},{\"@type\":\"BreadcrumbList\",\"@id\":\"https:\/\/luchonoticias.com\/editor\/digna-despedida-para-desaparecido-entregado-por-la-jep\/#breadcrumb\",\"itemListElement\":[{\"@type\":\"ListItem\",\"position\":1,\"name\":\"Portada\",\"item\":\"https:\/\/luchonoticias.com\/editor\/\"},{\"@type\":\"ListItem\",\"position\":2,\"name\":\"Digna despedida para desaparecido entregado por la JEP\"}]},{\"@type\":\"WebSite\",\"@id\":\"https:\/\/luchonoticias.com\/editor\/#website\",\"url\":\"https:\/\/luchonoticias.com\/editor\/\",\"name\":\"\",\"description\":\"\",\"publisher\":{\"@id\":\"https:\/\/luchonoticias.com\/editor\/#\/schema\/person\/7a7fd911f58561fd056dbac7b55af9cd\"},\"potentialAction\":[{\"@type\":\"SearchAction\",\"target\":{\"@type\":\"EntryPoint\",\"urlTemplate\":\"https:\/\/luchonoticias.com\/editor\/?s={search_term_string}\"},\"query-input\":{\"@type\":\"PropertyValueSpecification\",\"valueRequired\":true,\"valueName\":\"search_term_string\"}}],\"inLanguage\":\"es\"},{\"@type\":[\"Person\",\"Organization\"],\"@id\":\"https:\/\/luchonoticias.com\/editor\/#\/schema\/person\/7a7fd911f58561fd056dbac7b55af9cd\",\"name\":\"admin\",\"image\":{\"@type\":\"ImageObject\",\"inLanguage\":\"es\",\"@id\":\"https:\/\/luchonoticias.com\/editor\/#\/schema\/person\/image\/\",\"url\":\"https:\/\/luchonoticias.com\/editor\/wp-content\/uploads\/2024\/02\/cropped-cropped-logolu.webp\",\"contentUrl\":\"https:\/\/luchonoticias.com\/editor\/wp-content\/uploads\/2024\/02\/cropped-cropped-logolu.webp\",\"width\":382,\"height\":170,\"caption\":\"admin\"},\"logo\":{\"@id\":\"https:\/\/luchonoticias.com\/editor\/#\/schema\/person\/image\/\"},\"sameAs\":[\"https:\/\/www.facebook.com\/luchonoticiasneiva\"]},{\"@type\":\"Person\",\"@id\":\"https:\/\/luchonoticias.com\/editor\/#\/schema\/person\/29217990ddf6f14e35912b2866d591fb\",\"name\":\"Editor General\",\"image\":{\"@type\":\"ImageObject\",\"inLanguage\":\"es\",\"@id\":\"https:\/\/luchonoticias.com\/editor\/#\/schema\/person\/image\/\",\"url\":\"https:\/\/luchonoticias.com\/editor\/wp-content\/uploads\/2024\/02\/cropped-cropped-logolu-150x150.webp\",\"contentUrl\":\"https:\/\/luchonoticias.com\/editor\/wp-content\/uploads\/2024\/02\/cropped-cropped-logolu-150x150.webp\",\"caption\":\"Editor General\"},\"sameAs\":[\"https:\/\/luchonoticias.com\/\"],\"url\":\"https:\/\/luchonoticias.com\/editor\/author\/editor-general\/\"}]}<\/script>\n<!-- \/ Yoast SEO plugin. -->","yoast_head_json":{"title":"Digna despedida para desaparecido entregado por la JEP -","robots":{"index":"index","follow":"follow","max-snippet":"max-snippet:-1","max-image-preview":"max-image-preview:large","max-video-preview":"max-video-preview:-1"},"canonical":"https:\/\/luchonoticias.com\/editor\/digna-despedida-para-desaparecido-entregado-por-la-jep\/","og_locale":"es_ES","og_type":"article","og_title":"Digna despedida para desaparecido entregado por la JEP -","og_url":"https:\/\/luchonoticias.com\/editor\/digna-despedida-para-desaparecido-entregado-por-la-jep\/","article_publisher":"https:\/\/www.facebook.com\/luchonoticiasneiva","article_published_time":"2024-06-06T12:16:26+00:00","og_image":[{"width":1600,"height":1066,"url":"https:\/\/luchonoticias.com\/editor\/wp-content\/uploads\/2024\/06\/WhatsApp-Image-2024-06-06-at-06.43.56.jpeg","type":"image\/jpeg"}],"author":"Editor General","twitter_card":"summary_large_image","twitter_misc":{"Escrito por":"Editor General","Tiempo de lectura":"4 minutos"},"schema":{"@context":"https:\/\/schema.org","@graph":[{"@type":"Article","@id":"https:\/\/luchonoticias.com\/editor\/digna-despedida-para-desaparecido-entregado-por-la-jep\/#article","isPartOf":{"@id":"https:\/\/luchonoticias.com\/editor\/digna-despedida-para-desaparecido-entregado-por-la-jep\/"},"author":{"name":"Editor General","@id":"https:\/\/luchonoticias.com\/editor\/#\/schema\/person\/29217990ddf6f14e35912b2866d591fb"},"headline":"Digna despedida para desaparecido entregado por la JEP","datePublished":"2024-06-06T12:16:26+00:00","mainEntityOfPage":{"@id":"https:\/\/luchonoticias.com\/editor\/digna-despedida-para-desaparecido-entregado-por-la-jep\/"},"wordCount":837,"publisher":{"@id":"https:\/\/luchonoticias.com\/editor\/#\/schema\/person\/7a7fd911f58561fd056dbac7b55af9cd"},"image":{"@id":"https:\/\/luchonoticias.com\/editor\/digna-despedida-para-desaparecido-entregado-por-la-jep\/#primaryimage"},"thumbnailUrl":"https:\/\/luchonoticias.com\/editor\/wp-content\/uploads\/2024\/06\/WhatsApp-Image-2024-06-06-at-06.43.56.jpeg","articleSection":["Local"],"inLanguage":"es"},{"@type":"WebPage","@id":"https:\/\/luchonoticias.com\/editor\/digna-despedida-para-desaparecido-entregado-por-la-jep\/","url":"https:\/\/luchonoticias.com\/editor\/digna-despedida-para-desaparecido-entregado-por-la-jep\/","name":"Digna despedida para desaparecido entregado por la JEP -","isPartOf":{"@id":"https:\/\/luchonoticias.com\/editor\/#website"},"primaryImageOfPage":{"@id":"https:\/\/luchonoticias.com\/editor\/digna-despedida-para-desaparecido-entregado-por-la-jep\/#primaryimage"},"image":{"@id":"https:\/\/luchonoticias.com\/editor\/digna-despedida-para-desaparecido-entregado-por-la-jep\/#primaryimage"},"thumbnailUrl":"https:\/\/luchonoticias.com\/editor\/wp-content\/uploads\/2024\/06\/WhatsApp-Image-2024-06-06-at-06.43.56.jpeg","datePublished":"2024-06-06T12:16:26+00:00","breadcrumb":{"@id":"https:\/\/luchonoticias.com\/editor\/digna-despedida-para-desaparecido-entregado-por-la-jep\/#breadcrumb"},"inLanguage":"es","potentialAction":[{"@type":"ReadAction","target":["https:\/\/luchonoticias.com\/editor\/digna-despedida-para-desaparecido-entregado-por-la-jep\/"]}]},{"@type":"ImageObject","inLanguage":"es","@id":"https:\/\/luchonoticias.com\/editor\/digna-despedida-para-desaparecido-entregado-por-la-jep\/#primaryimage","url":"https:\/\/luchonoticias.com\/editor\/wp-content\/uploads\/2024\/06\/WhatsApp-Image-2024-06-06-at-06.43.56.jpeg","contentUrl":"https:\/\/luchonoticias.com\/editor\/wp-content\/uploads\/2024\/06\/WhatsApp-Image-2024-06-06-at-06.43.56.jpeg","width":1600,"height":1066},{"@type":"BreadcrumbList","@id":"https:\/\/luchonoticias.com\/editor\/digna-despedida-para-desaparecido-entregado-por-la-jep\/#breadcrumb","itemListElement":[{"@type":"ListItem","position":1,"name":"Portada","item":"https:\/\/luchonoticias.com\/editor\/"},{"@type":"ListItem","position":2,"name":"Digna despedida para desaparecido entregado por la JEP"}]},{"@type":"WebSite","@id":"https:\/\/luchonoticias.com\/editor\/#website","url":"https:\/\/luchonoticias.com\/editor\/","name":"","description":"","publisher":{"@id":"https:\/\/luchonoticias.com\/editor\/#\/schema\/person\/7a7fd911f58561fd056dbac7b55af9cd"},"potentialAction":[{"@type":"SearchAction","target":{"@type":"EntryPoint","urlTemplate":"https:\/\/luchonoticias.com\/editor\/?s={search_term_string}"},"query-input":{"@type":"PropertyValueSpecification","valueRequired":true,"valueName":"search_term_string"}}],"inLanguage":"es"},{"@type":["Person","Organization"],"@id":"https:\/\/luchonoticias.com\/editor\/#\/schema\/person\/7a7fd911f58561fd056dbac7b55af9cd","name":"admin","image":{"@type":"ImageObject","inLanguage":"es","@id":"https:\/\/luchonoticias.com\/editor\/#\/schema\/person\/image\/","url":"https:\/\/luchonoticias.com\/editor\/wp-content\/uploads\/2024\/02\/cropped-cropped-logolu.webp","contentUrl":"https:\/\/luchonoticias.com\/editor\/wp-content\/uploads\/2024\/02\/cropped-cropped-logolu.webp","width":382,"height":170,"caption":"admin"},"logo":{"@id":"https:\/\/luchonoticias.com\/editor\/#\/schema\/person\/image\/"},"sameAs":["https:\/\/www.facebook.com\/luchonoticiasneiva"]},{"@type":"Person","@id":"https:\/\/luchonoticias.com\/editor\/#\/schema\/person\/29217990ddf6f14e35912b2866d591fb","name":"Editor General","image":{"@type":"ImageObject","inLanguage":"es","@id":"https:\/\/luchonoticias.com\/editor\/#\/schema\/person\/image\/","url":"https:\/\/luchonoticias.com\/editor\/wp-content\/uploads\/2024\/02\/cropped-cropped-logolu-150x150.webp","contentUrl":"https:\/\/luchonoticias.com\/editor\/wp-content\/uploads\/2024\/02\/cropped-cropped-logolu-150x150.webp","caption":"Editor General"},"sameAs":["https:\/\/luchonoticias.com\/"],"url":"https:\/\/luchonoticias.com\/editor\/author\/editor-general\/"}]}},"_links":{"self":[{"href":"https:\/\/luchonoticias.com\/editor\/wp-json\/wp\/v2\/posts\/73806","targetHints":{"allow":["GET"]}}],"collection":[{"href":"https:\/\/luchonoticias.com\/editor\/wp-json\/wp\/v2\/posts"}],"about":[{"href":"https:\/\/luchonoticias.com\/editor\/wp-json\/wp\/v2\/types\/post"}],"author":[{"embeddable":true,"href":"https:\/\/luchonoticias.com\/editor\/wp-json\/wp\/v2\/users\/2"}],"replies":[{"embeddable":true,"href":"https:\/\/luchonoticias.com\/editor\/wp-json\/wp\/v2\/comments?post=73806"}],"version-history":[{"count":0,"href":"https:\/\/luchonoticias.com\/editor\/wp-json\/wp\/v2\/posts\/73806\/revisions"}],"wp:featuredmedia":[{"embeddable":true,"href":"https:\/\/luchonoticias.com\/editor\/wp-json\/wp\/v2\/media\/73807"}],"wp:attachment":[{"href":"https:\/\/luchonoticias.com\/editor\/wp-json\/wp\/v2\/media?parent=73806"}],"wp:term":[{"taxonomy":"category","embeddable":true,"href":"https:\/\/luchonoticias.com\/editor\/wp-json\/wp\/v2\/categories?post=73806"},{"taxonomy":"post_tag","embeddable":true,"href":"https:\/\/luchonoticias.com\/editor\/wp-json\/wp\/v2\/tags?post=73806"}],"curies":[{"name":"wp","href":"https:\/\/api.w.org\/{rel}","templated":true}]}}