{"id":73812,"date":"2024-06-06T07:20:51","date_gmt":"2024-06-06T12:20:51","guid":{"rendered":"https:\/\/luchonoticias.com\/?p=73812"},"modified":"2024-06-06T07:20:51","modified_gmt":"2024-06-06T12:20:51","slug":"intervencion-en-la-malla-vial-de-la-avenida-la-toma","status":"publish","type":"post","link":"https:\/\/luchonoticias.com\/editor\/intervencion-en-la-malla-vial-de-la-avenida-la-toma\/","title":{"rendered":"Intervenci\u00f3n en la malla vial de la Avenida La Toma"},"content":{"rendered":"<p>La intervenci\u00f3n en la avenida La Toma forma parte de los esfuerzos continuos por mejorar las condiciones de las v\u00edas de nuestra ciudad. Este trabajo de reparcheo es esencial para garantizar una movilidad m\u00e1s segura y eficiente para los ciudadanos que transitan por esta importante arteria vial.<\/p>\n<p>La obra, que comenz\u00f3 a primera hora del mi\u00e9rcoles 05 de junio, se llev\u00f3 a cabo de manera intensiva a lo largo del d\u00eda para minimizar las afectaciones al tr\u00e1fico.<\/p>\n<p>El mejoramiento de esta v\u00eda es una respuesta directa a las necesidades de los habitantes y busca no solo mejorar la transitabilidad, sino tambi\u00e9n reducir el riesgo de accidentes y da\u00f1os a los veh\u00edculos. Esta intervenci\u00f3n es una muestra del compromiso de la Administraci\u00f3n Municipal con la infraestructura vial de la ciudad y con la calidad de vida de sus residentes.<\/p>\n<p>La Alcald\u00eda de Neiva reafirma su compromiso de seguir trabajando en la recuperaci\u00f3n y mantenimiento de la malla vial. Este es un proyecto a largo plazo que incluye m\u00faltiples intervenciones en distintas zonas del Municipio, con el objetivo de tener una infraestructura vial \u00f3ptima y segura.<\/p>\n","protected":false},"excerpt":{"rendered":"<p>La intervenci\u00f3n en la avenida La Toma forma parte de los esfuerzos continuos por mejorar las condiciones de las v\u00edas de nuestra ciudad. Este trabajo de reparcheo es esencial para garantizar una movilidad m\u00e1s segura y eficiente para los ciudadanos que transitan por esta importante arteria vial. La obra, que comenz\u00f3 a primera hora del [&hellip;]<\/p>\n","protected":false},"author":2,"featured_media":73813,"comment_status":"closed","ping_status":"open","sticky":false,"template":"","format":"standard","meta":{"footnotes":""},"categories":[31],"tags":[],"class_list":["post-73812","post","type-post","status-publish","format-standard","has-post-thumbnail","hentry","category-local"],"yoast_head":"<!-- This site is optimized with the Yoast SEO plugin v26.6 - https:\/\/yoast.com\/wordpress\/plugins\/seo\/ -->\n<title>Intervenci\u00f3n en la malla vial de la Avenida La Toma -<\/title>\n<meta name=\"robots\" content=\"index, follow, max-snippet:-1, max-image-preview:large, max-video-preview:-1\" \/>\n<link rel=\"canonical\" href=\"https:\/\/luchonoticias.com\/editor\/intervencion-en-la-malla-vial-de-la-avenida-la-toma\/\" \/>\n<meta property=\"og:locale\" content=\"es_ES\" \/>\n<meta property=\"og:type\" content=\"article\" \/>\n<meta property=\"og:title\" content=\"Intervenci\u00f3n en la malla vial de la Avenida La Toma -\" \/>\n<meta property=\"og:url\" content=\"https:\/\/luchonoticias.com\/editor\/intervencion-en-la-malla-vial-de-la-avenida-la-toma\/\" \/>\n<meta property=\"article:publisher\" content=\"https:\/\/www.facebook.com\/luchonoticiasneiva\" \/>\n<meta property=\"article:published_time\" content=\"2024-06-06T12:20:51+00:00\" \/>\n<meta property=\"og:image\" content=\"https:\/\/luchonoticias.com\/editor\/wp-content\/uploads\/2024\/06\/WhatsApp-Image-2024-06-05-at-21.38.35.jpeg\" \/>\n\t<meta property=\"og:image:width\" content=\"1600\" \/>\n\t<meta property=\"og:image:height\" content=\"737\" \/>\n\t<meta property=\"og:image:type\" content=\"image\/jpeg\" \/>\n<meta name=\"author\" content=\"Editor General\" \/>\n<meta name=\"twitter:card\" content=\"summary_large_image\" \/>\n<meta name=\"twitter:label1\" content=\"Escrito por\" \/>\n\t<meta name=\"twitter:data1\" content=\"Editor General\" \/>\n\t<meta name=\"twitter:label2\" content=\"Tiempo de lectura\" \/>\n\t<meta name=\"twitter:data2\" content=\"1 minuto\" \/>\n<script type=\"application\/ld+json\" class=\"yoast-schema-graph\">{\"@context\":\"https:\/\/schema.org\",\"@graph\":[{\"@type\":\"Article\",\"@id\":\"https:\/\/luchonoticias.com\/editor\/intervencion-en-la-malla-vial-de-la-avenida-la-toma\/#article\",\"isPartOf\":{\"@id\":\"https:\/\/luchonoticias.com\/editor\/intervencion-en-la-malla-vial-de-la-avenida-la-toma\/\"},\"author\":{\"name\":\"Editor General\",\"@id\":\"https:\/\/luchonoticias.com\/editor\/#\/schema\/person\/29217990ddf6f14e35912b2866d591fb\"},\"headline\":\"Intervenci\u00f3n en la malla vial de la Avenida La Toma\",\"datePublished\":\"2024-06-06T12:20:51+00:00\",\"mainEntityOfPage\":{\"@id\":\"https:\/\/luchonoticias.com\/editor\/intervencion-en-la-malla-vial-de-la-avenida-la-toma\/\"},\"wordCount\":209,\"publisher\":{\"@id\":\"https:\/\/luchonoticias.com\/editor\/#\/schema\/person\/7a7fd911f58561fd056dbac7b55af9cd\"},\"image\":{\"@id\":\"https:\/\/luchonoticias.com\/editor\/intervencion-en-la-malla-vial-de-la-avenida-la-toma\/#primaryimage\"},\"thumbnailUrl\":\"https:\/\/luchonoticias.com\/editor\/wp-content\/uploads\/2024\/06\/WhatsApp-Image-2024-06-05-at-21.38.35.jpeg\",\"articleSection\":[\"Local\"],\"inLanguage\":\"es\"},{\"@type\":\"WebPage\",\"@id\":\"https:\/\/luchonoticias.com\/editor\/intervencion-en-la-malla-vial-de-la-avenida-la-toma\/\",\"url\":\"https:\/\/luchonoticias.com\/editor\/intervencion-en-la-malla-vial-de-la-avenida-la-toma\/\",\"name\":\"Intervenci\u00f3n en la malla vial de la Avenida La Toma -\",\"isPartOf\":{\"@id\":\"https:\/\/luchonoticias.com\/editor\/#website\"},\"primaryImageOfPage\":{\"@id\":\"https:\/\/luchonoticias.com\/editor\/intervencion-en-la-malla-vial-de-la-avenida-la-toma\/#primaryimage\"},\"image\":{\"@id\":\"https:\/\/luchonoticias.com\/editor\/intervencion-en-la-malla-vial-de-la-avenida-la-toma\/#primaryimage\"},\"thumbnailUrl\":\"https:\/\/luchonoticias.com\/editor\/wp-content\/uploads\/2024\/06\/WhatsApp-Image-2024-06-05-at-21.38.35.jpeg\",\"datePublished\":\"2024-06-06T12:20:51+00:00\",\"breadcrumb\":{\"@id\":\"https:\/\/luchonoticias.com\/editor\/intervencion-en-la-malla-vial-de-la-avenida-la-toma\/#breadcrumb\"},\"inLanguage\":\"es\",\"potentialAction\":[{\"@type\":\"ReadAction\",\"target\":[\"https:\/\/luchonoticias.com\/editor\/intervencion-en-la-malla-vial-de-la-avenida-la-toma\/\"]}]},{\"@type\":\"ImageObject\",\"inLanguage\":\"es\",\"@id\":\"https:\/\/luchonoticias.com\/editor\/intervencion-en-la-malla-vial-de-la-avenida-la-toma\/#primaryimage\",\"url\":\"https:\/\/luchonoticias.com\/editor\/wp-content\/uploads\/2024\/06\/WhatsApp-Image-2024-06-05-at-21.38.35.jpeg\",\"contentUrl\":\"https:\/\/luchonoticias.com\/editor\/wp-content\/uploads\/2024\/06\/WhatsApp-Image-2024-06-05-at-21.38.35.jpeg\",\"width\":1600,\"height\":737},{\"@type\":\"BreadcrumbList\",\"@id\":\"https:\/\/luchonoticias.com\/editor\/intervencion-en-la-malla-vial-de-la-avenida-la-toma\/#breadcrumb\",\"itemListElement\":[{\"@type\":\"ListItem\",\"position\":1,\"name\":\"Portada\",\"item\":\"https:\/\/luchonoticias.com\/editor\/\"},{\"@type\":\"ListItem\",\"position\":2,\"name\":\"Intervenci\u00f3n en la malla vial de la Avenida La Toma\"}]},{\"@type\":\"WebSite\",\"@id\":\"https:\/\/luchonoticias.com\/editor\/#website\",\"url\":\"https:\/\/luchonoticias.com\/editor\/\",\"name\":\"\",\"description\":\"\",\"publisher\":{\"@id\":\"https:\/\/luchonoticias.com\/editor\/#\/schema\/person\/7a7fd911f58561fd056dbac7b55af9cd\"},\"potentialAction\":[{\"@type\":\"SearchAction\",\"target\":{\"@type\":\"EntryPoint\",\"urlTemplate\":\"https:\/\/luchonoticias.com\/editor\/?s={search_term_string}\"},\"query-input\":{\"@type\":\"PropertyValueSpecification\",\"valueRequired\":true,\"valueName\":\"search_term_string\"}}],\"inLanguage\":\"es\"},{\"@type\":[\"Person\",\"Organization\"],\"@id\":\"https:\/\/luchonoticias.com\/editor\/#\/schema\/person\/7a7fd911f58561fd056dbac7b55af9cd\",\"name\":\"admin\",\"image\":{\"@type\":\"ImageObject\",\"inLanguage\":\"es\",\"@id\":\"https:\/\/luchonoticias.com\/editor\/#\/schema\/person\/image\/\",\"url\":\"https:\/\/luchonoticias.com\/editor\/wp-content\/uploads\/2024\/02\/cropped-cropped-logolu.webp\",\"contentUrl\":\"https:\/\/luchonoticias.com\/editor\/wp-content\/uploads\/2024\/02\/cropped-cropped-logolu.webp\",\"width\":382,\"height\":170,\"caption\":\"admin\"},\"logo\":{\"@id\":\"https:\/\/luchonoticias.com\/editor\/#\/schema\/person\/image\/\"},\"sameAs\":[\"https:\/\/www.facebook.com\/luchonoticiasneiva\"]},{\"@type\":\"Person\",\"@id\":\"https:\/\/luchonoticias.com\/editor\/#\/schema\/person\/29217990ddf6f14e35912b2866d591fb\",\"name\":\"Editor General\",\"image\":{\"@type\":\"ImageObject\",\"inLanguage\":\"es\",\"@id\":\"https:\/\/luchonoticias.com\/editor\/#\/schema\/person\/image\/\",\"url\":\"https:\/\/luchonoticias.com\/editor\/wp-content\/uploads\/2024\/02\/cropped-cropped-logolu-150x150.webp\",\"contentUrl\":\"https:\/\/luchonoticias.com\/editor\/wp-content\/uploads\/2024\/02\/cropped-cropped-logolu-150x150.webp\",\"caption\":\"Editor General\"},\"sameAs\":[\"https:\/\/luchonoticias.com\/\"],\"url\":\"https:\/\/luchonoticias.com\/editor\/author\/editor-general\/\"}]}<\/script>\n<!-- \/ Yoast SEO plugin. -->","yoast_head_json":{"title":"Intervenci\u00f3n en la malla vial de la Avenida La Toma -","robots":{"index":"index","follow":"follow","max-snippet":"max-snippet:-1","max-image-preview":"max-image-preview:large","max-video-preview":"max-video-preview:-1"},"canonical":"https:\/\/luchonoticias.com\/editor\/intervencion-en-la-malla-vial-de-la-avenida-la-toma\/","og_locale":"es_ES","og_type":"article","og_title":"Intervenci\u00f3n en la malla vial de la Avenida La Toma -","og_url":"https:\/\/luchonoticias.com\/editor\/intervencion-en-la-malla-vial-de-la-avenida-la-toma\/","article_publisher":"https:\/\/www.facebook.com\/luchonoticiasneiva","article_published_time":"2024-06-06T12:20:51+00:00","og_image":[{"width":1600,"height":737,"url":"https:\/\/luchonoticias.com\/editor\/wp-content\/uploads\/2024\/06\/WhatsApp-Image-2024-06-05-at-21.38.35.jpeg","type":"image\/jpeg"}],"author":"Editor General","twitter_card":"summary_large_image","twitter_misc":{"Escrito por":"Editor General","Tiempo de lectura":"1 minuto"},"schema":{"@context":"https:\/\/schema.org","@graph":[{"@type":"Article","@id":"https:\/\/luchonoticias.com\/editor\/intervencion-en-la-malla-vial-de-la-avenida-la-toma\/#article","isPartOf":{"@id":"https:\/\/luchonoticias.com\/editor\/intervencion-en-la-malla-vial-de-la-avenida-la-toma\/"},"author":{"name":"Editor General","@id":"https:\/\/luchonoticias.com\/editor\/#\/schema\/person\/29217990ddf6f14e35912b2866d591fb"},"headline":"Intervenci\u00f3n en la malla vial de la Avenida La Toma","datePublished":"2024-06-06T12:20:51+00:00","mainEntityOfPage":{"@id":"https:\/\/luchonoticias.com\/editor\/intervencion-en-la-malla-vial-de-la-avenida-la-toma\/"},"wordCount":209,"publisher":{"@id":"https:\/\/luchonoticias.com\/editor\/#\/schema\/person\/7a7fd911f58561fd056dbac7b55af9cd"},"image":{"@id":"https:\/\/luchonoticias.com\/editor\/intervencion-en-la-malla-vial-de-la-avenida-la-toma\/#primaryimage"},"thumbnailUrl":"https:\/\/luchonoticias.com\/editor\/wp-content\/uploads\/2024\/06\/WhatsApp-Image-2024-06-05-at-21.38.35.jpeg","articleSection":["Local"],"inLanguage":"es"},{"@type":"WebPage","@id":"https:\/\/luchonoticias.com\/editor\/intervencion-en-la-malla-vial-de-la-avenida-la-toma\/","url":"https:\/\/luchonoticias.com\/editor\/intervencion-en-la-malla-vial-de-la-avenida-la-toma\/","name":"Intervenci\u00f3n en la malla vial de la Avenida La Toma -","isPartOf":{"@id":"https:\/\/luchonoticias.com\/editor\/#website"},"primaryImageOfPage":{"@id":"https:\/\/luchonoticias.com\/editor\/intervencion-en-la-malla-vial-de-la-avenida-la-toma\/#primaryimage"},"image":{"@id":"https:\/\/luchonoticias.com\/editor\/intervencion-en-la-malla-vial-de-la-avenida-la-toma\/#primaryimage"},"thumbnailUrl":"https:\/\/luchonoticias.com\/editor\/wp-content\/uploads\/2024\/06\/WhatsApp-Image-2024-06-05-at-21.38.35.jpeg","datePublished":"2024-06-06T12:20:51+00:00","breadcrumb":{"@id":"https:\/\/luchonoticias.com\/editor\/intervencion-en-la-malla-vial-de-la-avenida-la-toma\/#breadcrumb"},"inLanguage":"es","potentialAction":[{"@type":"ReadAction","target":["https:\/\/luchonoticias.com\/editor\/intervencion-en-la-malla-vial-de-la-avenida-la-toma\/"]}]},{"@type":"ImageObject","inLanguage":"es","@id":"https:\/\/luchonoticias.com\/editor\/intervencion-en-la-malla-vial-de-la-avenida-la-toma\/#primaryimage","url":"https:\/\/luchonoticias.com\/editor\/wp-content\/uploads\/2024\/06\/WhatsApp-Image-2024-06-05-at-21.38.35.jpeg","contentUrl":"https:\/\/luchonoticias.com\/editor\/wp-content\/uploads\/2024\/06\/WhatsApp-Image-2024-06-05-at-21.38.35.jpeg","width":1600,"height":737},{"@type":"BreadcrumbList","@id":"https:\/\/luchonoticias.com\/editor\/intervencion-en-la-malla-vial-de-la-avenida-la-toma\/#breadcrumb","itemListElement":[{"@type":"ListItem","position":1,"name":"Portada","item":"https:\/\/luchonoticias.com\/editor\/"},{"@type":"ListItem","position":2,"name":"Intervenci\u00f3n en la malla vial de la Avenida La Toma"}]},{"@type":"WebSite","@id":"https:\/\/luchonoticias.com\/editor\/#website","url":"https:\/\/luchonoticias.com\/editor\/","name":"","description":"","publisher":{"@id":"https:\/\/luchonoticias.com\/editor\/#\/schema\/person\/7a7fd911f58561fd056dbac7b55af9cd"},"potentialAction":[{"@type":"SearchAction","target":{"@type":"EntryPoint","urlTemplate":"https:\/\/luchonoticias.com\/editor\/?s={search_term_string}"},"query-input":{"@type":"PropertyValueSpecification","valueRequired":true,"valueName":"search_term_string"}}],"inLanguage":"es"},{"@type":["Person","Organization"],"@id":"https:\/\/luchonoticias.com\/editor\/#\/schema\/person\/7a7fd911f58561fd056dbac7b55af9cd","name":"admin","image":{"@type":"ImageObject","inLanguage":"es","@id":"https:\/\/luchonoticias.com\/editor\/#\/schema\/person\/image\/","url":"https:\/\/luchonoticias.com\/editor\/wp-content\/uploads\/2024\/02\/cropped-cropped-logolu.webp","contentUrl":"https:\/\/luchonoticias.com\/editor\/wp-content\/uploads\/2024\/02\/cropped-cropped-logolu.webp","width":382,"height":170,"caption":"admin"},"logo":{"@id":"https:\/\/luchonoticias.com\/editor\/#\/schema\/person\/image\/"},"sameAs":["https:\/\/www.facebook.com\/luchonoticiasneiva"]},{"@type":"Person","@id":"https:\/\/luchonoticias.com\/editor\/#\/schema\/person\/29217990ddf6f14e35912b2866d591fb","name":"Editor General","image":{"@type":"ImageObject","inLanguage":"es","@id":"https:\/\/luchonoticias.com\/editor\/#\/schema\/person\/image\/","url":"https:\/\/luchonoticias.com\/editor\/wp-content\/uploads\/2024\/02\/cropped-cropped-logolu-150x150.webp","contentUrl":"https:\/\/luchonoticias.com\/editor\/wp-content\/uploads\/2024\/02\/cropped-cropped-logolu-150x150.webp","caption":"Editor General"},"sameAs":["https:\/\/luchonoticias.com\/"],"url":"https:\/\/luchonoticias.com\/editor\/author\/editor-general\/"}]}},"_links":{"self":[{"href":"https:\/\/luchonoticias.com\/editor\/wp-json\/wp\/v2\/posts\/73812","targetHints":{"allow":["GET"]}}],"collection":[{"href":"https:\/\/luchonoticias.com\/editor\/wp-json\/wp\/v2\/posts"}],"about":[{"href":"https:\/\/luchonoticias.com\/editor\/wp-json\/wp\/v2\/types\/post"}],"author":[{"embeddable":true,"href":"https:\/\/luchonoticias.com\/editor\/wp-json\/wp\/v2\/users\/2"}],"replies":[{"embeddable":true,"href":"https:\/\/luchonoticias.com\/editor\/wp-json\/wp\/v2\/comments?post=73812"}],"version-history":[{"count":0,"href":"https:\/\/luchonoticias.com\/editor\/wp-json\/wp\/v2\/posts\/73812\/revisions"}],"wp:featuredmedia":[{"embeddable":true,"href":"https:\/\/luchonoticias.com\/editor\/wp-json\/wp\/v2\/media\/73813"}],"wp:attachment":[{"href":"https:\/\/luchonoticias.com\/editor\/wp-json\/wp\/v2\/media?parent=73812"}],"wp:term":[{"taxonomy":"category","embeddable":true,"href":"https:\/\/luchonoticias.com\/editor\/wp-json\/wp\/v2\/categories?post=73812"},{"taxonomy":"post_tag","embeddable":true,"href":"https:\/\/luchonoticias.com\/editor\/wp-json\/wp\/v2\/tags?post=73812"}],"curies":[{"name":"wp","href":"https:\/\/api.w.org\/{rel}","templated":true}]}}