{"id":73819,"date":"2024-06-06T12:50:52","date_gmt":"2024-06-06T17:50:52","guid":{"rendered":"https:\/\/luchonoticias.com\/?p=73819"},"modified":"2024-06-06T12:50:52","modified_gmt":"2024-06-06T17:50:52","slug":"metodologia-arco-se-expande-por-el-huila","status":"publish","type":"post","link":"https:\/\/luchonoticias.com\/editor\/metodologia-arco-se-expande-por-el-huila\/","title":{"rendered":"Metodolog\u00eda Arco se expande por el Huila"},"content":{"rendered":"<p>La metodolog\u00eda de \u00abArticulaci\u00f3n para la Competitividad\u00bb (ArCo), es una innovadora iniciativa dise\u00f1ada para promover la mejora continua de los programas, bienes y servicios ofrecidos por las entidades del Gobierno Nacional, metodolog\u00eda en la que el departamento del Huila viene siendo pionero a nivel nacional. Esta metodolog\u00eda liderada a nivel nacional por el DNP, busca optimizar la competitividad a trav\u00e9s de una gesti\u00f3n m\u00e1s eficiente y coordinada de los recursos.<\/p>\n<p>\u201cEn nombre del gobernador Rodrigo Villalba Mosquera resaltamos la importancia del proceso que se viene adelantando en t\u00e9rminos de articulaci\u00f3n con el DNP y por supuesto tambi\u00e9n la Federaci\u00f3n de Departamentos, agradecemos enormemente este proceso que se va a adelantar como un plan piloto en el departamento del Huila donde vamos a lograr articular toda la oferta de nivel institucional que se presenta a nivel nacional\u201d, explic\u00f3 Ricardo Vera Torres, Secretario de Desarrollo Econ\u00f3mico y Turismo del Huila.<\/p>\n<p>Del mismo modo, indic\u00f3 que lo que se busca con esta estrategia es optimizar la gesti\u00f3n y ejecuci\u00f3n de proyectos en los territorios y mejorar la competitividad e innovaci\u00f3n, llegando a m\u00e1s personas e impactando de manera positiva en el desarrollo y por tal raz\u00f3n departamento del Huila ha tomado la delantera en la implementaci\u00f3n de esta metodolog\u00eda.<\/p>\n<p>\u201cEs importante el paso que ha dado el departamento del Huila en alzar la mano y decir, vamos a ser piloto de esta estrategia, que tiene un reconocimiento internacional y que seguramente les va a permitir apuntar de manera mucho m\u00e1s clara a las metas que se definan en el plan de desarrollo del departamento\u201d, puntualiz\u00f3, Salim Chalela Naffah, Subdirector de Ciencia, Tecnolog\u00eda e Innovaci\u00f3n.<\/p>\n<p>El piloto ArCo pretende abordar la baja articulaci\u00f3n de los instrumentos a nivel territorial, que actualmente se traduce en una alta atomizaci\u00f3n de recursos, baja diversificaci\u00f3n en la oferta y limitada gesti\u00f3n de informaci\u00f3n y trazabilidad de los beneficiarios. Esta situaci\u00f3n resalta la necesidad de procesos de planeaci\u00f3n colectivos que permitan alcanzar consensos sobre prioridades estrat\u00e9gicas y definir relaciones y v\u00ednculos entre los distintos instrumentos disponibles.<\/p>\n<p><strong>Beneficios de la implementaci\u00f3n ArCo en la regi\u00f3n<\/strong><\/p>\n<p>Respecto al tema, el secretario de Desarrollo Econ\u00f3mico y Turismo del Huila, especific\u00f3 que lo que se pretende es caracterizar la oferta local y articular los instrumentos para evitar la duplicaci\u00f3n de esfuerzos entre iniciativas regionales y nacionales, as\u00ed como, proporcionar a la ciudadan\u00eda y a los usuarios de los gobiernos locales, una mayor previsibilidad y confianza en los instrumentos disponibles en cada vigencia presupuestal, independientemente de si son financiados por entidades locales, nacionales, privadas o p\u00fablicas.<\/p>\n<p><strong>Resultados Esperados<\/strong><\/p>\n<p>Como resultado de la implementaci\u00f3n del ArCo Regional, se desarrollar\u00e1 el Portafolio de Instrumentos (PdI) para cada regi\u00f3n participante. Este PdI ser\u00e1 publicado en el portal innovamos.gov.co , cuya misi\u00f3n es centralizar la informaci\u00f3n sobre los programas y convocatorias del Sistema Nacional de Competitividad e Innovaci\u00f3n (SNCI). Esto permitir\u00e1 a todos los interesados acceder de manera sencilla y transparente a los datos sobre los instrumentos disponibles para el fomento de la competitividad y la innovaci\u00f3n.<\/p>\n<p>La Gobernaci\u00f3n del Huila y las entidades participantes invitan a todos los ciudadanos, empresarios y actores clave del departamento a unirse y apoyar esta importante iniciativa que busca mejorar la competitividad y el desarrollo econ\u00f3mico de la regi\u00f3n.<\/p>\n","protected":false},"excerpt":{"rendered":"<p>La metodolog\u00eda de \u00abArticulaci\u00f3n para la Competitividad\u00bb (ArCo), es una innovadora iniciativa dise\u00f1ada para promover la mejora continua de los programas, bienes y servicios ofrecidos por las entidades del Gobierno Nacional, metodolog\u00eda en la que el departamento del Huila viene siendo pionero a nivel nacional. Esta metodolog\u00eda liderada a nivel nacional por el DNP, busca [&hellip;]<\/p>\n","protected":false},"author":2,"featured_media":73820,"comment_status":"closed","ping_status":"open","sticky":false,"template":"","format":"standard","meta":{"footnotes":""},"categories":[33],"tags":[],"class_list":["post-73819","post","type-post","status-publish","format-standard","has-post-thumbnail","hentry","category-huila"],"yoast_head":"<!-- This site is optimized with the Yoast SEO plugin v26.6 - https:\/\/yoast.com\/wordpress\/plugins\/seo\/ -->\n<title>Metodolog\u00eda Arco se expande por el Huila -<\/title>\n<meta name=\"robots\" content=\"index, follow, max-snippet:-1, max-image-preview:large, max-video-preview:-1\" \/>\n<link rel=\"canonical\" href=\"https:\/\/luchonoticias.com\/editor\/metodologia-arco-se-expande-por-el-huila\/\" \/>\n<meta property=\"og:locale\" content=\"es_ES\" \/>\n<meta property=\"og:type\" content=\"article\" \/>\n<meta property=\"og:title\" content=\"Metodolog\u00eda Arco se expande por el Huila -\" \/>\n<meta property=\"og:url\" content=\"https:\/\/luchonoticias.com\/editor\/metodologia-arco-se-expande-por-el-huila\/\" \/>\n<meta property=\"article:publisher\" content=\"https:\/\/www.facebook.com\/luchonoticiasneiva\" \/>\n<meta property=\"article:published_time\" content=\"2024-06-06T17:50:52+00:00\" \/>\n<meta property=\"og:image\" content=\"https:\/\/luchonoticias.com\/editor\/wp-content\/uploads\/2024\/06\/metodologia-arco.jpg\" \/>\n\t<meta property=\"og:image:width\" content=\"700\" \/>\n\t<meta property=\"og:image:height\" content=\"400\" \/>\n\t<meta property=\"og:image:type\" content=\"image\/jpeg\" \/>\n<meta name=\"author\" content=\"Editor General\" \/>\n<meta name=\"twitter:card\" content=\"summary_large_image\" \/>\n<meta name=\"twitter:label1\" content=\"Escrito por\" \/>\n\t<meta name=\"twitter:data1\" content=\"Editor General\" \/>\n\t<meta name=\"twitter:label2\" content=\"Tiempo de lectura\" \/>\n\t<meta name=\"twitter:data2\" content=\"3 minutos\" \/>\n<script type=\"application\/ld+json\" class=\"yoast-schema-graph\">{\"@context\":\"https:\/\/schema.org\",\"@graph\":[{\"@type\":\"Article\",\"@id\":\"https:\/\/luchonoticias.com\/editor\/metodologia-arco-se-expande-por-el-huila\/#article\",\"isPartOf\":{\"@id\":\"https:\/\/luchonoticias.com\/editor\/metodologia-arco-se-expande-por-el-huila\/\"},\"author\":{\"name\":\"Editor General\",\"@id\":\"https:\/\/luchonoticias.com\/editor\/#\/schema\/person\/29217990ddf6f14e35912b2866d591fb\"},\"headline\":\"Metodolog\u00eda Arco se expande por el Huila\",\"datePublished\":\"2024-06-06T17:50:52+00:00\",\"mainEntityOfPage\":{\"@id\":\"https:\/\/luchonoticias.com\/editor\/metodologia-arco-se-expande-por-el-huila\/\"},\"wordCount\":593,\"publisher\":{\"@id\":\"https:\/\/luchonoticias.com\/editor\/#\/schema\/person\/7a7fd911f58561fd056dbac7b55af9cd\"},\"image\":{\"@id\":\"https:\/\/luchonoticias.com\/editor\/metodologia-arco-se-expande-por-el-huila\/#primaryimage\"},\"thumbnailUrl\":\"https:\/\/luchonoticias.com\/editor\/wp-content\/uploads\/2024\/06\/metodologia-arco.jpg\",\"articleSection\":[\"Huila\"],\"inLanguage\":\"es\"},{\"@type\":\"WebPage\",\"@id\":\"https:\/\/luchonoticias.com\/editor\/metodologia-arco-se-expande-por-el-huila\/\",\"url\":\"https:\/\/luchonoticias.com\/editor\/metodologia-arco-se-expande-por-el-huila\/\",\"name\":\"Metodolog\u00eda Arco se expande por el Huila -\",\"isPartOf\":{\"@id\":\"https:\/\/luchonoticias.com\/editor\/#website\"},\"primaryImageOfPage\":{\"@id\":\"https:\/\/luchonoticias.com\/editor\/metodologia-arco-se-expande-por-el-huila\/#primaryimage\"},\"image\":{\"@id\":\"https:\/\/luchonoticias.com\/editor\/metodologia-arco-se-expande-por-el-huila\/#primaryimage\"},\"thumbnailUrl\":\"https:\/\/luchonoticias.com\/editor\/wp-content\/uploads\/2024\/06\/metodologia-arco.jpg\",\"datePublished\":\"2024-06-06T17:50:52+00:00\",\"breadcrumb\":{\"@id\":\"https:\/\/luchonoticias.com\/editor\/metodologia-arco-se-expande-por-el-huila\/#breadcrumb\"},\"inLanguage\":\"es\",\"potentialAction\":[{\"@type\":\"ReadAction\",\"target\":[\"https:\/\/luchonoticias.com\/editor\/metodologia-arco-se-expande-por-el-huila\/\"]}]},{\"@type\":\"ImageObject\",\"inLanguage\":\"es\",\"@id\":\"https:\/\/luchonoticias.com\/editor\/metodologia-arco-se-expande-por-el-huila\/#primaryimage\",\"url\":\"https:\/\/luchonoticias.com\/editor\/wp-content\/uploads\/2024\/06\/metodologia-arco.jpg\",\"contentUrl\":\"https:\/\/luchonoticias.com\/editor\/wp-content\/uploads\/2024\/06\/metodologia-arco.jpg\",\"width\":700,\"height\":400},{\"@type\":\"BreadcrumbList\",\"@id\":\"https:\/\/luchonoticias.com\/editor\/metodologia-arco-se-expande-por-el-huila\/#breadcrumb\",\"itemListElement\":[{\"@type\":\"ListItem\",\"position\":1,\"name\":\"Portada\",\"item\":\"https:\/\/luchonoticias.com\/editor\/\"},{\"@type\":\"ListItem\",\"position\":2,\"name\":\"Metodolog\u00eda Arco se expande por el Huila\"}]},{\"@type\":\"WebSite\",\"@id\":\"https:\/\/luchonoticias.com\/editor\/#website\",\"url\":\"https:\/\/luchonoticias.com\/editor\/\",\"name\":\"\",\"description\":\"\",\"publisher\":{\"@id\":\"https:\/\/luchonoticias.com\/editor\/#\/schema\/person\/7a7fd911f58561fd056dbac7b55af9cd\"},\"potentialAction\":[{\"@type\":\"SearchAction\",\"target\":{\"@type\":\"EntryPoint\",\"urlTemplate\":\"https:\/\/luchonoticias.com\/editor\/?s={search_term_string}\"},\"query-input\":{\"@type\":\"PropertyValueSpecification\",\"valueRequired\":true,\"valueName\":\"search_term_string\"}}],\"inLanguage\":\"es\"},{\"@type\":[\"Person\",\"Organization\"],\"@id\":\"https:\/\/luchonoticias.com\/editor\/#\/schema\/person\/7a7fd911f58561fd056dbac7b55af9cd\",\"name\":\"admin\",\"image\":{\"@type\":\"ImageObject\",\"inLanguage\":\"es\",\"@id\":\"https:\/\/luchonoticias.com\/editor\/#\/schema\/person\/image\/\",\"url\":\"https:\/\/luchonoticias.com\/editor\/wp-content\/uploads\/2024\/02\/cropped-cropped-logolu.webp\",\"contentUrl\":\"https:\/\/luchonoticias.com\/editor\/wp-content\/uploads\/2024\/02\/cropped-cropped-logolu.webp\",\"width\":382,\"height\":170,\"caption\":\"admin\"},\"logo\":{\"@id\":\"https:\/\/luchonoticias.com\/editor\/#\/schema\/person\/image\/\"},\"sameAs\":[\"https:\/\/www.facebook.com\/luchonoticiasneiva\"]},{\"@type\":\"Person\",\"@id\":\"https:\/\/luchonoticias.com\/editor\/#\/schema\/person\/29217990ddf6f14e35912b2866d591fb\",\"name\":\"Editor General\",\"image\":{\"@type\":\"ImageObject\",\"inLanguage\":\"es\",\"@id\":\"https:\/\/luchonoticias.com\/editor\/#\/schema\/person\/image\/\",\"url\":\"https:\/\/luchonoticias.com\/editor\/wp-content\/uploads\/2024\/02\/cropped-cropped-logolu-150x150.webp\",\"contentUrl\":\"https:\/\/luchonoticias.com\/editor\/wp-content\/uploads\/2024\/02\/cropped-cropped-logolu-150x150.webp\",\"caption\":\"Editor General\"},\"sameAs\":[\"https:\/\/luchonoticias.com\/\"],\"url\":\"https:\/\/luchonoticias.com\/editor\/author\/editor-general\/\"}]}<\/script>\n<!-- \/ Yoast SEO plugin. -->","yoast_head_json":{"title":"Metodolog\u00eda Arco se expande por el Huila -","robots":{"index":"index","follow":"follow","max-snippet":"max-snippet:-1","max-image-preview":"max-image-preview:large","max-video-preview":"max-video-preview:-1"},"canonical":"https:\/\/luchonoticias.com\/editor\/metodologia-arco-se-expande-por-el-huila\/","og_locale":"es_ES","og_type":"article","og_title":"Metodolog\u00eda Arco se expande por el Huila -","og_url":"https:\/\/luchonoticias.com\/editor\/metodologia-arco-se-expande-por-el-huila\/","article_publisher":"https:\/\/www.facebook.com\/luchonoticiasneiva","article_published_time":"2024-06-06T17:50:52+00:00","og_image":[{"width":700,"height":400,"url":"https:\/\/luchonoticias.com\/editor\/wp-content\/uploads\/2024\/06\/metodologia-arco.jpg","type":"image\/jpeg"}],"author":"Editor General","twitter_card":"summary_large_image","twitter_misc":{"Escrito por":"Editor General","Tiempo de lectura":"3 minutos"},"schema":{"@context":"https:\/\/schema.org","@graph":[{"@type":"Article","@id":"https:\/\/luchonoticias.com\/editor\/metodologia-arco-se-expande-por-el-huila\/#article","isPartOf":{"@id":"https:\/\/luchonoticias.com\/editor\/metodologia-arco-se-expande-por-el-huila\/"},"author":{"name":"Editor General","@id":"https:\/\/luchonoticias.com\/editor\/#\/schema\/person\/29217990ddf6f14e35912b2866d591fb"},"headline":"Metodolog\u00eda Arco se expande por el Huila","datePublished":"2024-06-06T17:50:52+00:00","mainEntityOfPage":{"@id":"https:\/\/luchonoticias.com\/editor\/metodologia-arco-se-expande-por-el-huila\/"},"wordCount":593,"publisher":{"@id":"https:\/\/luchonoticias.com\/editor\/#\/schema\/person\/7a7fd911f58561fd056dbac7b55af9cd"},"image":{"@id":"https:\/\/luchonoticias.com\/editor\/metodologia-arco-se-expande-por-el-huila\/#primaryimage"},"thumbnailUrl":"https:\/\/luchonoticias.com\/editor\/wp-content\/uploads\/2024\/06\/metodologia-arco.jpg","articleSection":["Huila"],"inLanguage":"es"},{"@type":"WebPage","@id":"https:\/\/luchonoticias.com\/editor\/metodologia-arco-se-expande-por-el-huila\/","url":"https:\/\/luchonoticias.com\/editor\/metodologia-arco-se-expande-por-el-huila\/","name":"Metodolog\u00eda Arco se expande por el Huila -","isPartOf":{"@id":"https:\/\/luchonoticias.com\/editor\/#website"},"primaryImageOfPage":{"@id":"https:\/\/luchonoticias.com\/editor\/metodologia-arco-se-expande-por-el-huila\/#primaryimage"},"image":{"@id":"https:\/\/luchonoticias.com\/editor\/metodologia-arco-se-expande-por-el-huila\/#primaryimage"},"thumbnailUrl":"https:\/\/luchonoticias.com\/editor\/wp-content\/uploads\/2024\/06\/metodologia-arco.jpg","datePublished":"2024-06-06T17:50:52+00:00","breadcrumb":{"@id":"https:\/\/luchonoticias.com\/editor\/metodologia-arco-se-expande-por-el-huila\/#breadcrumb"},"inLanguage":"es","potentialAction":[{"@type":"ReadAction","target":["https:\/\/luchonoticias.com\/editor\/metodologia-arco-se-expande-por-el-huila\/"]}]},{"@type":"ImageObject","inLanguage":"es","@id":"https:\/\/luchonoticias.com\/editor\/metodologia-arco-se-expande-por-el-huila\/#primaryimage","url":"https:\/\/luchonoticias.com\/editor\/wp-content\/uploads\/2024\/06\/metodologia-arco.jpg","contentUrl":"https:\/\/luchonoticias.com\/editor\/wp-content\/uploads\/2024\/06\/metodologia-arco.jpg","width":700,"height":400},{"@type":"BreadcrumbList","@id":"https:\/\/luchonoticias.com\/editor\/metodologia-arco-se-expande-por-el-huila\/#breadcrumb","itemListElement":[{"@type":"ListItem","position":1,"name":"Portada","item":"https:\/\/luchonoticias.com\/editor\/"},{"@type":"ListItem","position":2,"name":"Metodolog\u00eda Arco se expande por el Huila"}]},{"@type":"WebSite","@id":"https:\/\/luchonoticias.com\/editor\/#website","url":"https:\/\/luchonoticias.com\/editor\/","name":"","description":"","publisher":{"@id":"https:\/\/luchonoticias.com\/editor\/#\/schema\/person\/7a7fd911f58561fd056dbac7b55af9cd"},"potentialAction":[{"@type":"SearchAction","target":{"@type":"EntryPoint","urlTemplate":"https:\/\/luchonoticias.com\/editor\/?s={search_term_string}"},"query-input":{"@type":"PropertyValueSpecification","valueRequired":true,"valueName":"search_term_string"}}],"inLanguage":"es"},{"@type":["Person","Organization"],"@id":"https:\/\/luchonoticias.com\/editor\/#\/schema\/person\/7a7fd911f58561fd056dbac7b55af9cd","name":"admin","image":{"@type":"ImageObject","inLanguage":"es","@id":"https:\/\/luchonoticias.com\/editor\/#\/schema\/person\/image\/","url":"https:\/\/luchonoticias.com\/editor\/wp-content\/uploads\/2024\/02\/cropped-cropped-logolu.webp","contentUrl":"https:\/\/luchonoticias.com\/editor\/wp-content\/uploads\/2024\/02\/cropped-cropped-logolu.webp","width":382,"height":170,"caption":"admin"},"logo":{"@id":"https:\/\/luchonoticias.com\/editor\/#\/schema\/person\/image\/"},"sameAs":["https:\/\/www.facebook.com\/luchonoticiasneiva"]},{"@type":"Person","@id":"https:\/\/luchonoticias.com\/editor\/#\/schema\/person\/29217990ddf6f14e35912b2866d591fb","name":"Editor General","image":{"@type":"ImageObject","inLanguage":"es","@id":"https:\/\/luchonoticias.com\/editor\/#\/schema\/person\/image\/","url":"https:\/\/luchonoticias.com\/editor\/wp-content\/uploads\/2024\/02\/cropped-cropped-logolu-150x150.webp","contentUrl":"https:\/\/luchonoticias.com\/editor\/wp-content\/uploads\/2024\/02\/cropped-cropped-logolu-150x150.webp","caption":"Editor General"},"sameAs":["https:\/\/luchonoticias.com\/"],"url":"https:\/\/luchonoticias.com\/editor\/author\/editor-general\/"}]}},"_links":{"self":[{"href":"https:\/\/luchonoticias.com\/editor\/wp-json\/wp\/v2\/posts\/73819","targetHints":{"allow":["GET"]}}],"collection":[{"href":"https:\/\/luchonoticias.com\/editor\/wp-json\/wp\/v2\/posts"}],"about":[{"href":"https:\/\/luchonoticias.com\/editor\/wp-json\/wp\/v2\/types\/post"}],"author":[{"embeddable":true,"href":"https:\/\/luchonoticias.com\/editor\/wp-json\/wp\/v2\/users\/2"}],"replies":[{"embeddable":true,"href":"https:\/\/luchonoticias.com\/editor\/wp-json\/wp\/v2\/comments?post=73819"}],"version-history":[{"count":0,"href":"https:\/\/luchonoticias.com\/editor\/wp-json\/wp\/v2\/posts\/73819\/revisions"}],"wp:featuredmedia":[{"embeddable":true,"href":"https:\/\/luchonoticias.com\/editor\/wp-json\/wp\/v2\/media\/73820"}],"wp:attachment":[{"href":"https:\/\/luchonoticias.com\/editor\/wp-json\/wp\/v2\/media?parent=73819"}],"wp:term":[{"taxonomy":"category","embeddable":true,"href":"https:\/\/luchonoticias.com\/editor\/wp-json\/wp\/v2\/categories?post=73819"},{"taxonomy":"post_tag","embeddable":true,"href":"https:\/\/luchonoticias.com\/editor\/wp-json\/wp\/v2\/tags?post=73819"}],"curies":[{"name":"wp","href":"https:\/\/api.w.org\/{rel}","templated":true}]}}