{"id":73844,"date":"2024-06-06T20:54:42","date_gmt":"2024-06-07T01:54:42","guid":{"rendered":"https:\/\/luchonoticias.com\/?p=73844"},"modified":"2024-06-07T10:00:35","modified_gmt":"2024-06-07T15:00:35","slug":"huila-no-pudo-y-se-quedo-por-fuera-de-la-final-de-la-primera-b-2","status":"publish","type":"post","link":"https:\/\/luchonoticias.com\/editor\/huila-no-pudo-y-se-quedo-por-fuera-de-la-final-de-la-primera-b-2\/","title":{"rendered":"Huila no pudo y se qued\u00f3 por fuera de la final de la Primera B"},"content":{"rendered":"<div class=\"post-content-bd\">\n<p>Atl\u00e9tico Huila se qued\u00f3 sin posibilidad de acceder a la final del primer semestre del campeonato de ascenso del f\u00fatbol colombiano.<\/p>\n<p>En enfrentamiento v\u00e1lido por la quinta fecha el elenco dirigido por Diego Corredor cay\u00f3 1:0 ante Orsomarso quien lleg\u00f3 a 13 puntos y a un paso de llegar a la final.<\/p>\n<p>Tras un primer tiempo sin goles el cuadro opita hace cambios en la segunda mitad, no obstante ninguno de los cambios surti\u00f3 efecto, de hecho el \u00fanico efecto lleg\u00f3 al minuto 72 cuando Juan Jos\u00e9 Ram\u00edrez coloc\u00f3 el gol de la victoria.<\/p>\n<p>La derrota deja al Huila con solo seis unidades y con solo un partido pendiente por la \u00faltima fecha aunque solo por temas de calendario.<\/p>\n<p>FOTO: Ilustraci\u00f3n.<\/p>\n<\/div>\n<footer>\n<div class=\"cf\"><\/div>\n<\/footer>\n","protected":false},"excerpt":{"rendered":"<p>Atl\u00e9tico Huila se qued\u00f3 sin posibilidad de acceder a la final del primer semestre del campeonato de ascenso del f\u00fatbol colombiano.<\/p>\n","protected":false},"author":2,"featured_media":73838,"comment_status":"closed","ping_status":"open","sticky":false,"template":"","format":"standard","meta":{"footnotes":""},"categories":[34],"tags":[],"class_list":["post-73844","post","type-post","status-publish","format-standard","has-post-thumbnail","hentry","category-deportes"],"yoast_head":"<!-- This site is optimized with the Yoast SEO plugin v26.6 - https:\/\/yoast.com\/wordpress\/plugins\/seo\/ -->\n<title>Huila no pudo y se qued\u00f3 por fuera de la final de la Primera B -<\/title>\n<meta name=\"robots\" content=\"index, follow, max-snippet:-1, max-image-preview:large, max-video-preview:-1\" \/>\n<link rel=\"canonical\" href=\"https:\/\/luchonoticias.com\/editor\/huila-no-pudo-y-se-quedo-por-fuera-de-la-final-de-la-primera-b-2\/\" \/>\n<meta property=\"og:locale\" content=\"es_ES\" \/>\n<meta property=\"og:type\" content=\"article\" \/>\n<meta property=\"og:title\" content=\"Huila no pudo y se qued\u00f3 por fuera de la final de la Primera B -\" \/>\n<meta property=\"og:url\" content=\"https:\/\/luchonoticias.com\/editor\/huila-no-pudo-y-se-quedo-por-fuera-de-la-final-de-la-primera-b-2\/\" \/>\n<meta property=\"article:publisher\" content=\"https:\/\/www.facebook.com\/luchonoticiasneiva\" \/>\n<meta property=\"article:published_time\" content=\"2024-06-07T01:54:42+00:00\" \/>\n<meta property=\"article:modified_time\" content=\"2024-06-07T15:00:35+00:00\" \/>\n<meta property=\"og:image\" content=\"https:\/\/luchonoticias.com\/editor\/wp-content\/uploads\/2024\/06\/huila-orsomarso.jpg\" \/>\n\t<meta property=\"og:image:width\" content=\"700\" \/>\n\t<meta property=\"og:image:height\" content=\"400\" \/>\n\t<meta property=\"og:image:type\" content=\"image\/jpeg\" \/>\n<meta name=\"author\" content=\"Editor General\" \/>\n<meta name=\"twitter:card\" content=\"summary_large_image\" \/>\n<meta name=\"twitter:label1\" content=\"Escrito por\" \/>\n\t<meta name=\"twitter:data1\" content=\"Editor General\" \/>\n\t<meta name=\"twitter:label2\" content=\"Tiempo de lectura\" \/>\n\t<meta name=\"twitter:data2\" content=\"1 minuto\" \/>\n<script type=\"application\/ld+json\" class=\"yoast-schema-graph\">{\"@context\":\"https:\/\/schema.org\",\"@graph\":[{\"@type\":\"Article\",\"@id\":\"https:\/\/luchonoticias.com\/editor\/huila-no-pudo-y-se-quedo-por-fuera-de-la-final-de-la-primera-b-2\/#article\",\"isPartOf\":{\"@id\":\"https:\/\/luchonoticias.com\/editor\/huila-no-pudo-y-se-quedo-por-fuera-de-la-final-de-la-primera-b-2\/\"},\"author\":{\"name\":\"Editor General\",\"@id\":\"https:\/\/luchonoticias.com\/editor\/#\/schema\/person\/29217990ddf6f14e35912b2866d591fb\"},\"headline\":\"Huila no pudo y se qued\u00f3 por fuera de la final de la Primera B\",\"datePublished\":\"2024-06-07T01:54:42+00:00\",\"dateModified\":\"2024-06-07T15:00:35+00:00\",\"mainEntityOfPage\":{\"@id\":\"https:\/\/luchonoticias.com\/editor\/huila-no-pudo-y-se-quedo-por-fuera-de-la-final-de-la-primera-b-2\/\"},\"wordCount\":138,\"publisher\":{\"@id\":\"https:\/\/luchonoticias.com\/editor\/#\/schema\/person\/7a7fd911f58561fd056dbac7b55af9cd\"},\"image\":{\"@id\":\"https:\/\/luchonoticias.com\/editor\/huila-no-pudo-y-se-quedo-por-fuera-de-la-final-de-la-primera-b-2\/#primaryimage\"},\"thumbnailUrl\":\"https:\/\/luchonoticias.com\/editor\/wp-content\/uploads\/2024\/06\/huila-orsomarso.jpg\",\"articleSection\":[\"Deportes\"],\"inLanguage\":\"es\"},{\"@type\":\"WebPage\",\"@id\":\"https:\/\/luchonoticias.com\/editor\/huila-no-pudo-y-se-quedo-por-fuera-de-la-final-de-la-primera-b-2\/\",\"url\":\"https:\/\/luchonoticias.com\/editor\/huila-no-pudo-y-se-quedo-por-fuera-de-la-final-de-la-primera-b-2\/\",\"name\":\"Huila no pudo y se qued\u00f3 por fuera de la final de la Primera B -\",\"isPartOf\":{\"@id\":\"https:\/\/luchonoticias.com\/editor\/#website\"},\"primaryImageOfPage\":{\"@id\":\"https:\/\/luchonoticias.com\/editor\/huila-no-pudo-y-se-quedo-por-fuera-de-la-final-de-la-primera-b-2\/#primaryimage\"},\"image\":{\"@id\":\"https:\/\/luchonoticias.com\/editor\/huila-no-pudo-y-se-quedo-por-fuera-de-la-final-de-la-primera-b-2\/#primaryimage\"},\"thumbnailUrl\":\"https:\/\/luchonoticias.com\/editor\/wp-content\/uploads\/2024\/06\/huila-orsomarso.jpg\",\"datePublished\":\"2024-06-07T01:54:42+00:00\",\"dateModified\":\"2024-06-07T15:00:35+00:00\",\"breadcrumb\":{\"@id\":\"https:\/\/luchonoticias.com\/editor\/huila-no-pudo-y-se-quedo-por-fuera-de-la-final-de-la-primera-b-2\/#breadcrumb\"},\"inLanguage\":\"es\",\"potentialAction\":[{\"@type\":\"ReadAction\",\"target\":[\"https:\/\/luchonoticias.com\/editor\/huila-no-pudo-y-se-quedo-por-fuera-de-la-final-de-la-primera-b-2\/\"]}]},{\"@type\":\"ImageObject\",\"inLanguage\":\"es\",\"@id\":\"https:\/\/luchonoticias.com\/editor\/huila-no-pudo-y-se-quedo-por-fuera-de-la-final-de-la-primera-b-2\/#primaryimage\",\"url\":\"https:\/\/luchonoticias.com\/editor\/wp-content\/uploads\/2024\/06\/huila-orsomarso.jpg\",\"contentUrl\":\"https:\/\/luchonoticias.com\/editor\/wp-content\/uploads\/2024\/06\/huila-orsomarso.jpg\",\"width\":700,\"height\":400},{\"@type\":\"BreadcrumbList\",\"@id\":\"https:\/\/luchonoticias.com\/editor\/huila-no-pudo-y-se-quedo-por-fuera-de-la-final-de-la-primera-b-2\/#breadcrumb\",\"itemListElement\":[{\"@type\":\"ListItem\",\"position\":1,\"name\":\"Portada\",\"item\":\"https:\/\/luchonoticias.com\/editor\/\"},{\"@type\":\"ListItem\",\"position\":2,\"name\":\"Huila no pudo y se qued\u00f3 por fuera de la final de la Primera B\"}]},{\"@type\":\"WebSite\",\"@id\":\"https:\/\/luchonoticias.com\/editor\/#website\",\"url\":\"https:\/\/luchonoticias.com\/editor\/\",\"name\":\"\",\"description\":\"\",\"publisher\":{\"@id\":\"https:\/\/luchonoticias.com\/editor\/#\/schema\/person\/7a7fd911f58561fd056dbac7b55af9cd\"},\"potentialAction\":[{\"@type\":\"SearchAction\",\"target\":{\"@type\":\"EntryPoint\",\"urlTemplate\":\"https:\/\/luchonoticias.com\/editor\/?s={search_term_string}\"},\"query-input\":{\"@type\":\"PropertyValueSpecification\",\"valueRequired\":true,\"valueName\":\"search_term_string\"}}],\"inLanguage\":\"es\"},{\"@type\":[\"Person\",\"Organization\"],\"@id\":\"https:\/\/luchonoticias.com\/editor\/#\/schema\/person\/7a7fd911f58561fd056dbac7b55af9cd\",\"name\":\"admin\",\"image\":{\"@type\":\"ImageObject\",\"inLanguage\":\"es\",\"@id\":\"https:\/\/luchonoticias.com\/editor\/#\/schema\/person\/image\/\",\"url\":\"https:\/\/luchonoticias.com\/editor\/wp-content\/uploads\/2024\/02\/cropped-cropped-logolu.webp\",\"contentUrl\":\"https:\/\/luchonoticias.com\/editor\/wp-content\/uploads\/2024\/02\/cropped-cropped-logolu.webp\",\"width\":382,\"height\":170,\"caption\":\"admin\"},\"logo\":{\"@id\":\"https:\/\/luchonoticias.com\/editor\/#\/schema\/person\/image\/\"},\"sameAs\":[\"https:\/\/www.facebook.com\/luchonoticiasneiva\"]},{\"@type\":\"Person\",\"@id\":\"https:\/\/luchonoticias.com\/editor\/#\/schema\/person\/29217990ddf6f14e35912b2866d591fb\",\"name\":\"Editor General\",\"image\":{\"@type\":\"ImageObject\",\"inLanguage\":\"es\",\"@id\":\"https:\/\/luchonoticias.com\/editor\/#\/schema\/person\/image\/\",\"url\":\"https:\/\/luchonoticias.com\/editor\/wp-content\/uploads\/2024\/02\/cropped-cropped-logolu-150x150.webp\",\"contentUrl\":\"https:\/\/luchonoticias.com\/editor\/wp-content\/uploads\/2024\/02\/cropped-cropped-logolu-150x150.webp\",\"caption\":\"Editor General\"},\"sameAs\":[\"https:\/\/luchonoticias.com\/\"],\"url\":\"https:\/\/luchonoticias.com\/editor\/author\/editor-general\/\"}]}<\/script>\n<!-- \/ Yoast SEO plugin. -->","yoast_head_json":{"title":"Huila no pudo y se qued\u00f3 por fuera de la final de la Primera B -","robots":{"index":"index","follow":"follow","max-snippet":"max-snippet:-1","max-image-preview":"max-image-preview:large","max-video-preview":"max-video-preview:-1"},"canonical":"https:\/\/luchonoticias.com\/editor\/huila-no-pudo-y-se-quedo-por-fuera-de-la-final-de-la-primera-b-2\/","og_locale":"es_ES","og_type":"article","og_title":"Huila no pudo y se qued\u00f3 por fuera de la final de la Primera B -","og_url":"https:\/\/luchonoticias.com\/editor\/huila-no-pudo-y-se-quedo-por-fuera-de-la-final-de-la-primera-b-2\/","article_publisher":"https:\/\/www.facebook.com\/luchonoticiasneiva","article_published_time":"2024-06-07T01:54:42+00:00","article_modified_time":"2024-06-07T15:00:35+00:00","og_image":[{"width":700,"height":400,"url":"https:\/\/luchonoticias.com\/editor\/wp-content\/uploads\/2024\/06\/huila-orsomarso.jpg","type":"image\/jpeg"}],"author":"Editor General","twitter_card":"summary_large_image","twitter_misc":{"Escrito por":"Editor General","Tiempo de lectura":"1 minuto"},"schema":{"@context":"https:\/\/schema.org","@graph":[{"@type":"Article","@id":"https:\/\/luchonoticias.com\/editor\/huila-no-pudo-y-se-quedo-por-fuera-de-la-final-de-la-primera-b-2\/#article","isPartOf":{"@id":"https:\/\/luchonoticias.com\/editor\/huila-no-pudo-y-se-quedo-por-fuera-de-la-final-de-la-primera-b-2\/"},"author":{"name":"Editor General","@id":"https:\/\/luchonoticias.com\/editor\/#\/schema\/person\/29217990ddf6f14e35912b2866d591fb"},"headline":"Huila no pudo y se qued\u00f3 por fuera de la final de la Primera B","datePublished":"2024-06-07T01:54:42+00:00","dateModified":"2024-06-07T15:00:35+00:00","mainEntityOfPage":{"@id":"https:\/\/luchonoticias.com\/editor\/huila-no-pudo-y-se-quedo-por-fuera-de-la-final-de-la-primera-b-2\/"},"wordCount":138,"publisher":{"@id":"https:\/\/luchonoticias.com\/editor\/#\/schema\/person\/7a7fd911f58561fd056dbac7b55af9cd"},"image":{"@id":"https:\/\/luchonoticias.com\/editor\/huila-no-pudo-y-se-quedo-por-fuera-de-la-final-de-la-primera-b-2\/#primaryimage"},"thumbnailUrl":"https:\/\/luchonoticias.com\/editor\/wp-content\/uploads\/2024\/06\/huila-orsomarso.jpg","articleSection":["Deportes"],"inLanguage":"es"},{"@type":"WebPage","@id":"https:\/\/luchonoticias.com\/editor\/huila-no-pudo-y-se-quedo-por-fuera-de-la-final-de-la-primera-b-2\/","url":"https:\/\/luchonoticias.com\/editor\/huila-no-pudo-y-se-quedo-por-fuera-de-la-final-de-la-primera-b-2\/","name":"Huila no pudo y se qued\u00f3 por fuera de la final de la Primera B -","isPartOf":{"@id":"https:\/\/luchonoticias.com\/editor\/#website"},"primaryImageOfPage":{"@id":"https:\/\/luchonoticias.com\/editor\/huila-no-pudo-y-se-quedo-por-fuera-de-la-final-de-la-primera-b-2\/#primaryimage"},"image":{"@id":"https:\/\/luchonoticias.com\/editor\/huila-no-pudo-y-se-quedo-por-fuera-de-la-final-de-la-primera-b-2\/#primaryimage"},"thumbnailUrl":"https:\/\/luchonoticias.com\/editor\/wp-content\/uploads\/2024\/06\/huila-orsomarso.jpg","datePublished":"2024-06-07T01:54:42+00:00","dateModified":"2024-06-07T15:00:35+00:00","breadcrumb":{"@id":"https:\/\/luchonoticias.com\/editor\/huila-no-pudo-y-se-quedo-por-fuera-de-la-final-de-la-primera-b-2\/#breadcrumb"},"inLanguage":"es","potentialAction":[{"@type":"ReadAction","target":["https:\/\/luchonoticias.com\/editor\/huila-no-pudo-y-se-quedo-por-fuera-de-la-final-de-la-primera-b-2\/"]}]},{"@type":"ImageObject","inLanguage":"es","@id":"https:\/\/luchonoticias.com\/editor\/huila-no-pudo-y-se-quedo-por-fuera-de-la-final-de-la-primera-b-2\/#primaryimage","url":"https:\/\/luchonoticias.com\/editor\/wp-content\/uploads\/2024\/06\/huila-orsomarso.jpg","contentUrl":"https:\/\/luchonoticias.com\/editor\/wp-content\/uploads\/2024\/06\/huila-orsomarso.jpg","width":700,"height":400},{"@type":"BreadcrumbList","@id":"https:\/\/luchonoticias.com\/editor\/huila-no-pudo-y-se-quedo-por-fuera-de-la-final-de-la-primera-b-2\/#breadcrumb","itemListElement":[{"@type":"ListItem","position":1,"name":"Portada","item":"https:\/\/luchonoticias.com\/editor\/"},{"@type":"ListItem","position":2,"name":"Huila no pudo y se qued\u00f3 por fuera de la final de la Primera B"}]},{"@type":"WebSite","@id":"https:\/\/luchonoticias.com\/editor\/#website","url":"https:\/\/luchonoticias.com\/editor\/","name":"","description":"","publisher":{"@id":"https:\/\/luchonoticias.com\/editor\/#\/schema\/person\/7a7fd911f58561fd056dbac7b55af9cd"},"potentialAction":[{"@type":"SearchAction","target":{"@type":"EntryPoint","urlTemplate":"https:\/\/luchonoticias.com\/editor\/?s={search_term_string}"},"query-input":{"@type":"PropertyValueSpecification","valueRequired":true,"valueName":"search_term_string"}}],"inLanguage":"es"},{"@type":["Person","Organization"],"@id":"https:\/\/luchonoticias.com\/editor\/#\/schema\/person\/7a7fd911f58561fd056dbac7b55af9cd","name":"admin","image":{"@type":"ImageObject","inLanguage":"es","@id":"https:\/\/luchonoticias.com\/editor\/#\/schema\/person\/image\/","url":"https:\/\/luchonoticias.com\/editor\/wp-content\/uploads\/2024\/02\/cropped-cropped-logolu.webp","contentUrl":"https:\/\/luchonoticias.com\/editor\/wp-content\/uploads\/2024\/02\/cropped-cropped-logolu.webp","width":382,"height":170,"caption":"admin"},"logo":{"@id":"https:\/\/luchonoticias.com\/editor\/#\/schema\/person\/image\/"},"sameAs":["https:\/\/www.facebook.com\/luchonoticiasneiva"]},{"@type":"Person","@id":"https:\/\/luchonoticias.com\/editor\/#\/schema\/person\/29217990ddf6f14e35912b2866d591fb","name":"Editor General","image":{"@type":"ImageObject","inLanguage":"es","@id":"https:\/\/luchonoticias.com\/editor\/#\/schema\/person\/image\/","url":"https:\/\/luchonoticias.com\/editor\/wp-content\/uploads\/2024\/02\/cropped-cropped-logolu-150x150.webp","contentUrl":"https:\/\/luchonoticias.com\/editor\/wp-content\/uploads\/2024\/02\/cropped-cropped-logolu-150x150.webp","caption":"Editor General"},"sameAs":["https:\/\/luchonoticias.com\/"],"url":"https:\/\/luchonoticias.com\/editor\/author\/editor-general\/"}]}},"_links":{"self":[{"href":"https:\/\/luchonoticias.com\/editor\/wp-json\/wp\/v2\/posts\/73844","targetHints":{"allow":["GET"]}}],"collection":[{"href":"https:\/\/luchonoticias.com\/editor\/wp-json\/wp\/v2\/posts"}],"about":[{"href":"https:\/\/luchonoticias.com\/editor\/wp-json\/wp\/v2\/types\/post"}],"author":[{"embeddable":true,"href":"https:\/\/luchonoticias.com\/editor\/wp-json\/wp\/v2\/users\/2"}],"replies":[{"embeddable":true,"href":"https:\/\/luchonoticias.com\/editor\/wp-json\/wp\/v2\/comments?post=73844"}],"version-history":[{"count":0,"href":"https:\/\/luchonoticias.com\/editor\/wp-json\/wp\/v2\/posts\/73844\/revisions"}],"wp:featuredmedia":[{"embeddable":true,"href":"https:\/\/luchonoticias.com\/editor\/wp-json\/wp\/v2\/media\/73838"}],"wp:attachment":[{"href":"https:\/\/luchonoticias.com\/editor\/wp-json\/wp\/v2\/media?parent=73844"}],"wp:term":[{"taxonomy":"category","embeddable":true,"href":"https:\/\/luchonoticias.com\/editor\/wp-json\/wp\/v2\/categories?post=73844"},{"taxonomy":"post_tag","embeddable":true,"href":"https:\/\/luchonoticias.com\/editor\/wp-json\/wp\/v2\/tags?post=73844"}],"curies":[{"name":"wp","href":"https:\/\/api.w.org\/{rel}","templated":true}]}}