{"id":73846,"date":"2024-06-06T20:58:01","date_gmt":"2024-06-07T01:58:01","guid":{"rendered":"https:\/\/luchonoticias.com\/?p=73846"},"modified":"2024-06-06T20:58:01","modified_gmt":"2024-06-07T01:58:01","slug":"los-beneficios-de-una-correcta-disposicion-de-los-residuos-electronicos-2","status":"publish","type":"post","link":"https:\/\/luchonoticias.com\/editor\/los-beneficios-de-una-correcta-disposicion-de-los-residuos-electronicos-2\/","title":{"rendered":"Los beneficios de una correcta disposici\u00f3n de los residuos electr\u00f3nicos"},"content":{"rendered":"<p>La entrega de alimentos y kits de aseo es lo que le vienen suministrando a las personas de la tercera edad y a las comunidades de los pueblos originarios, los huilenses y empresas que a\u00f1o a a\u00f1o se unen a la Gran Campa\u00f1a de Recolecci\u00f3n de Residuos Posconsumo y de Aparatos El\u00e9ctricos y Electr\u00f3nicos Opitat\u00f3n 2024.<\/p>\n<p>Al participar de la campa\u00f1a que lidera la Corporaci\u00f3n Aut\u00f3noma Regional del Alto Magdalena-CAM en articulaci\u00f3n con el grupo Retorna, el huilense permite que empresas como L\u00famina, Puntos Verdes, Ecogestiones, Punto Azul, Campo Limpio, entre otras, transformen ese producto, que ya cumpli\u00f3 su vida \u00fatil y que al ser desechado representan un alto nivel de contaminaci\u00f3n, en materias primas para la elaboraci\u00f3n de nuevos aparatos electr\u00f3nicos.<\/p>\n<p>Pero adem\u00e1s cada municipio o departamento entran a un sistema de puntos con los cuales se adelantan obras sociales en la regi\u00f3n.<\/p>\n<p>\u201cNo solamente tenemos el beneficio de la certificaci\u00f3n de Gesti\u00f3n Ambiental para las empresas y la satisfacci\u00f3n del huilense de que al entregar estos residuos protegen el medioambiente y permiten que se conviertan nuevamente en aparatos el\u00e9ctricos, sino que tambi\u00e9n se va a acumular puntos por municipios o departamento para hacer obras sociales\u201d, asegur\u00f3 Juan David Fern\u00e1ndez de la Fundaci\u00f3n Puntos Verdes.<\/p>\n<p><img loading=\"lazy\" decoding=\"async\" class=\"alignnone wp-image-73828\" src=\"https:\/\/luchonoticias.com\/wp-content\/uploads\/2024\/06\/WhatsApp-Image-2024-06-06-at-16.37.18-300x223.jpeg\" alt=\"\" width=\"500\" height=\"372\" srcset=\"https:\/\/luchonoticias.com\/editor\/wp-content\/uploads\/2024\/06\/WhatsApp-Image-2024-06-06-at-16.37.18-300x223.jpeg 300w, https:\/\/luchonoticias.com\/editor\/wp-content\/uploads\/2024\/06\/WhatsApp-Image-2024-06-06-at-16.37.18-1024x762.jpeg 1024w, https:\/\/luchonoticias.com\/editor\/wp-content\/uploads\/2024\/06\/WhatsApp-Image-2024-06-06-at-16.37.18-768x572.jpeg 768w, https:\/\/luchonoticias.com\/editor\/wp-content\/uploads\/2024\/06\/WhatsApp-Image-2024-06-06-at-16.37.18-1536x1143.jpeg 1536w, https:\/\/luchonoticias.com\/editor\/wp-content\/uploads\/2024\/06\/WhatsApp-Image-2024-06-06-at-16.37.18-90x68.jpeg 90w, https:\/\/luchonoticias.com\/editor\/wp-content\/uploads\/2024\/06\/WhatsApp-Image-2024-06-06-at-16.37.18.jpeg 1600w\" sizes=\"auto, (max-width: 500px) 100vw, 500px\" \/><\/p>\n<p>Seg\u00fan Fern\u00e1ndez por cada kilogramo de residuos que el huilense entrega, el municipio o departamento recibe un punto verde, el cual al ser acumulado, se convierte en mercados y kits de aseo para las comunidades de los pueblos originario y los hogares para adultos mayores.<\/p>\n<p><strong>El proceso<\/strong><\/p>\n<p>El proceso que surten estos residuos electr\u00f3nicos, entregados en las diferentes campa\u00f1as, adem\u00e1s de aportar al cuidado ambiental al ser dispuestos correctamente empieza con la llegan a unas plantas para ser tratados y separados por diferentes componentes, como el pl\u00e1sticos, metales, pastas y residuos peligrosos.<\/p>\n<p>\u201cEs importante que se puedan disponer esos residuos adecuadamente para evitar que los contaminantes que hay dentro como el mercurio, en el caso de las bombillas, o metales pesados como el plomo y cadmio afecten los recursos\u201d, se\u00f1al\u00f3 Camila Urrego de la Corporaci\u00f3n L\u00famina, quien adem\u00e1s explic\u00f3 que el proceso empieza con la separaci\u00f3n de las partes, el aprovechamiento de las corrientes limpias y la reutilizaci\u00f3n de los pl\u00e1sticos y los metales, as\u00ed como la disposici\u00f3n adecuada de los metales pesados y contaminantes.<\/p>\n<p><img loading=\"lazy\" decoding=\"async\" class=\"alignnone wp-image-73829\" src=\"https:\/\/luchonoticias.com\/wp-content\/uploads\/2024\/06\/WhatsApp-Image-2024-06-06-at-16.37.19-300x220.jpeg\" alt=\"\" width=\"500\" height=\"367\" srcset=\"https:\/\/luchonoticias.com\/editor\/wp-content\/uploads\/2024\/06\/WhatsApp-Image-2024-06-06-at-16.37.19-300x220.jpeg 300w, https:\/\/luchonoticias.com\/editor\/wp-content\/uploads\/2024\/06\/WhatsApp-Image-2024-06-06-at-16.37.19-1024x752.jpeg 1024w, https:\/\/luchonoticias.com\/editor\/wp-content\/uploads\/2024\/06\/WhatsApp-Image-2024-06-06-at-16.37.19-768x564.jpeg 768w, https:\/\/luchonoticias.com\/editor\/wp-content\/uploads\/2024\/06\/WhatsApp-Image-2024-06-06-at-16.37.19-1536x1128.jpeg 1536w, https:\/\/luchonoticias.com\/editor\/wp-content\/uploads\/2024\/06\/WhatsApp-Image-2024-06-06-at-16.37.19.jpeg 1600w\" sizes=\"auto, (max-width: 500px) 100vw, 500px\" \/><\/p>\n<p>\u201cCon la participaci\u00f3n de cada persona se est\u00e1 aportando al cuidado ambiental; y adicional las empresas que nos entreguen sus residuos, tienen su certificado de la disposici\u00f3n de estos residuos completamente gratis \u201c, especific\u00f3 Urrego.<\/p>\n<p>Es por eso que la m\u00e1xima autoridad ambiental del Huila nuevamente hizo el llamado a participar de la Gran Campa\u00f1a de Recolecci\u00f3n de Residuos Posconsumo y de Aparatos El\u00e9ctricos y Electr\u00f3nicos Opitat\u00f3n 2024, jornada que busca descontaminar las viviendas y oficinas de este tipo de residuos.<\/p>\n<p>\u201cEsperamos a los neivanos a la Opitat\u00f3n que va hasta el 7 de junio desde las 8:00 a.m. hasta las 5:00 de la tarde, en nuestra sede principal en Neiva para que hagan un correcto aprovechamiento y disposici\u00f3n final y no generen impactos ambientales de car\u00e1cter negativo afectando nuestros suelos, o recurso h\u00eddrico\u201d, finaliz\u00f3 diciendo Jessica Falla, profesional de la CAM.<\/p>\n","protected":false},"excerpt":{"rendered":"<p>La entrega de alimentos y kits de aseo es lo que le vienen suministrando a las personas de la tercera edad y a las comunidades de los pueblos originarios, los huilenses y empresas que a\u00f1o a a\u00f1o se unen a la Gran Campa\u00f1a de Recolecci\u00f3n de Residuos Posconsumo y de Aparatos El\u00e9ctricos y Electr\u00f3nicos Opitat\u00f3n [&hellip;]<\/p>\n","protected":false},"author":2,"featured_media":73827,"comment_status":"closed","ping_status":"open","sticky":false,"template":"","format":"standard","meta":{"footnotes":""},"categories":[33],"tags":[],"class_list":["post-73846","post","type-post","status-publish","format-standard","has-post-thumbnail","hentry","category-huila"],"yoast_head":"<!-- This site is optimized with the Yoast SEO plugin v26.6 - https:\/\/yoast.com\/wordpress\/plugins\/seo\/ -->\n<title>Los beneficios de una correcta disposici\u00f3n de los residuos electr\u00f3nicos -<\/title>\n<meta name=\"robots\" content=\"index, follow, max-snippet:-1, max-image-preview:large, max-video-preview:-1\" \/>\n<link rel=\"canonical\" href=\"https:\/\/luchonoticias.com\/editor\/los-beneficios-de-una-correcta-disposicion-de-los-residuos-electronicos-2\/\" \/>\n<meta property=\"og:locale\" content=\"es_ES\" \/>\n<meta property=\"og:type\" content=\"article\" \/>\n<meta property=\"og:title\" content=\"Los beneficios de una correcta disposici\u00f3n de los residuos electr\u00f3nicos -\" \/>\n<meta property=\"og:url\" content=\"https:\/\/luchonoticias.com\/editor\/los-beneficios-de-una-correcta-disposicion-de-los-residuos-electronicos-2\/\" \/>\n<meta property=\"article:publisher\" content=\"https:\/\/www.facebook.com\/luchonoticiasneiva\" \/>\n<meta property=\"article:published_time\" content=\"2024-06-07T01:58:01+00:00\" \/>\n<meta property=\"og:image\" content=\"https:\/\/luchonoticias.com\/editor\/wp-content\/uploads\/2024\/06\/WhatsApp-Image-2024-06-06-at-16.37.16.jpeg\" \/>\n\t<meta property=\"og:image:width\" content=\"1600\" \/>\n\t<meta property=\"og:image:height\" content=\"1176\" \/>\n\t<meta property=\"og:image:type\" content=\"image\/jpeg\" \/>\n<meta name=\"author\" content=\"Editor General\" \/>\n<meta name=\"twitter:card\" content=\"summary_large_image\" \/>\n<meta name=\"twitter:label1\" content=\"Escrito por\" \/>\n\t<meta name=\"twitter:data1\" content=\"Editor General\" \/>\n\t<meta name=\"twitter:label2\" content=\"Tiempo de lectura\" \/>\n\t<meta name=\"twitter:data2\" content=\"3 minutos\" \/>\n<script type=\"application\/ld+json\" class=\"yoast-schema-graph\">{\"@context\":\"https:\/\/schema.org\",\"@graph\":[{\"@type\":\"Article\",\"@id\":\"https:\/\/luchonoticias.com\/editor\/los-beneficios-de-una-correcta-disposicion-de-los-residuos-electronicos-2\/#article\",\"isPartOf\":{\"@id\":\"https:\/\/luchonoticias.com\/editor\/los-beneficios-de-una-correcta-disposicion-de-los-residuos-electronicos-2\/\"},\"author\":{\"name\":\"Editor General\",\"@id\":\"https:\/\/luchonoticias.com\/editor\/#\/schema\/person\/29217990ddf6f14e35912b2866d591fb\"},\"headline\":\"Los beneficios de una correcta disposici\u00f3n de los residuos electr\u00f3nicos\",\"datePublished\":\"2024-06-07T01:58:01+00:00\",\"mainEntityOfPage\":{\"@id\":\"https:\/\/luchonoticias.com\/editor\/los-beneficios-de-una-correcta-disposicion-de-los-residuos-electronicos-2\/\"},\"wordCount\":580,\"publisher\":{\"@id\":\"https:\/\/luchonoticias.com\/editor\/#\/schema\/person\/7a7fd911f58561fd056dbac7b55af9cd\"},\"image\":{\"@id\":\"https:\/\/luchonoticias.com\/editor\/los-beneficios-de-una-correcta-disposicion-de-los-residuos-electronicos-2\/#primaryimage\"},\"thumbnailUrl\":\"https:\/\/luchonoticias.com\/editor\/wp-content\/uploads\/2024\/06\/WhatsApp-Image-2024-06-06-at-16.37.16.jpeg\",\"articleSection\":[\"Huila\"],\"inLanguage\":\"es\"},{\"@type\":\"WebPage\",\"@id\":\"https:\/\/luchonoticias.com\/editor\/los-beneficios-de-una-correcta-disposicion-de-los-residuos-electronicos-2\/\",\"url\":\"https:\/\/luchonoticias.com\/editor\/los-beneficios-de-una-correcta-disposicion-de-los-residuos-electronicos-2\/\",\"name\":\"Los beneficios de una correcta disposici\u00f3n de los residuos electr\u00f3nicos -\",\"isPartOf\":{\"@id\":\"https:\/\/luchonoticias.com\/editor\/#website\"},\"primaryImageOfPage\":{\"@id\":\"https:\/\/luchonoticias.com\/editor\/los-beneficios-de-una-correcta-disposicion-de-los-residuos-electronicos-2\/#primaryimage\"},\"image\":{\"@id\":\"https:\/\/luchonoticias.com\/editor\/los-beneficios-de-una-correcta-disposicion-de-los-residuos-electronicos-2\/#primaryimage\"},\"thumbnailUrl\":\"https:\/\/luchonoticias.com\/editor\/wp-content\/uploads\/2024\/06\/WhatsApp-Image-2024-06-06-at-16.37.16.jpeg\",\"datePublished\":\"2024-06-07T01:58:01+00:00\",\"breadcrumb\":{\"@id\":\"https:\/\/luchonoticias.com\/editor\/los-beneficios-de-una-correcta-disposicion-de-los-residuos-electronicos-2\/#breadcrumb\"},\"inLanguage\":\"es\",\"potentialAction\":[{\"@type\":\"ReadAction\",\"target\":[\"https:\/\/luchonoticias.com\/editor\/los-beneficios-de-una-correcta-disposicion-de-los-residuos-electronicos-2\/\"]}]},{\"@type\":\"ImageObject\",\"inLanguage\":\"es\",\"@id\":\"https:\/\/luchonoticias.com\/editor\/los-beneficios-de-una-correcta-disposicion-de-los-residuos-electronicos-2\/#primaryimage\",\"url\":\"https:\/\/luchonoticias.com\/editor\/wp-content\/uploads\/2024\/06\/WhatsApp-Image-2024-06-06-at-16.37.16.jpeg\",\"contentUrl\":\"https:\/\/luchonoticias.com\/editor\/wp-content\/uploads\/2024\/06\/WhatsApp-Image-2024-06-06-at-16.37.16.jpeg\",\"width\":1600,\"height\":1176},{\"@type\":\"BreadcrumbList\",\"@id\":\"https:\/\/luchonoticias.com\/editor\/los-beneficios-de-una-correcta-disposicion-de-los-residuos-electronicos-2\/#breadcrumb\",\"itemListElement\":[{\"@type\":\"ListItem\",\"position\":1,\"name\":\"Portada\",\"item\":\"https:\/\/luchonoticias.com\/editor\/\"},{\"@type\":\"ListItem\",\"position\":2,\"name\":\"Los beneficios de una correcta disposici\u00f3n de los residuos electr\u00f3nicos\"}]},{\"@type\":\"WebSite\",\"@id\":\"https:\/\/luchonoticias.com\/editor\/#website\",\"url\":\"https:\/\/luchonoticias.com\/editor\/\",\"name\":\"\",\"description\":\"\",\"publisher\":{\"@id\":\"https:\/\/luchonoticias.com\/editor\/#\/schema\/person\/7a7fd911f58561fd056dbac7b55af9cd\"},\"potentialAction\":[{\"@type\":\"SearchAction\",\"target\":{\"@type\":\"EntryPoint\",\"urlTemplate\":\"https:\/\/luchonoticias.com\/editor\/?s={search_term_string}\"},\"query-input\":{\"@type\":\"PropertyValueSpecification\",\"valueRequired\":true,\"valueName\":\"search_term_string\"}}],\"inLanguage\":\"es\"},{\"@type\":[\"Person\",\"Organization\"],\"@id\":\"https:\/\/luchonoticias.com\/editor\/#\/schema\/person\/7a7fd911f58561fd056dbac7b55af9cd\",\"name\":\"admin\",\"image\":{\"@type\":\"ImageObject\",\"inLanguage\":\"es\",\"@id\":\"https:\/\/luchonoticias.com\/editor\/#\/schema\/person\/image\/\",\"url\":\"https:\/\/luchonoticias.com\/editor\/wp-content\/uploads\/2024\/02\/cropped-cropped-logolu.webp\",\"contentUrl\":\"https:\/\/luchonoticias.com\/editor\/wp-content\/uploads\/2024\/02\/cropped-cropped-logolu.webp\",\"width\":382,\"height\":170,\"caption\":\"admin\"},\"logo\":{\"@id\":\"https:\/\/luchonoticias.com\/editor\/#\/schema\/person\/image\/\"},\"sameAs\":[\"https:\/\/www.facebook.com\/luchonoticiasneiva\"]},{\"@type\":\"Person\",\"@id\":\"https:\/\/luchonoticias.com\/editor\/#\/schema\/person\/29217990ddf6f14e35912b2866d591fb\",\"name\":\"Editor General\",\"image\":{\"@type\":\"ImageObject\",\"inLanguage\":\"es\",\"@id\":\"https:\/\/luchonoticias.com\/editor\/#\/schema\/person\/image\/\",\"url\":\"https:\/\/luchonoticias.com\/editor\/wp-content\/uploads\/2024\/02\/cropped-cropped-logolu-150x150.webp\",\"contentUrl\":\"https:\/\/luchonoticias.com\/editor\/wp-content\/uploads\/2024\/02\/cropped-cropped-logolu-150x150.webp\",\"caption\":\"Editor General\"},\"sameAs\":[\"https:\/\/luchonoticias.com\/\"],\"url\":\"https:\/\/luchonoticias.com\/editor\/author\/editor-general\/\"}]}<\/script>\n<!-- \/ Yoast SEO plugin. -->","yoast_head_json":{"title":"Los beneficios de una correcta disposici\u00f3n de los residuos electr\u00f3nicos -","robots":{"index":"index","follow":"follow","max-snippet":"max-snippet:-1","max-image-preview":"max-image-preview:large","max-video-preview":"max-video-preview:-1"},"canonical":"https:\/\/luchonoticias.com\/editor\/los-beneficios-de-una-correcta-disposicion-de-los-residuos-electronicos-2\/","og_locale":"es_ES","og_type":"article","og_title":"Los beneficios de una correcta disposici\u00f3n de los residuos electr\u00f3nicos -","og_url":"https:\/\/luchonoticias.com\/editor\/los-beneficios-de-una-correcta-disposicion-de-los-residuos-electronicos-2\/","article_publisher":"https:\/\/www.facebook.com\/luchonoticiasneiva","article_published_time":"2024-06-07T01:58:01+00:00","og_image":[{"width":1600,"height":1176,"url":"https:\/\/luchonoticias.com\/editor\/wp-content\/uploads\/2024\/06\/WhatsApp-Image-2024-06-06-at-16.37.16.jpeg","type":"image\/jpeg"}],"author":"Editor General","twitter_card":"summary_large_image","twitter_misc":{"Escrito por":"Editor General","Tiempo de lectura":"3 minutos"},"schema":{"@context":"https:\/\/schema.org","@graph":[{"@type":"Article","@id":"https:\/\/luchonoticias.com\/editor\/los-beneficios-de-una-correcta-disposicion-de-los-residuos-electronicos-2\/#article","isPartOf":{"@id":"https:\/\/luchonoticias.com\/editor\/los-beneficios-de-una-correcta-disposicion-de-los-residuos-electronicos-2\/"},"author":{"name":"Editor General","@id":"https:\/\/luchonoticias.com\/editor\/#\/schema\/person\/29217990ddf6f14e35912b2866d591fb"},"headline":"Los beneficios de una correcta disposici\u00f3n de los residuos electr\u00f3nicos","datePublished":"2024-06-07T01:58:01+00:00","mainEntityOfPage":{"@id":"https:\/\/luchonoticias.com\/editor\/los-beneficios-de-una-correcta-disposicion-de-los-residuos-electronicos-2\/"},"wordCount":580,"publisher":{"@id":"https:\/\/luchonoticias.com\/editor\/#\/schema\/person\/7a7fd911f58561fd056dbac7b55af9cd"},"image":{"@id":"https:\/\/luchonoticias.com\/editor\/los-beneficios-de-una-correcta-disposicion-de-los-residuos-electronicos-2\/#primaryimage"},"thumbnailUrl":"https:\/\/luchonoticias.com\/editor\/wp-content\/uploads\/2024\/06\/WhatsApp-Image-2024-06-06-at-16.37.16.jpeg","articleSection":["Huila"],"inLanguage":"es"},{"@type":"WebPage","@id":"https:\/\/luchonoticias.com\/editor\/los-beneficios-de-una-correcta-disposicion-de-los-residuos-electronicos-2\/","url":"https:\/\/luchonoticias.com\/editor\/los-beneficios-de-una-correcta-disposicion-de-los-residuos-electronicos-2\/","name":"Los beneficios de una correcta disposici\u00f3n de los residuos electr\u00f3nicos -","isPartOf":{"@id":"https:\/\/luchonoticias.com\/editor\/#website"},"primaryImageOfPage":{"@id":"https:\/\/luchonoticias.com\/editor\/los-beneficios-de-una-correcta-disposicion-de-los-residuos-electronicos-2\/#primaryimage"},"image":{"@id":"https:\/\/luchonoticias.com\/editor\/los-beneficios-de-una-correcta-disposicion-de-los-residuos-electronicos-2\/#primaryimage"},"thumbnailUrl":"https:\/\/luchonoticias.com\/editor\/wp-content\/uploads\/2024\/06\/WhatsApp-Image-2024-06-06-at-16.37.16.jpeg","datePublished":"2024-06-07T01:58:01+00:00","breadcrumb":{"@id":"https:\/\/luchonoticias.com\/editor\/los-beneficios-de-una-correcta-disposicion-de-los-residuos-electronicos-2\/#breadcrumb"},"inLanguage":"es","potentialAction":[{"@type":"ReadAction","target":["https:\/\/luchonoticias.com\/editor\/los-beneficios-de-una-correcta-disposicion-de-los-residuos-electronicos-2\/"]}]},{"@type":"ImageObject","inLanguage":"es","@id":"https:\/\/luchonoticias.com\/editor\/los-beneficios-de-una-correcta-disposicion-de-los-residuos-electronicos-2\/#primaryimage","url":"https:\/\/luchonoticias.com\/editor\/wp-content\/uploads\/2024\/06\/WhatsApp-Image-2024-06-06-at-16.37.16.jpeg","contentUrl":"https:\/\/luchonoticias.com\/editor\/wp-content\/uploads\/2024\/06\/WhatsApp-Image-2024-06-06-at-16.37.16.jpeg","width":1600,"height":1176},{"@type":"BreadcrumbList","@id":"https:\/\/luchonoticias.com\/editor\/los-beneficios-de-una-correcta-disposicion-de-los-residuos-electronicos-2\/#breadcrumb","itemListElement":[{"@type":"ListItem","position":1,"name":"Portada","item":"https:\/\/luchonoticias.com\/editor\/"},{"@type":"ListItem","position":2,"name":"Los beneficios de una correcta disposici\u00f3n de los residuos electr\u00f3nicos"}]},{"@type":"WebSite","@id":"https:\/\/luchonoticias.com\/editor\/#website","url":"https:\/\/luchonoticias.com\/editor\/","name":"","description":"","publisher":{"@id":"https:\/\/luchonoticias.com\/editor\/#\/schema\/person\/7a7fd911f58561fd056dbac7b55af9cd"},"potentialAction":[{"@type":"SearchAction","target":{"@type":"EntryPoint","urlTemplate":"https:\/\/luchonoticias.com\/editor\/?s={search_term_string}"},"query-input":{"@type":"PropertyValueSpecification","valueRequired":true,"valueName":"search_term_string"}}],"inLanguage":"es"},{"@type":["Person","Organization"],"@id":"https:\/\/luchonoticias.com\/editor\/#\/schema\/person\/7a7fd911f58561fd056dbac7b55af9cd","name":"admin","image":{"@type":"ImageObject","inLanguage":"es","@id":"https:\/\/luchonoticias.com\/editor\/#\/schema\/person\/image\/","url":"https:\/\/luchonoticias.com\/editor\/wp-content\/uploads\/2024\/02\/cropped-cropped-logolu.webp","contentUrl":"https:\/\/luchonoticias.com\/editor\/wp-content\/uploads\/2024\/02\/cropped-cropped-logolu.webp","width":382,"height":170,"caption":"admin"},"logo":{"@id":"https:\/\/luchonoticias.com\/editor\/#\/schema\/person\/image\/"},"sameAs":["https:\/\/www.facebook.com\/luchonoticiasneiva"]},{"@type":"Person","@id":"https:\/\/luchonoticias.com\/editor\/#\/schema\/person\/29217990ddf6f14e35912b2866d591fb","name":"Editor General","image":{"@type":"ImageObject","inLanguage":"es","@id":"https:\/\/luchonoticias.com\/editor\/#\/schema\/person\/image\/","url":"https:\/\/luchonoticias.com\/editor\/wp-content\/uploads\/2024\/02\/cropped-cropped-logolu-150x150.webp","contentUrl":"https:\/\/luchonoticias.com\/editor\/wp-content\/uploads\/2024\/02\/cropped-cropped-logolu-150x150.webp","caption":"Editor General"},"sameAs":["https:\/\/luchonoticias.com\/"],"url":"https:\/\/luchonoticias.com\/editor\/author\/editor-general\/"}]}},"_links":{"self":[{"href":"https:\/\/luchonoticias.com\/editor\/wp-json\/wp\/v2\/posts\/73846","targetHints":{"allow":["GET"]}}],"collection":[{"href":"https:\/\/luchonoticias.com\/editor\/wp-json\/wp\/v2\/posts"}],"about":[{"href":"https:\/\/luchonoticias.com\/editor\/wp-json\/wp\/v2\/types\/post"}],"author":[{"embeddable":true,"href":"https:\/\/luchonoticias.com\/editor\/wp-json\/wp\/v2\/users\/2"}],"replies":[{"embeddable":true,"href":"https:\/\/luchonoticias.com\/editor\/wp-json\/wp\/v2\/comments?post=73846"}],"version-history":[{"count":0,"href":"https:\/\/luchonoticias.com\/editor\/wp-json\/wp\/v2\/posts\/73846\/revisions"}],"wp:featuredmedia":[{"embeddable":true,"href":"https:\/\/luchonoticias.com\/editor\/wp-json\/wp\/v2\/media\/73827"}],"wp:attachment":[{"href":"https:\/\/luchonoticias.com\/editor\/wp-json\/wp\/v2\/media?parent=73846"}],"wp:term":[{"taxonomy":"category","embeddable":true,"href":"https:\/\/luchonoticias.com\/editor\/wp-json\/wp\/v2\/categories?post=73846"},{"taxonomy":"post_tag","embeddable":true,"href":"https:\/\/luchonoticias.com\/editor\/wp-json\/wp\/v2\/tags?post=73846"}],"curies":[{"name":"wp","href":"https:\/\/api.w.org\/{rel}","templated":true}]}}