{"id":74012,"date":"2024-06-12T07:42:09","date_gmt":"2024-06-12T12:42:09","guid":{"rendered":"https:\/\/luchonoticias.com\/?p=74012"},"modified":"2024-06-12T07:42:09","modified_gmt":"2024-06-12T12:42:09","slug":"control-de-la-inflacion-en-colombia-lleva-14-meses","status":"publish","type":"post","link":"https:\/\/luchonoticias.com\/editor\/control-de-la-inflacion-en-colombia-lleva-14-meses\/","title":{"rendered":"Control de la inflaci\u00f3n en Colombia lleva 14 meses"},"content":{"rendered":"<p>\u201cEl DANE acaba de entregar el informe de inflaci\u00f3n del mes de mayo de 2024 en Colombia. Tenemos 14 meses de control de la inflaci\u00f3n en el pa\u00eds. Terminamos con un acumulado de 7,16 por ciento, que coincide con el del mes anterior. Y el mes de mayo del 2023 (de 0,43) igual al 2024 (0,43). Estamos en el proceso de seguir baj\u00e1ndola. Respecto al a\u00f1o pasado, tenemos 5,20 puntos porcentuales menos\u00bb.<\/p>\n<p>As\u00ed lo indic\u00f3 este martes el ministro de Hacienda, Ricardo Bonilla, al referirse al reporte del Departamento Administrativo Nacional de Estad\u00edstica (DANE) sobre la variaci\u00f3n mensual y anual del \u00cdndice de Precios al Consumidor (IPC) para el mes de mayo de 2024.<\/p>\n<p>De acuerdo con el DANE, en mayo de 2024 la variaci\u00f3n mensual del IPC fue 0,43%, la variaci\u00f3n a\u00f1o corrido fue 3,78% y la anual 7,16%.<\/p>\n<p>En mayo de 2024, la variaci\u00f3n anual del IPC de 7,16% significa 5,20 puntos porcentuales menos que la reportada en el mismo periodo del a\u00f1o anterior, cuando fue de 12,36%.<\/p>\n<p>Seg\u00fan el bolet\u00edn del DANE, el comportamiento mensual del IPC total en mayo de 2024 (0,43%) se explic\u00f3 principalmente por la variaci\u00f3n mensual de las divisiones Alojamiento, agua, electricidad, gas y otros, combustibles y Alimentos y bebidas no alcoh\u00f3licas.<\/p>\n<p>Las mayores variaciones se presentaron en las divisiones Alojamiento, agua, electricidad, gas y otros combustibles (0,74%) y Restaurantes y hoteles (0,65%).<\/p>\n<p>De acuerdo con el ministro de Hacienda, \u201cse mantienen algunos riesgos. Hay rezagos de El Ni\u00f1o, que impactaron algunas cosechas y los precios de la electricidad. Hoy tenemos los riesgos de La Ni\u00f1a, que tambi\u00e9n tienen alg\u00fan impacto sobre las cosechas, y estamos promoviendo la reducci\u00f3n de los precios de la electricidad, como se va a observar al asumir los costos de la opci\u00f3n tarifaria y reducir las facturas de electricidad en la costa de Colombia\u00bb.<\/p>\n<p>Seg\u00fan el ministro Bonilla, la inflaci\u00f3n de la poblaci\u00f3n en condici\u00f3n de pobreza (6,63%) y la de la poblaci\u00f3n vulnerable (6,96%) es inferior al promedio nacional.<\/p>\n<p>\u201cEl Gobierno del Cambio est\u00e1 promoviendo un efecto de ingreso y capacidad adquisitiva real de la poblaci\u00f3n pobre y vulnerable\u00bb, puntualiz\u00f3 el titular de la cartera de Hacienda.<\/p>\n","protected":false},"excerpt":{"rendered":"<p>\u201cEl Gobierno del Cambio est\u00e1 promoviendo un efecto de ingreso y capacidad adquisitiva real de la poblaci\u00f3n pobre y vulnerable\u00bb, destac\u00f3 el ministro Ricardo Bonilla.<\/p>\n","protected":false},"author":2,"featured_media":74013,"comment_status":"closed","ping_status":"open","sticky":false,"template":"","format":"standard","meta":{"footnotes":""},"categories":[28],"tags":[4026,4025,846],"class_list":["post-74012","post","type-post","status-publish","format-standard","has-post-thumbnail","hentry","category-actualidad","tag-colombi9a","tag-inflacion","tag-reporte"],"yoast_head":"<!-- This site is optimized with the Yoast SEO plugin v26.6 - https:\/\/yoast.com\/wordpress\/plugins\/seo\/ -->\n<title>Control de la inflaci\u00f3n en Colombia lleva 14 meses -<\/title>\n<meta name=\"description\" content=\"\u201cEl Gobierno del Cambio est\u00e1 promoviendo un efecto de ingreso y capacidad adquisitiva real de la poblaci\u00f3n pobre y vulnerable&quot;, destac\u00f3 el ministro Ricardo Bonilla.\" \/>\n<meta name=\"robots\" content=\"index, follow, max-snippet:-1, max-image-preview:large, max-video-preview:-1\" \/>\n<link rel=\"canonical\" href=\"https:\/\/luchonoticias.com\/editor\/control-de-la-inflacion-en-colombia-lleva-14-meses\/\" \/>\n<meta property=\"og:locale\" content=\"es_ES\" \/>\n<meta property=\"og:type\" content=\"article\" \/>\n<meta property=\"og:title\" content=\"Control de la inflaci\u00f3n en Colombia lleva 14 meses -\" \/>\n<meta property=\"og:description\" content=\"\u201cEl Gobierno del Cambio est\u00e1 promoviendo un efecto de ingreso y capacidad adquisitiva real de la poblaci\u00f3n pobre y vulnerable&quot;, destac\u00f3 el ministro Ricardo Bonilla.\" \/>\n<meta property=\"og:url\" content=\"https:\/\/luchonoticias.com\/editor\/control-de-la-inflacion-en-colombia-lleva-14-meses\/\" \/>\n<meta property=\"article:publisher\" content=\"https:\/\/www.facebook.com\/luchonoticiasneiva\" \/>\n<meta property=\"article:published_time\" content=\"2024-06-12T12:42:09+00:00\" \/>\n<meta property=\"og:image\" content=\"https:\/\/luchonoticias.com\/editor\/wp-content\/uploads\/2024\/06\/inflacion.jpg\" \/>\n\t<meta property=\"og:image:width\" content=\"700\" \/>\n\t<meta property=\"og:image:height\" content=\"400\" \/>\n\t<meta property=\"og:image:type\" content=\"image\/jpeg\" \/>\n<meta name=\"author\" content=\"Editor General\" \/>\n<meta name=\"twitter:card\" content=\"summary_large_image\" \/>\n<meta name=\"twitter:label1\" content=\"Escrito por\" \/>\n\t<meta name=\"twitter:data1\" content=\"Editor General\" \/>\n\t<meta name=\"twitter:label2\" content=\"Tiempo de lectura\" \/>\n\t<meta name=\"twitter:data2\" content=\"2 minutos\" \/>\n<script type=\"application\/ld+json\" class=\"yoast-schema-graph\">{\"@context\":\"https:\/\/schema.org\",\"@graph\":[{\"@type\":\"Article\",\"@id\":\"https:\/\/luchonoticias.com\/editor\/control-de-la-inflacion-en-colombia-lleva-14-meses\/#article\",\"isPartOf\":{\"@id\":\"https:\/\/luchonoticias.com\/editor\/control-de-la-inflacion-en-colombia-lleva-14-meses\/\"},\"author\":{\"name\":\"Editor General\",\"@id\":\"https:\/\/luchonoticias.com\/editor\/#\/schema\/person\/29217990ddf6f14e35912b2866d591fb\"},\"headline\":\"Control de la inflaci\u00f3n en Colombia lleva 14 meses\",\"datePublished\":\"2024-06-12T12:42:09+00:00\",\"mainEntityOfPage\":{\"@id\":\"https:\/\/luchonoticias.com\/editor\/control-de-la-inflacion-en-colombia-lleva-14-meses\/\"},\"wordCount\":374,\"publisher\":{\"@id\":\"https:\/\/luchonoticias.com\/editor\/#\/schema\/person\/7a7fd911f58561fd056dbac7b55af9cd\"},\"image\":{\"@id\":\"https:\/\/luchonoticias.com\/editor\/control-de-la-inflacion-en-colombia-lleva-14-meses\/#primaryimage\"},\"thumbnailUrl\":\"https:\/\/luchonoticias.com\/editor\/wp-content\/uploads\/2024\/06\/inflacion.jpg\",\"keywords\":[\"Colombi9a\",\"inflaci\u00f3n\",\"reporte\"],\"articleSection\":[\"Actualidad\"],\"inLanguage\":\"es\"},{\"@type\":\"WebPage\",\"@id\":\"https:\/\/luchonoticias.com\/editor\/control-de-la-inflacion-en-colombia-lleva-14-meses\/\",\"url\":\"https:\/\/luchonoticias.com\/editor\/control-de-la-inflacion-en-colombia-lleva-14-meses\/\",\"name\":\"Control de la inflaci\u00f3n en Colombia lleva 14 meses -\",\"isPartOf\":{\"@id\":\"https:\/\/luchonoticias.com\/editor\/#website\"},\"primaryImageOfPage\":{\"@id\":\"https:\/\/luchonoticias.com\/editor\/control-de-la-inflacion-en-colombia-lleva-14-meses\/#primaryimage\"},\"image\":{\"@id\":\"https:\/\/luchonoticias.com\/editor\/control-de-la-inflacion-en-colombia-lleva-14-meses\/#primaryimage\"},\"thumbnailUrl\":\"https:\/\/luchonoticias.com\/editor\/wp-content\/uploads\/2024\/06\/inflacion.jpg\",\"datePublished\":\"2024-06-12T12:42:09+00:00\",\"description\":\"\u201cEl Gobierno del Cambio est\u00e1 promoviendo un efecto de ingreso y capacidad adquisitiva real de la poblaci\u00f3n pobre y vulnerable\\\", destac\u00f3 el ministro Ricardo Bonilla.\",\"breadcrumb\":{\"@id\":\"https:\/\/luchonoticias.com\/editor\/control-de-la-inflacion-en-colombia-lleva-14-meses\/#breadcrumb\"},\"inLanguage\":\"es\",\"potentialAction\":[{\"@type\":\"ReadAction\",\"target\":[\"https:\/\/luchonoticias.com\/editor\/control-de-la-inflacion-en-colombia-lleva-14-meses\/\"]}]},{\"@type\":\"ImageObject\",\"inLanguage\":\"es\",\"@id\":\"https:\/\/luchonoticias.com\/editor\/control-de-la-inflacion-en-colombia-lleva-14-meses\/#primaryimage\",\"url\":\"https:\/\/luchonoticias.com\/editor\/wp-content\/uploads\/2024\/06\/inflacion.jpg\",\"contentUrl\":\"https:\/\/luchonoticias.com\/editor\/wp-content\/uploads\/2024\/06\/inflacion.jpg\",\"width\":700,\"height\":400},{\"@type\":\"BreadcrumbList\",\"@id\":\"https:\/\/luchonoticias.com\/editor\/control-de-la-inflacion-en-colombia-lleva-14-meses\/#breadcrumb\",\"itemListElement\":[{\"@type\":\"ListItem\",\"position\":1,\"name\":\"Portada\",\"item\":\"https:\/\/luchonoticias.com\/editor\/\"},{\"@type\":\"ListItem\",\"position\":2,\"name\":\"Control de la inflaci\u00f3n en Colombia lleva 14 meses\"}]},{\"@type\":\"WebSite\",\"@id\":\"https:\/\/luchonoticias.com\/editor\/#website\",\"url\":\"https:\/\/luchonoticias.com\/editor\/\",\"name\":\"\",\"description\":\"\",\"publisher\":{\"@id\":\"https:\/\/luchonoticias.com\/editor\/#\/schema\/person\/7a7fd911f58561fd056dbac7b55af9cd\"},\"potentialAction\":[{\"@type\":\"SearchAction\",\"target\":{\"@type\":\"EntryPoint\",\"urlTemplate\":\"https:\/\/luchonoticias.com\/editor\/?s={search_term_string}\"},\"query-input\":{\"@type\":\"PropertyValueSpecification\",\"valueRequired\":true,\"valueName\":\"search_term_string\"}}],\"inLanguage\":\"es\"},{\"@type\":[\"Person\",\"Organization\"],\"@id\":\"https:\/\/luchonoticias.com\/editor\/#\/schema\/person\/7a7fd911f58561fd056dbac7b55af9cd\",\"name\":\"admin\",\"image\":{\"@type\":\"ImageObject\",\"inLanguage\":\"es\",\"@id\":\"https:\/\/luchonoticias.com\/editor\/#\/schema\/person\/image\/\",\"url\":\"https:\/\/luchonoticias.com\/editor\/wp-content\/uploads\/2024\/02\/cropped-cropped-logolu.webp\",\"contentUrl\":\"https:\/\/luchonoticias.com\/editor\/wp-content\/uploads\/2024\/02\/cropped-cropped-logolu.webp\",\"width\":382,\"height\":170,\"caption\":\"admin\"},\"logo\":{\"@id\":\"https:\/\/luchonoticias.com\/editor\/#\/schema\/person\/image\/\"},\"sameAs\":[\"https:\/\/www.facebook.com\/luchonoticiasneiva\"]},{\"@type\":\"Person\",\"@id\":\"https:\/\/luchonoticias.com\/editor\/#\/schema\/person\/29217990ddf6f14e35912b2866d591fb\",\"name\":\"Editor General\",\"image\":{\"@type\":\"ImageObject\",\"inLanguage\":\"es\",\"@id\":\"https:\/\/luchonoticias.com\/editor\/#\/schema\/person\/image\/\",\"url\":\"https:\/\/luchonoticias.com\/editor\/wp-content\/uploads\/2024\/02\/cropped-cropped-logolu-150x150.webp\",\"contentUrl\":\"https:\/\/luchonoticias.com\/editor\/wp-content\/uploads\/2024\/02\/cropped-cropped-logolu-150x150.webp\",\"caption\":\"Editor General\"},\"sameAs\":[\"https:\/\/luchonoticias.com\/\"],\"url\":\"https:\/\/luchonoticias.com\/editor\/author\/editor-general\/\"}]}<\/script>\n<!-- \/ Yoast SEO plugin. -->","yoast_head_json":{"title":"Control de la inflaci\u00f3n en Colombia lleva 14 meses -","description":"\u201cEl Gobierno del Cambio est\u00e1 promoviendo un efecto de ingreso y capacidad adquisitiva real de la poblaci\u00f3n pobre y vulnerable\", destac\u00f3 el ministro Ricardo Bonilla.","robots":{"index":"index","follow":"follow","max-snippet":"max-snippet:-1","max-image-preview":"max-image-preview:large","max-video-preview":"max-video-preview:-1"},"canonical":"https:\/\/luchonoticias.com\/editor\/control-de-la-inflacion-en-colombia-lleva-14-meses\/","og_locale":"es_ES","og_type":"article","og_title":"Control de la inflaci\u00f3n en Colombia lleva 14 meses -","og_description":"\u201cEl Gobierno del Cambio est\u00e1 promoviendo un efecto de ingreso y capacidad adquisitiva real de la poblaci\u00f3n pobre y vulnerable\", destac\u00f3 el ministro Ricardo Bonilla.","og_url":"https:\/\/luchonoticias.com\/editor\/control-de-la-inflacion-en-colombia-lleva-14-meses\/","article_publisher":"https:\/\/www.facebook.com\/luchonoticiasneiva","article_published_time":"2024-06-12T12:42:09+00:00","og_image":[{"width":700,"height":400,"url":"https:\/\/luchonoticias.com\/editor\/wp-content\/uploads\/2024\/06\/inflacion.jpg","type":"image\/jpeg"}],"author":"Editor General","twitter_card":"summary_large_image","twitter_misc":{"Escrito por":"Editor General","Tiempo de lectura":"2 minutos"},"schema":{"@context":"https:\/\/schema.org","@graph":[{"@type":"Article","@id":"https:\/\/luchonoticias.com\/editor\/control-de-la-inflacion-en-colombia-lleva-14-meses\/#article","isPartOf":{"@id":"https:\/\/luchonoticias.com\/editor\/control-de-la-inflacion-en-colombia-lleva-14-meses\/"},"author":{"name":"Editor General","@id":"https:\/\/luchonoticias.com\/editor\/#\/schema\/person\/29217990ddf6f14e35912b2866d591fb"},"headline":"Control de la inflaci\u00f3n en Colombia lleva 14 meses","datePublished":"2024-06-12T12:42:09+00:00","mainEntityOfPage":{"@id":"https:\/\/luchonoticias.com\/editor\/control-de-la-inflacion-en-colombia-lleva-14-meses\/"},"wordCount":374,"publisher":{"@id":"https:\/\/luchonoticias.com\/editor\/#\/schema\/person\/7a7fd911f58561fd056dbac7b55af9cd"},"image":{"@id":"https:\/\/luchonoticias.com\/editor\/control-de-la-inflacion-en-colombia-lleva-14-meses\/#primaryimage"},"thumbnailUrl":"https:\/\/luchonoticias.com\/editor\/wp-content\/uploads\/2024\/06\/inflacion.jpg","keywords":["Colombi9a","inflaci\u00f3n","reporte"],"articleSection":["Actualidad"],"inLanguage":"es"},{"@type":"WebPage","@id":"https:\/\/luchonoticias.com\/editor\/control-de-la-inflacion-en-colombia-lleva-14-meses\/","url":"https:\/\/luchonoticias.com\/editor\/control-de-la-inflacion-en-colombia-lleva-14-meses\/","name":"Control de la inflaci\u00f3n en Colombia lleva 14 meses -","isPartOf":{"@id":"https:\/\/luchonoticias.com\/editor\/#website"},"primaryImageOfPage":{"@id":"https:\/\/luchonoticias.com\/editor\/control-de-la-inflacion-en-colombia-lleva-14-meses\/#primaryimage"},"image":{"@id":"https:\/\/luchonoticias.com\/editor\/control-de-la-inflacion-en-colombia-lleva-14-meses\/#primaryimage"},"thumbnailUrl":"https:\/\/luchonoticias.com\/editor\/wp-content\/uploads\/2024\/06\/inflacion.jpg","datePublished":"2024-06-12T12:42:09+00:00","description":"\u201cEl Gobierno del Cambio est\u00e1 promoviendo un efecto de ingreso y capacidad adquisitiva real de la poblaci\u00f3n pobre y vulnerable\", destac\u00f3 el ministro Ricardo Bonilla.","breadcrumb":{"@id":"https:\/\/luchonoticias.com\/editor\/control-de-la-inflacion-en-colombia-lleva-14-meses\/#breadcrumb"},"inLanguage":"es","potentialAction":[{"@type":"ReadAction","target":["https:\/\/luchonoticias.com\/editor\/control-de-la-inflacion-en-colombia-lleva-14-meses\/"]}]},{"@type":"ImageObject","inLanguage":"es","@id":"https:\/\/luchonoticias.com\/editor\/control-de-la-inflacion-en-colombia-lleva-14-meses\/#primaryimage","url":"https:\/\/luchonoticias.com\/editor\/wp-content\/uploads\/2024\/06\/inflacion.jpg","contentUrl":"https:\/\/luchonoticias.com\/editor\/wp-content\/uploads\/2024\/06\/inflacion.jpg","width":700,"height":400},{"@type":"BreadcrumbList","@id":"https:\/\/luchonoticias.com\/editor\/control-de-la-inflacion-en-colombia-lleva-14-meses\/#breadcrumb","itemListElement":[{"@type":"ListItem","position":1,"name":"Portada","item":"https:\/\/luchonoticias.com\/editor\/"},{"@type":"ListItem","position":2,"name":"Control de la inflaci\u00f3n en Colombia lleva 14 meses"}]},{"@type":"WebSite","@id":"https:\/\/luchonoticias.com\/editor\/#website","url":"https:\/\/luchonoticias.com\/editor\/","name":"","description":"","publisher":{"@id":"https:\/\/luchonoticias.com\/editor\/#\/schema\/person\/7a7fd911f58561fd056dbac7b55af9cd"},"potentialAction":[{"@type":"SearchAction","target":{"@type":"EntryPoint","urlTemplate":"https:\/\/luchonoticias.com\/editor\/?s={search_term_string}"},"query-input":{"@type":"PropertyValueSpecification","valueRequired":true,"valueName":"search_term_string"}}],"inLanguage":"es"},{"@type":["Person","Organization"],"@id":"https:\/\/luchonoticias.com\/editor\/#\/schema\/person\/7a7fd911f58561fd056dbac7b55af9cd","name":"admin","image":{"@type":"ImageObject","inLanguage":"es","@id":"https:\/\/luchonoticias.com\/editor\/#\/schema\/person\/image\/","url":"https:\/\/luchonoticias.com\/editor\/wp-content\/uploads\/2024\/02\/cropped-cropped-logolu.webp","contentUrl":"https:\/\/luchonoticias.com\/editor\/wp-content\/uploads\/2024\/02\/cropped-cropped-logolu.webp","width":382,"height":170,"caption":"admin"},"logo":{"@id":"https:\/\/luchonoticias.com\/editor\/#\/schema\/person\/image\/"},"sameAs":["https:\/\/www.facebook.com\/luchonoticiasneiva"]},{"@type":"Person","@id":"https:\/\/luchonoticias.com\/editor\/#\/schema\/person\/29217990ddf6f14e35912b2866d591fb","name":"Editor General","image":{"@type":"ImageObject","inLanguage":"es","@id":"https:\/\/luchonoticias.com\/editor\/#\/schema\/person\/image\/","url":"https:\/\/luchonoticias.com\/editor\/wp-content\/uploads\/2024\/02\/cropped-cropped-logolu-150x150.webp","contentUrl":"https:\/\/luchonoticias.com\/editor\/wp-content\/uploads\/2024\/02\/cropped-cropped-logolu-150x150.webp","caption":"Editor General"},"sameAs":["https:\/\/luchonoticias.com\/"],"url":"https:\/\/luchonoticias.com\/editor\/author\/editor-general\/"}]}},"_links":{"self":[{"href":"https:\/\/luchonoticias.com\/editor\/wp-json\/wp\/v2\/posts\/74012","targetHints":{"allow":["GET"]}}],"collection":[{"href":"https:\/\/luchonoticias.com\/editor\/wp-json\/wp\/v2\/posts"}],"about":[{"href":"https:\/\/luchonoticias.com\/editor\/wp-json\/wp\/v2\/types\/post"}],"author":[{"embeddable":true,"href":"https:\/\/luchonoticias.com\/editor\/wp-json\/wp\/v2\/users\/2"}],"replies":[{"embeddable":true,"href":"https:\/\/luchonoticias.com\/editor\/wp-json\/wp\/v2\/comments?post=74012"}],"version-history":[{"count":0,"href":"https:\/\/luchonoticias.com\/editor\/wp-json\/wp\/v2\/posts\/74012\/revisions"}],"wp:featuredmedia":[{"embeddable":true,"href":"https:\/\/luchonoticias.com\/editor\/wp-json\/wp\/v2\/media\/74013"}],"wp:attachment":[{"href":"https:\/\/luchonoticias.com\/editor\/wp-json\/wp\/v2\/media?parent=74012"}],"wp:term":[{"taxonomy":"category","embeddable":true,"href":"https:\/\/luchonoticias.com\/editor\/wp-json\/wp\/v2\/categories?post=74012"},{"taxonomy":"post_tag","embeddable":true,"href":"https:\/\/luchonoticias.com\/editor\/wp-json\/wp\/v2\/tags?post=74012"}],"curies":[{"name":"wp","href":"https:\/\/api.w.org\/{rel}","templated":true}]}}