{"id":74018,"date":"2024-06-12T13:57:16","date_gmt":"2024-06-12T18:57:16","guid":{"rendered":"https:\/\/luchonoticias.com\/?p=74018"},"modified":"2024-06-12T13:57:16","modified_gmt":"2024-06-12T18:57:16","slug":"dialogo-entre-sector-docente-y-fiduprevisora","status":"publish","type":"post","link":"https:\/\/luchonoticias.com\/editor\/dialogo-entre-sector-docente-y-fiduprevisora\/","title":{"rendered":"Di\u00e1logo entre sector docente y Fiduprevisora"},"content":{"rendered":"<p>Desde que la Fiduprevisora entr\u00f3 a manejar el Fomag (Fondo Nacional de Prestaciones Sociales del Magisterio), el tema de la atenci\u00f3n en salud de los maestros ha tenido algunos inconvenientes en el pa\u00eds.<\/p>\n<p>En ese contexto, el Secretario de Educaci\u00f3n del Huila, Orlando Parga Rivas organiz\u00f3 una reuni\u00f3n t\u00e9cnica para analizar esta situaci\u00f3n en el departamento, incluyendo la participaci\u00f3n de representantes de esa entidad, que es una sociedad de econom\u00eda mixta de car\u00e1cter indirecto y del orden nacional, sometida al r\u00e9gimen de Empresa Industrial y Comercial del Estado, vinculada al Ministerio de Hacienda y Cr\u00e9dito P\u00fablico y vigilada por la Superintendencia Financiera de Colombia, y con control fiscal reglamentado por la Contralor\u00eda General de la Rep\u00fablica.<\/p>\n<p>\u201cHemos abierto un proceso de di\u00e1logo como entidad territorial departamental, donde participan las dem\u00e1s secretar\u00edas de educaci\u00f3n municipales, incluyendo a Neiva y Pitalito, para escuchar las novedades y reclamos que se tienen con respecto a la prestaci\u00f3n de los servicios de salud con la Fiduprevisora\u201d, afirm\u00f3 el funcionario.<\/p>\n<p>\u201cContactamos a instancias nacionales y nos han enviado un funcionario desde la ciudad de Bogot\u00e1 que ha venido a Neiva a escuchar al sindicato de la Adih, (Asociaci\u00f3n de Institutores Huilenses) y de los rectores Adidoh, (Sindicato de Directivos Docentes del Huila), buscando que la Fiduprevisora responda directamente todas las reclamaciones que se est\u00e1n haciendo desde el contexto territorial\u201d, complement\u00f3.<\/p>\n<p>Por su parte, Nelson Fernando Lozano, miembro de la Adih, se\u00f1al\u00f3 que se hizo por parte del sindicato de maestros del Huila, un llamado a la Fiduprevisora para que empezara a mejorar la calidad y la oportunidad en la prestaci\u00f3n de los servicios de salud a los maestros del departamento.<\/p>\n<p>\u201cQue no haya bloqueos administrativos y no se carguen nuevas funciones a los maestros, puesto que hay docentes que no solamente son activos sino pensionados y no manejan mucho el sistema inform\u00e1tico y mucho menos con la Plataforma Horus que apenas est\u00e1 saliendo a producci\u00f3n y presenta dificultades para subir archivos\u201d, manifest\u00f3.<\/p>\n<p>\u201cTambi\u00e9n se les solicit\u00f3 que la historia cl\u00ednica del docente no deber\u00eda ser un requisito para pedir las citas. En conclusi\u00f3n, se exige a la Fiduprevisora que no haya ning\u00fan tipo de obst\u00e1culos que hemos llamado bloqueos administrativos. En el Huila a\u00fan no hay una oficina abierta por parte de esa entidad\u201d, expres\u00f3.<\/p>\n<p>Aspectos puntuales a mejorar y exigidos por los maestros del Huila<\/p>\n<p>\u2022 No han hecho nombramiento del defensor del usuario<br \/>\n\u2022 No hay oportunidad en la prestaci\u00f3n del servicio en algunos casos de especialidades y subespecialidades por el tema de c\u00f3digos de autorizaci\u00f3n que no llegan y son requeridos por las IPS como Medilaser.<br \/>\n\u2022 No se est\u00e1 permitiendo la libre escogencia de IPS para cambiar de nivel primario en salud, como se hab\u00eda promulgado.<\/p>\n<p>As\u00ed mismo, se habl\u00f3 en la reuni\u00f3n que el nivel primario se opera con relativa normalidad con el antiguo prestador, Emcosalud, en municipios como Neiva, La Plata, Pitalito, San Agust\u00edn, Garz\u00f3n, Guadalupe y Campoalegre.<\/p>\n<p>\u201cPero en otros municipios est\u00e1n atendiendo urgencias y no hay entrega de medicamentos los fines de semana especialmente donde los afiliados al Fomag deben comprar por su cuenta. El llamado es a que Fomag mejore la implementaci\u00f3n del servicio de salud en oportunidad, calidad y pertinencia. De igual forma si no es as\u00ed, pues a colocar las quejas a la SuperIntendencia de Salud\u201d, concluy\u00f3 Nelson Lozano.<\/p>\n","protected":false},"excerpt":{"rendered":"<p>El Secretario de  Educaci\u00f3n convoc\u00f3 a los docentes del Huila y a las secretar\u00edas de educaci\u00f3n municipales a una reuni\u00f3n con directivas de la Fiduprevisora, entidad que administra las prestaciones sociales de los docentes de educaci\u00f3n p\u00fablica en el pa\u00eds. <\/p>\n","protected":false},"author":2,"featured_media":74019,"comment_status":"closed","ping_status":"open","sticky":false,"template":"","format":"standard","meta":{"footnotes":""},"categories":[33],"tags":[4028],"class_list":["post-74018","post","type-post","status-publish","format-standard","has-post-thumbnail","hentry","category-huila","tag-fiduprevisora"],"yoast_head":"<!-- This site is optimized with the Yoast SEO plugin v26.6 - https:\/\/yoast.com\/wordpress\/plugins\/seo\/ -->\n<title>Di\u00e1logo entre sector docente y Fiduprevisora -<\/title>\n<meta name=\"description\" content=\"El Secretario de Educaci\u00f3n convoc\u00f3 a los docentes del Huila y a las secretar\u00edas de educaci\u00f3n municipales a una reuni\u00f3n con directivas de la Fiduprevisora.\" \/>\n<meta name=\"robots\" content=\"index, follow, max-snippet:-1, max-image-preview:large, max-video-preview:-1\" \/>\n<link rel=\"canonical\" href=\"https:\/\/luchonoticias.com\/editor\/dialogo-entre-sector-docente-y-fiduprevisora\/\" \/>\n<meta property=\"og:locale\" content=\"es_ES\" \/>\n<meta property=\"og:type\" content=\"article\" \/>\n<meta property=\"og:title\" content=\"Di\u00e1logo entre sector docente y Fiduprevisora -\" \/>\n<meta property=\"og:description\" content=\"El Secretario de Educaci\u00f3n convoc\u00f3 a los docentes del Huila y a las secretar\u00edas de educaci\u00f3n municipales a una reuni\u00f3n con directivas de la Fiduprevisora.\" \/>\n<meta property=\"og:url\" content=\"https:\/\/luchonoticias.com\/editor\/dialogo-entre-sector-docente-y-fiduprevisora\/\" \/>\n<meta property=\"article:publisher\" content=\"https:\/\/www.facebook.com\/luchonoticiasneiva\" \/>\n<meta property=\"article:published_time\" content=\"2024-06-12T18:57:16+00:00\" \/>\n<meta property=\"og:image\" content=\"https:\/\/luchonoticias.com\/editor\/wp-content\/uploads\/2024\/06\/maestros.jpg\" \/>\n\t<meta property=\"og:image:width\" content=\"700\" \/>\n\t<meta property=\"og:image:height\" content=\"400\" \/>\n\t<meta property=\"og:image:type\" content=\"image\/jpeg\" \/>\n<meta name=\"author\" content=\"Editor General\" \/>\n<meta name=\"twitter:card\" content=\"summary_large_image\" \/>\n<meta name=\"twitter:label1\" content=\"Escrito por\" \/>\n\t<meta name=\"twitter:data1\" content=\"Editor General\" \/>\n\t<meta name=\"twitter:label2\" content=\"Tiempo de lectura\" \/>\n\t<meta name=\"twitter:data2\" content=\"3 minutos\" \/>\n<script type=\"application\/ld+json\" class=\"yoast-schema-graph\">{\"@context\":\"https:\/\/schema.org\",\"@graph\":[{\"@type\":\"Article\",\"@id\":\"https:\/\/luchonoticias.com\/editor\/dialogo-entre-sector-docente-y-fiduprevisora\/#article\",\"isPartOf\":{\"@id\":\"https:\/\/luchonoticias.com\/editor\/dialogo-entre-sector-docente-y-fiduprevisora\/\"},\"author\":{\"name\":\"Editor General\",\"@id\":\"https:\/\/luchonoticias.com\/editor\/#\/schema\/person\/29217990ddf6f14e35912b2866d591fb\"},\"headline\":\"Di\u00e1logo entre sector docente y Fiduprevisora\",\"datePublished\":\"2024-06-12T18:57:16+00:00\",\"mainEntityOfPage\":{\"@id\":\"https:\/\/luchonoticias.com\/editor\/dialogo-entre-sector-docente-y-fiduprevisora\/\"},\"wordCount\":599,\"publisher\":{\"@id\":\"https:\/\/luchonoticias.com\/editor\/#\/schema\/person\/7a7fd911f58561fd056dbac7b55af9cd\"},\"image\":{\"@id\":\"https:\/\/luchonoticias.com\/editor\/dialogo-entre-sector-docente-y-fiduprevisora\/#primaryimage\"},\"thumbnailUrl\":\"https:\/\/luchonoticias.com\/editor\/wp-content\/uploads\/2024\/06\/maestros.jpg\",\"keywords\":[\"Fiduprevisora\"],\"articleSection\":[\"Huila\"],\"inLanguage\":\"es\"},{\"@type\":\"WebPage\",\"@id\":\"https:\/\/luchonoticias.com\/editor\/dialogo-entre-sector-docente-y-fiduprevisora\/\",\"url\":\"https:\/\/luchonoticias.com\/editor\/dialogo-entre-sector-docente-y-fiduprevisora\/\",\"name\":\"Di\u00e1logo entre sector docente y Fiduprevisora -\",\"isPartOf\":{\"@id\":\"https:\/\/luchonoticias.com\/editor\/#website\"},\"primaryImageOfPage\":{\"@id\":\"https:\/\/luchonoticias.com\/editor\/dialogo-entre-sector-docente-y-fiduprevisora\/#primaryimage\"},\"image\":{\"@id\":\"https:\/\/luchonoticias.com\/editor\/dialogo-entre-sector-docente-y-fiduprevisora\/#primaryimage\"},\"thumbnailUrl\":\"https:\/\/luchonoticias.com\/editor\/wp-content\/uploads\/2024\/06\/maestros.jpg\",\"datePublished\":\"2024-06-12T18:57:16+00:00\",\"description\":\"El Secretario de Educaci\u00f3n convoc\u00f3 a los docentes del Huila y a las secretar\u00edas de educaci\u00f3n municipales a una reuni\u00f3n con directivas de la Fiduprevisora.\",\"breadcrumb\":{\"@id\":\"https:\/\/luchonoticias.com\/editor\/dialogo-entre-sector-docente-y-fiduprevisora\/#breadcrumb\"},\"inLanguage\":\"es\",\"potentialAction\":[{\"@type\":\"ReadAction\",\"target\":[\"https:\/\/luchonoticias.com\/editor\/dialogo-entre-sector-docente-y-fiduprevisora\/\"]}]},{\"@type\":\"ImageObject\",\"inLanguage\":\"es\",\"@id\":\"https:\/\/luchonoticias.com\/editor\/dialogo-entre-sector-docente-y-fiduprevisora\/#primaryimage\",\"url\":\"https:\/\/luchonoticias.com\/editor\/wp-content\/uploads\/2024\/06\/maestros.jpg\",\"contentUrl\":\"https:\/\/luchonoticias.com\/editor\/wp-content\/uploads\/2024\/06\/maestros.jpg\",\"width\":700,\"height\":400},{\"@type\":\"BreadcrumbList\",\"@id\":\"https:\/\/luchonoticias.com\/editor\/dialogo-entre-sector-docente-y-fiduprevisora\/#breadcrumb\",\"itemListElement\":[{\"@type\":\"ListItem\",\"position\":1,\"name\":\"Portada\",\"item\":\"https:\/\/luchonoticias.com\/editor\/\"},{\"@type\":\"ListItem\",\"position\":2,\"name\":\"Di\u00e1logo entre sector docente y Fiduprevisora\"}]},{\"@type\":\"WebSite\",\"@id\":\"https:\/\/luchonoticias.com\/editor\/#website\",\"url\":\"https:\/\/luchonoticias.com\/editor\/\",\"name\":\"\",\"description\":\"\",\"publisher\":{\"@id\":\"https:\/\/luchonoticias.com\/editor\/#\/schema\/person\/7a7fd911f58561fd056dbac7b55af9cd\"},\"potentialAction\":[{\"@type\":\"SearchAction\",\"target\":{\"@type\":\"EntryPoint\",\"urlTemplate\":\"https:\/\/luchonoticias.com\/editor\/?s={search_term_string}\"},\"query-input\":{\"@type\":\"PropertyValueSpecification\",\"valueRequired\":true,\"valueName\":\"search_term_string\"}}],\"inLanguage\":\"es\"},{\"@type\":[\"Person\",\"Organization\"],\"@id\":\"https:\/\/luchonoticias.com\/editor\/#\/schema\/person\/7a7fd911f58561fd056dbac7b55af9cd\",\"name\":\"admin\",\"image\":{\"@type\":\"ImageObject\",\"inLanguage\":\"es\",\"@id\":\"https:\/\/luchonoticias.com\/editor\/#\/schema\/person\/image\/\",\"url\":\"https:\/\/luchonoticias.com\/editor\/wp-content\/uploads\/2024\/02\/cropped-cropped-logolu.webp\",\"contentUrl\":\"https:\/\/luchonoticias.com\/editor\/wp-content\/uploads\/2024\/02\/cropped-cropped-logolu.webp\",\"width\":382,\"height\":170,\"caption\":\"admin\"},\"logo\":{\"@id\":\"https:\/\/luchonoticias.com\/editor\/#\/schema\/person\/image\/\"},\"sameAs\":[\"https:\/\/www.facebook.com\/luchonoticiasneiva\"]},{\"@type\":\"Person\",\"@id\":\"https:\/\/luchonoticias.com\/editor\/#\/schema\/person\/29217990ddf6f14e35912b2866d591fb\",\"name\":\"Editor General\",\"image\":{\"@type\":\"ImageObject\",\"inLanguage\":\"es\",\"@id\":\"https:\/\/luchonoticias.com\/editor\/#\/schema\/person\/image\/\",\"url\":\"https:\/\/luchonoticias.com\/editor\/wp-content\/uploads\/2024\/02\/cropped-cropped-logolu-150x150.webp\",\"contentUrl\":\"https:\/\/luchonoticias.com\/editor\/wp-content\/uploads\/2024\/02\/cropped-cropped-logolu-150x150.webp\",\"caption\":\"Editor General\"},\"sameAs\":[\"https:\/\/luchonoticias.com\/\"],\"url\":\"https:\/\/luchonoticias.com\/editor\/author\/editor-general\/\"}]}<\/script>\n<!-- \/ Yoast SEO plugin. -->","yoast_head_json":{"title":"Di\u00e1logo entre sector docente y Fiduprevisora -","description":"El Secretario de Educaci\u00f3n convoc\u00f3 a los docentes del Huila y a las secretar\u00edas de educaci\u00f3n municipales a una reuni\u00f3n con directivas de la Fiduprevisora.","robots":{"index":"index","follow":"follow","max-snippet":"max-snippet:-1","max-image-preview":"max-image-preview:large","max-video-preview":"max-video-preview:-1"},"canonical":"https:\/\/luchonoticias.com\/editor\/dialogo-entre-sector-docente-y-fiduprevisora\/","og_locale":"es_ES","og_type":"article","og_title":"Di\u00e1logo entre sector docente y Fiduprevisora -","og_description":"El Secretario de Educaci\u00f3n convoc\u00f3 a los docentes del Huila y a las secretar\u00edas de educaci\u00f3n municipales a una reuni\u00f3n con directivas de la Fiduprevisora.","og_url":"https:\/\/luchonoticias.com\/editor\/dialogo-entre-sector-docente-y-fiduprevisora\/","article_publisher":"https:\/\/www.facebook.com\/luchonoticiasneiva","article_published_time":"2024-06-12T18:57:16+00:00","og_image":[{"width":700,"height":400,"url":"https:\/\/luchonoticias.com\/editor\/wp-content\/uploads\/2024\/06\/maestros.jpg","type":"image\/jpeg"}],"author":"Editor General","twitter_card":"summary_large_image","twitter_misc":{"Escrito por":"Editor General","Tiempo de lectura":"3 minutos"},"schema":{"@context":"https:\/\/schema.org","@graph":[{"@type":"Article","@id":"https:\/\/luchonoticias.com\/editor\/dialogo-entre-sector-docente-y-fiduprevisora\/#article","isPartOf":{"@id":"https:\/\/luchonoticias.com\/editor\/dialogo-entre-sector-docente-y-fiduprevisora\/"},"author":{"name":"Editor General","@id":"https:\/\/luchonoticias.com\/editor\/#\/schema\/person\/29217990ddf6f14e35912b2866d591fb"},"headline":"Di\u00e1logo entre sector docente y Fiduprevisora","datePublished":"2024-06-12T18:57:16+00:00","mainEntityOfPage":{"@id":"https:\/\/luchonoticias.com\/editor\/dialogo-entre-sector-docente-y-fiduprevisora\/"},"wordCount":599,"publisher":{"@id":"https:\/\/luchonoticias.com\/editor\/#\/schema\/person\/7a7fd911f58561fd056dbac7b55af9cd"},"image":{"@id":"https:\/\/luchonoticias.com\/editor\/dialogo-entre-sector-docente-y-fiduprevisora\/#primaryimage"},"thumbnailUrl":"https:\/\/luchonoticias.com\/editor\/wp-content\/uploads\/2024\/06\/maestros.jpg","keywords":["Fiduprevisora"],"articleSection":["Huila"],"inLanguage":"es"},{"@type":"WebPage","@id":"https:\/\/luchonoticias.com\/editor\/dialogo-entre-sector-docente-y-fiduprevisora\/","url":"https:\/\/luchonoticias.com\/editor\/dialogo-entre-sector-docente-y-fiduprevisora\/","name":"Di\u00e1logo entre sector docente y Fiduprevisora -","isPartOf":{"@id":"https:\/\/luchonoticias.com\/editor\/#website"},"primaryImageOfPage":{"@id":"https:\/\/luchonoticias.com\/editor\/dialogo-entre-sector-docente-y-fiduprevisora\/#primaryimage"},"image":{"@id":"https:\/\/luchonoticias.com\/editor\/dialogo-entre-sector-docente-y-fiduprevisora\/#primaryimage"},"thumbnailUrl":"https:\/\/luchonoticias.com\/editor\/wp-content\/uploads\/2024\/06\/maestros.jpg","datePublished":"2024-06-12T18:57:16+00:00","description":"El Secretario de Educaci\u00f3n convoc\u00f3 a los docentes del Huila y a las secretar\u00edas de educaci\u00f3n municipales a una reuni\u00f3n con directivas de la Fiduprevisora.","breadcrumb":{"@id":"https:\/\/luchonoticias.com\/editor\/dialogo-entre-sector-docente-y-fiduprevisora\/#breadcrumb"},"inLanguage":"es","potentialAction":[{"@type":"ReadAction","target":["https:\/\/luchonoticias.com\/editor\/dialogo-entre-sector-docente-y-fiduprevisora\/"]}]},{"@type":"ImageObject","inLanguage":"es","@id":"https:\/\/luchonoticias.com\/editor\/dialogo-entre-sector-docente-y-fiduprevisora\/#primaryimage","url":"https:\/\/luchonoticias.com\/editor\/wp-content\/uploads\/2024\/06\/maestros.jpg","contentUrl":"https:\/\/luchonoticias.com\/editor\/wp-content\/uploads\/2024\/06\/maestros.jpg","width":700,"height":400},{"@type":"BreadcrumbList","@id":"https:\/\/luchonoticias.com\/editor\/dialogo-entre-sector-docente-y-fiduprevisora\/#breadcrumb","itemListElement":[{"@type":"ListItem","position":1,"name":"Portada","item":"https:\/\/luchonoticias.com\/editor\/"},{"@type":"ListItem","position":2,"name":"Di\u00e1logo entre sector docente y Fiduprevisora"}]},{"@type":"WebSite","@id":"https:\/\/luchonoticias.com\/editor\/#website","url":"https:\/\/luchonoticias.com\/editor\/","name":"","description":"","publisher":{"@id":"https:\/\/luchonoticias.com\/editor\/#\/schema\/person\/7a7fd911f58561fd056dbac7b55af9cd"},"potentialAction":[{"@type":"SearchAction","target":{"@type":"EntryPoint","urlTemplate":"https:\/\/luchonoticias.com\/editor\/?s={search_term_string}"},"query-input":{"@type":"PropertyValueSpecification","valueRequired":true,"valueName":"search_term_string"}}],"inLanguage":"es"},{"@type":["Person","Organization"],"@id":"https:\/\/luchonoticias.com\/editor\/#\/schema\/person\/7a7fd911f58561fd056dbac7b55af9cd","name":"admin","image":{"@type":"ImageObject","inLanguage":"es","@id":"https:\/\/luchonoticias.com\/editor\/#\/schema\/person\/image\/","url":"https:\/\/luchonoticias.com\/editor\/wp-content\/uploads\/2024\/02\/cropped-cropped-logolu.webp","contentUrl":"https:\/\/luchonoticias.com\/editor\/wp-content\/uploads\/2024\/02\/cropped-cropped-logolu.webp","width":382,"height":170,"caption":"admin"},"logo":{"@id":"https:\/\/luchonoticias.com\/editor\/#\/schema\/person\/image\/"},"sameAs":["https:\/\/www.facebook.com\/luchonoticiasneiva"]},{"@type":"Person","@id":"https:\/\/luchonoticias.com\/editor\/#\/schema\/person\/29217990ddf6f14e35912b2866d591fb","name":"Editor General","image":{"@type":"ImageObject","inLanguage":"es","@id":"https:\/\/luchonoticias.com\/editor\/#\/schema\/person\/image\/","url":"https:\/\/luchonoticias.com\/editor\/wp-content\/uploads\/2024\/02\/cropped-cropped-logolu-150x150.webp","contentUrl":"https:\/\/luchonoticias.com\/editor\/wp-content\/uploads\/2024\/02\/cropped-cropped-logolu-150x150.webp","caption":"Editor General"},"sameAs":["https:\/\/luchonoticias.com\/"],"url":"https:\/\/luchonoticias.com\/editor\/author\/editor-general\/"}]}},"_links":{"self":[{"href":"https:\/\/luchonoticias.com\/editor\/wp-json\/wp\/v2\/posts\/74018","targetHints":{"allow":["GET"]}}],"collection":[{"href":"https:\/\/luchonoticias.com\/editor\/wp-json\/wp\/v2\/posts"}],"about":[{"href":"https:\/\/luchonoticias.com\/editor\/wp-json\/wp\/v2\/types\/post"}],"author":[{"embeddable":true,"href":"https:\/\/luchonoticias.com\/editor\/wp-json\/wp\/v2\/users\/2"}],"replies":[{"embeddable":true,"href":"https:\/\/luchonoticias.com\/editor\/wp-json\/wp\/v2\/comments?post=74018"}],"version-history":[{"count":0,"href":"https:\/\/luchonoticias.com\/editor\/wp-json\/wp\/v2\/posts\/74018\/revisions"}],"wp:featuredmedia":[{"embeddable":true,"href":"https:\/\/luchonoticias.com\/editor\/wp-json\/wp\/v2\/media\/74019"}],"wp:attachment":[{"href":"https:\/\/luchonoticias.com\/editor\/wp-json\/wp\/v2\/media?parent=74018"}],"wp:term":[{"taxonomy":"category","embeddable":true,"href":"https:\/\/luchonoticias.com\/editor\/wp-json\/wp\/v2\/categories?post=74018"},{"taxonomy":"post_tag","embeddable":true,"href":"https:\/\/luchonoticias.com\/editor\/wp-json\/wp\/v2\/tags?post=74018"}],"curies":[{"name":"wp","href":"https:\/\/api.w.org\/{rel}","templated":true}]}}