{"id":74021,"date":"2024-06-12T14:08:00","date_gmt":"2024-06-12T19:08:00","guid":{"rendered":"https:\/\/luchonoticias.com\/?p=74021"},"modified":"2024-06-12T14:40:56","modified_gmt":"2024-06-12T19:40:56","slug":"atentado-terrorista-en-el-sur-del-valle","status":"publish","type":"post","link":"https:\/\/luchonoticias.com\/editor\/atentado-terrorista-en-el-sur-del-valle\/","title":{"rendered":"Atentado terrorista en el sur del Valle"},"content":{"rendered":"<p>El municipio de\u00a0<b>Jamund\u00ed, Valle del Cauca,<\/b> fue blanco de una nuevo atentado terrorista protagonizado por el frente Jaime Mart\u00ednez, de las disidencias de las Farc.<\/p>\n<p>La estructura, que hace parte del Estado Mayor Central (EMC),\u00a0activ\u00f3 una\u00a0<b>carga explosiva, que hab\u00eda sido instalada en una motocicleta<\/b>, la cual fue abandonada<b>\u00a0<\/b>en plena zona c\u00e9ntrica y bancaria de esta poblaci\u00f3n del sur del Valle.<\/p>\n<p>\u201cLa moto con explosivos<b>\u00a0<\/b>deton\u00f3 cerca del parque principal y diagonal a Bancolombia\u201d, confirm\u00f3 en un comunicado la\u00a0<b>Alcald\u00eda de<\/b>\u00a0<b>Jamund\u00ed.<\/b><\/p>\n<p>Varios ciudadanos que llegaban a hacer fila en las sedes bancarias ubicadas donde ocurri\u00f3 el atentado resultaron heridos, entre ellos un sargento y una patrullera de la Polic\u00eda, quienes se encontraban en labores de patrullaje por el sector.<\/p>\n<p><b>Seis personas heridas<\/b>\u00a0fueron recibidas en la sala de urgencias del Hospital Piloto de Jamund\u00ed, el m\u00e9dico V\u00edctor Hugo Vidal director de la instituci\u00f3n, inform\u00f3 que\u00a0<b>uno de ellos fue remitido a la Fundaci\u00f3n Cl\u00ednica Valle del Lili en Cali por la gravedad de sus heridas y otro fue remitido con un trauma ocular.<\/b><\/p>\n<p>El Presidente Gustavo Petro no se hizo esperar y mediante en redes sociales expres\u00f3 su rechazo a dicho comportamiento:<\/p>\n<div class=\"paragraph\">\n<p>\u201c<b>La EMC del\u00a0Cauca\u00a0y el\u00a0Valle\u00a0vuelven a hacer lo que saben hacer: Matar gente humilde del pueblo<\/b>. Su camino la codicia para lo cual no les importa la destrucci\u00f3n de las comunidades.\u00a0<b>El\u00a0EMC\u00a0es una fuerza hostil al pueblo<\/b>. El Ej\u00e9rcito debe culminar la ofensiva en el\u00a0ca\u00f1\u00f3n del Micay\u201d, se\u00f1al\u00f3 el jefe de Estado en la red social\u00a0X.<\/p>\n<\/div>\n<div class=\"art-twitter\">\n<div class=\"twitter-content\">\n<div class=\"twitter-tweet twitter-tweet-rendered\"><\/div>\n<\/div>\n<\/div>\n<div class=\"oembed-twitter container_row margin_top_md margin_bottom_md block-margin-bottom thisisNotAmp\">\n<div>\n<div>Con informaci\u00f3n y foto de Caracol Radio.<\/div>\n<\/div>\n<\/div>\n","protected":false},"excerpt":{"rendered":"<p>El municipio de\u00a0Jamund\u00ed, Valle del Cauca, fue blanco de una nuevo atentado terrorista protagonizado por el frente Jaime Mart\u00ednez, de las disidencias de las Farc.<\/p>\n","protected":false},"author":2,"featured_media":74022,"comment_status":"closed","ping_status":"open","sticky":false,"template":"","format":"standard","meta":{"footnotes":""},"categories":[29],"tags":[4029,4030,4031,3182],"class_list":["post-74021","post","type-post","status-publish","format-standard","has-post-thumbnail","hentry","category-judicial","tag-atentado-terrorista","tag-escalada","tag-terror","tag-valle-del-cauca"],"yoast_head":"<!-- This site is optimized with the Yoast SEO plugin v26.6 - https:\/\/yoast.com\/wordpress\/plugins\/seo\/ -->\n<title>Atentado terrorista en el sur del Valle -<\/title>\n<meta name=\"description\" content=\"El municipio de\u00a0Jamund\u00ed, Valle del Cauca, fue blanco de una nuevo atentado terrorista protagonizado por el frente Jaime Mart\u00ednez, de las disidencias de las Farc.\" \/>\n<meta name=\"robots\" content=\"index, follow, max-snippet:-1, max-image-preview:large, max-video-preview:-1\" \/>\n<link rel=\"canonical\" href=\"https:\/\/luchonoticias.com\/editor\/atentado-terrorista-en-el-sur-del-valle\/\" \/>\n<meta property=\"og:locale\" content=\"es_ES\" \/>\n<meta property=\"og:type\" content=\"article\" \/>\n<meta property=\"og:title\" content=\"Atentado terrorista en el sur del Valle -\" \/>\n<meta property=\"og:description\" content=\"El municipio de\u00a0Jamund\u00ed, Valle del Cauca, fue blanco de una nuevo atentado terrorista protagonizado por el frente Jaime Mart\u00ednez, de las disidencias de las Farc.\" \/>\n<meta property=\"og:url\" content=\"https:\/\/luchonoticias.com\/editor\/atentado-terrorista-en-el-sur-del-valle\/\" \/>\n<meta property=\"article:publisher\" content=\"https:\/\/www.facebook.com\/luchonoticiasneiva\" \/>\n<meta property=\"article:published_time\" content=\"2024-06-12T19:08:00+00:00\" \/>\n<meta property=\"article:modified_time\" content=\"2024-06-12T19:40:56+00:00\" \/>\n<meta property=\"og:image\" content=\"https:\/\/luchonoticias.com\/editor\/wp-content\/uploads\/2024\/06\/atentado.jpg\" \/>\n\t<meta property=\"og:image:width\" content=\"700\" \/>\n\t<meta property=\"og:image:height\" content=\"400\" \/>\n\t<meta property=\"og:image:type\" content=\"image\/jpeg\" \/>\n<meta name=\"author\" content=\"Editor General\" \/>\n<meta name=\"twitter:card\" content=\"summary_large_image\" \/>\n<meta name=\"twitter:label1\" content=\"Escrito por\" \/>\n\t<meta name=\"twitter:data1\" content=\"Editor General\" \/>\n\t<meta name=\"twitter:label2\" content=\"Tiempo de lectura\" \/>\n\t<meta name=\"twitter:data2\" content=\"2 minutos\" \/>\n<script type=\"application\/ld+json\" class=\"yoast-schema-graph\">{\"@context\":\"https:\/\/schema.org\",\"@graph\":[{\"@type\":\"Article\",\"@id\":\"https:\/\/luchonoticias.com\/editor\/atentado-terrorista-en-el-sur-del-valle\/#article\",\"isPartOf\":{\"@id\":\"https:\/\/luchonoticias.com\/editor\/atentado-terrorista-en-el-sur-del-valle\/\"},\"author\":{\"name\":\"Editor General\",\"@id\":\"https:\/\/luchonoticias.com\/editor\/#\/schema\/person\/29217990ddf6f14e35912b2866d591fb\"},\"headline\":\"Atentado terrorista en el sur del Valle\",\"datePublished\":\"2024-06-12T19:08:00+00:00\",\"dateModified\":\"2024-06-12T19:40:56+00:00\",\"mainEntityOfPage\":{\"@id\":\"https:\/\/luchonoticias.com\/editor\/atentado-terrorista-en-el-sur-del-valle\/\"},\"wordCount\":289,\"publisher\":{\"@id\":\"https:\/\/luchonoticias.com\/editor\/#\/schema\/person\/7a7fd911f58561fd056dbac7b55af9cd\"},\"image\":{\"@id\":\"https:\/\/luchonoticias.com\/editor\/atentado-terrorista-en-el-sur-del-valle\/#primaryimage\"},\"thumbnailUrl\":\"https:\/\/luchonoticias.com\/editor\/wp-content\/uploads\/2024\/06\/atentado.jpg\",\"keywords\":[\"atentado terrorista\",\"escalada\",\"terror\",\"Valle del Cauca\"],\"articleSection\":[\"Judicial\"],\"inLanguage\":\"es\"},{\"@type\":\"WebPage\",\"@id\":\"https:\/\/luchonoticias.com\/editor\/atentado-terrorista-en-el-sur-del-valle\/\",\"url\":\"https:\/\/luchonoticias.com\/editor\/atentado-terrorista-en-el-sur-del-valle\/\",\"name\":\"Atentado terrorista en el sur del Valle -\",\"isPartOf\":{\"@id\":\"https:\/\/luchonoticias.com\/editor\/#website\"},\"primaryImageOfPage\":{\"@id\":\"https:\/\/luchonoticias.com\/editor\/atentado-terrorista-en-el-sur-del-valle\/#primaryimage\"},\"image\":{\"@id\":\"https:\/\/luchonoticias.com\/editor\/atentado-terrorista-en-el-sur-del-valle\/#primaryimage\"},\"thumbnailUrl\":\"https:\/\/luchonoticias.com\/editor\/wp-content\/uploads\/2024\/06\/atentado.jpg\",\"datePublished\":\"2024-06-12T19:08:00+00:00\",\"dateModified\":\"2024-06-12T19:40:56+00:00\",\"description\":\"El municipio de\u00a0Jamund\u00ed, Valle del Cauca, fue blanco de una nuevo atentado terrorista protagonizado por el frente Jaime Mart\u00ednez, de las disidencias de las Farc.\",\"breadcrumb\":{\"@id\":\"https:\/\/luchonoticias.com\/editor\/atentado-terrorista-en-el-sur-del-valle\/#breadcrumb\"},\"inLanguage\":\"es\",\"potentialAction\":[{\"@type\":\"ReadAction\",\"target\":[\"https:\/\/luchonoticias.com\/editor\/atentado-terrorista-en-el-sur-del-valle\/\"]}]},{\"@type\":\"ImageObject\",\"inLanguage\":\"es\",\"@id\":\"https:\/\/luchonoticias.com\/editor\/atentado-terrorista-en-el-sur-del-valle\/#primaryimage\",\"url\":\"https:\/\/luchonoticias.com\/editor\/wp-content\/uploads\/2024\/06\/atentado.jpg\",\"contentUrl\":\"https:\/\/luchonoticias.com\/editor\/wp-content\/uploads\/2024\/06\/atentado.jpg\",\"width\":700,\"height\":400},{\"@type\":\"BreadcrumbList\",\"@id\":\"https:\/\/luchonoticias.com\/editor\/atentado-terrorista-en-el-sur-del-valle\/#breadcrumb\",\"itemListElement\":[{\"@type\":\"ListItem\",\"position\":1,\"name\":\"Portada\",\"item\":\"https:\/\/luchonoticias.com\/editor\/\"},{\"@type\":\"ListItem\",\"position\":2,\"name\":\"Atentado terrorista en el sur del Valle\"}]},{\"@type\":\"WebSite\",\"@id\":\"https:\/\/luchonoticias.com\/editor\/#website\",\"url\":\"https:\/\/luchonoticias.com\/editor\/\",\"name\":\"\",\"description\":\"\",\"publisher\":{\"@id\":\"https:\/\/luchonoticias.com\/editor\/#\/schema\/person\/7a7fd911f58561fd056dbac7b55af9cd\"},\"potentialAction\":[{\"@type\":\"SearchAction\",\"target\":{\"@type\":\"EntryPoint\",\"urlTemplate\":\"https:\/\/luchonoticias.com\/editor\/?s={search_term_string}\"},\"query-input\":{\"@type\":\"PropertyValueSpecification\",\"valueRequired\":true,\"valueName\":\"search_term_string\"}}],\"inLanguage\":\"es\"},{\"@type\":[\"Person\",\"Organization\"],\"@id\":\"https:\/\/luchonoticias.com\/editor\/#\/schema\/person\/7a7fd911f58561fd056dbac7b55af9cd\",\"name\":\"admin\",\"image\":{\"@type\":\"ImageObject\",\"inLanguage\":\"es\",\"@id\":\"https:\/\/luchonoticias.com\/editor\/#\/schema\/person\/image\/\",\"url\":\"https:\/\/luchonoticias.com\/editor\/wp-content\/uploads\/2024\/02\/cropped-cropped-logolu.webp\",\"contentUrl\":\"https:\/\/luchonoticias.com\/editor\/wp-content\/uploads\/2024\/02\/cropped-cropped-logolu.webp\",\"width\":382,\"height\":170,\"caption\":\"admin\"},\"logo\":{\"@id\":\"https:\/\/luchonoticias.com\/editor\/#\/schema\/person\/image\/\"},\"sameAs\":[\"https:\/\/www.facebook.com\/luchonoticiasneiva\"]},{\"@type\":\"Person\",\"@id\":\"https:\/\/luchonoticias.com\/editor\/#\/schema\/person\/29217990ddf6f14e35912b2866d591fb\",\"name\":\"Editor General\",\"image\":{\"@type\":\"ImageObject\",\"inLanguage\":\"es\",\"@id\":\"https:\/\/luchonoticias.com\/editor\/#\/schema\/person\/image\/\",\"url\":\"https:\/\/luchonoticias.com\/editor\/wp-content\/uploads\/2024\/02\/cropped-cropped-logolu-150x150.webp\",\"contentUrl\":\"https:\/\/luchonoticias.com\/editor\/wp-content\/uploads\/2024\/02\/cropped-cropped-logolu-150x150.webp\",\"caption\":\"Editor General\"},\"sameAs\":[\"https:\/\/luchonoticias.com\/\"],\"url\":\"https:\/\/luchonoticias.com\/editor\/author\/editor-general\/\"}]}<\/script>\n<!-- \/ Yoast SEO plugin. -->","yoast_head_json":{"title":"Atentado terrorista en el sur del Valle -","description":"El municipio de\u00a0Jamund\u00ed, Valle del Cauca, fue blanco de una nuevo atentado terrorista protagonizado por el frente Jaime Mart\u00ednez, de las disidencias de las Farc.","robots":{"index":"index","follow":"follow","max-snippet":"max-snippet:-1","max-image-preview":"max-image-preview:large","max-video-preview":"max-video-preview:-1"},"canonical":"https:\/\/luchonoticias.com\/editor\/atentado-terrorista-en-el-sur-del-valle\/","og_locale":"es_ES","og_type":"article","og_title":"Atentado terrorista en el sur del Valle -","og_description":"El municipio de\u00a0Jamund\u00ed, Valle del Cauca, fue blanco de una nuevo atentado terrorista protagonizado por el frente Jaime Mart\u00ednez, de las disidencias de las Farc.","og_url":"https:\/\/luchonoticias.com\/editor\/atentado-terrorista-en-el-sur-del-valle\/","article_publisher":"https:\/\/www.facebook.com\/luchonoticiasneiva","article_published_time":"2024-06-12T19:08:00+00:00","article_modified_time":"2024-06-12T19:40:56+00:00","og_image":[{"width":700,"height":400,"url":"https:\/\/luchonoticias.com\/editor\/wp-content\/uploads\/2024\/06\/atentado.jpg","type":"image\/jpeg"}],"author":"Editor General","twitter_card":"summary_large_image","twitter_misc":{"Escrito por":"Editor General","Tiempo de lectura":"2 minutos"},"schema":{"@context":"https:\/\/schema.org","@graph":[{"@type":"Article","@id":"https:\/\/luchonoticias.com\/editor\/atentado-terrorista-en-el-sur-del-valle\/#article","isPartOf":{"@id":"https:\/\/luchonoticias.com\/editor\/atentado-terrorista-en-el-sur-del-valle\/"},"author":{"name":"Editor General","@id":"https:\/\/luchonoticias.com\/editor\/#\/schema\/person\/29217990ddf6f14e35912b2866d591fb"},"headline":"Atentado terrorista en el sur del Valle","datePublished":"2024-06-12T19:08:00+00:00","dateModified":"2024-06-12T19:40:56+00:00","mainEntityOfPage":{"@id":"https:\/\/luchonoticias.com\/editor\/atentado-terrorista-en-el-sur-del-valle\/"},"wordCount":289,"publisher":{"@id":"https:\/\/luchonoticias.com\/editor\/#\/schema\/person\/7a7fd911f58561fd056dbac7b55af9cd"},"image":{"@id":"https:\/\/luchonoticias.com\/editor\/atentado-terrorista-en-el-sur-del-valle\/#primaryimage"},"thumbnailUrl":"https:\/\/luchonoticias.com\/editor\/wp-content\/uploads\/2024\/06\/atentado.jpg","keywords":["atentado terrorista","escalada","terror","Valle del Cauca"],"articleSection":["Judicial"],"inLanguage":"es"},{"@type":"WebPage","@id":"https:\/\/luchonoticias.com\/editor\/atentado-terrorista-en-el-sur-del-valle\/","url":"https:\/\/luchonoticias.com\/editor\/atentado-terrorista-en-el-sur-del-valle\/","name":"Atentado terrorista en el sur del Valle -","isPartOf":{"@id":"https:\/\/luchonoticias.com\/editor\/#website"},"primaryImageOfPage":{"@id":"https:\/\/luchonoticias.com\/editor\/atentado-terrorista-en-el-sur-del-valle\/#primaryimage"},"image":{"@id":"https:\/\/luchonoticias.com\/editor\/atentado-terrorista-en-el-sur-del-valle\/#primaryimage"},"thumbnailUrl":"https:\/\/luchonoticias.com\/editor\/wp-content\/uploads\/2024\/06\/atentado.jpg","datePublished":"2024-06-12T19:08:00+00:00","dateModified":"2024-06-12T19:40:56+00:00","description":"El municipio de\u00a0Jamund\u00ed, Valle del Cauca, fue blanco de una nuevo atentado terrorista protagonizado por el frente Jaime Mart\u00ednez, de las disidencias de las Farc.","breadcrumb":{"@id":"https:\/\/luchonoticias.com\/editor\/atentado-terrorista-en-el-sur-del-valle\/#breadcrumb"},"inLanguage":"es","potentialAction":[{"@type":"ReadAction","target":["https:\/\/luchonoticias.com\/editor\/atentado-terrorista-en-el-sur-del-valle\/"]}]},{"@type":"ImageObject","inLanguage":"es","@id":"https:\/\/luchonoticias.com\/editor\/atentado-terrorista-en-el-sur-del-valle\/#primaryimage","url":"https:\/\/luchonoticias.com\/editor\/wp-content\/uploads\/2024\/06\/atentado.jpg","contentUrl":"https:\/\/luchonoticias.com\/editor\/wp-content\/uploads\/2024\/06\/atentado.jpg","width":700,"height":400},{"@type":"BreadcrumbList","@id":"https:\/\/luchonoticias.com\/editor\/atentado-terrorista-en-el-sur-del-valle\/#breadcrumb","itemListElement":[{"@type":"ListItem","position":1,"name":"Portada","item":"https:\/\/luchonoticias.com\/editor\/"},{"@type":"ListItem","position":2,"name":"Atentado terrorista en el sur del Valle"}]},{"@type":"WebSite","@id":"https:\/\/luchonoticias.com\/editor\/#website","url":"https:\/\/luchonoticias.com\/editor\/","name":"","description":"","publisher":{"@id":"https:\/\/luchonoticias.com\/editor\/#\/schema\/person\/7a7fd911f58561fd056dbac7b55af9cd"},"potentialAction":[{"@type":"SearchAction","target":{"@type":"EntryPoint","urlTemplate":"https:\/\/luchonoticias.com\/editor\/?s={search_term_string}"},"query-input":{"@type":"PropertyValueSpecification","valueRequired":true,"valueName":"search_term_string"}}],"inLanguage":"es"},{"@type":["Person","Organization"],"@id":"https:\/\/luchonoticias.com\/editor\/#\/schema\/person\/7a7fd911f58561fd056dbac7b55af9cd","name":"admin","image":{"@type":"ImageObject","inLanguage":"es","@id":"https:\/\/luchonoticias.com\/editor\/#\/schema\/person\/image\/","url":"https:\/\/luchonoticias.com\/editor\/wp-content\/uploads\/2024\/02\/cropped-cropped-logolu.webp","contentUrl":"https:\/\/luchonoticias.com\/editor\/wp-content\/uploads\/2024\/02\/cropped-cropped-logolu.webp","width":382,"height":170,"caption":"admin"},"logo":{"@id":"https:\/\/luchonoticias.com\/editor\/#\/schema\/person\/image\/"},"sameAs":["https:\/\/www.facebook.com\/luchonoticiasneiva"]},{"@type":"Person","@id":"https:\/\/luchonoticias.com\/editor\/#\/schema\/person\/29217990ddf6f14e35912b2866d591fb","name":"Editor General","image":{"@type":"ImageObject","inLanguage":"es","@id":"https:\/\/luchonoticias.com\/editor\/#\/schema\/person\/image\/","url":"https:\/\/luchonoticias.com\/editor\/wp-content\/uploads\/2024\/02\/cropped-cropped-logolu-150x150.webp","contentUrl":"https:\/\/luchonoticias.com\/editor\/wp-content\/uploads\/2024\/02\/cropped-cropped-logolu-150x150.webp","caption":"Editor General"},"sameAs":["https:\/\/luchonoticias.com\/"],"url":"https:\/\/luchonoticias.com\/editor\/author\/editor-general\/"}]}},"_links":{"self":[{"href":"https:\/\/luchonoticias.com\/editor\/wp-json\/wp\/v2\/posts\/74021","targetHints":{"allow":["GET"]}}],"collection":[{"href":"https:\/\/luchonoticias.com\/editor\/wp-json\/wp\/v2\/posts"}],"about":[{"href":"https:\/\/luchonoticias.com\/editor\/wp-json\/wp\/v2\/types\/post"}],"author":[{"embeddable":true,"href":"https:\/\/luchonoticias.com\/editor\/wp-json\/wp\/v2\/users\/2"}],"replies":[{"embeddable":true,"href":"https:\/\/luchonoticias.com\/editor\/wp-json\/wp\/v2\/comments?post=74021"}],"version-history":[{"count":0,"href":"https:\/\/luchonoticias.com\/editor\/wp-json\/wp\/v2\/posts\/74021\/revisions"}],"wp:featuredmedia":[{"embeddable":true,"href":"https:\/\/luchonoticias.com\/editor\/wp-json\/wp\/v2\/media\/74022"}],"wp:attachment":[{"href":"https:\/\/luchonoticias.com\/editor\/wp-json\/wp\/v2\/media?parent=74021"}],"wp:term":[{"taxonomy":"category","embeddable":true,"href":"https:\/\/luchonoticias.com\/editor\/wp-json\/wp\/v2\/categories?post=74021"},{"taxonomy":"post_tag","embeddable":true,"href":"https:\/\/luchonoticias.com\/editor\/wp-json\/wp\/v2\/tags?post=74021"}],"curies":[{"name":"wp","href":"https:\/\/api.w.org\/{rel}","templated":true}]}}