{"id":74596,"date":"2024-07-03T06:42:37","date_gmt":"2024-07-03T11:42:37","guid":{"rendered":"https:\/\/luchonoticias.com\/?p=74596"},"modified":"2024-07-03T06:42:37","modified_gmt":"2024-07-03T11:42:37","slug":"capturado-individuo-por-hurto-en-rivera","status":"publish","type":"post","link":"https:\/\/luchonoticias.com\/editor\/capturado-individuo-por-hurto-en-rivera\/","title":{"rendered":"Capturado individuo por hurto en Rivera"},"content":{"rendered":"<p>La Polic\u00eda Metropolitana de Neiva, gracias a la oportuna denuncia de la ciudadan\u00eda, logra la captura de un hombre y la recuperaci\u00f3n de elementos hurtados minutos antes.<\/p>\n<p>Es as\u00ed, como uniformados adscritos a la Subestaci\u00f3n de Polic\u00eda Cagu\u00e1n, mediante labores desplegadas en la vereda Guadual del municipio de Rivera, logran abordar un hombre de 33 a\u00f1os de edad que se movilizaba en una motocicleta con una guada\u00f1a y una escalera multiprop\u00f3sito en su poder.<\/p>\n<p>Es de anotar que minutos antes este hombre, seg\u00fan informaci\u00f3n ciudadana, presuntamente habr\u00eda ingresado sin autorizaci\u00f3n a una finca del sector hurtando estos elementos.<\/p>\n<p>El capturado fue dejado a disposici\u00f3n de la autoridad competente, quien ser\u00e1 la encargada de definir su situaci\u00f3n judicial.<\/p>\n","protected":false},"excerpt":{"rendered":"<p>La Polic\u00eda Metropolitana de Neiva, gracias a la oportuna denuncia de la ciudadan\u00eda, logra la captura de un hombre y la recuperaci\u00f3n de elementos hurtados minutos antes.<\/p>\n","protected":false},"author":2,"featured_media":74597,"comment_status":"closed","ping_status":"open","sticky":false,"template":"","format":"standard","meta":{"footnotes":""},"categories":[29],"tags":[341,52,3449],"class_list":["post-74596","post","type-post","status-publish","format-standard","has-post-thumbnail","hentry","category-judicial","tag-captura","tag-hurto","tag-individuo"],"yoast_head":"<!-- This site is optimized with the Yoast SEO plugin v26.6 - https:\/\/yoast.com\/wordpress\/plugins\/seo\/ -->\n<title>Capturado individuo por hurto en Rivera -<\/title>\n<meta name=\"description\" content=\"La Polic\u00eda Metropolitana de Neiva, gracias a la oportuna denuncia de la ciudadan\u00eda, logra la captura de un hombre y la recuperaci\u00f3n de elementos hurtados minutos antes.\" \/>\n<meta name=\"robots\" content=\"index, follow, max-snippet:-1, max-image-preview:large, max-video-preview:-1\" \/>\n<link rel=\"canonical\" href=\"https:\/\/luchonoticias.com\/editor\/capturado-individuo-por-hurto-en-rivera\/\" \/>\n<meta property=\"og:locale\" content=\"es_ES\" \/>\n<meta property=\"og:type\" content=\"article\" \/>\n<meta property=\"og:title\" content=\"Capturado individuo por hurto en Rivera -\" \/>\n<meta property=\"og:description\" content=\"La Polic\u00eda Metropolitana de Neiva, gracias a la oportuna denuncia de la ciudadan\u00eda, logra la captura de un hombre y la recuperaci\u00f3n de elementos hurtados minutos antes.\" \/>\n<meta property=\"og:url\" content=\"https:\/\/luchonoticias.com\/editor\/capturado-individuo-por-hurto-en-rivera\/\" \/>\n<meta property=\"article:publisher\" content=\"https:\/\/www.facebook.com\/luchonoticiasneiva\" \/>\n<meta property=\"article:published_time\" content=\"2024-07-03T11:42:37+00:00\" \/>\n<meta property=\"og:image\" content=\"https:\/\/luchonoticias.com\/editor\/wp-content\/uploads\/2024\/07\/detenido-hurto.jpg\" \/>\n\t<meta property=\"og:image:width\" content=\"700\" \/>\n\t<meta property=\"og:image:height\" content=\"400\" \/>\n\t<meta property=\"og:image:type\" content=\"image\/jpeg\" \/>\n<meta name=\"author\" content=\"Editor General\" \/>\n<meta name=\"twitter:card\" content=\"summary_large_image\" \/>\n<meta name=\"twitter:label1\" content=\"Escrito por\" \/>\n\t<meta name=\"twitter:data1\" content=\"Editor General\" \/>\n\t<meta name=\"twitter:label2\" content=\"Tiempo de lectura\" \/>\n\t<meta name=\"twitter:data2\" content=\"1 minuto\" \/>\n<script type=\"application\/ld+json\" class=\"yoast-schema-graph\">{\"@context\":\"https:\/\/schema.org\",\"@graph\":[{\"@type\":\"Article\",\"@id\":\"https:\/\/luchonoticias.com\/editor\/capturado-individuo-por-hurto-en-rivera\/#article\",\"isPartOf\":{\"@id\":\"https:\/\/luchonoticias.com\/editor\/capturado-individuo-por-hurto-en-rivera\/\"},\"author\":{\"name\":\"Editor General\",\"@id\":\"https:\/\/luchonoticias.com\/editor\/#\/schema\/person\/29217990ddf6f14e35912b2866d591fb\"},\"headline\":\"Capturado individuo por hurto en Rivera\",\"datePublished\":\"2024-07-03T11:42:37+00:00\",\"mainEntityOfPage\":{\"@id\":\"https:\/\/luchonoticias.com\/editor\/capturado-individuo-por-hurto-en-rivera\/\"},\"wordCount\":137,\"publisher\":{\"@id\":\"https:\/\/luchonoticias.com\/editor\/#\/schema\/person\/7a7fd911f58561fd056dbac7b55af9cd\"},\"image\":{\"@id\":\"https:\/\/luchonoticias.com\/editor\/capturado-individuo-por-hurto-en-rivera\/#primaryimage\"},\"thumbnailUrl\":\"https:\/\/luchonoticias.com\/editor\/wp-content\/uploads\/2024\/07\/detenido-hurto.jpg\",\"keywords\":[\"captura\",\"hurto\",\"individuo\"],\"articleSection\":[\"Judicial\"],\"inLanguage\":\"es\"},{\"@type\":\"WebPage\",\"@id\":\"https:\/\/luchonoticias.com\/editor\/capturado-individuo-por-hurto-en-rivera\/\",\"url\":\"https:\/\/luchonoticias.com\/editor\/capturado-individuo-por-hurto-en-rivera\/\",\"name\":\"Capturado individuo por hurto en Rivera -\",\"isPartOf\":{\"@id\":\"https:\/\/luchonoticias.com\/editor\/#website\"},\"primaryImageOfPage\":{\"@id\":\"https:\/\/luchonoticias.com\/editor\/capturado-individuo-por-hurto-en-rivera\/#primaryimage\"},\"image\":{\"@id\":\"https:\/\/luchonoticias.com\/editor\/capturado-individuo-por-hurto-en-rivera\/#primaryimage\"},\"thumbnailUrl\":\"https:\/\/luchonoticias.com\/editor\/wp-content\/uploads\/2024\/07\/detenido-hurto.jpg\",\"datePublished\":\"2024-07-03T11:42:37+00:00\",\"description\":\"La Polic\u00eda Metropolitana de Neiva, gracias a la oportuna denuncia de la ciudadan\u00eda, logra la captura de un hombre y la recuperaci\u00f3n de elementos hurtados minutos antes.\",\"breadcrumb\":{\"@id\":\"https:\/\/luchonoticias.com\/editor\/capturado-individuo-por-hurto-en-rivera\/#breadcrumb\"},\"inLanguage\":\"es\",\"potentialAction\":[{\"@type\":\"ReadAction\",\"target\":[\"https:\/\/luchonoticias.com\/editor\/capturado-individuo-por-hurto-en-rivera\/\"]}]},{\"@type\":\"ImageObject\",\"inLanguage\":\"es\",\"@id\":\"https:\/\/luchonoticias.com\/editor\/capturado-individuo-por-hurto-en-rivera\/#primaryimage\",\"url\":\"https:\/\/luchonoticias.com\/editor\/wp-content\/uploads\/2024\/07\/detenido-hurto.jpg\",\"contentUrl\":\"https:\/\/luchonoticias.com\/editor\/wp-content\/uploads\/2024\/07\/detenido-hurto.jpg\",\"width\":700,\"height\":400},{\"@type\":\"BreadcrumbList\",\"@id\":\"https:\/\/luchonoticias.com\/editor\/capturado-individuo-por-hurto-en-rivera\/#breadcrumb\",\"itemListElement\":[{\"@type\":\"ListItem\",\"position\":1,\"name\":\"Portada\",\"item\":\"https:\/\/luchonoticias.com\/editor\/\"},{\"@type\":\"ListItem\",\"position\":2,\"name\":\"Capturado individuo por hurto en Rivera\"}]},{\"@type\":\"WebSite\",\"@id\":\"https:\/\/luchonoticias.com\/editor\/#website\",\"url\":\"https:\/\/luchonoticias.com\/editor\/\",\"name\":\"\",\"description\":\"\",\"publisher\":{\"@id\":\"https:\/\/luchonoticias.com\/editor\/#\/schema\/person\/7a7fd911f58561fd056dbac7b55af9cd\"},\"potentialAction\":[{\"@type\":\"SearchAction\",\"target\":{\"@type\":\"EntryPoint\",\"urlTemplate\":\"https:\/\/luchonoticias.com\/editor\/?s={search_term_string}\"},\"query-input\":{\"@type\":\"PropertyValueSpecification\",\"valueRequired\":true,\"valueName\":\"search_term_string\"}}],\"inLanguage\":\"es\"},{\"@type\":[\"Person\",\"Organization\"],\"@id\":\"https:\/\/luchonoticias.com\/editor\/#\/schema\/person\/7a7fd911f58561fd056dbac7b55af9cd\",\"name\":\"admin\",\"image\":{\"@type\":\"ImageObject\",\"inLanguage\":\"es\",\"@id\":\"https:\/\/luchonoticias.com\/editor\/#\/schema\/person\/image\/\",\"url\":\"https:\/\/luchonoticias.com\/editor\/wp-content\/uploads\/2024\/02\/cropped-cropped-logolu.webp\",\"contentUrl\":\"https:\/\/luchonoticias.com\/editor\/wp-content\/uploads\/2024\/02\/cropped-cropped-logolu.webp\",\"width\":382,\"height\":170,\"caption\":\"admin\"},\"logo\":{\"@id\":\"https:\/\/luchonoticias.com\/editor\/#\/schema\/person\/image\/\"},\"sameAs\":[\"https:\/\/www.facebook.com\/luchonoticiasneiva\"]},{\"@type\":\"Person\",\"@id\":\"https:\/\/luchonoticias.com\/editor\/#\/schema\/person\/29217990ddf6f14e35912b2866d591fb\",\"name\":\"Editor General\",\"image\":{\"@type\":\"ImageObject\",\"inLanguage\":\"es\",\"@id\":\"https:\/\/luchonoticias.com\/editor\/#\/schema\/person\/image\/\",\"url\":\"https:\/\/luchonoticias.com\/editor\/wp-content\/uploads\/2024\/02\/cropped-cropped-logolu-150x150.webp\",\"contentUrl\":\"https:\/\/luchonoticias.com\/editor\/wp-content\/uploads\/2024\/02\/cropped-cropped-logolu-150x150.webp\",\"caption\":\"Editor General\"},\"sameAs\":[\"https:\/\/luchonoticias.com\/\"],\"url\":\"https:\/\/luchonoticias.com\/editor\/author\/editor-general\/\"}]}<\/script>\n<!-- \/ Yoast SEO plugin. -->","yoast_head_json":{"title":"Capturado individuo por hurto en Rivera -","description":"La Polic\u00eda Metropolitana de Neiva, gracias a la oportuna denuncia de la ciudadan\u00eda, logra la captura de un hombre y la recuperaci\u00f3n de elementos hurtados minutos antes.","robots":{"index":"index","follow":"follow","max-snippet":"max-snippet:-1","max-image-preview":"max-image-preview:large","max-video-preview":"max-video-preview:-1"},"canonical":"https:\/\/luchonoticias.com\/editor\/capturado-individuo-por-hurto-en-rivera\/","og_locale":"es_ES","og_type":"article","og_title":"Capturado individuo por hurto en Rivera -","og_description":"La Polic\u00eda Metropolitana de Neiva, gracias a la oportuna denuncia de la ciudadan\u00eda, logra la captura de un hombre y la recuperaci\u00f3n de elementos hurtados minutos antes.","og_url":"https:\/\/luchonoticias.com\/editor\/capturado-individuo-por-hurto-en-rivera\/","article_publisher":"https:\/\/www.facebook.com\/luchonoticiasneiva","article_published_time":"2024-07-03T11:42:37+00:00","og_image":[{"width":700,"height":400,"url":"https:\/\/luchonoticias.com\/editor\/wp-content\/uploads\/2024\/07\/detenido-hurto.jpg","type":"image\/jpeg"}],"author":"Editor General","twitter_card":"summary_large_image","twitter_misc":{"Escrito por":"Editor General","Tiempo de lectura":"1 minuto"},"schema":{"@context":"https:\/\/schema.org","@graph":[{"@type":"Article","@id":"https:\/\/luchonoticias.com\/editor\/capturado-individuo-por-hurto-en-rivera\/#article","isPartOf":{"@id":"https:\/\/luchonoticias.com\/editor\/capturado-individuo-por-hurto-en-rivera\/"},"author":{"name":"Editor General","@id":"https:\/\/luchonoticias.com\/editor\/#\/schema\/person\/29217990ddf6f14e35912b2866d591fb"},"headline":"Capturado individuo por hurto en Rivera","datePublished":"2024-07-03T11:42:37+00:00","mainEntityOfPage":{"@id":"https:\/\/luchonoticias.com\/editor\/capturado-individuo-por-hurto-en-rivera\/"},"wordCount":137,"publisher":{"@id":"https:\/\/luchonoticias.com\/editor\/#\/schema\/person\/7a7fd911f58561fd056dbac7b55af9cd"},"image":{"@id":"https:\/\/luchonoticias.com\/editor\/capturado-individuo-por-hurto-en-rivera\/#primaryimage"},"thumbnailUrl":"https:\/\/luchonoticias.com\/editor\/wp-content\/uploads\/2024\/07\/detenido-hurto.jpg","keywords":["captura","hurto","individuo"],"articleSection":["Judicial"],"inLanguage":"es"},{"@type":"WebPage","@id":"https:\/\/luchonoticias.com\/editor\/capturado-individuo-por-hurto-en-rivera\/","url":"https:\/\/luchonoticias.com\/editor\/capturado-individuo-por-hurto-en-rivera\/","name":"Capturado individuo por hurto en Rivera -","isPartOf":{"@id":"https:\/\/luchonoticias.com\/editor\/#website"},"primaryImageOfPage":{"@id":"https:\/\/luchonoticias.com\/editor\/capturado-individuo-por-hurto-en-rivera\/#primaryimage"},"image":{"@id":"https:\/\/luchonoticias.com\/editor\/capturado-individuo-por-hurto-en-rivera\/#primaryimage"},"thumbnailUrl":"https:\/\/luchonoticias.com\/editor\/wp-content\/uploads\/2024\/07\/detenido-hurto.jpg","datePublished":"2024-07-03T11:42:37+00:00","description":"La Polic\u00eda Metropolitana de Neiva, gracias a la oportuna denuncia de la ciudadan\u00eda, logra la captura de un hombre y la recuperaci\u00f3n de elementos hurtados minutos antes.","breadcrumb":{"@id":"https:\/\/luchonoticias.com\/editor\/capturado-individuo-por-hurto-en-rivera\/#breadcrumb"},"inLanguage":"es","potentialAction":[{"@type":"ReadAction","target":["https:\/\/luchonoticias.com\/editor\/capturado-individuo-por-hurto-en-rivera\/"]}]},{"@type":"ImageObject","inLanguage":"es","@id":"https:\/\/luchonoticias.com\/editor\/capturado-individuo-por-hurto-en-rivera\/#primaryimage","url":"https:\/\/luchonoticias.com\/editor\/wp-content\/uploads\/2024\/07\/detenido-hurto.jpg","contentUrl":"https:\/\/luchonoticias.com\/editor\/wp-content\/uploads\/2024\/07\/detenido-hurto.jpg","width":700,"height":400},{"@type":"BreadcrumbList","@id":"https:\/\/luchonoticias.com\/editor\/capturado-individuo-por-hurto-en-rivera\/#breadcrumb","itemListElement":[{"@type":"ListItem","position":1,"name":"Portada","item":"https:\/\/luchonoticias.com\/editor\/"},{"@type":"ListItem","position":2,"name":"Capturado individuo por hurto en Rivera"}]},{"@type":"WebSite","@id":"https:\/\/luchonoticias.com\/editor\/#website","url":"https:\/\/luchonoticias.com\/editor\/","name":"","description":"","publisher":{"@id":"https:\/\/luchonoticias.com\/editor\/#\/schema\/person\/7a7fd911f58561fd056dbac7b55af9cd"},"potentialAction":[{"@type":"SearchAction","target":{"@type":"EntryPoint","urlTemplate":"https:\/\/luchonoticias.com\/editor\/?s={search_term_string}"},"query-input":{"@type":"PropertyValueSpecification","valueRequired":true,"valueName":"search_term_string"}}],"inLanguage":"es"},{"@type":["Person","Organization"],"@id":"https:\/\/luchonoticias.com\/editor\/#\/schema\/person\/7a7fd911f58561fd056dbac7b55af9cd","name":"admin","image":{"@type":"ImageObject","inLanguage":"es","@id":"https:\/\/luchonoticias.com\/editor\/#\/schema\/person\/image\/","url":"https:\/\/luchonoticias.com\/editor\/wp-content\/uploads\/2024\/02\/cropped-cropped-logolu.webp","contentUrl":"https:\/\/luchonoticias.com\/editor\/wp-content\/uploads\/2024\/02\/cropped-cropped-logolu.webp","width":382,"height":170,"caption":"admin"},"logo":{"@id":"https:\/\/luchonoticias.com\/editor\/#\/schema\/person\/image\/"},"sameAs":["https:\/\/www.facebook.com\/luchonoticiasneiva"]},{"@type":"Person","@id":"https:\/\/luchonoticias.com\/editor\/#\/schema\/person\/29217990ddf6f14e35912b2866d591fb","name":"Editor General","image":{"@type":"ImageObject","inLanguage":"es","@id":"https:\/\/luchonoticias.com\/editor\/#\/schema\/person\/image\/","url":"https:\/\/luchonoticias.com\/editor\/wp-content\/uploads\/2024\/02\/cropped-cropped-logolu-150x150.webp","contentUrl":"https:\/\/luchonoticias.com\/editor\/wp-content\/uploads\/2024\/02\/cropped-cropped-logolu-150x150.webp","caption":"Editor General"},"sameAs":["https:\/\/luchonoticias.com\/"],"url":"https:\/\/luchonoticias.com\/editor\/author\/editor-general\/"}]}},"_links":{"self":[{"href":"https:\/\/luchonoticias.com\/editor\/wp-json\/wp\/v2\/posts\/74596","targetHints":{"allow":["GET"]}}],"collection":[{"href":"https:\/\/luchonoticias.com\/editor\/wp-json\/wp\/v2\/posts"}],"about":[{"href":"https:\/\/luchonoticias.com\/editor\/wp-json\/wp\/v2\/types\/post"}],"author":[{"embeddable":true,"href":"https:\/\/luchonoticias.com\/editor\/wp-json\/wp\/v2\/users\/2"}],"replies":[{"embeddable":true,"href":"https:\/\/luchonoticias.com\/editor\/wp-json\/wp\/v2\/comments?post=74596"}],"version-history":[{"count":2,"href":"https:\/\/luchonoticias.com\/editor\/wp-json\/wp\/v2\/posts\/74596\/revisions"}],"predecessor-version":[{"id":74599,"href":"https:\/\/luchonoticias.com\/editor\/wp-json\/wp\/v2\/posts\/74596\/revisions\/74599"}],"wp:featuredmedia":[{"embeddable":true,"href":"https:\/\/luchonoticias.com\/editor\/wp-json\/wp\/v2\/media\/74597"}],"wp:attachment":[{"href":"https:\/\/luchonoticias.com\/editor\/wp-json\/wp\/v2\/media?parent=74596"}],"wp:term":[{"taxonomy":"category","embeddable":true,"href":"https:\/\/luchonoticias.com\/editor\/wp-json\/wp\/v2\/categories?post=74596"},{"taxonomy":"post_tag","embeddable":true,"href":"https:\/\/luchonoticias.com\/editor\/wp-json\/wp\/v2\/tags?post=74596"}],"curies":[{"name":"wp","href":"https:\/\/api.w.org\/{rel}","templated":true}]}}