{"id":74677,"date":"2024-07-05T10:48:15","date_gmt":"2024-07-05T15:48:15","guid":{"rendered":"https:\/\/luchonoticias.com\/?p=74677"},"modified":"2024-07-05T10:48:15","modified_gmt":"2024-07-05T15:48:15","slug":"septima-etapa-en-el-tour-harold-tejada-fue-puesto-40","status":"publish","type":"post","link":"https:\/\/luchonoticias.com\/editor\/septima-etapa-en-el-tour-harold-tejada-fue-puesto-40\/","title":{"rendered":"S\u00e9ptima etapa en el Tour: Harold Tejada fue puesto 40"},"content":{"rendered":"<p>La s\u00e9ptima etapa del Tour de Francia fue una contrarreloj individual, donde el ciclista huilense Harold Tejada lleg\u00f3 de 40.<\/p>\n<p>El nativo de Pitalito termin\u00f3 a 2:23 minutos del ganador de la fracci\u00f3n: el campe\u00f3n mundial contrarreloj belga Remco Evenepoel mientras que el mejor colombiano de la jornada fue Santiago Buitrago que cruz\u00f3 de 27.<\/p>\n<p>Tadej Pogacar termin\u00f3 de segundo pero conserva el liderato de la general con una ventaja de 33 segundos sobre Evenepoel mientras que Egan Bernal se mantiene como el mejor colombiano pero sali\u00f3 del top 10: ahora es 12 a 5:25 minutos.<\/p>\n<p>Por su parte Harold Tejada ascendi\u00f3 una casilla en la general y ahora clasifica de 67 a 45:18 minutos.<\/p>\n<p>Ma\u00f1ana etapa de leve monta\u00f1a y 183 kil\u00f3metros entre Semur-en-Auxois y Colombey-les-Deux-Eglises.<\/p>\n","protected":false},"excerpt":{"rendered":"<p>La etapa de hoy en el Tour de Francia dej\u00f3 a Harold Tejada en el puesto 40, el belga Remco Evenepoel fue el vencedor. <\/p>\n","protected":false},"author":2,"featured_media":73785,"comment_status":"closed","ping_status":"open","sticky":false,"template":"","format":"standard","meta":{"footnotes":""},"categories":[34],"tags":[],"class_list":["post-74677","post","type-post","status-publish","format-standard","has-post-thumbnail","hentry","category-deportes"],"yoast_head":"<!-- This site is optimized with the Yoast SEO plugin v26.6 - https:\/\/yoast.com\/wordpress\/plugins\/seo\/ -->\n<title>S\u00e9ptima etapa en el Tour: Harold Tejada fue puesto 40 -<\/title>\n<meta name=\"description\" content=\"La etapa de hoy en el Tour de Francia dej\u00f3 a Harold Tejada en el puesto 40, el belga Remco Evenepoel fue el vencedor.\" \/>\n<meta name=\"robots\" content=\"index, follow, max-snippet:-1, max-image-preview:large, max-video-preview:-1\" \/>\n<link rel=\"canonical\" href=\"https:\/\/luchonoticias.com\/editor\/septima-etapa-en-el-tour-harold-tejada-fue-puesto-40\/\" \/>\n<meta property=\"og:locale\" content=\"es_ES\" \/>\n<meta property=\"og:type\" content=\"article\" \/>\n<meta property=\"og:title\" content=\"S\u00e9ptima etapa en el Tour: Harold Tejada fue puesto 40 -\" \/>\n<meta property=\"og:description\" content=\"La etapa de hoy en el Tour de Francia dej\u00f3 a Harold Tejada en el puesto 40, el belga Remco Evenepoel fue el vencedor.\" \/>\n<meta property=\"og:url\" content=\"https:\/\/luchonoticias.com\/editor\/septima-etapa-en-el-tour-harold-tejada-fue-puesto-40\/\" \/>\n<meta property=\"article:publisher\" content=\"https:\/\/www.facebook.com\/luchonoticiasneiva\" \/>\n<meta property=\"article:published_time\" content=\"2024-07-05T15:48:15+00:00\" \/>\n<meta property=\"og:image\" content=\"https:\/\/luchonoticias.com\/editor\/wp-content\/uploads\/2024\/06\/harold-tejada-2.jpg\" \/>\n\t<meta property=\"og:image:width\" content=\"700\" \/>\n\t<meta property=\"og:image:height\" content=\"400\" \/>\n\t<meta property=\"og:image:type\" content=\"image\/jpeg\" \/>\n<meta name=\"author\" content=\"Editor General\" \/>\n<meta name=\"twitter:card\" content=\"summary_large_image\" \/>\n<meta name=\"twitter:label1\" content=\"Escrito por\" \/>\n\t<meta name=\"twitter:data1\" content=\"Editor General\" \/>\n\t<meta name=\"twitter:label2\" content=\"Tiempo de lectura\" \/>\n\t<meta name=\"twitter:data2\" content=\"1 minuto\" \/>\n<script type=\"application\/ld+json\" class=\"yoast-schema-graph\">{\"@context\":\"https:\/\/schema.org\",\"@graph\":[{\"@type\":\"Article\",\"@id\":\"https:\/\/luchonoticias.com\/editor\/septima-etapa-en-el-tour-harold-tejada-fue-puesto-40\/#article\",\"isPartOf\":{\"@id\":\"https:\/\/luchonoticias.com\/editor\/septima-etapa-en-el-tour-harold-tejada-fue-puesto-40\/\"},\"author\":{\"name\":\"Editor General\",\"@id\":\"https:\/\/luchonoticias.com\/editor\/#\/schema\/person\/29217990ddf6f14e35912b2866d591fb\"},\"headline\":\"S\u00e9ptima etapa en el Tour: Harold Tejada fue puesto 40\",\"datePublished\":\"2024-07-05T15:48:15+00:00\",\"mainEntityOfPage\":{\"@id\":\"https:\/\/luchonoticias.com\/editor\/septima-etapa-en-el-tour-harold-tejada-fue-puesto-40\/\"},\"wordCount\":133,\"publisher\":{\"@id\":\"https:\/\/luchonoticias.com\/editor\/#\/schema\/person\/7a7fd911f58561fd056dbac7b55af9cd\"},\"image\":{\"@id\":\"https:\/\/luchonoticias.com\/editor\/septima-etapa-en-el-tour-harold-tejada-fue-puesto-40\/#primaryimage\"},\"thumbnailUrl\":\"https:\/\/luchonoticias.com\/editor\/wp-content\/uploads\/2024\/06\/harold-tejada-2.jpg\",\"articleSection\":[\"Deportes\"],\"inLanguage\":\"es\"},{\"@type\":\"WebPage\",\"@id\":\"https:\/\/luchonoticias.com\/editor\/septima-etapa-en-el-tour-harold-tejada-fue-puesto-40\/\",\"url\":\"https:\/\/luchonoticias.com\/editor\/septima-etapa-en-el-tour-harold-tejada-fue-puesto-40\/\",\"name\":\"S\u00e9ptima etapa en el Tour: Harold Tejada fue puesto 40 -\",\"isPartOf\":{\"@id\":\"https:\/\/luchonoticias.com\/editor\/#website\"},\"primaryImageOfPage\":{\"@id\":\"https:\/\/luchonoticias.com\/editor\/septima-etapa-en-el-tour-harold-tejada-fue-puesto-40\/#primaryimage\"},\"image\":{\"@id\":\"https:\/\/luchonoticias.com\/editor\/septima-etapa-en-el-tour-harold-tejada-fue-puesto-40\/#primaryimage\"},\"thumbnailUrl\":\"https:\/\/luchonoticias.com\/editor\/wp-content\/uploads\/2024\/06\/harold-tejada-2.jpg\",\"datePublished\":\"2024-07-05T15:48:15+00:00\",\"description\":\"La etapa de hoy en el Tour de Francia dej\u00f3 a Harold Tejada en el puesto 40, el belga Remco Evenepoel fue el vencedor.\",\"breadcrumb\":{\"@id\":\"https:\/\/luchonoticias.com\/editor\/septima-etapa-en-el-tour-harold-tejada-fue-puesto-40\/#breadcrumb\"},\"inLanguage\":\"es\",\"potentialAction\":[{\"@type\":\"ReadAction\",\"target\":[\"https:\/\/luchonoticias.com\/editor\/septima-etapa-en-el-tour-harold-tejada-fue-puesto-40\/\"]}]},{\"@type\":\"ImageObject\",\"inLanguage\":\"es\",\"@id\":\"https:\/\/luchonoticias.com\/editor\/septima-etapa-en-el-tour-harold-tejada-fue-puesto-40\/#primaryimage\",\"url\":\"https:\/\/luchonoticias.com\/editor\/wp-content\/uploads\/2024\/06\/harold-tejada-2.jpg\",\"contentUrl\":\"https:\/\/luchonoticias.com\/editor\/wp-content\/uploads\/2024\/06\/harold-tejada-2.jpg\",\"width\":700,\"height\":400},{\"@type\":\"BreadcrumbList\",\"@id\":\"https:\/\/luchonoticias.com\/editor\/septima-etapa-en-el-tour-harold-tejada-fue-puesto-40\/#breadcrumb\",\"itemListElement\":[{\"@type\":\"ListItem\",\"position\":1,\"name\":\"Portada\",\"item\":\"https:\/\/luchonoticias.com\/editor\/\"},{\"@type\":\"ListItem\",\"position\":2,\"name\":\"S\u00e9ptima etapa en el Tour: Harold Tejada fue puesto 40\"}]},{\"@type\":\"WebSite\",\"@id\":\"https:\/\/luchonoticias.com\/editor\/#website\",\"url\":\"https:\/\/luchonoticias.com\/editor\/\",\"name\":\"\",\"description\":\"\",\"publisher\":{\"@id\":\"https:\/\/luchonoticias.com\/editor\/#\/schema\/person\/7a7fd911f58561fd056dbac7b55af9cd\"},\"potentialAction\":[{\"@type\":\"SearchAction\",\"target\":{\"@type\":\"EntryPoint\",\"urlTemplate\":\"https:\/\/luchonoticias.com\/editor\/?s={search_term_string}\"},\"query-input\":{\"@type\":\"PropertyValueSpecification\",\"valueRequired\":true,\"valueName\":\"search_term_string\"}}],\"inLanguage\":\"es\"},{\"@type\":[\"Person\",\"Organization\"],\"@id\":\"https:\/\/luchonoticias.com\/editor\/#\/schema\/person\/7a7fd911f58561fd056dbac7b55af9cd\",\"name\":\"admin\",\"image\":{\"@type\":\"ImageObject\",\"inLanguage\":\"es\",\"@id\":\"https:\/\/luchonoticias.com\/editor\/#\/schema\/person\/image\/\",\"url\":\"https:\/\/luchonoticias.com\/editor\/wp-content\/uploads\/2024\/02\/cropped-cropped-logolu.webp\",\"contentUrl\":\"https:\/\/luchonoticias.com\/editor\/wp-content\/uploads\/2024\/02\/cropped-cropped-logolu.webp\",\"width\":382,\"height\":170,\"caption\":\"admin\"},\"logo\":{\"@id\":\"https:\/\/luchonoticias.com\/editor\/#\/schema\/person\/image\/\"},\"sameAs\":[\"https:\/\/www.facebook.com\/luchonoticiasneiva\"]},{\"@type\":\"Person\",\"@id\":\"https:\/\/luchonoticias.com\/editor\/#\/schema\/person\/29217990ddf6f14e35912b2866d591fb\",\"name\":\"Editor General\",\"image\":{\"@type\":\"ImageObject\",\"inLanguage\":\"es\",\"@id\":\"https:\/\/luchonoticias.com\/editor\/#\/schema\/person\/image\/\",\"url\":\"https:\/\/luchonoticias.com\/editor\/wp-content\/uploads\/2024\/02\/cropped-cropped-logolu-150x150.webp\",\"contentUrl\":\"https:\/\/luchonoticias.com\/editor\/wp-content\/uploads\/2024\/02\/cropped-cropped-logolu-150x150.webp\",\"caption\":\"Editor General\"},\"sameAs\":[\"https:\/\/luchonoticias.com\/\"],\"url\":\"https:\/\/luchonoticias.com\/editor\/author\/editor-general\/\"}]}<\/script>\n<!-- \/ Yoast SEO plugin. -->","yoast_head_json":{"title":"S\u00e9ptima etapa en el Tour: Harold Tejada fue puesto 40 -","description":"La etapa de hoy en el Tour de Francia dej\u00f3 a Harold Tejada en el puesto 40, el belga Remco Evenepoel fue el vencedor.","robots":{"index":"index","follow":"follow","max-snippet":"max-snippet:-1","max-image-preview":"max-image-preview:large","max-video-preview":"max-video-preview:-1"},"canonical":"https:\/\/luchonoticias.com\/editor\/septima-etapa-en-el-tour-harold-tejada-fue-puesto-40\/","og_locale":"es_ES","og_type":"article","og_title":"S\u00e9ptima etapa en el Tour: Harold Tejada fue puesto 40 -","og_description":"La etapa de hoy en el Tour de Francia dej\u00f3 a Harold Tejada en el puesto 40, el belga Remco Evenepoel fue el vencedor.","og_url":"https:\/\/luchonoticias.com\/editor\/septima-etapa-en-el-tour-harold-tejada-fue-puesto-40\/","article_publisher":"https:\/\/www.facebook.com\/luchonoticiasneiva","article_published_time":"2024-07-05T15:48:15+00:00","og_image":[{"width":700,"height":400,"url":"https:\/\/luchonoticias.com\/editor\/wp-content\/uploads\/2024\/06\/harold-tejada-2.jpg","type":"image\/jpeg"}],"author":"Editor General","twitter_card":"summary_large_image","twitter_misc":{"Escrito por":"Editor General","Tiempo de lectura":"1 minuto"},"schema":{"@context":"https:\/\/schema.org","@graph":[{"@type":"Article","@id":"https:\/\/luchonoticias.com\/editor\/septima-etapa-en-el-tour-harold-tejada-fue-puesto-40\/#article","isPartOf":{"@id":"https:\/\/luchonoticias.com\/editor\/septima-etapa-en-el-tour-harold-tejada-fue-puesto-40\/"},"author":{"name":"Editor General","@id":"https:\/\/luchonoticias.com\/editor\/#\/schema\/person\/29217990ddf6f14e35912b2866d591fb"},"headline":"S\u00e9ptima etapa en el Tour: Harold Tejada fue puesto 40","datePublished":"2024-07-05T15:48:15+00:00","mainEntityOfPage":{"@id":"https:\/\/luchonoticias.com\/editor\/septima-etapa-en-el-tour-harold-tejada-fue-puesto-40\/"},"wordCount":133,"publisher":{"@id":"https:\/\/luchonoticias.com\/editor\/#\/schema\/person\/7a7fd911f58561fd056dbac7b55af9cd"},"image":{"@id":"https:\/\/luchonoticias.com\/editor\/septima-etapa-en-el-tour-harold-tejada-fue-puesto-40\/#primaryimage"},"thumbnailUrl":"https:\/\/luchonoticias.com\/editor\/wp-content\/uploads\/2024\/06\/harold-tejada-2.jpg","articleSection":["Deportes"],"inLanguage":"es"},{"@type":"WebPage","@id":"https:\/\/luchonoticias.com\/editor\/septima-etapa-en-el-tour-harold-tejada-fue-puesto-40\/","url":"https:\/\/luchonoticias.com\/editor\/septima-etapa-en-el-tour-harold-tejada-fue-puesto-40\/","name":"S\u00e9ptima etapa en el Tour: Harold Tejada fue puesto 40 -","isPartOf":{"@id":"https:\/\/luchonoticias.com\/editor\/#website"},"primaryImageOfPage":{"@id":"https:\/\/luchonoticias.com\/editor\/septima-etapa-en-el-tour-harold-tejada-fue-puesto-40\/#primaryimage"},"image":{"@id":"https:\/\/luchonoticias.com\/editor\/septima-etapa-en-el-tour-harold-tejada-fue-puesto-40\/#primaryimage"},"thumbnailUrl":"https:\/\/luchonoticias.com\/editor\/wp-content\/uploads\/2024\/06\/harold-tejada-2.jpg","datePublished":"2024-07-05T15:48:15+00:00","description":"La etapa de hoy en el Tour de Francia dej\u00f3 a Harold Tejada en el puesto 40, el belga Remco Evenepoel fue el vencedor.","breadcrumb":{"@id":"https:\/\/luchonoticias.com\/editor\/septima-etapa-en-el-tour-harold-tejada-fue-puesto-40\/#breadcrumb"},"inLanguage":"es","potentialAction":[{"@type":"ReadAction","target":["https:\/\/luchonoticias.com\/editor\/septima-etapa-en-el-tour-harold-tejada-fue-puesto-40\/"]}]},{"@type":"ImageObject","inLanguage":"es","@id":"https:\/\/luchonoticias.com\/editor\/septima-etapa-en-el-tour-harold-tejada-fue-puesto-40\/#primaryimage","url":"https:\/\/luchonoticias.com\/editor\/wp-content\/uploads\/2024\/06\/harold-tejada-2.jpg","contentUrl":"https:\/\/luchonoticias.com\/editor\/wp-content\/uploads\/2024\/06\/harold-tejada-2.jpg","width":700,"height":400},{"@type":"BreadcrumbList","@id":"https:\/\/luchonoticias.com\/editor\/septima-etapa-en-el-tour-harold-tejada-fue-puesto-40\/#breadcrumb","itemListElement":[{"@type":"ListItem","position":1,"name":"Portada","item":"https:\/\/luchonoticias.com\/editor\/"},{"@type":"ListItem","position":2,"name":"S\u00e9ptima etapa en el Tour: Harold Tejada fue puesto 40"}]},{"@type":"WebSite","@id":"https:\/\/luchonoticias.com\/editor\/#website","url":"https:\/\/luchonoticias.com\/editor\/","name":"","description":"","publisher":{"@id":"https:\/\/luchonoticias.com\/editor\/#\/schema\/person\/7a7fd911f58561fd056dbac7b55af9cd"},"potentialAction":[{"@type":"SearchAction","target":{"@type":"EntryPoint","urlTemplate":"https:\/\/luchonoticias.com\/editor\/?s={search_term_string}"},"query-input":{"@type":"PropertyValueSpecification","valueRequired":true,"valueName":"search_term_string"}}],"inLanguage":"es"},{"@type":["Person","Organization"],"@id":"https:\/\/luchonoticias.com\/editor\/#\/schema\/person\/7a7fd911f58561fd056dbac7b55af9cd","name":"admin","image":{"@type":"ImageObject","inLanguage":"es","@id":"https:\/\/luchonoticias.com\/editor\/#\/schema\/person\/image\/","url":"https:\/\/luchonoticias.com\/editor\/wp-content\/uploads\/2024\/02\/cropped-cropped-logolu.webp","contentUrl":"https:\/\/luchonoticias.com\/editor\/wp-content\/uploads\/2024\/02\/cropped-cropped-logolu.webp","width":382,"height":170,"caption":"admin"},"logo":{"@id":"https:\/\/luchonoticias.com\/editor\/#\/schema\/person\/image\/"},"sameAs":["https:\/\/www.facebook.com\/luchonoticiasneiva"]},{"@type":"Person","@id":"https:\/\/luchonoticias.com\/editor\/#\/schema\/person\/29217990ddf6f14e35912b2866d591fb","name":"Editor General","image":{"@type":"ImageObject","inLanguage":"es","@id":"https:\/\/luchonoticias.com\/editor\/#\/schema\/person\/image\/","url":"https:\/\/luchonoticias.com\/editor\/wp-content\/uploads\/2024\/02\/cropped-cropped-logolu-150x150.webp","contentUrl":"https:\/\/luchonoticias.com\/editor\/wp-content\/uploads\/2024\/02\/cropped-cropped-logolu-150x150.webp","caption":"Editor General"},"sameAs":["https:\/\/luchonoticias.com\/"],"url":"https:\/\/luchonoticias.com\/editor\/author\/editor-general\/"}]}},"_links":{"self":[{"href":"https:\/\/luchonoticias.com\/editor\/wp-json\/wp\/v2\/posts\/74677","targetHints":{"allow":["GET"]}}],"collection":[{"href":"https:\/\/luchonoticias.com\/editor\/wp-json\/wp\/v2\/posts"}],"about":[{"href":"https:\/\/luchonoticias.com\/editor\/wp-json\/wp\/v2\/types\/post"}],"author":[{"embeddable":true,"href":"https:\/\/luchonoticias.com\/editor\/wp-json\/wp\/v2\/users\/2"}],"replies":[{"embeddable":true,"href":"https:\/\/luchonoticias.com\/editor\/wp-json\/wp\/v2\/comments?post=74677"}],"version-history":[{"count":2,"href":"https:\/\/luchonoticias.com\/editor\/wp-json\/wp\/v2\/posts\/74677\/revisions"}],"predecessor-version":[{"id":74679,"href":"https:\/\/luchonoticias.com\/editor\/wp-json\/wp\/v2\/posts\/74677\/revisions\/74679"}],"wp:featuredmedia":[{"embeddable":true,"href":"https:\/\/luchonoticias.com\/editor\/wp-json\/wp\/v2\/media\/73785"}],"wp:attachment":[{"href":"https:\/\/luchonoticias.com\/editor\/wp-json\/wp\/v2\/media?parent=74677"}],"wp:term":[{"taxonomy":"category","embeddable":true,"href":"https:\/\/luchonoticias.com\/editor\/wp-json\/wp\/v2\/categories?post=74677"},{"taxonomy":"post_tag","embeddable":true,"href":"https:\/\/luchonoticias.com\/editor\/wp-json\/wp\/v2\/tags?post=74677"}],"curies":[{"name":"wp","href":"https:\/\/api.w.org\/{rel}","templated":true}]}}