{"id":74680,"date":"2024-07-05T13:45:55","date_gmt":"2024-07-05T18:45:55","guid":{"rendered":"https:\/\/luchonoticias.com\/?p=74680"},"modified":"2024-07-05T13:45:55","modified_gmt":"2024-07-05T18:45:55","slug":"el-san-pedro-y-los-numeros-que-le-dejo-al-huila","status":"publish","type":"post","link":"https:\/\/luchonoticias.com\/editor\/el-san-pedro-y-los-numeros-que-le-dejo-al-huila\/","title":{"rendered":"El San Pedro y los n\u00fameros que le dej\u00f3 al Huila"},"content":{"rendered":"<p>Bajo 6 pilares de las fiestas, como son: organizaci\u00f3n, cumplimiento, seguridad, mejor calidad, riqueza cultural e impacto econ\u00f3mico positivo, el gobernador del Huila Rodrigo Villalba Mosquera, entreg\u00f3 los resultados a los huilenses a trav\u00e9s de una rueda de prensa con periodistas, medios locales y regionales.<\/p>\n<p>En materia de organizaci\u00f3n, Villalba dijo que rein\u00f3 el trabajo articulado con las distintas entidades departamentales y municipales que tienen competencia directa con las fiestas de San Juan y San Pedro.<\/p>\n<p>\u00abCelebro el buen entendimiento entre Inturhuila, Secretar\u00eda de Desarrollo Econ\u00f3mico y Turismo, Secretar\u00eda de Cultura y Corposanpedro, de la Gobernaci\u00f3n del Huila, la Secretar\u00eda de Cultura, el Secretario de Gobierno y otras entidades del Gobierno Municipal\u00bb, destac\u00f3 el mandatario de los huilenses.<\/p>\n<p>\u00abFruto de este trabajo en equipo, logramos cumplir con la puntualidad de los eventos y la seguridad ciudadana en nuestras fiestas. Algo que los neivanos y turistas reconocen\u00bb, a\u00f1adi\u00f3.<\/p>\n<p>Uno de los temas fuertes fue el de seguridad, donde gracias al esfuerzo conjunto entre Polic\u00eda, Ej\u00e9rcito, Fuerza \u00c1erea, Fiscal\u00eda, Personer\u00eda, Defensor\u00eda del Pueblo, Bomberos, Defensa Civil, Cruz Roja, se lograron proteger las fiestas al punto de obtener resultados dignos de admirar en todos los escenarios territoriales.<\/p>\n<p>\u00abLogramos destinar 1.700 polic\u00edas para el Huila, de los cuales 1.066 se fueron para Neiva, ciudad de los eventos centrales de nuestras fiestas. Contamos con 252 efectivos de polic\u00eda de carreteras y 4.200 solados para el Huila. Esta fuerza p\u00fablica brind\u00f3 tranquilidad para 150 eventos de las fiestas, una inversi\u00f3n de $1.220 millones y ah\u00ed est\u00e1n los resultados\u00bb, manifest\u00f3 Villalba Mosquera.<\/p>\n<p>De esos resultados se cuentan una baja de distintos indicadores con respecto al 2023, como homicidios en -50%, de 5% menos de lesiones personales, 53% menos de hurto a personas, 0% hurto a comercio, 29% menos hurtos a residencias, 50% menos de hurto a carros, 68% menos de hurto a motos 0% robo a ganado, 0% terrorismo.<\/p>\n<p><strong>Mejor calidad de eventos<\/strong><\/p>\n<p>El Gobernador tambi\u00e9n destac\u00f3 que estas fiestas tuvieron 31 artistas de talla nacional, internacional y local.<\/p>\n<p>\u00abUna expresi\u00f3n de riqueza cultural \u00fanica en el pa\u00eds con desfiles, encuentros musicales, de danza, m\u00fasica alternativa, banda Sinf\u00f3nicas, rajale\u00f1as, Bambuco Tradicional, concierto afrocolombiano, ferias de artesanos, conciertos populares, reinados, que significaron cerca de 7.398 artistas en escena, con ejemplos de inclusi\u00f3n social\u00bb, argument\u00f3 el gobernador.<\/p>\n<p><strong>Impacto Econ\u00f3mico Positivo<\/strong><\/p>\n<p>El mandatario huilense se\u00f1al\u00f3 que el impacto econ\u00f3mico de las fiestas alcanz\u00f3 los $137.000 millones, con un promedio de ocupaci\u00f3n hotelera del 88.72%, aumento de movilidad a\u00e9rea, de pasajeros (126.101) y veh\u00edculos (8.327), y visitantes nacionales en atractivos tur\u00edsticos (7.827) y extranjeros (158).<\/p>\n<p>Otras cifras importantes reveladas por el Gobernador fueron las ventas de las ferias de maestros artesanos por cerca de $221.186.756, calle del festival con un aforo de 38.000 personas asistentes y un costo $2.363.000.000, para 14 artistas y 3 eventos, as\u00ed como conciertos privados, (6 eventos), con un aforo de 33.500 personas y un costo de $11.280.000.000.<\/p>\n<p>Tambi\u00e9n el de ventas del aguarde doble an\u00eds que tanto aporte por impuesto le hace a la salud, con un 13% de aumento con respecto al 2023.<\/p>\n<p>Finalmente resalt\u00f3 el cubrimiento period\u00edstico internacional nacional, local, regional de las fiestas y una movilidad de 363.402 veh\u00edculos que ingresaron se movieron durante las festividades.<\/p>\n","protected":false},"excerpt":{"rendered":"<p>Junio de 2024 represent\u00f3 para la Concesi\u00f3n de Doble An\u00eds el mayor volumen en ventas luego de 10 a\u00f1os de estar en la regi\u00f3n. Recursos que estar\u00e1n dirigidos a la salud de los huilenses.<\/p>\n","protected":false},"author":2,"featured_media":74681,"comment_status":"closed","ping_status":"open","sticky":false,"template":"","format":"standard","meta":{"footnotes":""},"categories":[33],"tags":[],"class_list":["post-74680","post","type-post","status-publish","format-standard","has-post-thumbnail","hentry","category-huila"],"yoast_head":"<!-- This site is optimized with the Yoast SEO plugin v26.6 - https:\/\/yoast.com\/wordpress\/plugins\/seo\/ -->\n<title>El San Pedro y los n\u00fameros que le dej\u00f3 al Huila -<\/title>\n<meta name=\"description\" content=\"Junio de 2024 represent\u00f3 para la Concesi\u00f3n de Doble An\u00eds el mayor volumen en ventas luego de 10 a\u00f1os de estar en la regi\u00f3n. Recursos que estar\u00e1n dirigidos a la salud de los huilenses.\" \/>\n<meta name=\"robots\" content=\"index, follow, max-snippet:-1, max-image-preview:large, max-video-preview:-1\" \/>\n<link rel=\"canonical\" href=\"https:\/\/luchonoticias.com\/editor\/el-san-pedro-y-los-numeros-que-le-dejo-al-huila\/\" \/>\n<meta property=\"og:locale\" content=\"es_ES\" \/>\n<meta property=\"og:type\" content=\"article\" \/>\n<meta property=\"og:title\" content=\"El San Pedro y los n\u00fameros que le dej\u00f3 al Huila -\" \/>\n<meta property=\"og:description\" content=\"Junio de 2024 represent\u00f3 para la Concesi\u00f3n de Doble An\u00eds el mayor volumen en ventas luego de 10 a\u00f1os de estar en la regi\u00f3n. Recursos que estar\u00e1n dirigidos a la salud de los huilenses.\" \/>\n<meta property=\"og:url\" content=\"https:\/\/luchonoticias.com\/editor\/el-san-pedro-y-los-numeros-que-le-dejo-al-huila\/\" \/>\n<meta property=\"article:publisher\" content=\"https:\/\/www.facebook.com\/luchonoticiasneiva\" \/>\n<meta property=\"article:published_time\" content=\"2024-07-05T18:45:55+00:00\" \/>\n<meta property=\"og:image\" content=\"https:\/\/luchonoticias.com\/editor\/wp-content\/uploads\/2024\/07\/fiestas-san-pedro-final.jpg\" \/>\n\t<meta property=\"og:image:width\" content=\"700\" \/>\n\t<meta property=\"og:image:height\" content=\"400\" \/>\n\t<meta property=\"og:image:type\" content=\"image\/jpeg\" \/>\n<meta name=\"author\" content=\"Editor General\" \/>\n<meta name=\"twitter:card\" content=\"summary_large_image\" \/>\n<meta name=\"twitter:label1\" content=\"Escrito por\" \/>\n\t<meta name=\"twitter:data1\" content=\"Editor General\" \/>\n\t<meta name=\"twitter:label2\" content=\"Tiempo de lectura\" \/>\n\t<meta name=\"twitter:data2\" content=\"3 minutos\" \/>\n<script type=\"application\/ld+json\" class=\"yoast-schema-graph\">{\"@context\":\"https:\/\/schema.org\",\"@graph\":[{\"@type\":\"Article\",\"@id\":\"https:\/\/luchonoticias.com\/editor\/el-san-pedro-y-los-numeros-que-le-dejo-al-huila\/#article\",\"isPartOf\":{\"@id\":\"https:\/\/luchonoticias.com\/editor\/el-san-pedro-y-los-numeros-que-le-dejo-al-huila\/\"},\"author\":{\"name\":\"Editor General\",\"@id\":\"https:\/\/luchonoticias.com\/editor\/#\/schema\/person\/29217990ddf6f14e35912b2866d591fb\"},\"headline\":\"El San Pedro y los n\u00fameros que le dej\u00f3 al Huila\",\"datePublished\":\"2024-07-05T18:45:55+00:00\",\"mainEntityOfPage\":{\"@id\":\"https:\/\/luchonoticias.com\/editor\/el-san-pedro-y-los-numeros-que-le-dejo-al-huila\/\"},\"wordCount\":548,\"publisher\":{\"@id\":\"https:\/\/luchonoticias.com\/editor\/#\/schema\/person\/7a7fd911f58561fd056dbac7b55af9cd\"},\"image\":{\"@id\":\"https:\/\/luchonoticias.com\/editor\/el-san-pedro-y-los-numeros-que-le-dejo-al-huila\/#primaryimage\"},\"thumbnailUrl\":\"https:\/\/luchonoticias.com\/editor\/wp-content\/uploads\/2024\/07\/fiestas-san-pedro-final.jpg\",\"articleSection\":[\"Huila\"],\"inLanguage\":\"es\"},{\"@type\":\"WebPage\",\"@id\":\"https:\/\/luchonoticias.com\/editor\/el-san-pedro-y-los-numeros-que-le-dejo-al-huila\/\",\"url\":\"https:\/\/luchonoticias.com\/editor\/el-san-pedro-y-los-numeros-que-le-dejo-al-huila\/\",\"name\":\"El San Pedro y los n\u00fameros que le dej\u00f3 al Huila -\",\"isPartOf\":{\"@id\":\"https:\/\/luchonoticias.com\/editor\/#website\"},\"primaryImageOfPage\":{\"@id\":\"https:\/\/luchonoticias.com\/editor\/el-san-pedro-y-los-numeros-que-le-dejo-al-huila\/#primaryimage\"},\"image\":{\"@id\":\"https:\/\/luchonoticias.com\/editor\/el-san-pedro-y-los-numeros-que-le-dejo-al-huila\/#primaryimage\"},\"thumbnailUrl\":\"https:\/\/luchonoticias.com\/editor\/wp-content\/uploads\/2024\/07\/fiestas-san-pedro-final.jpg\",\"datePublished\":\"2024-07-05T18:45:55+00:00\",\"description\":\"Junio de 2024 represent\u00f3 para la Concesi\u00f3n de Doble An\u00eds el mayor volumen en ventas luego de 10 a\u00f1os de estar en la regi\u00f3n. Recursos que estar\u00e1n dirigidos a la salud de los huilenses.\",\"breadcrumb\":{\"@id\":\"https:\/\/luchonoticias.com\/editor\/el-san-pedro-y-los-numeros-que-le-dejo-al-huila\/#breadcrumb\"},\"inLanguage\":\"es\",\"potentialAction\":[{\"@type\":\"ReadAction\",\"target\":[\"https:\/\/luchonoticias.com\/editor\/el-san-pedro-y-los-numeros-que-le-dejo-al-huila\/\"]}]},{\"@type\":\"ImageObject\",\"inLanguage\":\"es\",\"@id\":\"https:\/\/luchonoticias.com\/editor\/el-san-pedro-y-los-numeros-que-le-dejo-al-huila\/#primaryimage\",\"url\":\"https:\/\/luchonoticias.com\/editor\/wp-content\/uploads\/2024\/07\/fiestas-san-pedro-final.jpg\",\"contentUrl\":\"https:\/\/luchonoticias.com\/editor\/wp-content\/uploads\/2024\/07\/fiestas-san-pedro-final.jpg\",\"width\":700,\"height\":400},{\"@type\":\"BreadcrumbList\",\"@id\":\"https:\/\/luchonoticias.com\/editor\/el-san-pedro-y-los-numeros-que-le-dejo-al-huila\/#breadcrumb\",\"itemListElement\":[{\"@type\":\"ListItem\",\"position\":1,\"name\":\"Portada\",\"item\":\"https:\/\/luchonoticias.com\/editor\/\"},{\"@type\":\"ListItem\",\"position\":2,\"name\":\"El San Pedro y los n\u00fameros que le dej\u00f3 al Huila\"}]},{\"@type\":\"WebSite\",\"@id\":\"https:\/\/luchonoticias.com\/editor\/#website\",\"url\":\"https:\/\/luchonoticias.com\/editor\/\",\"name\":\"\",\"description\":\"\",\"publisher\":{\"@id\":\"https:\/\/luchonoticias.com\/editor\/#\/schema\/person\/7a7fd911f58561fd056dbac7b55af9cd\"},\"potentialAction\":[{\"@type\":\"SearchAction\",\"target\":{\"@type\":\"EntryPoint\",\"urlTemplate\":\"https:\/\/luchonoticias.com\/editor\/?s={search_term_string}\"},\"query-input\":{\"@type\":\"PropertyValueSpecification\",\"valueRequired\":true,\"valueName\":\"search_term_string\"}}],\"inLanguage\":\"es\"},{\"@type\":[\"Person\",\"Organization\"],\"@id\":\"https:\/\/luchonoticias.com\/editor\/#\/schema\/person\/7a7fd911f58561fd056dbac7b55af9cd\",\"name\":\"admin\",\"image\":{\"@type\":\"ImageObject\",\"inLanguage\":\"es\",\"@id\":\"https:\/\/luchonoticias.com\/editor\/#\/schema\/person\/image\/\",\"url\":\"https:\/\/luchonoticias.com\/editor\/wp-content\/uploads\/2024\/02\/cropped-cropped-logolu.webp\",\"contentUrl\":\"https:\/\/luchonoticias.com\/editor\/wp-content\/uploads\/2024\/02\/cropped-cropped-logolu.webp\",\"width\":382,\"height\":170,\"caption\":\"admin\"},\"logo\":{\"@id\":\"https:\/\/luchonoticias.com\/editor\/#\/schema\/person\/image\/\"},\"sameAs\":[\"https:\/\/www.facebook.com\/luchonoticiasneiva\"]},{\"@type\":\"Person\",\"@id\":\"https:\/\/luchonoticias.com\/editor\/#\/schema\/person\/29217990ddf6f14e35912b2866d591fb\",\"name\":\"Editor General\",\"image\":{\"@type\":\"ImageObject\",\"inLanguage\":\"es\",\"@id\":\"https:\/\/luchonoticias.com\/editor\/#\/schema\/person\/image\/\",\"url\":\"https:\/\/luchonoticias.com\/editor\/wp-content\/uploads\/2024\/02\/cropped-cropped-logolu-150x150.webp\",\"contentUrl\":\"https:\/\/luchonoticias.com\/editor\/wp-content\/uploads\/2024\/02\/cropped-cropped-logolu-150x150.webp\",\"caption\":\"Editor General\"},\"sameAs\":[\"https:\/\/luchonoticias.com\/\"],\"url\":\"https:\/\/luchonoticias.com\/editor\/author\/editor-general\/\"}]}<\/script>\n<!-- \/ Yoast SEO plugin. -->","yoast_head_json":{"title":"El San Pedro y los n\u00fameros que le dej\u00f3 al Huila -","description":"Junio de 2024 represent\u00f3 para la Concesi\u00f3n de Doble An\u00eds el mayor volumen en ventas luego de 10 a\u00f1os de estar en la regi\u00f3n. Recursos que estar\u00e1n dirigidos a la salud de los huilenses.","robots":{"index":"index","follow":"follow","max-snippet":"max-snippet:-1","max-image-preview":"max-image-preview:large","max-video-preview":"max-video-preview:-1"},"canonical":"https:\/\/luchonoticias.com\/editor\/el-san-pedro-y-los-numeros-que-le-dejo-al-huila\/","og_locale":"es_ES","og_type":"article","og_title":"El San Pedro y los n\u00fameros que le dej\u00f3 al Huila -","og_description":"Junio de 2024 represent\u00f3 para la Concesi\u00f3n de Doble An\u00eds el mayor volumen en ventas luego de 10 a\u00f1os de estar en la regi\u00f3n. Recursos que estar\u00e1n dirigidos a la salud de los huilenses.","og_url":"https:\/\/luchonoticias.com\/editor\/el-san-pedro-y-los-numeros-que-le-dejo-al-huila\/","article_publisher":"https:\/\/www.facebook.com\/luchonoticiasneiva","article_published_time":"2024-07-05T18:45:55+00:00","og_image":[{"width":700,"height":400,"url":"https:\/\/luchonoticias.com\/editor\/wp-content\/uploads\/2024\/07\/fiestas-san-pedro-final.jpg","type":"image\/jpeg"}],"author":"Editor General","twitter_card":"summary_large_image","twitter_misc":{"Escrito por":"Editor General","Tiempo de lectura":"3 minutos"},"schema":{"@context":"https:\/\/schema.org","@graph":[{"@type":"Article","@id":"https:\/\/luchonoticias.com\/editor\/el-san-pedro-y-los-numeros-que-le-dejo-al-huila\/#article","isPartOf":{"@id":"https:\/\/luchonoticias.com\/editor\/el-san-pedro-y-los-numeros-que-le-dejo-al-huila\/"},"author":{"name":"Editor General","@id":"https:\/\/luchonoticias.com\/editor\/#\/schema\/person\/29217990ddf6f14e35912b2866d591fb"},"headline":"El San Pedro y los n\u00fameros que le dej\u00f3 al Huila","datePublished":"2024-07-05T18:45:55+00:00","mainEntityOfPage":{"@id":"https:\/\/luchonoticias.com\/editor\/el-san-pedro-y-los-numeros-que-le-dejo-al-huila\/"},"wordCount":548,"publisher":{"@id":"https:\/\/luchonoticias.com\/editor\/#\/schema\/person\/7a7fd911f58561fd056dbac7b55af9cd"},"image":{"@id":"https:\/\/luchonoticias.com\/editor\/el-san-pedro-y-los-numeros-que-le-dejo-al-huila\/#primaryimage"},"thumbnailUrl":"https:\/\/luchonoticias.com\/editor\/wp-content\/uploads\/2024\/07\/fiestas-san-pedro-final.jpg","articleSection":["Huila"],"inLanguage":"es"},{"@type":"WebPage","@id":"https:\/\/luchonoticias.com\/editor\/el-san-pedro-y-los-numeros-que-le-dejo-al-huila\/","url":"https:\/\/luchonoticias.com\/editor\/el-san-pedro-y-los-numeros-que-le-dejo-al-huila\/","name":"El San Pedro y los n\u00fameros que le dej\u00f3 al Huila -","isPartOf":{"@id":"https:\/\/luchonoticias.com\/editor\/#website"},"primaryImageOfPage":{"@id":"https:\/\/luchonoticias.com\/editor\/el-san-pedro-y-los-numeros-que-le-dejo-al-huila\/#primaryimage"},"image":{"@id":"https:\/\/luchonoticias.com\/editor\/el-san-pedro-y-los-numeros-que-le-dejo-al-huila\/#primaryimage"},"thumbnailUrl":"https:\/\/luchonoticias.com\/editor\/wp-content\/uploads\/2024\/07\/fiestas-san-pedro-final.jpg","datePublished":"2024-07-05T18:45:55+00:00","description":"Junio de 2024 represent\u00f3 para la Concesi\u00f3n de Doble An\u00eds el mayor volumen en ventas luego de 10 a\u00f1os de estar en la regi\u00f3n. Recursos que estar\u00e1n dirigidos a la salud de los huilenses.","breadcrumb":{"@id":"https:\/\/luchonoticias.com\/editor\/el-san-pedro-y-los-numeros-que-le-dejo-al-huila\/#breadcrumb"},"inLanguage":"es","potentialAction":[{"@type":"ReadAction","target":["https:\/\/luchonoticias.com\/editor\/el-san-pedro-y-los-numeros-que-le-dejo-al-huila\/"]}]},{"@type":"ImageObject","inLanguage":"es","@id":"https:\/\/luchonoticias.com\/editor\/el-san-pedro-y-los-numeros-que-le-dejo-al-huila\/#primaryimage","url":"https:\/\/luchonoticias.com\/editor\/wp-content\/uploads\/2024\/07\/fiestas-san-pedro-final.jpg","contentUrl":"https:\/\/luchonoticias.com\/editor\/wp-content\/uploads\/2024\/07\/fiestas-san-pedro-final.jpg","width":700,"height":400},{"@type":"BreadcrumbList","@id":"https:\/\/luchonoticias.com\/editor\/el-san-pedro-y-los-numeros-que-le-dejo-al-huila\/#breadcrumb","itemListElement":[{"@type":"ListItem","position":1,"name":"Portada","item":"https:\/\/luchonoticias.com\/editor\/"},{"@type":"ListItem","position":2,"name":"El San Pedro y los n\u00fameros que le dej\u00f3 al Huila"}]},{"@type":"WebSite","@id":"https:\/\/luchonoticias.com\/editor\/#website","url":"https:\/\/luchonoticias.com\/editor\/","name":"","description":"","publisher":{"@id":"https:\/\/luchonoticias.com\/editor\/#\/schema\/person\/7a7fd911f58561fd056dbac7b55af9cd"},"potentialAction":[{"@type":"SearchAction","target":{"@type":"EntryPoint","urlTemplate":"https:\/\/luchonoticias.com\/editor\/?s={search_term_string}"},"query-input":{"@type":"PropertyValueSpecification","valueRequired":true,"valueName":"search_term_string"}}],"inLanguage":"es"},{"@type":["Person","Organization"],"@id":"https:\/\/luchonoticias.com\/editor\/#\/schema\/person\/7a7fd911f58561fd056dbac7b55af9cd","name":"admin","image":{"@type":"ImageObject","inLanguage":"es","@id":"https:\/\/luchonoticias.com\/editor\/#\/schema\/person\/image\/","url":"https:\/\/luchonoticias.com\/editor\/wp-content\/uploads\/2024\/02\/cropped-cropped-logolu.webp","contentUrl":"https:\/\/luchonoticias.com\/editor\/wp-content\/uploads\/2024\/02\/cropped-cropped-logolu.webp","width":382,"height":170,"caption":"admin"},"logo":{"@id":"https:\/\/luchonoticias.com\/editor\/#\/schema\/person\/image\/"},"sameAs":["https:\/\/www.facebook.com\/luchonoticiasneiva"]},{"@type":"Person","@id":"https:\/\/luchonoticias.com\/editor\/#\/schema\/person\/29217990ddf6f14e35912b2866d591fb","name":"Editor General","image":{"@type":"ImageObject","inLanguage":"es","@id":"https:\/\/luchonoticias.com\/editor\/#\/schema\/person\/image\/","url":"https:\/\/luchonoticias.com\/editor\/wp-content\/uploads\/2024\/02\/cropped-cropped-logolu-150x150.webp","contentUrl":"https:\/\/luchonoticias.com\/editor\/wp-content\/uploads\/2024\/02\/cropped-cropped-logolu-150x150.webp","caption":"Editor General"},"sameAs":["https:\/\/luchonoticias.com\/"],"url":"https:\/\/luchonoticias.com\/editor\/author\/editor-general\/"}]}},"_links":{"self":[{"href":"https:\/\/luchonoticias.com\/editor\/wp-json\/wp\/v2\/posts\/74680","targetHints":{"allow":["GET"]}}],"collection":[{"href":"https:\/\/luchonoticias.com\/editor\/wp-json\/wp\/v2\/posts"}],"about":[{"href":"https:\/\/luchonoticias.com\/editor\/wp-json\/wp\/v2\/types\/post"}],"author":[{"embeddable":true,"href":"https:\/\/luchonoticias.com\/editor\/wp-json\/wp\/v2\/users\/2"}],"replies":[{"embeddable":true,"href":"https:\/\/luchonoticias.com\/editor\/wp-json\/wp\/v2\/comments?post=74680"}],"version-history":[{"count":1,"href":"https:\/\/luchonoticias.com\/editor\/wp-json\/wp\/v2\/posts\/74680\/revisions"}],"predecessor-version":[{"id":74682,"href":"https:\/\/luchonoticias.com\/editor\/wp-json\/wp\/v2\/posts\/74680\/revisions\/74682"}],"wp:featuredmedia":[{"embeddable":true,"href":"https:\/\/luchonoticias.com\/editor\/wp-json\/wp\/v2\/media\/74681"}],"wp:attachment":[{"href":"https:\/\/luchonoticias.com\/editor\/wp-json\/wp\/v2\/media?parent=74680"}],"wp:term":[{"taxonomy":"category","embeddable":true,"href":"https:\/\/luchonoticias.com\/editor\/wp-json\/wp\/v2\/categories?post=74680"},{"taxonomy":"post_tag","embeddable":true,"href":"https:\/\/luchonoticias.com\/editor\/wp-json\/wp\/v2\/tags?post=74680"}],"curies":[{"name":"wp","href":"https:\/\/api.w.org\/{rel}","templated":true}]}}