{"id":74683,"date":"2024-07-05T14:20:17","date_gmt":"2024-07-05T19:20:17","guid":{"rendered":"https:\/\/luchonoticias.com\/?p=74683"},"modified":"2024-07-05T14:20:17","modified_gmt":"2024-07-05T19:20:17","slug":"detienen-a-los-nenes","status":"publish","type":"post","link":"https:\/\/luchonoticias.com\/editor\/detienen-a-los-nenes\/","title":{"rendered":"Detienen a Los Nenes"},"content":{"rendered":"<p>La Polic\u00eda Metropolitana de Neiva, en su lucha constante y contundente contra el hurto, desarticula el grupo delincuencial \u00abLos Nenes\u00bb.<\/p>\n<p>De esta forma, uniformados de la Seccional de Investigaci\u00f3n Criminal SIJIN, en trabajo articulado con la Fiscal\u00eda General de la Naci\u00f3n, logran, despu\u00e9s de 4 meses de investigaci\u00f3n, la captura por el delito de hurto calificado y agravado de:<\/p>\n<p>Daniel Felipe Zapata, conocido como \u201cPira\u00f1a\u201d, de 23 a\u00f1os de edad, Capturado en el barrio puertas del sol, presenta anotaciones judiciales por los delitos de hurto calificado y agravado, lesiones personales, fabricaci\u00f3n, tr\u00e1fico o porte de armas de fuego y asonada.<\/p>\n<p>Juan Camilo Perdomo, conocido como \u201cCamilo\u201d, 20 a\u00f1os de edad, capturado en el asentamiento villa esperanza de la comuna 9 de Neiva, presenta anotaciones judiciales por los delitos de tr\u00e1fico de estupefacientes, hurto agravado, y calificado.<\/p>\n<p>Fabio Nelson P\u00e9rez conocido como \u201cMastodonte\u201d de 29 a\u00f1os de edad, capturado en el barrio santa rosa de Neiva, presenta anotaciones judiciales por los delitos de homicidio, hurto agravado, tr\u00e1fico, fabricaci\u00f3n o porte de estupefacientes, fuga de presos y violencia contra servidor p\u00fablico.<\/p>\n<p>Yohn Faber Cruz Trujillo, conocido como \u201cGato\u201d de 21 a\u00f1os de edad, capturado en el barrio Galindo, presenta anotaciones judiciales por los delitos de hurto agravado, fabricaci\u00f3n, tr\u00e1fico o porte de armas de fuego, asonada.<\/p>\n<p>Diyer Alejandro Cabrera, l\u00edder del grupo delincuencial, conocido como \u201cMemo\u201d de 23 a\u00f1os de edad, presenta anotaciones judiciales por los delitos de homicidio y hurto agravado.<\/p>\n<p>Estas personas, basados en el acervo probatorio recolectado gracias al an\u00e1lisis de m\u00e1s de 32 horas de video, entrevistas, inspecci\u00f3n a procesos y b\u00fasqueda selectiva en bases de datos, ser\u00edan los presuntos responsables de cometer atraco a mano armada en diferentes sectores de la ciudad.<\/p>\n<p>Los capturados quienes registran anotaciones judiciales por los delitos de hurto calificado y agravado, fueron dejados a disposici\u00f3n de un juez de control de garant\u00edas, quien determin\u00f3 cobijar con medida de aseguramiento a 4 de ellos en establecimiento carcelario y al sujeto conocido como \u201cPira\u00f1a\u201d medida de aseguramiento domiciliario en su lugar de residencia.<\/p>\n","protected":false},"excerpt":{"rendered":"<p>Estar\u00edan relacionados en m\u00e1s de 27 hurtos en Neiva; Sus principales v\u00edctimas eran mujeres y j\u00f3venes estudiantes en sectores aleda\u00f1os al centro estudiantil.<\/p>\n","protected":false},"author":2,"featured_media":74684,"comment_status":"closed","ping_status":"open","sticky":false,"template":"","format":"standard","meta":{"footnotes":""},"categories":[29],"tags":[],"class_list":["post-74683","post","type-post","status-publish","format-standard","has-post-thumbnail","hentry","category-judicial"],"yoast_head":"<!-- This site is optimized with the Yoast SEO plugin v26.6 - https:\/\/yoast.com\/wordpress\/plugins\/seo\/ -->\n<title>Detienen a Los Nenes -<\/title>\n<meta name=\"description\" content=\"Estar\u00edan relacionados en m\u00e1s de 27 hurtos en Neiva; Sus principales v\u00edctimas eran mujeres y j\u00f3venes estudiantes en sectores aleda\u00f1os al centro estudiantil.\" \/>\n<meta name=\"robots\" content=\"index, follow, max-snippet:-1, max-image-preview:large, max-video-preview:-1\" \/>\n<link rel=\"canonical\" href=\"https:\/\/luchonoticias.com\/editor\/detienen-a-los-nenes\/\" \/>\n<meta property=\"og:locale\" content=\"es_ES\" \/>\n<meta property=\"og:type\" content=\"article\" \/>\n<meta property=\"og:title\" content=\"Detienen a Los Nenes -\" \/>\n<meta property=\"og:description\" content=\"Estar\u00edan relacionados en m\u00e1s de 27 hurtos en Neiva; Sus principales v\u00edctimas eran mujeres y j\u00f3venes estudiantes en sectores aleda\u00f1os al centro estudiantil.\" \/>\n<meta property=\"og:url\" content=\"https:\/\/luchonoticias.com\/editor\/detienen-a-los-nenes\/\" \/>\n<meta property=\"article:publisher\" content=\"https:\/\/www.facebook.com\/luchonoticiasneiva\" \/>\n<meta property=\"article:published_time\" content=\"2024-07-05T19:20:17+00:00\" \/>\n<meta property=\"og:image\" content=\"https:\/\/luchonoticias.com\/editor\/wp-content\/uploads\/2024\/07\/nenes.jpg\" \/>\n\t<meta property=\"og:image:width\" content=\"700\" \/>\n\t<meta property=\"og:image:height\" content=\"400\" \/>\n\t<meta property=\"og:image:type\" content=\"image\/jpeg\" \/>\n<meta name=\"author\" content=\"Editor General\" \/>\n<meta name=\"twitter:card\" content=\"summary_large_image\" \/>\n<meta name=\"twitter:label1\" content=\"Escrito por\" \/>\n\t<meta name=\"twitter:data1\" content=\"Editor General\" \/>\n\t<meta name=\"twitter:label2\" content=\"Tiempo de lectura\" \/>\n\t<meta name=\"twitter:data2\" content=\"2 minutos\" \/>\n<script type=\"application\/ld+json\" class=\"yoast-schema-graph\">{\"@context\":\"https:\/\/schema.org\",\"@graph\":[{\"@type\":\"Article\",\"@id\":\"https:\/\/luchonoticias.com\/editor\/detienen-a-los-nenes\/#article\",\"isPartOf\":{\"@id\":\"https:\/\/luchonoticias.com\/editor\/detienen-a-los-nenes\/\"},\"author\":{\"name\":\"Editor General\",\"@id\":\"https:\/\/luchonoticias.com\/editor\/#\/schema\/person\/29217990ddf6f14e35912b2866d591fb\"},\"headline\":\"Detienen a Los Nenes\",\"datePublished\":\"2024-07-05T19:20:17+00:00\",\"mainEntityOfPage\":{\"@id\":\"https:\/\/luchonoticias.com\/editor\/detienen-a-los-nenes\/\"},\"wordCount\":364,\"publisher\":{\"@id\":\"https:\/\/luchonoticias.com\/editor\/#\/schema\/person\/7a7fd911f58561fd056dbac7b55af9cd\"},\"image\":{\"@id\":\"https:\/\/luchonoticias.com\/editor\/detienen-a-los-nenes\/#primaryimage\"},\"thumbnailUrl\":\"https:\/\/luchonoticias.com\/editor\/wp-content\/uploads\/2024\/07\/nenes.jpg\",\"articleSection\":[\"Judicial\"],\"inLanguage\":\"es\"},{\"@type\":\"WebPage\",\"@id\":\"https:\/\/luchonoticias.com\/editor\/detienen-a-los-nenes\/\",\"url\":\"https:\/\/luchonoticias.com\/editor\/detienen-a-los-nenes\/\",\"name\":\"Detienen a Los Nenes -\",\"isPartOf\":{\"@id\":\"https:\/\/luchonoticias.com\/editor\/#website\"},\"primaryImageOfPage\":{\"@id\":\"https:\/\/luchonoticias.com\/editor\/detienen-a-los-nenes\/#primaryimage\"},\"image\":{\"@id\":\"https:\/\/luchonoticias.com\/editor\/detienen-a-los-nenes\/#primaryimage\"},\"thumbnailUrl\":\"https:\/\/luchonoticias.com\/editor\/wp-content\/uploads\/2024\/07\/nenes.jpg\",\"datePublished\":\"2024-07-05T19:20:17+00:00\",\"description\":\"Estar\u00edan relacionados en m\u00e1s de 27 hurtos en Neiva; Sus principales v\u00edctimas eran mujeres y j\u00f3venes estudiantes en sectores aleda\u00f1os al centro estudiantil.\",\"breadcrumb\":{\"@id\":\"https:\/\/luchonoticias.com\/editor\/detienen-a-los-nenes\/#breadcrumb\"},\"inLanguage\":\"es\",\"potentialAction\":[{\"@type\":\"ReadAction\",\"target\":[\"https:\/\/luchonoticias.com\/editor\/detienen-a-los-nenes\/\"]}]},{\"@type\":\"ImageObject\",\"inLanguage\":\"es\",\"@id\":\"https:\/\/luchonoticias.com\/editor\/detienen-a-los-nenes\/#primaryimage\",\"url\":\"https:\/\/luchonoticias.com\/editor\/wp-content\/uploads\/2024\/07\/nenes.jpg\",\"contentUrl\":\"https:\/\/luchonoticias.com\/editor\/wp-content\/uploads\/2024\/07\/nenes.jpg\",\"width\":700,\"height\":400},{\"@type\":\"BreadcrumbList\",\"@id\":\"https:\/\/luchonoticias.com\/editor\/detienen-a-los-nenes\/#breadcrumb\",\"itemListElement\":[{\"@type\":\"ListItem\",\"position\":1,\"name\":\"Portada\",\"item\":\"https:\/\/luchonoticias.com\/editor\/\"},{\"@type\":\"ListItem\",\"position\":2,\"name\":\"Detienen a Los Nenes\"}]},{\"@type\":\"WebSite\",\"@id\":\"https:\/\/luchonoticias.com\/editor\/#website\",\"url\":\"https:\/\/luchonoticias.com\/editor\/\",\"name\":\"\",\"description\":\"\",\"publisher\":{\"@id\":\"https:\/\/luchonoticias.com\/editor\/#\/schema\/person\/7a7fd911f58561fd056dbac7b55af9cd\"},\"potentialAction\":[{\"@type\":\"SearchAction\",\"target\":{\"@type\":\"EntryPoint\",\"urlTemplate\":\"https:\/\/luchonoticias.com\/editor\/?s={search_term_string}\"},\"query-input\":{\"@type\":\"PropertyValueSpecification\",\"valueRequired\":true,\"valueName\":\"search_term_string\"}}],\"inLanguage\":\"es\"},{\"@type\":[\"Person\",\"Organization\"],\"@id\":\"https:\/\/luchonoticias.com\/editor\/#\/schema\/person\/7a7fd911f58561fd056dbac7b55af9cd\",\"name\":\"admin\",\"image\":{\"@type\":\"ImageObject\",\"inLanguage\":\"es\",\"@id\":\"https:\/\/luchonoticias.com\/editor\/#\/schema\/person\/image\/\",\"url\":\"https:\/\/luchonoticias.com\/editor\/wp-content\/uploads\/2024\/02\/cropped-cropped-logolu.webp\",\"contentUrl\":\"https:\/\/luchonoticias.com\/editor\/wp-content\/uploads\/2024\/02\/cropped-cropped-logolu.webp\",\"width\":382,\"height\":170,\"caption\":\"admin\"},\"logo\":{\"@id\":\"https:\/\/luchonoticias.com\/editor\/#\/schema\/person\/image\/\"},\"sameAs\":[\"https:\/\/www.facebook.com\/luchonoticiasneiva\"]},{\"@type\":\"Person\",\"@id\":\"https:\/\/luchonoticias.com\/editor\/#\/schema\/person\/29217990ddf6f14e35912b2866d591fb\",\"name\":\"Editor General\",\"image\":{\"@type\":\"ImageObject\",\"inLanguage\":\"es\",\"@id\":\"https:\/\/luchonoticias.com\/editor\/#\/schema\/person\/image\/\",\"url\":\"https:\/\/luchonoticias.com\/editor\/wp-content\/uploads\/2024\/02\/cropped-cropped-logolu-150x150.webp\",\"contentUrl\":\"https:\/\/luchonoticias.com\/editor\/wp-content\/uploads\/2024\/02\/cropped-cropped-logolu-150x150.webp\",\"caption\":\"Editor General\"},\"sameAs\":[\"https:\/\/luchonoticias.com\/\"],\"url\":\"https:\/\/luchonoticias.com\/editor\/author\/editor-general\/\"}]}<\/script>\n<!-- \/ Yoast SEO plugin. -->","yoast_head_json":{"title":"Detienen a Los Nenes -","description":"Estar\u00edan relacionados en m\u00e1s de 27 hurtos en Neiva; Sus principales v\u00edctimas eran mujeres y j\u00f3venes estudiantes en sectores aleda\u00f1os al centro estudiantil.","robots":{"index":"index","follow":"follow","max-snippet":"max-snippet:-1","max-image-preview":"max-image-preview:large","max-video-preview":"max-video-preview:-1"},"canonical":"https:\/\/luchonoticias.com\/editor\/detienen-a-los-nenes\/","og_locale":"es_ES","og_type":"article","og_title":"Detienen a Los Nenes -","og_description":"Estar\u00edan relacionados en m\u00e1s de 27 hurtos en Neiva; Sus principales v\u00edctimas eran mujeres y j\u00f3venes estudiantes en sectores aleda\u00f1os al centro estudiantil.","og_url":"https:\/\/luchonoticias.com\/editor\/detienen-a-los-nenes\/","article_publisher":"https:\/\/www.facebook.com\/luchonoticiasneiva","article_published_time":"2024-07-05T19:20:17+00:00","og_image":[{"width":700,"height":400,"url":"https:\/\/luchonoticias.com\/editor\/wp-content\/uploads\/2024\/07\/nenes.jpg","type":"image\/jpeg"}],"author":"Editor General","twitter_card":"summary_large_image","twitter_misc":{"Escrito por":"Editor General","Tiempo de lectura":"2 minutos"},"schema":{"@context":"https:\/\/schema.org","@graph":[{"@type":"Article","@id":"https:\/\/luchonoticias.com\/editor\/detienen-a-los-nenes\/#article","isPartOf":{"@id":"https:\/\/luchonoticias.com\/editor\/detienen-a-los-nenes\/"},"author":{"name":"Editor General","@id":"https:\/\/luchonoticias.com\/editor\/#\/schema\/person\/29217990ddf6f14e35912b2866d591fb"},"headline":"Detienen a Los Nenes","datePublished":"2024-07-05T19:20:17+00:00","mainEntityOfPage":{"@id":"https:\/\/luchonoticias.com\/editor\/detienen-a-los-nenes\/"},"wordCount":364,"publisher":{"@id":"https:\/\/luchonoticias.com\/editor\/#\/schema\/person\/7a7fd911f58561fd056dbac7b55af9cd"},"image":{"@id":"https:\/\/luchonoticias.com\/editor\/detienen-a-los-nenes\/#primaryimage"},"thumbnailUrl":"https:\/\/luchonoticias.com\/editor\/wp-content\/uploads\/2024\/07\/nenes.jpg","articleSection":["Judicial"],"inLanguage":"es"},{"@type":"WebPage","@id":"https:\/\/luchonoticias.com\/editor\/detienen-a-los-nenes\/","url":"https:\/\/luchonoticias.com\/editor\/detienen-a-los-nenes\/","name":"Detienen a Los Nenes -","isPartOf":{"@id":"https:\/\/luchonoticias.com\/editor\/#website"},"primaryImageOfPage":{"@id":"https:\/\/luchonoticias.com\/editor\/detienen-a-los-nenes\/#primaryimage"},"image":{"@id":"https:\/\/luchonoticias.com\/editor\/detienen-a-los-nenes\/#primaryimage"},"thumbnailUrl":"https:\/\/luchonoticias.com\/editor\/wp-content\/uploads\/2024\/07\/nenes.jpg","datePublished":"2024-07-05T19:20:17+00:00","description":"Estar\u00edan relacionados en m\u00e1s de 27 hurtos en Neiva; Sus principales v\u00edctimas eran mujeres y j\u00f3venes estudiantes en sectores aleda\u00f1os al centro estudiantil.","breadcrumb":{"@id":"https:\/\/luchonoticias.com\/editor\/detienen-a-los-nenes\/#breadcrumb"},"inLanguage":"es","potentialAction":[{"@type":"ReadAction","target":["https:\/\/luchonoticias.com\/editor\/detienen-a-los-nenes\/"]}]},{"@type":"ImageObject","inLanguage":"es","@id":"https:\/\/luchonoticias.com\/editor\/detienen-a-los-nenes\/#primaryimage","url":"https:\/\/luchonoticias.com\/editor\/wp-content\/uploads\/2024\/07\/nenes.jpg","contentUrl":"https:\/\/luchonoticias.com\/editor\/wp-content\/uploads\/2024\/07\/nenes.jpg","width":700,"height":400},{"@type":"BreadcrumbList","@id":"https:\/\/luchonoticias.com\/editor\/detienen-a-los-nenes\/#breadcrumb","itemListElement":[{"@type":"ListItem","position":1,"name":"Portada","item":"https:\/\/luchonoticias.com\/editor\/"},{"@type":"ListItem","position":2,"name":"Detienen a Los Nenes"}]},{"@type":"WebSite","@id":"https:\/\/luchonoticias.com\/editor\/#website","url":"https:\/\/luchonoticias.com\/editor\/","name":"","description":"","publisher":{"@id":"https:\/\/luchonoticias.com\/editor\/#\/schema\/person\/7a7fd911f58561fd056dbac7b55af9cd"},"potentialAction":[{"@type":"SearchAction","target":{"@type":"EntryPoint","urlTemplate":"https:\/\/luchonoticias.com\/editor\/?s={search_term_string}"},"query-input":{"@type":"PropertyValueSpecification","valueRequired":true,"valueName":"search_term_string"}}],"inLanguage":"es"},{"@type":["Person","Organization"],"@id":"https:\/\/luchonoticias.com\/editor\/#\/schema\/person\/7a7fd911f58561fd056dbac7b55af9cd","name":"admin","image":{"@type":"ImageObject","inLanguage":"es","@id":"https:\/\/luchonoticias.com\/editor\/#\/schema\/person\/image\/","url":"https:\/\/luchonoticias.com\/editor\/wp-content\/uploads\/2024\/02\/cropped-cropped-logolu.webp","contentUrl":"https:\/\/luchonoticias.com\/editor\/wp-content\/uploads\/2024\/02\/cropped-cropped-logolu.webp","width":382,"height":170,"caption":"admin"},"logo":{"@id":"https:\/\/luchonoticias.com\/editor\/#\/schema\/person\/image\/"},"sameAs":["https:\/\/www.facebook.com\/luchonoticiasneiva"]},{"@type":"Person","@id":"https:\/\/luchonoticias.com\/editor\/#\/schema\/person\/29217990ddf6f14e35912b2866d591fb","name":"Editor General","image":{"@type":"ImageObject","inLanguage":"es","@id":"https:\/\/luchonoticias.com\/editor\/#\/schema\/person\/image\/","url":"https:\/\/luchonoticias.com\/editor\/wp-content\/uploads\/2024\/02\/cropped-cropped-logolu-150x150.webp","contentUrl":"https:\/\/luchonoticias.com\/editor\/wp-content\/uploads\/2024\/02\/cropped-cropped-logolu-150x150.webp","caption":"Editor General"},"sameAs":["https:\/\/luchonoticias.com\/"],"url":"https:\/\/luchonoticias.com\/editor\/author\/editor-general\/"}]}},"_links":{"self":[{"href":"https:\/\/luchonoticias.com\/editor\/wp-json\/wp\/v2\/posts\/74683","targetHints":{"allow":["GET"]}}],"collection":[{"href":"https:\/\/luchonoticias.com\/editor\/wp-json\/wp\/v2\/posts"}],"about":[{"href":"https:\/\/luchonoticias.com\/editor\/wp-json\/wp\/v2\/types\/post"}],"author":[{"embeddable":true,"href":"https:\/\/luchonoticias.com\/editor\/wp-json\/wp\/v2\/users\/2"}],"replies":[{"embeddable":true,"href":"https:\/\/luchonoticias.com\/editor\/wp-json\/wp\/v2\/comments?post=74683"}],"version-history":[{"count":1,"href":"https:\/\/luchonoticias.com\/editor\/wp-json\/wp\/v2\/posts\/74683\/revisions"}],"predecessor-version":[{"id":74685,"href":"https:\/\/luchonoticias.com\/editor\/wp-json\/wp\/v2\/posts\/74683\/revisions\/74685"}],"wp:featuredmedia":[{"embeddable":true,"href":"https:\/\/luchonoticias.com\/editor\/wp-json\/wp\/v2\/media\/74684"}],"wp:attachment":[{"href":"https:\/\/luchonoticias.com\/editor\/wp-json\/wp\/v2\/media?parent=74683"}],"wp:term":[{"taxonomy":"category","embeddable":true,"href":"https:\/\/luchonoticias.com\/editor\/wp-json\/wp\/v2\/categories?post=74683"},{"taxonomy":"post_tag","embeddable":true,"href":"https:\/\/luchonoticias.com\/editor\/wp-json\/wp\/v2\/tags?post=74683"}],"curies":[{"name":"wp","href":"https:\/\/api.w.org\/{rel}","templated":true}]}}