{"id":74695,"date":"2024-07-06T07:31:52","date_gmt":"2024-07-06T12:31:52","guid":{"rendered":"https:\/\/luchonoticias.com\/?p=74695"},"modified":"2024-07-06T07:31:52","modified_gmt":"2024-07-06T12:31:52","slug":"importante-reconocimiento-mundial-a-el-darien","status":"publish","type":"post","link":"https:\/\/luchonoticias.com\/editor\/importante-reconocimiento-mundial-a-el-darien\/","title":{"rendered":"Importante reconocimiento mundial a El Dari\u00e9n"},"content":{"rendered":"<p>La Organizaci\u00f3n de las Naciones Unidas para la Educaci\u00f3n, la Ciencia y la Cultura (UNESCO) design\u00f3 hoy a la regi\u00f3n del Dari\u00e9n Norte Chocoano de Colombia como Reserva de Bi\u00f3sfera, atendiendo una solicitud en tal sentido presentada oficialmente por el Gobierno del Cambio en septiembre de 2023.<\/p>\n<p>El reconocimiento fue formalizado este viernes, desde Agadir, Marruecos, durante la 36\u00b0 reuni\u00f3n del Consejo Internacional de Coordinaci\u00f3n del Programa sobre el Hombre y la Biosfera (MAB) de la Unesco.<\/p>\n<p>\u201cEste es un reconocimiento que completa la totalidad de las reservas que tenemos en Colombia. Ya vamos para siete. Eso significa que somos un pa\u00eds que tenemos un pensamiento integral y que pensamos en la salvaguarda de nuestra naturaleza y en la salvaguarda de nuestras pr\u00e1cticas culturales\u00bb, afirm\u00f3 Catalina Ceballos, directora de Asuntos Culturales del Ministerio de Relaciones Exteriores de Colombia.<\/p>\n<p>\u201cEl Gobierno Nacional agradece a la Unesco por permitir que Colombia se consolide como un l\u00edder con incidencia pol\u00edtica y conceptual en materia de reservas de bi\u00f3sfera y en la construcci\u00f3n de la Paz Total\u00bb, subray\u00f3 la Canciller\u00eda.<\/p>\n<p>En un\u00a0comunicado, la Unesco indica que la nueva reserva de biosfera en Colombia cuenta con una poblaci\u00f3n heterog\u00e9nea de 24.287 habitantes y est\u00e1 compuesta principalmente por pueblos ind\u00edgenas y de origen afrocolombiano.<\/p>\n<p>Igualmente, destaca que las comunidades locales, de la mano del Gobierno Nacional, participaron activamente en la presentaci\u00f3n de la propuesta de designaci\u00f3n a la Unesco, en particular los j\u00f3venes y las mujeres.<\/p>\n<p>En los planes de gesti\u00f3n de las zonas protegidas de la nueva reserva de bi\u00f3sfera se prev\u00e9 la adopci\u00f3n de una agricultura sostenible, la mejora de la cadena de comercializaci\u00f3n de los productos agr\u00edcolas y el fomento del plan de ecoturismo comunitario.<\/p>\n","protected":false},"excerpt":{"rendered":"<p>La nueva reserva de bi\u00f3sfera est\u00e1 ubicada entre los municipios de Acand\u00ed y Ungu\u00eda, y tiene una superficie de 301.625,46 hect\u00e1reas, que se distribuyen en 185.371,5 hect\u00e1reas en tierra y 116.254 en el mar, y se extiende en seis resguardos ind\u00edgenas y 4 consejos comunitarios de la zona.<\/p>\n","protected":false},"author":2,"featured_media":74696,"comment_status":"closed","ping_status":"open","sticky":false,"template":"","format":"standard","meta":{"footnotes":""},"categories":[28],"tags":[],"class_list":["post-74695","post","type-post","status-publish","format-standard","has-post-thumbnail","hentry","category-actualidad"],"yoast_head":"<!-- This site is optimized with the Yoast SEO plugin v26.6 - https:\/\/yoast.com\/wordpress\/plugins\/seo\/ -->\n<title>Importante reconocimiento mundial a El Dari\u00e9n -<\/title>\n<meta name=\"description\" content=\"La nueva reserva de bi\u00f3sfera est\u00e1 ubicada entre los municipios de Acand\u00ed y Ungu\u00eda, y tiene una superficie de 301.625,46 hect\u00e1reas, que se distribuyen en 185.371,5 hect\u00e1reas en tierra y 116.254 en el mar, y se extiende en seis resguardos ind\u00edgenas y 4 consejos comunitarios de la zona.\" \/>\n<meta name=\"robots\" content=\"index, follow, max-snippet:-1, max-image-preview:large, max-video-preview:-1\" \/>\n<link rel=\"canonical\" href=\"https:\/\/luchonoticias.com\/editor\/importante-reconocimiento-mundial-a-el-darien\/\" \/>\n<meta property=\"og:locale\" content=\"es_ES\" \/>\n<meta property=\"og:type\" content=\"article\" \/>\n<meta property=\"og:title\" content=\"Importante reconocimiento mundial a El Dari\u00e9n -\" \/>\n<meta property=\"og:description\" content=\"La nueva reserva de bi\u00f3sfera est\u00e1 ubicada entre los municipios de Acand\u00ed y Ungu\u00eda, y tiene una superficie de 301.625,46 hect\u00e1reas, que se distribuyen en 185.371,5 hect\u00e1reas en tierra y 116.254 en el mar, y se extiende en seis resguardos ind\u00edgenas y 4 consejos comunitarios de la zona.\" \/>\n<meta property=\"og:url\" content=\"https:\/\/luchonoticias.com\/editor\/importante-reconocimiento-mundial-a-el-darien\/\" \/>\n<meta property=\"article:publisher\" content=\"https:\/\/www.facebook.com\/luchonoticiasneiva\" \/>\n<meta property=\"article:published_time\" content=\"2024-07-06T12:31:52+00:00\" \/>\n<meta property=\"og:image\" content=\"https:\/\/luchonoticias.com\/editor\/wp-content\/uploads\/2024\/07\/darien.jpg\" \/>\n\t<meta property=\"og:image:width\" content=\"700\" \/>\n\t<meta property=\"og:image:height\" content=\"400\" \/>\n\t<meta property=\"og:image:type\" content=\"image\/jpeg\" \/>\n<meta name=\"author\" content=\"Editor General\" \/>\n<meta name=\"twitter:card\" content=\"summary_large_image\" \/>\n<meta name=\"twitter:label1\" content=\"Escrito por\" \/>\n\t<meta name=\"twitter:data1\" content=\"Editor General\" \/>\n\t<meta name=\"twitter:label2\" content=\"Tiempo de lectura\" \/>\n\t<meta name=\"twitter:data2\" content=\"2 minutos\" \/>\n<script type=\"application\/ld+json\" class=\"yoast-schema-graph\">{\"@context\":\"https:\/\/schema.org\",\"@graph\":[{\"@type\":\"Article\",\"@id\":\"https:\/\/luchonoticias.com\/editor\/importante-reconocimiento-mundial-a-el-darien\/#article\",\"isPartOf\":{\"@id\":\"https:\/\/luchonoticias.com\/editor\/importante-reconocimiento-mundial-a-el-darien\/\"},\"author\":{\"name\":\"Editor General\",\"@id\":\"https:\/\/luchonoticias.com\/editor\/#\/schema\/person\/29217990ddf6f14e35912b2866d591fb\"},\"headline\":\"Importante reconocimiento mundial a El Dari\u00e9n\",\"datePublished\":\"2024-07-06T12:31:52+00:00\",\"mainEntityOfPage\":{\"@id\":\"https:\/\/luchonoticias.com\/editor\/importante-reconocimiento-mundial-a-el-darien\/\"},\"wordCount\":312,\"publisher\":{\"@id\":\"https:\/\/luchonoticias.com\/editor\/#\/schema\/person\/7a7fd911f58561fd056dbac7b55af9cd\"},\"image\":{\"@id\":\"https:\/\/luchonoticias.com\/editor\/importante-reconocimiento-mundial-a-el-darien\/#primaryimage\"},\"thumbnailUrl\":\"https:\/\/luchonoticias.com\/editor\/wp-content\/uploads\/2024\/07\/darien.jpg\",\"articleSection\":[\"Actualidad\"],\"inLanguage\":\"es\"},{\"@type\":\"WebPage\",\"@id\":\"https:\/\/luchonoticias.com\/editor\/importante-reconocimiento-mundial-a-el-darien\/\",\"url\":\"https:\/\/luchonoticias.com\/editor\/importante-reconocimiento-mundial-a-el-darien\/\",\"name\":\"Importante reconocimiento mundial a El Dari\u00e9n -\",\"isPartOf\":{\"@id\":\"https:\/\/luchonoticias.com\/editor\/#website\"},\"primaryImageOfPage\":{\"@id\":\"https:\/\/luchonoticias.com\/editor\/importante-reconocimiento-mundial-a-el-darien\/#primaryimage\"},\"image\":{\"@id\":\"https:\/\/luchonoticias.com\/editor\/importante-reconocimiento-mundial-a-el-darien\/#primaryimage\"},\"thumbnailUrl\":\"https:\/\/luchonoticias.com\/editor\/wp-content\/uploads\/2024\/07\/darien.jpg\",\"datePublished\":\"2024-07-06T12:31:52+00:00\",\"description\":\"La nueva reserva de bi\u00f3sfera est\u00e1 ubicada entre los municipios de Acand\u00ed y Ungu\u00eda, y tiene una superficie de 301.625,46 hect\u00e1reas, que se distribuyen en 185.371,5 hect\u00e1reas en tierra y 116.254 en el mar, y se extiende en seis resguardos ind\u00edgenas y 4 consejos comunitarios de la zona.\",\"breadcrumb\":{\"@id\":\"https:\/\/luchonoticias.com\/editor\/importante-reconocimiento-mundial-a-el-darien\/#breadcrumb\"},\"inLanguage\":\"es\",\"potentialAction\":[{\"@type\":\"ReadAction\",\"target\":[\"https:\/\/luchonoticias.com\/editor\/importante-reconocimiento-mundial-a-el-darien\/\"]}]},{\"@type\":\"ImageObject\",\"inLanguage\":\"es\",\"@id\":\"https:\/\/luchonoticias.com\/editor\/importante-reconocimiento-mundial-a-el-darien\/#primaryimage\",\"url\":\"https:\/\/luchonoticias.com\/editor\/wp-content\/uploads\/2024\/07\/darien.jpg\",\"contentUrl\":\"https:\/\/luchonoticias.com\/editor\/wp-content\/uploads\/2024\/07\/darien.jpg\",\"width\":700,\"height\":400},{\"@type\":\"BreadcrumbList\",\"@id\":\"https:\/\/luchonoticias.com\/editor\/importante-reconocimiento-mundial-a-el-darien\/#breadcrumb\",\"itemListElement\":[{\"@type\":\"ListItem\",\"position\":1,\"name\":\"Portada\",\"item\":\"https:\/\/luchonoticias.com\/editor\/\"},{\"@type\":\"ListItem\",\"position\":2,\"name\":\"Importante reconocimiento mundial a El Dari\u00e9n\"}]},{\"@type\":\"WebSite\",\"@id\":\"https:\/\/luchonoticias.com\/editor\/#website\",\"url\":\"https:\/\/luchonoticias.com\/editor\/\",\"name\":\"\",\"description\":\"\",\"publisher\":{\"@id\":\"https:\/\/luchonoticias.com\/editor\/#\/schema\/person\/7a7fd911f58561fd056dbac7b55af9cd\"},\"potentialAction\":[{\"@type\":\"SearchAction\",\"target\":{\"@type\":\"EntryPoint\",\"urlTemplate\":\"https:\/\/luchonoticias.com\/editor\/?s={search_term_string}\"},\"query-input\":{\"@type\":\"PropertyValueSpecification\",\"valueRequired\":true,\"valueName\":\"search_term_string\"}}],\"inLanguage\":\"es\"},{\"@type\":[\"Person\",\"Organization\"],\"@id\":\"https:\/\/luchonoticias.com\/editor\/#\/schema\/person\/7a7fd911f58561fd056dbac7b55af9cd\",\"name\":\"admin\",\"image\":{\"@type\":\"ImageObject\",\"inLanguage\":\"es\",\"@id\":\"https:\/\/luchonoticias.com\/editor\/#\/schema\/person\/image\/\",\"url\":\"https:\/\/luchonoticias.com\/editor\/wp-content\/uploads\/2024\/02\/cropped-cropped-logolu.webp\",\"contentUrl\":\"https:\/\/luchonoticias.com\/editor\/wp-content\/uploads\/2024\/02\/cropped-cropped-logolu.webp\",\"width\":382,\"height\":170,\"caption\":\"admin\"},\"logo\":{\"@id\":\"https:\/\/luchonoticias.com\/editor\/#\/schema\/person\/image\/\"},\"sameAs\":[\"https:\/\/www.facebook.com\/luchonoticiasneiva\"]},{\"@type\":\"Person\",\"@id\":\"https:\/\/luchonoticias.com\/editor\/#\/schema\/person\/29217990ddf6f14e35912b2866d591fb\",\"name\":\"Editor General\",\"image\":{\"@type\":\"ImageObject\",\"inLanguage\":\"es\",\"@id\":\"https:\/\/luchonoticias.com\/editor\/#\/schema\/person\/image\/\",\"url\":\"https:\/\/luchonoticias.com\/editor\/wp-content\/uploads\/2024\/02\/cropped-cropped-logolu-150x150.webp\",\"contentUrl\":\"https:\/\/luchonoticias.com\/editor\/wp-content\/uploads\/2024\/02\/cropped-cropped-logolu-150x150.webp\",\"caption\":\"Editor General\"},\"sameAs\":[\"https:\/\/luchonoticias.com\/\"],\"url\":\"https:\/\/luchonoticias.com\/editor\/author\/editor-general\/\"}]}<\/script>\n<!-- \/ Yoast SEO plugin. -->","yoast_head_json":{"title":"Importante reconocimiento mundial a El Dari\u00e9n -","description":"La nueva reserva de bi\u00f3sfera est\u00e1 ubicada entre los municipios de Acand\u00ed y Ungu\u00eda, y tiene una superficie de 301.625,46 hect\u00e1reas, que se distribuyen en 185.371,5 hect\u00e1reas en tierra y 116.254 en el mar, y se extiende en seis resguardos ind\u00edgenas y 4 consejos comunitarios de la zona.","robots":{"index":"index","follow":"follow","max-snippet":"max-snippet:-1","max-image-preview":"max-image-preview:large","max-video-preview":"max-video-preview:-1"},"canonical":"https:\/\/luchonoticias.com\/editor\/importante-reconocimiento-mundial-a-el-darien\/","og_locale":"es_ES","og_type":"article","og_title":"Importante reconocimiento mundial a El Dari\u00e9n -","og_description":"La nueva reserva de bi\u00f3sfera est\u00e1 ubicada entre los municipios de Acand\u00ed y Ungu\u00eda, y tiene una superficie de 301.625,46 hect\u00e1reas, que se distribuyen en 185.371,5 hect\u00e1reas en tierra y 116.254 en el mar, y se extiende en seis resguardos ind\u00edgenas y 4 consejos comunitarios de la zona.","og_url":"https:\/\/luchonoticias.com\/editor\/importante-reconocimiento-mundial-a-el-darien\/","article_publisher":"https:\/\/www.facebook.com\/luchonoticiasneiva","article_published_time":"2024-07-06T12:31:52+00:00","og_image":[{"width":700,"height":400,"url":"https:\/\/luchonoticias.com\/editor\/wp-content\/uploads\/2024\/07\/darien.jpg","type":"image\/jpeg"}],"author":"Editor General","twitter_card":"summary_large_image","twitter_misc":{"Escrito por":"Editor General","Tiempo de lectura":"2 minutos"},"schema":{"@context":"https:\/\/schema.org","@graph":[{"@type":"Article","@id":"https:\/\/luchonoticias.com\/editor\/importante-reconocimiento-mundial-a-el-darien\/#article","isPartOf":{"@id":"https:\/\/luchonoticias.com\/editor\/importante-reconocimiento-mundial-a-el-darien\/"},"author":{"name":"Editor General","@id":"https:\/\/luchonoticias.com\/editor\/#\/schema\/person\/29217990ddf6f14e35912b2866d591fb"},"headline":"Importante reconocimiento mundial a El Dari\u00e9n","datePublished":"2024-07-06T12:31:52+00:00","mainEntityOfPage":{"@id":"https:\/\/luchonoticias.com\/editor\/importante-reconocimiento-mundial-a-el-darien\/"},"wordCount":312,"publisher":{"@id":"https:\/\/luchonoticias.com\/editor\/#\/schema\/person\/7a7fd911f58561fd056dbac7b55af9cd"},"image":{"@id":"https:\/\/luchonoticias.com\/editor\/importante-reconocimiento-mundial-a-el-darien\/#primaryimage"},"thumbnailUrl":"https:\/\/luchonoticias.com\/editor\/wp-content\/uploads\/2024\/07\/darien.jpg","articleSection":["Actualidad"],"inLanguage":"es"},{"@type":"WebPage","@id":"https:\/\/luchonoticias.com\/editor\/importante-reconocimiento-mundial-a-el-darien\/","url":"https:\/\/luchonoticias.com\/editor\/importante-reconocimiento-mundial-a-el-darien\/","name":"Importante reconocimiento mundial a El Dari\u00e9n -","isPartOf":{"@id":"https:\/\/luchonoticias.com\/editor\/#website"},"primaryImageOfPage":{"@id":"https:\/\/luchonoticias.com\/editor\/importante-reconocimiento-mundial-a-el-darien\/#primaryimage"},"image":{"@id":"https:\/\/luchonoticias.com\/editor\/importante-reconocimiento-mundial-a-el-darien\/#primaryimage"},"thumbnailUrl":"https:\/\/luchonoticias.com\/editor\/wp-content\/uploads\/2024\/07\/darien.jpg","datePublished":"2024-07-06T12:31:52+00:00","description":"La nueva reserva de bi\u00f3sfera est\u00e1 ubicada entre los municipios de Acand\u00ed y Ungu\u00eda, y tiene una superficie de 301.625,46 hect\u00e1reas, que se distribuyen en 185.371,5 hect\u00e1reas en tierra y 116.254 en el mar, y se extiende en seis resguardos ind\u00edgenas y 4 consejos comunitarios de la zona.","breadcrumb":{"@id":"https:\/\/luchonoticias.com\/editor\/importante-reconocimiento-mundial-a-el-darien\/#breadcrumb"},"inLanguage":"es","potentialAction":[{"@type":"ReadAction","target":["https:\/\/luchonoticias.com\/editor\/importante-reconocimiento-mundial-a-el-darien\/"]}]},{"@type":"ImageObject","inLanguage":"es","@id":"https:\/\/luchonoticias.com\/editor\/importante-reconocimiento-mundial-a-el-darien\/#primaryimage","url":"https:\/\/luchonoticias.com\/editor\/wp-content\/uploads\/2024\/07\/darien.jpg","contentUrl":"https:\/\/luchonoticias.com\/editor\/wp-content\/uploads\/2024\/07\/darien.jpg","width":700,"height":400},{"@type":"BreadcrumbList","@id":"https:\/\/luchonoticias.com\/editor\/importante-reconocimiento-mundial-a-el-darien\/#breadcrumb","itemListElement":[{"@type":"ListItem","position":1,"name":"Portada","item":"https:\/\/luchonoticias.com\/editor\/"},{"@type":"ListItem","position":2,"name":"Importante reconocimiento mundial a El Dari\u00e9n"}]},{"@type":"WebSite","@id":"https:\/\/luchonoticias.com\/editor\/#website","url":"https:\/\/luchonoticias.com\/editor\/","name":"","description":"","publisher":{"@id":"https:\/\/luchonoticias.com\/editor\/#\/schema\/person\/7a7fd911f58561fd056dbac7b55af9cd"},"potentialAction":[{"@type":"SearchAction","target":{"@type":"EntryPoint","urlTemplate":"https:\/\/luchonoticias.com\/editor\/?s={search_term_string}"},"query-input":{"@type":"PropertyValueSpecification","valueRequired":true,"valueName":"search_term_string"}}],"inLanguage":"es"},{"@type":["Person","Organization"],"@id":"https:\/\/luchonoticias.com\/editor\/#\/schema\/person\/7a7fd911f58561fd056dbac7b55af9cd","name":"admin","image":{"@type":"ImageObject","inLanguage":"es","@id":"https:\/\/luchonoticias.com\/editor\/#\/schema\/person\/image\/","url":"https:\/\/luchonoticias.com\/editor\/wp-content\/uploads\/2024\/02\/cropped-cropped-logolu.webp","contentUrl":"https:\/\/luchonoticias.com\/editor\/wp-content\/uploads\/2024\/02\/cropped-cropped-logolu.webp","width":382,"height":170,"caption":"admin"},"logo":{"@id":"https:\/\/luchonoticias.com\/editor\/#\/schema\/person\/image\/"},"sameAs":["https:\/\/www.facebook.com\/luchonoticiasneiva"]},{"@type":"Person","@id":"https:\/\/luchonoticias.com\/editor\/#\/schema\/person\/29217990ddf6f14e35912b2866d591fb","name":"Editor General","image":{"@type":"ImageObject","inLanguage":"es","@id":"https:\/\/luchonoticias.com\/editor\/#\/schema\/person\/image\/","url":"https:\/\/luchonoticias.com\/editor\/wp-content\/uploads\/2024\/02\/cropped-cropped-logolu-150x150.webp","contentUrl":"https:\/\/luchonoticias.com\/editor\/wp-content\/uploads\/2024\/02\/cropped-cropped-logolu-150x150.webp","caption":"Editor General"},"sameAs":["https:\/\/luchonoticias.com\/"],"url":"https:\/\/luchonoticias.com\/editor\/author\/editor-general\/"}]}},"_links":{"self":[{"href":"https:\/\/luchonoticias.com\/editor\/wp-json\/wp\/v2\/posts\/74695","targetHints":{"allow":["GET"]}}],"collection":[{"href":"https:\/\/luchonoticias.com\/editor\/wp-json\/wp\/v2\/posts"}],"about":[{"href":"https:\/\/luchonoticias.com\/editor\/wp-json\/wp\/v2\/types\/post"}],"author":[{"embeddable":true,"href":"https:\/\/luchonoticias.com\/editor\/wp-json\/wp\/v2\/users\/2"}],"replies":[{"embeddable":true,"href":"https:\/\/luchonoticias.com\/editor\/wp-json\/wp\/v2\/comments?post=74695"}],"version-history":[{"count":1,"href":"https:\/\/luchonoticias.com\/editor\/wp-json\/wp\/v2\/posts\/74695\/revisions"}],"predecessor-version":[{"id":74697,"href":"https:\/\/luchonoticias.com\/editor\/wp-json\/wp\/v2\/posts\/74695\/revisions\/74697"}],"wp:featuredmedia":[{"embeddable":true,"href":"https:\/\/luchonoticias.com\/editor\/wp-json\/wp\/v2\/media\/74696"}],"wp:attachment":[{"href":"https:\/\/luchonoticias.com\/editor\/wp-json\/wp\/v2\/media?parent=74695"}],"wp:term":[{"taxonomy":"category","embeddable":true,"href":"https:\/\/luchonoticias.com\/editor\/wp-json\/wp\/v2\/categories?post=74695"},{"taxonomy":"post_tag","embeddable":true,"href":"https:\/\/luchonoticias.com\/editor\/wp-json\/wp\/v2\/tags?post=74695"}],"curies":[{"name":"wp","href":"https:\/\/api.w.org\/{rel}","templated":true}]}}