{"id":74698,"date":"2024-07-06T07:37:31","date_gmt":"2024-07-06T12:37:31","guid":{"rendered":"https:\/\/luchonoticias.com\/?p=74698"},"modified":"2024-07-06T07:37:31","modified_gmt":"2024-07-06T12:37:31","slug":"turno-de-colombia-en-la-copa-america","status":"publish","type":"post","link":"https:\/\/luchonoticias.com\/editor\/turno-de-colombia-en-la-copa-america\/","title":{"rendered":"Turno de Colombia en la Copa Am\u00e9rica"},"content":{"rendered":"<p>Hoy a las 5:00 de la tarde Colombia se enfrentar\u00e1 a Panam\u00e1 por un cupo a las semifinales de la Copa Am\u00e9rica.<\/p>\n<p>El equipo nacional tuvo su \u00faltimo entrenamiento de cara al enfrentamiento, el cual comenz\u00f3 a las 10:30 de la ma\u00f1ana en el ASU Competition Field y se extendi\u00f3 por cerca de 1:30 minutos.<\/p>\n<p>Durante la jornada,\u00a0los dirigidos por N\u00e9stor Lorenzo realizaron trabajos de coordinaci\u00f3n, precisi\u00f3n en los pases y entrada en calor.\u00a0Posteriormente se ejecut\u00f3 una fase t\u00e1ctica y finaliz\u00f3 con un juego din\u00e1mico de 13 vs. 13.<\/p>\n<p>\u00bb Hemos visto que Panam\u00e1 es capaz de lastimar en juego largo, transici\u00f3n r\u00e1pida y buen juego a\u00e9reo. Hay que esperar el partido, tratar de controlarlo y saber que habr\u00e1 momentos en los que nos querr\u00e1n exigir. No s\u00e9 qu\u00e9 planteamiento tendr\u00e1 el t\u00e9cnico, nos tendremos que adaptar\u00bb, dijo sobre el rival el entrenador del elenco nacional, N\u00e9stor Lorenzo.<\/p>\n","protected":false},"excerpt":{"rendered":"<p>Hoy a las 5:00 de la tarde Colombia se enfrentar\u00e1 a Panam\u00e1 por un cupo a las semifinales de la Copa Am\u00e9rica.<\/p>\n","protected":false},"author":2,"featured_media":74699,"comment_status":"closed","ping_status":"open","sticky":false,"template":"","format":"standard","meta":{"footnotes":""},"categories":[34],"tags":[],"class_list":["post-74698","post","type-post","status-publish","format-standard","has-post-thumbnail","hentry","category-deportes"],"yoast_head":"<!-- This site is optimized with the Yoast SEO plugin v26.6 - https:\/\/yoast.com\/wordpress\/plugins\/seo\/ -->\n<title>Turno de Colombia en la Copa Am\u00e9rica -<\/title>\n<meta name=\"description\" content=\"Hoy a las 5:00 de la tarde Colombia se enfrentar\u00e1 a Panam\u00e1 por un cupo a las semifinales de la Copa Am\u00e9rica.\" \/>\n<meta name=\"robots\" content=\"index, follow, max-snippet:-1, max-image-preview:large, max-video-preview:-1\" \/>\n<link rel=\"canonical\" href=\"https:\/\/luchonoticias.com\/editor\/turno-de-colombia-en-la-copa-america\/\" \/>\n<meta property=\"og:locale\" content=\"es_ES\" \/>\n<meta property=\"og:type\" content=\"article\" \/>\n<meta property=\"og:title\" content=\"Turno de Colombia en la Copa Am\u00e9rica -\" \/>\n<meta property=\"og:description\" content=\"Hoy a las 5:00 de la tarde Colombia se enfrentar\u00e1 a Panam\u00e1 por un cupo a las semifinales de la Copa Am\u00e9rica.\" \/>\n<meta property=\"og:url\" content=\"https:\/\/luchonoticias.com\/editor\/turno-de-colombia-en-la-copa-america\/\" \/>\n<meta property=\"article:publisher\" content=\"https:\/\/www.facebook.com\/luchonoticiasneiva\" \/>\n<meta property=\"article:published_time\" content=\"2024-07-06T12:37:31+00:00\" \/>\n<meta property=\"og:image\" content=\"https:\/\/luchonoticias.com\/editor\/wp-content\/uploads\/2024\/07\/colombia-2.jpg\" \/>\n\t<meta property=\"og:image:width\" content=\"700\" \/>\n\t<meta property=\"og:image:height\" content=\"400\" \/>\n\t<meta property=\"og:image:type\" content=\"image\/jpeg\" \/>\n<meta name=\"author\" content=\"Editor General\" \/>\n<meta name=\"twitter:card\" content=\"summary_large_image\" \/>\n<meta name=\"twitter:label1\" content=\"Escrito por\" \/>\n\t<meta name=\"twitter:data1\" content=\"Editor General\" \/>\n\t<meta name=\"twitter:label2\" content=\"Tiempo de lectura\" \/>\n\t<meta name=\"twitter:data2\" content=\"1 minuto\" \/>\n<script type=\"application\/ld+json\" class=\"yoast-schema-graph\">{\"@context\":\"https:\/\/schema.org\",\"@graph\":[{\"@type\":\"Article\",\"@id\":\"https:\/\/luchonoticias.com\/editor\/turno-de-colombia-en-la-copa-america\/#article\",\"isPartOf\":{\"@id\":\"https:\/\/luchonoticias.com\/editor\/turno-de-colombia-en-la-copa-america\/\"},\"author\":{\"name\":\"Editor General\",\"@id\":\"https:\/\/luchonoticias.com\/editor\/#\/schema\/person\/29217990ddf6f14e35912b2866d591fb\"},\"headline\":\"Turno de Colombia en la Copa Am\u00e9rica\",\"datePublished\":\"2024-07-06T12:37:31+00:00\",\"mainEntityOfPage\":{\"@id\":\"https:\/\/luchonoticias.com\/editor\/turno-de-colombia-en-la-copa-america\/\"},\"wordCount\":165,\"publisher\":{\"@id\":\"https:\/\/luchonoticias.com\/editor\/#\/schema\/person\/7a7fd911f58561fd056dbac7b55af9cd\"},\"image\":{\"@id\":\"https:\/\/luchonoticias.com\/editor\/turno-de-colombia-en-la-copa-america\/#primaryimage\"},\"thumbnailUrl\":\"https:\/\/luchonoticias.com\/editor\/wp-content\/uploads\/2024\/07\/colombia-2.jpg\",\"articleSection\":[\"Deportes\"],\"inLanguage\":\"es\"},{\"@type\":\"WebPage\",\"@id\":\"https:\/\/luchonoticias.com\/editor\/turno-de-colombia-en-la-copa-america\/\",\"url\":\"https:\/\/luchonoticias.com\/editor\/turno-de-colombia-en-la-copa-america\/\",\"name\":\"Turno de Colombia en la Copa Am\u00e9rica -\",\"isPartOf\":{\"@id\":\"https:\/\/luchonoticias.com\/editor\/#website\"},\"primaryImageOfPage\":{\"@id\":\"https:\/\/luchonoticias.com\/editor\/turno-de-colombia-en-la-copa-america\/#primaryimage\"},\"image\":{\"@id\":\"https:\/\/luchonoticias.com\/editor\/turno-de-colombia-en-la-copa-america\/#primaryimage\"},\"thumbnailUrl\":\"https:\/\/luchonoticias.com\/editor\/wp-content\/uploads\/2024\/07\/colombia-2.jpg\",\"datePublished\":\"2024-07-06T12:37:31+00:00\",\"description\":\"Hoy a las 5:00 de la tarde Colombia se enfrentar\u00e1 a Panam\u00e1 por un cupo a las semifinales de la Copa Am\u00e9rica.\",\"breadcrumb\":{\"@id\":\"https:\/\/luchonoticias.com\/editor\/turno-de-colombia-en-la-copa-america\/#breadcrumb\"},\"inLanguage\":\"es\",\"potentialAction\":[{\"@type\":\"ReadAction\",\"target\":[\"https:\/\/luchonoticias.com\/editor\/turno-de-colombia-en-la-copa-america\/\"]}]},{\"@type\":\"ImageObject\",\"inLanguage\":\"es\",\"@id\":\"https:\/\/luchonoticias.com\/editor\/turno-de-colombia-en-la-copa-america\/#primaryimage\",\"url\":\"https:\/\/luchonoticias.com\/editor\/wp-content\/uploads\/2024\/07\/colombia-2.jpg\",\"contentUrl\":\"https:\/\/luchonoticias.com\/editor\/wp-content\/uploads\/2024\/07\/colombia-2.jpg\",\"width\":700,\"height\":400},{\"@type\":\"BreadcrumbList\",\"@id\":\"https:\/\/luchonoticias.com\/editor\/turno-de-colombia-en-la-copa-america\/#breadcrumb\",\"itemListElement\":[{\"@type\":\"ListItem\",\"position\":1,\"name\":\"Portada\",\"item\":\"https:\/\/luchonoticias.com\/editor\/\"},{\"@type\":\"ListItem\",\"position\":2,\"name\":\"Turno de Colombia en la Copa Am\u00e9rica\"}]},{\"@type\":\"WebSite\",\"@id\":\"https:\/\/luchonoticias.com\/editor\/#website\",\"url\":\"https:\/\/luchonoticias.com\/editor\/\",\"name\":\"\",\"description\":\"\",\"publisher\":{\"@id\":\"https:\/\/luchonoticias.com\/editor\/#\/schema\/person\/7a7fd911f58561fd056dbac7b55af9cd\"},\"potentialAction\":[{\"@type\":\"SearchAction\",\"target\":{\"@type\":\"EntryPoint\",\"urlTemplate\":\"https:\/\/luchonoticias.com\/editor\/?s={search_term_string}\"},\"query-input\":{\"@type\":\"PropertyValueSpecification\",\"valueRequired\":true,\"valueName\":\"search_term_string\"}}],\"inLanguage\":\"es\"},{\"@type\":[\"Person\",\"Organization\"],\"@id\":\"https:\/\/luchonoticias.com\/editor\/#\/schema\/person\/7a7fd911f58561fd056dbac7b55af9cd\",\"name\":\"admin\",\"image\":{\"@type\":\"ImageObject\",\"inLanguage\":\"es\",\"@id\":\"https:\/\/luchonoticias.com\/editor\/#\/schema\/person\/image\/\",\"url\":\"https:\/\/luchonoticias.com\/editor\/wp-content\/uploads\/2024\/02\/cropped-cropped-logolu.webp\",\"contentUrl\":\"https:\/\/luchonoticias.com\/editor\/wp-content\/uploads\/2024\/02\/cropped-cropped-logolu.webp\",\"width\":382,\"height\":170,\"caption\":\"admin\"},\"logo\":{\"@id\":\"https:\/\/luchonoticias.com\/editor\/#\/schema\/person\/image\/\"},\"sameAs\":[\"https:\/\/www.facebook.com\/luchonoticiasneiva\"]},{\"@type\":\"Person\",\"@id\":\"https:\/\/luchonoticias.com\/editor\/#\/schema\/person\/29217990ddf6f14e35912b2866d591fb\",\"name\":\"Editor General\",\"image\":{\"@type\":\"ImageObject\",\"inLanguage\":\"es\",\"@id\":\"https:\/\/luchonoticias.com\/editor\/#\/schema\/person\/image\/\",\"url\":\"https:\/\/luchonoticias.com\/editor\/wp-content\/uploads\/2024\/02\/cropped-cropped-logolu-150x150.webp\",\"contentUrl\":\"https:\/\/luchonoticias.com\/editor\/wp-content\/uploads\/2024\/02\/cropped-cropped-logolu-150x150.webp\",\"caption\":\"Editor General\"},\"sameAs\":[\"https:\/\/luchonoticias.com\/\"],\"url\":\"https:\/\/luchonoticias.com\/editor\/author\/editor-general\/\"}]}<\/script>\n<!-- \/ Yoast SEO plugin. -->","yoast_head_json":{"title":"Turno de Colombia en la Copa Am\u00e9rica -","description":"Hoy a las 5:00 de la tarde Colombia se enfrentar\u00e1 a Panam\u00e1 por un cupo a las semifinales de la Copa Am\u00e9rica.","robots":{"index":"index","follow":"follow","max-snippet":"max-snippet:-1","max-image-preview":"max-image-preview:large","max-video-preview":"max-video-preview:-1"},"canonical":"https:\/\/luchonoticias.com\/editor\/turno-de-colombia-en-la-copa-america\/","og_locale":"es_ES","og_type":"article","og_title":"Turno de Colombia en la Copa Am\u00e9rica -","og_description":"Hoy a las 5:00 de la tarde Colombia se enfrentar\u00e1 a Panam\u00e1 por un cupo a las semifinales de la Copa Am\u00e9rica.","og_url":"https:\/\/luchonoticias.com\/editor\/turno-de-colombia-en-la-copa-america\/","article_publisher":"https:\/\/www.facebook.com\/luchonoticiasneiva","article_published_time":"2024-07-06T12:37:31+00:00","og_image":[{"width":700,"height":400,"url":"https:\/\/luchonoticias.com\/editor\/wp-content\/uploads\/2024\/07\/colombia-2.jpg","type":"image\/jpeg"}],"author":"Editor General","twitter_card":"summary_large_image","twitter_misc":{"Escrito por":"Editor General","Tiempo de lectura":"1 minuto"},"schema":{"@context":"https:\/\/schema.org","@graph":[{"@type":"Article","@id":"https:\/\/luchonoticias.com\/editor\/turno-de-colombia-en-la-copa-america\/#article","isPartOf":{"@id":"https:\/\/luchonoticias.com\/editor\/turno-de-colombia-en-la-copa-america\/"},"author":{"name":"Editor General","@id":"https:\/\/luchonoticias.com\/editor\/#\/schema\/person\/29217990ddf6f14e35912b2866d591fb"},"headline":"Turno de Colombia en la Copa Am\u00e9rica","datePublished":"2024-07-06T12:37:31+00:00","mainEntityOfPage":{"@id":"https:\/\/luchonoticias.com\/editor\/turno-de-colombia-en-la-copa-america\/"},"wordCount":165,"publisher":{"@id":"https:\/\/luchonoticias.com\/editor\/#\/schema\/person\/7a7fd911f58561fd056dbac7b55af9cd"},"image":{"@id":"https:\/\/luchonoticias.com\/editor\/turno-de-colombia-en-la-copa-america\/#primaryimage"},"thumbnailUrl":"https:\/\/luchonoticias.com\/editor\/wp-content\/uploads\/2024\/07\/colombia-2.jpg","articleSection":["Deportes"],"inLanguage":"es"},{"@type":"WebPage","@id":"https:\/\/luchonoticias.com\/editor\/turno-de-colombia-en-la-copa-america\/","url":"https:\/\/luchonoticias.com\/editor\/turno-de-colombia-en-la-copa-america\/","name":"Turno de Colombia en la Copa Am\u00e9rica -","isPartOf":{"@id":"https:\/\/luchonoticias.com\/editor\/#website"},"primaryImageOfPage":{"@id":"https:\/\/luchonoticias.com\/editor\/turno-de-colombia-en-la-copa-america\/#primaryimage"},"image":{"@id":"https:\/\/luchonoticias.com\/editor\/turno-de-colombia-en-la-copa-america\/#primaryimage"},"thumbnailUrl":"https:\/\/luchonoticias.com\/editor\/wp-content\/uploads\/2024\/07\/colombia-2.jpg","datePublished":"2024-07-06T12:37:31+00:00","description":"Hoy a las 5:00 de la tarde Colombia se enfrentar\u00e1 a Panam\u00e1 por un cupo a las semifinales de la Copa Am\u00e9rica.","breadcrumb":{"@id":"https:\/\/luchonoticias.com\/editor\/turno-de-colombia-en-la-copa-america\/#breadcrumb"},"inLanguage":"es","potentialAction":[{"@type":"ReadAction","target":["https:\/\/luchonoticias.com\/editor\/turno-de-colombia-en-la-copa-america\/"]}]},{"@type":"ImageObject","inLanguage":"es","@id":"https:\/\/luchonoticias.com\/editor\/turno-de-colombia-en-la-copa-america\/#primaryimage","url":"https:\/\/luchonoticias.com\/editor\/wp-content\/uploads\/2024\/07\/colombia-2.jpg","contentUrl":"https:\/\/luchonoticias.com\/editor\/wp-content\/uploads\/2024\/07\/colombia-2.jpg","width":700,"height":400},{"@type":"BreadcrumbList","@id":"https:\/\/luchonoticias.com\/editor\/turno-de-colombia-en-la-copa-america\/#breadcrumb","itemListElement":[{"@type":"ListItem","position":1,"name":"Portada","item":"https:\/\/luchonoticias.com\/editor\/"},{"@type":"ListItem","position":2,"name":"Turno de Colombia en la Copa Am\u00e9rica"}]},{"@type":"WebSite","@id":"https:\/\/luchonoticias.com\/editor\/#website","url":"https:\/\/luchonoticias.com\/editor\/","name":"","description":"","publisher":{"@id":"https:\/\/luchonoticias.com\/editor\/#\/schema\/person\/7a7fd911f58561fd056dbac7b55af9cd"},"potentialAction":[{"@type":"SearchAction","target":{"@type":"EntryPoint","urlTemplate":"https:\/\/luchonoticias.com\/editor\/?s={search_term_string}"},"query-input":{"@type":"PropertyValueSpecification","valueRequired":true,"valueName":"search_term_string"}}],"inLanguage":"es"},{"@type":["Person","Organization"],"@id":"https:\/\/luchonoticias.com\/editor\/#\/schema\/person\/7a7fd911f58561fd056dbac7b55af9cd","name":"admin","image":{"@type":"ImageObject","inLanguage":"es","@id":"https:\/\/luchonoticias.com\/editor\/#\/schema\/person\/image\/","url":"https:\/\/luchonoticias.com\/editor\/wp-content\/uploads\/2024\/02\/cropped-cropped-logolu.webp","contentUrl":"https:\/\/luchonoticias.com\/editor\/wp-content\/uploads\/2024\/02\/cropped-cropped-logolu.webp","width":382,"height":170,"caption":"admin"},"logo":{"@id":"https:\/\/luchonoticias.com\/editor\/#\/schema\/person\/image\/"},"sameAs":["https:\/\/www.facebook.com\/luchonoticiasneiva"]},{"@type":"Person","@id":"https:\/\/luchonoticias.com\/editor\/#\/schema\/person\/29217990ddf6f14e35912b2866d591fb","name":"Editor General","image":{"@type":"ImageObject","inLanguage":"es","@id":"https:\/\/luchonoticias.com\/editor\/#\/schema\/person\/image\/","url":"https:\/\/luchonoticias.com\/editor\/wp-content\/uploads\/2024\/02\/cropped-cropped-logolu-150x150.webp","contentUrl":"https:\/\/luchonoticias.com\/editor\/wp-content\/uploads\/2024\/02\/cropped-cropped-logolu-150x150.webp","caption":"Editor General"},"sameAs":["https:\/\/luchonoticias.com\/"],"url":"https:\/\/luchonoticias.com\/editor\/author\/editor-general\/"}]}},"_links":{"self":[{"href":"https:\/\/luchonoticias.com\/editor\/wp-json\/wp\/v2\/posts\/74698","targetHints":{"allow":["GET"]}}],"collection":[{"href":"https:\/\/luchonoticias.com\/editor\/wp-json\/wp\/v2\/posts"}],"about":[{"href":"https:\/\/luchonoticias.com\/editor\/wp-json\/wp\/v2\/types\/post"}],"author":[{"embeddable":true,"href":"https:\/\/luchonoticias.com\/editor\/wp-json\/wp\/v2\/users\/2"}],"replies":[{"embeddable":true,"href":"https:\/\/luchonoticias.com\/editor\/wp-json\/wp\/v2\/comments?post=74698"}],"version-history":[{"count":1,"href":"https:\/\/luchonoticias.com\/editor\/wp-json\/wp\/v2\/posts\/74698\/revisions"}],"predecessor-version":[{"id":74700,"href":"https:\/\/luchonoticias.com\/editor\/wp-json\/wp\/v2\/posts\/74698\/revisions\/74700"}],"wp:featuredmedia":[{"embeddable":true,"href":"https:\/\/luchonoticias.com\/editor\/wp-json\/wp\/v2\/media\/74699"}],"wp:attachment":[{"href":"https:\/\/luchonoticias.com\/editor\/wp-json\/wp\/v2\/media?parent=74698"}],"wp:term":[{"taxonomy":"category","embeddable":true,"href":"https:\/\/luchonoticias.com\/editor\/wp-json\/wp\/v2\/categories?post=74698"},{"taxonomy":"post_tag","embeddable":true,"href":"https:\/\/luchonoticias.com\/editor\/wp-json\/wp\/v2\/tags?post=74698"}],"curies":[{"name":"wp","href":"https:\/\/api.w.org\/{rel}","templated":true}]}}