{"id":74701,"date":"2024-07-06T07:49:03","date_gmt":"2024-07-06T12:49:03","guid":{"rendered":"https:\/\/luchonoticias.com\/?p=74701"},"modified":"2024-07-06T07:49:03","modified_gmt":"2024-07-06T12:49:03","slug":"puertos-colombianos-transportan-cada-vez-mas-carga","status":"publish","type":"post","link":"https:\/\/luchonoticias.com\/editor\/puertos-colombianos-transportan-cada-vez-mas-carga\/","title":{"rendered":"Puertos colombianos transportan cada vez m\u00e1s carga"},"content":{"rendered":"<div>Las zonas portuarias colombianas movilizaron entre enero y marzo 40,2 millones de toneladas, siendo regi\u00f3n Caribe la de mayor movimiento con 35,4 millones de toneladas, seguido por la regi\u00f3n Pac\u00edfico con 4,2 millones de toneladas.<\/div>\n<div><\/div>\n<div>La Superintendencia de Transporte public\u00f3 el Bolet\u00edn Estad\u00edstico de Tr\u00e1fico Portuario de Colombia, que recopila los datos oficiales de las zonas portuarias, los cuales son validados y aplicados en la normativa de buenas pr\u00e1cticas y est\u00e1ndares definidos para la producci\u00f3n estad\u00edstica.<\/div>\n<div><\/div>\n<div>La superintendente de Transporte, Ayda Lucy Ospina Arias, destac\u00f3 que \u201ces un trabajo que se realiza con rigurosidad, siendo casi que la \u00fanica herramienta disponible para los ciudadanos que quieren conocer el movimiento de carga de nuestro pa\u00eds, as\u00ed como el arribo de buques, importaciones y exportaciones, entre otros. Es de la m\u00e1xima utilidad tener a disposici\u00f3n esta herramienta compilatoria que se publica de manera trimestral y semestral\u201d.<\/div>\n<div><\/div>\n<p><strong>Carga movilizada en sociedades portuarias<\/strong><\/p>\n<div><\/div>\n<div>En cuanto al movimiento de carga movilizada en sociedades portuarias de servicio p\u00fablico desde enero hasta marzo del presente a\u00f1o, se movilizaron 23,4 millones de toneladas, de las cuales se destaca la regi\u00f3n Caribe que moviliz\u00f3 18,7 millones de toneladas, lo que se traduce en un incremento de 1,2% respecto a 2023.<\/div>\n<div><\/div>\n<div>As\u00ed mismo, la zona portuaria de Cartagena tuvo la mayor participaci\u00f3n en el tr\u00e1fico portuario con 10 millones de toneladas movilizadas, es decir, una participaci\u00f3n de 42,8% sobre el total de la carga movilizada y un crecimiento del 18,2% respecto del a\u00f1o anterior.<\/div>\n<div><\/div>\n<div>Las sociedades portuarias de servicio privado movilizaron, para el periodo de enero a marzo de 2024, un total de 16,7 millones de toneladas. Entre las zonas portuarias que registraron mayor movimiento de carga se encuentran Ci\u00e9naga, Cartagena y Golfo Morrosquillo, a trav\u00e9s de las Sociedades Portuarias de American Port Company con 8,3 millones de toneladas, y Cenit Transporte y Log\u00edstica de Hidrocarburos S.A.S. (en el golfo de Morrosquillo) con 2,4 millones de toneladas.<\/div>\n<div><\/div>\n<div>El documento evidencia que, por zona portuaria, 30,8% de la carga se moviliz\u00f3 por Cartagena con 12,3 millones de toneladas, seguido por Ci\u00e9naga con el 21,7% y 8,7 millones de toneladas, y el Golfo de Morrosquillo con 15,5% y 6,2 millones de toneladas.<\/div>\n","protected":false},"excerpt":{"rendered":"<p>Entre enero y marzo de este a\u00f1o, las sociedades portuarias de servicio p\u00fablico movilizaron 23,4 millones de toneladas, de ellas 18,7 millones toneladas desde la regi\u00f3n Caribe, con un incremento de 1,2% frente a 2023. Y las zonas privadas movilizaron 16,7 millones de toneladas de productos.<\/p>\n","protected":false},"author":2,"featured_media":74702,"comment_status":"closed","ping_status":"open","sticky":false,"template":"","format":"standard","meta":{"footnotes":""},"categories":[28],"tags":[],"class_list":["post-74701","post","type-post","status-publish","format-standard","has-post-thumbnail","hentry","category-actualidad"],"yoast_head":"<!-- This site is optimized with the Yoast SEO plugin v26.6 - https:\/\/yoast.com\/wordpress\/plugins\/seo\/ -->\n<title>Puertos colombianos transportan cada vez m\u00e1s carga -<\/title>\n<meta name=\"description\" content=\"Entre enero y marzo de este a\u00f1o, las sociedades portuarias de servicio p\u00fablico movilizaron 23,4 millones de toneladas, de ellas 18,7 millones toneladas desde la regi\u00f3n Caribe, con un incremento de 1,2% frente a 2023. Y las zonas privadas movilizaron 16,7 millones de toneladas de productos.\" \/>\n<meta name=\"robots\" content=\"index, follow, max-snippet:-1, max-image-preview:large, max-video-preview:-1\" \/>\n<link rel=\"canonical\" href=\"https:\/\/luchonoticias.com\/editor\/puertos-colombianos-transportan-cada-vez-mas-carga\/\" \/>\n<meta property=\"og:locale\" content=\"es_ES\" \/>\n<meta property=\"og:type\" content=\"article\" \/>\n<meta property=\"og:title\" content=\"Puertos colombianos transportan cada vez m\u00e1s carga -\" \/>\n<meta property=\"og:description\" content=\"Entre enero y marzo de este a\u00f1o, las sociedades portuarias de servicio p\u00fablico movilizaron 23,4 millones de toneladas, de ellas 18,7 millones toneladas desde la regi\u00f3n Caribe, con un incremento de 1,2% frente a 2023. Y las zonas privadas movilizaron 16,7 millones de toneladas de productos.\" \/>\n<meta property=\"og:url\" content=\"https:\/\/luchonoticias.com\/editor\/puertos-colombianos-transportan-cada-vez-mas-carga\/\" \/>\n<meta property=\"article:publisher\" content=\"https:\/\/www.facebook.com\/luchonoticiasneiva\" \/>\n<meta property=\"article:published_time\" content=\"2024-07-06T12:49:03+00:00\" \/>\n<meta property=\"og:image\" content=\"https:\/\/luchonoticias.com\/editor\/wp-content\/uploads\/2024\/07\/carga.jpg\" \/>\n\t<meta property=\"og:image:width\" content=\"700\" \/>\n\t<meta property=\"og:image:height\" content=\"400\" \/>\n\t<meta property=\"og:image:type\" content=\"image\/jpeg\" \/>\n<meta name=\"author\" content=\"Editor General\" \/>\n<meta name=\"twitter:card\" content=\"summary_large_image\" \/>\n<meta name=\"twitter:label1\" content=\"Escrito por\" \/>\n\t<meta name=\"twitter:data1\" content=\"Editor General\" \/>\n\t<meta name=\"twitter:label2\" content=\"Tiempo de lectura\" \/>\n\t<meta name=\"twitter:data2\" content=\"2 minutos\" \/>\n<script type=\"application\/ld+json\" class=\"yoast-schema-graph\">{\"@context\":\"https:\/\/schema.org\",\"@graph\":[{\"@type\":\"Article\",\"@id\":\"https:\/\/luchonoticias.com\/editor\/puertos-colombianos-transportan-cada-vez-mas-carga\/#article\",\"isPartOf\":{\"@id\":\"https:\/\/luchonoticias.com\/editor\/puertos-colombianos-transportan-cada-vez-mas-carga\/\"},\"author\":{\"name\":\"Editor General\",\"@id\":\"https:\/\/luchonoticias.com\/editor\/#\/schema\/person\/29217990ddf6f14e35912b2866d591fb\"},\"headline\":\"Puertos colombianos transportan cada vez m\u00e1s carga\",\"datePublished\":\"2024-07-06T12:49:03+00:00\",\"mainEntityOfPage\":{\"@id\":\"https:\/\/luchonoticias.com\/editor\/puertos-colombianos-transportan-cada-vez-mas-carga\/\"},\"wordCount\":374,\"publisher\":{\"@id\":\"https:\/\/luchonoticias.com\/editor\/#\/schema\/person\/7a7fd911f58561fd056dbac7b55af9cd\"},\"image\":{\"@id\":\"https:\/\/luchonoticias.com\/editor\/puertos-colombianos-transportan-cada-vez-mas-carga\/#primaryimage\"},\"thumbnailUrl\":\"https:\/\/luchonoticias.com\/editor\/wp-content\/uploads\/2024\/07\/carga.jpg\",\"articleSection\":[\"Actualidad\"],\"inLanguage\":\"es\"},{\"@type\":\"WebPage\",\"@id\":\"https:\/\/luchonoticias.com\/editor\/puertos-colombianos-transportan-cada-vez-mas-carga\/\",\"url\":\"https:\/\/luchonoticias.com\/editor\/puertos-colombianos-transportan-cada-vez-mas-carga\/\",\"name\":\"Puertos colombianos transportan cada vez m\u00e1s carga -\",\"isPartOf\":{\"@id\":\"https:\/\/luchonoticias.com\/editor\/#website\"},\"primaryImageOfPage\":{\"@id\":\"https:\/\/luchonoticias.com\/editor\/puertos-colombianos-transportan-cada-vez-mas-carga\/#primaryimage\"},\"image\":{\"@id\":\"https:\/\/luchonoticias.com\/editor\/puertos-colombianos-transportan-cada-vez-mas-carga\/#primaryimage\"},\"thumbnailUrl\":\"https:\/\/luchonoticias.com\/editor\/wp-content\/uploads\/2024\/07\/carga.jpg\",\"datePublished\":\"2024-07-06T12:49:03+00:00\",\"description\":\"Entre enero y marzo de este a\u00f1o, las sociedades portuarias de servicio p\u00fablico movilizaron 23,4 millones de toneladas, de ellas 18,7 millones toneladas desde la regi\u00f3n Caribe, con un incremento de 1,2% frente a 2023. Y las zonas privadas movilizaron 16,7 millones de toneladas de productos.\",\"breadcrumb\":{\"@id\":\"https:\/\/luchonoticias.com\/editor\/puertos-colombianos-transportan-cada-vez-mas-carga\/#breadcrumb\"},\"inLanguage\":\"es\",\"potentialAction\":[{\"@type\":\"ReadAction\",\"target\":[\"https:\/\/luchonoticias.com\/editor\/puertos-colombianos-transportan-cada-vez-mas-carga\/\"]}]},{\"@type\":\"ImageObject\",\"inLanguage\":\"es\",\"@id\":\"https:\/\/luchonoticias.com\/editor\/puertos-colombianos-transportan-cada-vez-mas-carga\/#primaryimage\",\"url\":\"https:\/\/luchonoticias.com\/editor\/wp-content\/uploads\/2024\/07\/carga.jpg\",\"contentUrl\":\"https:\/\/luchonoticias.com\/editor\/wp-content\/uploads\/2024\/07\/carga.jpg\",\"width\":700,\"height\":400},{\"@type\":\"BreadcrumbList\",\"@id\":\"https:\/\/luchonoticias.com\/editor\/puertos-colombianos-transportan-cada-vez-mas-carga\/#breadcrumb\",\"itemListElement\":[{\"@type\":\"ListItem\",\"position\":1,\"name\":\"Portada\",\"item\":\"https:\/\/luchonoticias.com\/editor\/\"},{\"@type\":\"ListItem\",\"position\":2,\"name\":\"Puertos colombianos transportan cada vez m\u00e1s carga\"}]},{\"@type\":\"WebSite\",\"@id\":\"https:\/\/luchonoticias.com\/editor\/#website\",\"url\":\"https:\/\/luchonoticias.com\/editor\/\",\"name\":\"\",\"description\":\"\",\"publisher\":{\"@id\":\"https:\/\/luchonoticias.com\/editor\/#\/schema\/person\/7a7fd911f58561fd056dbac7b55af9cd\"},\"potentialAction\":[{\"@type\":\"SearchAction\",\"target\":{\"@type\":\"EntryPoint\",\"urlTemplate\":\"https:\/\/luchonoticias.com\/editor\/?s={search_term_string}\"},\"query-input\":{\"@type\":\"PropertyValueSpecification\",\"valueRequired\":true,\"valueName\":\"search_term_string\"}}],\"inLanguage\":\"es\"},{\"@type\":[\"Person\",\"Organization\"],\"@id\":\"https:\/\/luchonoticias.com\/editor\/#\/schema\/person\/7a7fd911f58561fd056dbac7b55af9cd\",\"name\":\"admin\",\"image\":{\"@type\":\"ImageObject\",\"inLanguage\":\"es\",\"@id\":\"https:\/\/luchonoticias.com\/editor\/#\/schema\/person\/image\/\",\"url\":\"https:\/\/luchonoticias.com\/editor\/wp-content\/uploads\/2024\/02\/cropped-cropped-logolu.webp\",\"contentUrl\":\"https:\/\/luchonoticias.com\/editor\/wp-content\/uploads\/2024\/02\/cropped-cropped-logolu.webp\",\"width\":382,\"height\":170,\"caption\":\"admin\"},\"logo\":{\"@id\":\"https:\/\/luchonoticias.com\/editor\/#\/schema\/person\/image\/\"},\"sameAs\":[\"https:\/\/www.facebook.com\/luchonoticiasneiva\"]},{\"@type\":\"Person\",\"@id\":\"https:\/\/luchonoticias.com\/editor\/#\/schema\/person\/29217990ddf6f14e35912b2866d591fb\",\"name\":\"Editor General\",\"image\":{\"@type\":\"ImageObject\",\"inLanguage\":\"es\",\"@id\":\"https:\/\/luchonoticias.com\/editor\/#\/schema\/person\/image\/\",\"url\":\"https:\/\/luchonoticias.com\/editor\/wp-content\/uploads\/2024\/02\/cropped-cropped-logolu-150x150.webp\",\"contentUrl\":\"https:\/\/luchonoticias.com\/editor\/wp-content\/uploads\/2024\/02\/cropped-cropped-logolu-150x150.webp\",\"caption\":\"Editor General\"},\"sameAs\":[\"https:\/\/luchonoticias.com\/\"],\"url\":\"https:\/\/luchonoticias.com\/editor\/author\/editor-general\/\"}]}<\/script>\n<!-- \/ Yoast SEO plugin. -->","yoast_head_json":{"title":"Puertos colombianos transportan cada vez m\u00e1s carga -","description":"Entre enero y marzo de este a\u00f1o, las sociedades portuarias de servicio p\u00fablico movilizaron 23,4 millones de toneladas, de ellas 18,7 millones toneladas desde la regi\u00f3n Caribe, con un incremento de 1,2% frente a 2023. Y las zonas privadas movilizaron 16,7 millones de toneladas de productos.","robots":{"index":"index","follow":"follow","max-snippet":"max-snippet:-1","max-image-preview":"max-image-preview:large","max-video-preview":"max-video-preview:-1"},"canonical":"https:\/\/luchonoticias.com\/editor\/puertos-colombianos-transportan-cada-vez-mas-carga\/","og_locale":"es_ES","og_type":"article","og_title":"Puertos colombianos transportan cada vez m\u00e1s carga -","og_description":"Entre enero y marzo de este a\u00f1o, las sociedades portuarias de servicio p\u00fablico movilizaron 23,4 millones de toneladas, de ellas 18,7 millones toneladas desde la regi\u00f3n Caribe, con un incremento de 1,2% frente a 2023. Y las zonas privadas movilizaron 16,7 millones de toneladas de productos.","og_url":"https:\/\/luchonoticias.com\/editor\/puertos-colombianos-transportan-cada-vez-mas-carga\/","article_publisher":"https:\/\/www.facebook.com\/luchonoticiasneiva","article_published_time":"2024-07-06T12:49:03+00:00","og_image":[{"width":700,"height":400,"url":"https:\/\/luchonoticias.com\/editor\/wp-content\/uploads\/2024\/07\/carga.jpg","type":"image\/jpeg"}],"author":"Editor General","twitter_card":"summary_large_image","twitter_misc":{"Escrito por":"Editor General","Tiempo de lectura":"2 minutos"},"schema":{"@context":"https:\/\/schema.org","@graph":[{"@type":"Article","@id":"https:\/\/luchonoticias.com\/editor\/puertos-colombianos-transportan-cada-vez-mas-carga\/#article","isPartOf":{"@id":"https:\/\/luchonoticias.com\/editor\/puertos-colombianos-transportan-cada-vez-mas-carga\/"},"author":{"name":"Editor General","@id":"https:\/\/luchonoticias.com\/editor\/#\/schema\/person\/29217990ddf6f14e35912b2866d591fb"},"headline":"Puertos colombianos transportan cada vez m\u00e1s carga","datePublished":"2024-07-06T12:49:03+00:00","mainEntityOfPage":{"@id":"https:\/\/luchonoticias.com\/editor\/puertos-colombianos-transportan-cada-vez-mas-carga\/"},"wordCount":374,"publisher":{"@id":"https:\/\/luchonoticias.com\/editor\/#\/schema\/person\/7a7fd911f58561fd056dbac7b55af9cd"},"image":{"@id":"https:\/\/luchonoticias.com\/editor\/puertos-colombianos-transportan-cada-vez-mas-carga\/#primaryimage"},"thumbnailUrl":"https:\/\/luchonoticias.com\/editor\/wp-content\/uploads\/2024\/07\/carga.jpg","articleSection":["Actualidad"],"inLanguage":"es"},{"@type":"WebPage","@id":"https:\/\/luchonoticias.com\/editor\/puertos-colombianos-transportan-cada-vez-mas-carga\/","url":"https:\/\/luchonoticias.com\/editor\/puertos-colombianos-transportan-cada-vez-mas-carga\/","name":"Puertos colombianos transportan cada vez m\u00e1s carga -","isPartOf":{"@id":"https:\/\/luchonoticias.com\/editor\/#website"},"primaryImageOfPage":{"@id":"https:\/\/luchonoticias.com\/editor\/puertos-colombianos-transportan-cada-vez-mas-carga\/#primaryimage"},"image":{"@id":"https:\/\/luchonoticias.com\/editor\/puertos-colombianos-transportan-cada-vez-mas-carga\/#primaryimage"},"thumbnailUrl":"https:\/\/luchonoticias.com\/editor\/wp-content\/uploads\/2024\/07\/carga.jpg","datePublished":"2024-07-06T12:49:03+00:00","description":"Entre enero y marzo de este a\u00f1o, las sociedades portuarias de servicio p\u00fablico movilizaron 23,4 millones de toneladas, de ellas 18,7 millones toneladas desde la regi\u00f3n Caribe, con un incremento de 1,2% frente a 2023. Y las zonas privadas movilizaron 16,7 millones de toneladas de productos.","breadcrumb":{"@id":"https:\/\/luchonoticias.com\/editor\/puertos-colombianos-transportan-cada-vez-mas-carga\/#breadcrumb"},"inLanguage":"es","potentialAction":[{"@type":"ReadAction","target":["https:\/\/luchonoticias.com\/editor\/puertos-colombianos-transportan-cada-vez-mas-carga\/"]}]},{"@type":"ImageObject","inLanguage":"es","@id":"https:\/\/luchonoticias.com\/editor\/puertos-colombianos-transportan-cada-vez-mas-carga\/#primaryimage","url":"https:\/\/luchonoticias.com\/editor\/wp-content\/uploads\/2024\/07\/carga.jpg","contentUrl":"https:\/\/luchonoticias.com\/editor\/wp-content\/uploads\/2024\/07\/carga.jpg","width":700,"height":400},{"@type":"BreadcrumbList","@id":"https:\/\/luchonoticias.com\/editor\/puertos-colombianos-transportan-cada-vez-mas-carga\/#breadcrumb","itemListElement":[{"@type":"ListItem","position":1,"name":"Portada","item":"https:\/\/luchonoticias.com\/editor\/"},{"@type":"ListItem","position":2,"name":"Puertos colombianos transportan cada vez m\u00e1s carga"}]},{"@type":"WebSite","@id":"https:\/\/luchonoticias.com\/editor\/#website","url":"https:\/\/luchonoticias.com\/editor\/","name":"","description":"","publisher":{"@id":"https:\/\/luchonoticias.com\/editor\/#\/schema\/person\/7a7fd911f58561fd056dbac7b55af9cd"},"potentialAction":[{"@type":"SearchAction","target":{"@type":"EntryPoint","urlTemplate":"https:\/\/luchonoticias.com\/editor\/?s={search_term_string}"},"query-input":{"@type":"PropertyValueSpecification","valueRequired":true,"valueName":"search_term_string"}}],"inLanguage":"es"},{"@type":["Person","Organization"],"@id":"https:\/\/luchonoticias.com\/editor\/#\/schema\/person\/7a7fd911f58561fd056dbac7b55af9cd","name":"admin","image":{"@type":"ImageObject","inLanguage":"es","@id":"https:\/\/luchonoticias.com\/editor\/#\/schema\/person\/image\/","url":"https:\/\/luchonoticias.com\/editor\/wp-content\/uploads\/2024\/02\/cropped-cropped-logolu.webp","contentUrl":"https:\/\/luchonoticias.com\/editor\/wp-content\/uploads\/2024\/02\/cropped-cropped-logolu.webp","width":382,"height":170,"caption":"admin"},"logo":{"@id":"https:\/\/luchonoticias.com\/editor\/#\/schema\/person\/image\/"},"sameAs":["https:\/\/www.facebook.com\/luchonoticiasneiva"]},{"@type":"Person","@id":"https:\/\/luchonoticias.com\/editor\/#\/schema\/person\/29217990ddf6f14e35912b2866d591fb","name":"Editor General","image":{"@type":"ImageObject","inLanguage":"es","@id":"https:\/\/luchonoticias.com\/editor\/#\/schema\/person\/image\/","url":"https:\/\/luchonoticias.com\/editor\/wp-content\/uploads\/2024\/02\/cropped-cropped-logolu-150x150.webp","contentUrl":"https:\/\/luchonoticias.com\/editor\/wp-content\/uploads\/2024\/02\/cropped-cropped-logolu-150x150.webp","caption":"Editor General"},"sameAs":["https:\/\/luchonoticias.com\/"],"url":"https:\/\/luchonoticias.com\/editor\/author\/editor-general\/"}]}},"_links":{"self":[{"href":"https:\/\/luchonoticias.com\/editor\/wp-json\/wp\/v2\/posts\/74701","targetHints":{"allow":["GET"]}}],"collection":[{"href":"https:\/\/luchonoticias.com\/editor\/wp-json\/wp\/v2\/posts"}],"about":[{"href":"https:\/\/luchonoticias.com\/editor\/wp-json\/wp\/v2\/types\/post"}],"author":[{"embeddable":true,"href":"https:\/\/luchonoticias.com\/editor\/wp-json\/wp\/v2\/users\/2"}],"replies":[{"embeddable":true,"href":"https:\/\/luchonoticias.com\/editor\/wp-json\/wp\/v2\/comments?post=74701"}],"version-history":[{"count":1,"href":"https:\/\/luchonoticias.com\/editor\/wp-json\/wp\/v2\/posts\/74701\/revisions"}],"predecessor-version":[{"id":74703,"href":"https:\/\/luchonoticias.com\/editor\/wp-json\/wp\/v2\/posts\/74701\/revisions\/74703"}],"wp:featuredmedia":[{"embeddable":true,"href":"https:\/\/luchonoticias.com\/editor\/wp-json\/wp\/v2\/media\/74702"}],"wp:attachment":[{"href":"https:\/\/luchonoticias.com\/editor\/wp-json\/wp\/v2\/media?parent=74701"}],"wp:term":[{"taxonomy":"category","embeddable":true,"href":"https:\/\/luchonoticias.com\/editor\/wp-json\/wp\/v2\/categories?post=74701"},{"taxonomy":"post_tag","embeddable":true,"href":"https:\/\/luchonoticias.com\/editor\/wp-json\/wp\/v2\/tags?post=74701"}],"curies":[{"name":"wp","href":"https:\/\/api.w.org\/{rel}","templated":true}]}}