{"id":74707,"date":"2024-07-06T11:12:10","date_gmt":"2024-07-06T16:12:10","guid":{"rendered":"https:\/\/luchonoticias.com\/?p=74707"},"modified":"2024-07-06T11:14:51","modified_gmt":"2024-07-06T16:14:51","slug":"cuatro-detenidos-por-hurto","status":"publish","type":"post","link":"https:\/\/luchonoticias.com\/editor\/cuatro-detenidos-por-hurto\/","title":{"rendered":"Cuatro detenidos por hurto"},"content":{"rendered":"<p>La Polic\u00eda Metropolitana de Neiva, en su lucha constante y contundente contra el hurto a motocicletas, logra la desarticulaci\u00f3n del grupo delincuencial \u201cLos Receptadores\u201d.<\/p>\n<p>De esta forma, uniformados de la Seccional de Investigaci\u00f3n Criminal SIJIN, en trabajo articulado con la Fiscal\u00eda General de la Naci\u00f3n, logran la desarticulaci\u00f3n de un grupo delincuencial dedicado al hurto de motocicletas:<\/p>\n<p>Avilio Usaqu\u00e9n Rueda conocido como \u201cAvilio o Jos\u00e9\u00bb de 30 a\u00f1os de edad, capturado en el Barrio Granjas, presenta anotaciones judiciales por los delitos de Receptaci\u00f3n, lesiones personales, Violencia intrafamiliar y da\u00f1o en bien Ajeno.<\/p>\n<p>Jonathan Felipe Chinza, conocido como \u201cEl Indio\u201d de 20 a\u00f1os de edad, capturado en el Barrio Granjas, presenta anotaciones judiciales por los delitos de, uso de documento falso y receptaci\u00f3n.<\/p>\n<p>William Andr\u00e9s Lozano Gil Conocido como \u201cChomo\u00bb de 19 a\u00f1os de edad, capturado en el Barrio Granjas, presenta anotaciones judiciales por los delitos de receptaci\u00f3n y hurto agravado.<\/p>\n<p>Yesid Vanegas M\u00e9ndez, conocido como \u201cYesid\u00bb de 27 a\u00f1os y capturado en el Barrio Luis Carlos Gal\u00e1n, presenta anotaciones judiciales por el delito de Inasistencia Alimentaria.<\/p>\n<p>Estas personas, basados en el acervo probatorio recolectado gracias al an\u00e1lisis de horas de video, entrevistas, inspecci\u00f3n a procesos y b\u00fasqueda selectiva en bases de datos, se logra determinar que ser\u00edan los presuntos responsables del hurto a motocicletas y posteriormente venderlas con documentaci\u00f3n falsificada.<\/p>\n<p>Los capturados quienes registran anotaciones judiciales por los delitos de concierto para delinquir, receptaci\u00f3n y estafa, fueron dejados a disposici\u00f3n de un juez de control de garant\u00edas, quien determin\u00f3 cobijar con medida de aseguramiento en establecimiento carcelario a todos los integrantes del grupo delincuencial.<\/p>\n","protected":false},"excerpt":{"rendered":"<p>Cuatro personas capturadas por los delitos de concierto para delinquir, receptaci\u00f3n y estafa<\/p>\n","protected":false},"author":2,"featured_media":74708,"comment_status":"closed","ping_status":"open","sticky":false,"template":"","format":"standard","meta":{"footnotes":""},"categories":[29],"tags":[],"class_list":["post-74707","post","type-post","status-publish","format-standard","has-post-thumbnail","hentry","category-judicial"],"yoast_head":"<!-- This site is optimized with the Yoast SEO plugin v26.6 - https:\/\/yoast.com\/wordpress\/plugins\/seo\/ -->\n<title>Cuatro detenidos por hurto -<\/title>\n<meta name=\"description\" content=\"Cuatro personas capturadas por los delitos de concierto para delinquir, receptaci\u00f3n y estafa\" \/>\n<meta name=\"robots\" content=\"index, follow, max-snippet:-1, max-image-preview:large, max-video-preview:-1\" \/>\n<link rel=\"canonical\" href=\"https:\/\/luchonoticias.com\/editor\/cuatro-detenidos-por-hurto\/\" \/>\n<meta property=\"og:locale\" content=\"es_ES\" \/>\n<meta property=\"og:type\" content=\"article\" \/>\n<meta property=\"og:title\" content=\"Cuatro detenidos por hurto -\" \/>\n<meta property=\"og:description\" content=\"Cuatro personas capturadas por los delitos de concierto para delinquir, receptaci\u00f3n y estafa\" \/>\n<meta property=\"og:url\" content=\"https:\/\/luchonoticias.com\/editor\/cuatro-detenidos-por-hurto\/\" \/>\n<meta property=\"article:publisher\" content=\"https:\/\/www.facebook.com\/luchonoticiasneiva\" \/>\n<meta property=\"article:published_time\" content=\"2024-07-06T16:12:10+00:00\" \/>\n<meta property=\"article:modified_time\" content=\"2024-07-06T16:14:51+00:00\" \/>\n<meta property=\"og:image\" content=\"https:\/\/luchonoticias.com\/editor\/wp-content\/uploads\/2024\/07\/detenidos.jpg\" \/>\n\t<meta property=\"og:image:width\" content=\"700\" \/>\n\t<meta property=\"og:image:height\" content=\"400\" \/>\n\t<meta property=\"og:image:type\" content=\"image\/jpeg\" \/>\n<meta name=\"author\" content=\"Editor General\" \/>\n<meta name=\"twitter:card\" content=\"summary_large_image\" \/>\n<meta name=\"twitter:label1\" content=\"Escrito por\" \/>\n\t<meta name=\"twitter:data1\" content=\"Editor General\" \/>\n\t<meta name=\"twitter:label2\" content=\"Tiempo de lectura\" \/>\n\t<meta name=\"twitter:data2\" content=\"2 minutos\" \/>\n<script type=\"application\/ld+json\" class=\"yoast-schema-graph\">{\"@context\":\"https:\/\/schema.org\",\"@graph\":[{\"@type\":\"Article\",\"@id\":\"https:\/\/luchonoticias.com\/editor\/cuatro-detenidos-por-hurto\/#article\",\"isPartOf\":{\"@id\":\"https:\/\/luchonoticias.com\/editor\/cuatro-detenidos-por-hurto\/\"},\"author\":{\"name\":\"Editor General\",\"@id\":\"https:\/\/luchonoticias.com\/editor\/#\/schema\/person\/29217990ddf6f14e35912b2866d591fb\"},\"headline\":\"Cuatro detenidos por hurto\",\"datePublished\":\"2024-07-06T16:12:10+00:00\",\"dateModified\":\"2024-07-06T16:14:51+00:00\",\"mainEntityOfPage\":{\"@id\":\"https:\/\/luchonoticias.com\/editor\/cuatro-detenidos-por-hurto\/\"},\"wordCount\":290,\"publisher\":{\"@id\":\"https:\/\/luchonoticias.com\/editor\/#\/schema\/person\/7a7fd911f58561fd056dbac7b55af9cd\"},\"image\":{\"@id\":\"https:\/\/luchonoticias.com\/editor\/cuatro-detenidos-por-hurto\/#primaryimage\"},\"thumbnailUrl\":\"https:\/\/luchonoticias.com\/editor\/wp-content\/uploads\/2024\/07\/detenidos.jpg\",\"articleSection\":[\"Judicial\"],\"inLanguage\":\"es\"},{\"@type\":\"WebPage\",\"@id\":\"https:\/\/luchonoticias.com\/editor\/cuatro-detenidos-por-hurto\/\",\"url\":\"https:\/\/luchonoticias.com\/editor\/cuatro-detenidos-por-hurto\/\",\"name\":\"Cuatro detenidos por hurto -\",\"isPartOf\":{\"@id\":\"https:\/\/luchonoticias.com\/editor\/#website\"},\"primaryImageOfPage\":{\"@id\":\"https:\/\/luchonoticias.com\/editor\/cuatro-detenidos-por-hurto\/#primaryimage\"},\"image\":{\"@id\":\"https:\/\/luchonoticias.com\/editor\/cuatro-detenidos-por-hurto\/#primaryimage\"},\"thumbnailUrl\":\"https:\/\/luchonoticias.com\/editor\/wp-content\/uploads\/2024\/07\/detenidos.jpg\",\"datePublished\":\"2024-07-06T16:12:10+00:00\",\"dateModified\":\"2024-07-06T16:14:51+00:00\",\"description\":\"Cuatro personas capturadas por los delitos de concierto para delinquir, receptaci\u00f3n y estafa\",\"breadcrumb\":{\"@id\":\"https:\/\/luchonoticias.com\/editor\/cuatro-detenidos-por-hurto\/#breadcrumb\"},\"inLanguage\":\"es\",\"potentialAction\":[{\"@type\":\"ReadAction\",\"target\":[\"https:\/\/luchonoticias.com\/editor\/cuatro-detenidos-por-hurto\/\"]}]},{\"@type\":\"ImageObject\",\"inLanguage\":\"es\",\"@id\":\"https:\/\/luchonoticias.com\/editor\/cuatro-detenidos-por-hurto\/#primaryimage\",\"url\":\"https:\/\/luchonoticias.com\/editor\/wp-content\/uploads\/2024\/07\/detenidos.jpg\",\"contentUrl\":\"https:\/\/luchonoticias.com\/editor\/wp-content\/uploads\/2024\/07\/detenidos.jpg\",\"width\":700,\"height\":400},{\"@type\":\"BreadcrumbList\",\"@id\":\"https:\/\/luchonoticias.com\/editor\/cuatro-detenidos-por-hurto\/#breadcrumb\",\"itemListElement\":[{\"@type\":\"ListItem\",\"position\":1,\"name\":\"Portada\",\"item\":\"https:\/\/luchonoticias.com\/editor\/\"},{\"@type\":\"ListItem\",\"position\":2,\"name\":\"Cuatro detenidos por hurto\"}]},{\"@type\":\"WebSite\",\"@id\":\"https:\/\/luchonoticias.com\/editor\/#website\",\"url\":\"https:\/\/luchonoticias.com\/editor\/\",\"name\":\"\",\"description\":\"\",\"publisher\":{\"@id\":\"https:\/\/luchonoticias.com\/editor\/#\/schema\/person\/7a7fd911f58561fd056dbac7b55af9cd\"},\"potentialAction\":[{\"@type\":\"SearchAction\",\"target\":{\"@type\":\"EntryPoint\",\"urlTemplate\":\"https:\/\/luchonoticias.com\/editor\/?s={search_term_string}\"},\"query-input\":{\"@type\":\"PropertyValueSpecification\",\"valueRequired\":true,\"valueName\":\"search_term_string\"}}],\"inLanguage\":\"es\"},{\"@type\":[\"Person\",\"Organization\"],\"@id\":\"https:\/\/luchonoticias.com\/editor\/#\/schema\/person\/7a7fd911f58561fd056dbac7b55af9cd\",\"name\":\"admin\",\"image\":{\"@type\":\"ImageObject\",\"inLanguage\":\"es\",\"@id\":\"https:\/\/luchonoticias.com\/editor\/#\/schema\/person\/image\/\",\"url\":\"https:\/\/luchonoticias.com\/editor\/wp-content\/uploads\/2024\/02\/cropped-cropped-logolu.webp\",\"contentUrl\":\"https:\/\/luchonoticias.com\/editor\/wp-content\/uploads\/2024\/02\/cropped-cropped-logolu.webp\",\"width\":382,\"height\":170,\"caption\":\"admin\"},\"logo\":{\"@id\":\"https:\/\/luchonoticias.com\/editor\/#\/schema\/person\/image\/\"},\"sameAs\":[\"https:\/\/www.facebook.com\/luchonoticiasneiva\"]},{\"@type\":\"Person\",\"@id\":\"https:\/\/luchonoticias.com\/editor\/#\/schema\/person\/29217990ddf6f14e35912b2866d591fb\",\"name\":\"Editor General\",\"image\":{\"@type\":\"ImageObject\",\"inLanguage\":\"es\",\"@id\":\"https:\/\/luchonoticias.com\/editor\/#\/schema\/person\/image\/\",\"url\":\"https:\/\/luchonoticias.com\/editor\/wp-content\/uploads\/2024\/02\/cropped-cropped-logolu-150x150.webp\",\"contentUrl\":\"https:\/\/luchonoticias.com\/editor\/wp-content\/uploads\/2024\/02\/cropped-cropped-logolu-150x150.webp\",\"caption\":\"Editor General\"},\"sameAs\":[\"https:\/\/luchonoticias.com\/\"],\"url\":\"https:\/\/luchonoticias.com\/editor\/author\/editor-general\/\"}]}<\/script>\n<!-- \/ Yoast SEO plugin. -->","yoast_head_json":{"title":"Cuatro detenidos por hurto -","description":"Cuatro personas capturadas por los delitos de concierto para delinquir, receptaci\u00f3n y estafa","robots":{"index":"index","follow":"follow","max-snippet":"max-snippet:-1","max-image-preview":"max-image-preview:large","max-video-preview":"max-video-preview:-1"},"canonical":"https:\/\/luchonoticias.com\/editor\/cuatro-detenidos-por-hurto\/","og_locale":"es_ES","og_type":"article","og_title":"Cuatro detenidos por hurto -","og_description":"Cuatro personas capturadas por los delitos de concierto para delinquir, receptaci\u00f3n y estafa","og_url":"https:\/\/luchonoticias.com\/editor\/cuatro-detenidos-por-hurto\/","article_publisher":"https:\/\/www.facebook.com\/luchonoticiasneiva","article_published_time":"2024-07-06T16:12:10+00:00","article_modified_time":"2024-07-06T16:14:51+00:00","og_image":[{"width":700,"height":400,"url":"https:\/\/luchonoticias.com\/editor\/wp-content\/uploads\/2024\/07\/detenidos.jpg","type":"image\/jpeg"}],"author":"Editor General","twitter_card":"summary_large_image","twitter_misc":{"Escrito por":"Editor General","Tiempo de lectura":"2 minutos"},"schema":{"@context":"https:\/\/schema.org","@graph":[{"@type":"Article","@id":"https:\/\/luchonoticias.com\/editor\/cuatro-detenidos-por-hurto\/#article","isPartOf":{"@id":"https:\/\/luchonoticias.com\/editor\/cuatro-detenidos-por-hurto\/"},"author":{"name":"Editor General","@id":"https:\/\/luchonoticias.com\/editor\/#\/schema\/person\/29217990ddf6f14e35912b2866d591fb"},"headline":"Cuatro detenidos por hurto","datePublished":"2024-07-06T16:12:10+00:00","dateModified":"2024-07-06T16:14:51+00:00","mainEntityOfPage":{"@id":"https:\/\/luchonoticias.com\/editor\/cuatro-detenidos-por-hurto\/"},"wordCount":290,"publisher":{"@id":"https:\/\/luchonoticias.com\/editor\/#\/schema\/person\/7a7fd911f58561fd056dbac7b55af9cd"},"image":{"@id":"https:\/\/luchonoticias.com\/editor\/cuatro-detenidos-por-hurto\/#primaryimage"},"thumbnailUrl":"https:\/\/luchonoticias.com\/editor\/wp-content\/uploads\/2024\/07\/detenidos.jpg","articleSection":["Judicial"],"inLanguage":"es"},{"@type":"WebPage","@id":"https:\/\/luchonoticias.com\/editor\/cuatro-detenidos-por-hurto\/","url":"https:\/\/luchonoticias.com\/editor\/cuatro-detenidos-por-hurto\/","name":"Cuatro detenidos por hurto -","isPartOf":{"@id":"https:\/\/luchonoticias.com\/editor\/#website"},"primaryImageOfPage":{"@id":"https:\/\/luchonoticias.com\/editor\/cuatro-detenidos-por-hurto\/#primaryimage"},"image":{"@id":"https:\/\/luchonoticias.com\/editor\/cuatro-detenidos-por-hurto\/#primaryimage"},"thumbnailUrl":"https:\/\/luchonoticias.com\/editor\/wp-content\/uploads\/2024\/07\/detenidos.jpg","datePublished":"2024-07-06T16:12:10+00:00","dateModified":"2024-07-06T16:14:51+00:00","description":"Cuatro personas capturadas por los delitos de concierto para delinquir, receptaci\u00f3n y estafa","breadcrumb":{"@id":"https:\/\/luchonoticias.com\/editor\/cuatro-detenidos-por-hurto\/#breadcrumb"},"inLanguage":"es","potentialAction":[{"@type":"ReadAction","target":["https:\/\/luchonoticias.com\/editor\/cuatro-detenidos-por-hurto\/"]}]},{"@type":"ImageObject","inLanguage":"es","@id":"https:\/\/luchonoticias.com\/editor\/cuatro-detenidos-por-hurto\/#primaryimage","url":"https:\/\/luchonoticias.com\/editor\/wp-content\/uploads\/2024\/07\/detenidos.jpg","contentUrl":"https:\/\/luchonoticias.com\/editor\/wp-content\/uploads\/2024\/07\/detenidos.jpg","width":700,"height":400},{"@type":"BreadcrumbList","@id":"https:\/\/luchonoticias.com\/editor\/cuatro-detenidos-por-hurto\/#breadcrumb","itemListElement":[{"@type":"ListItem","position":1,"name":"Portada","item":"https:\/\/luchonoticias.com\/editor\/"},{"@type":"ListItem","position":2,"name":"Cuatro detenidos por hurto"}]},{"@type":"WebSite","@id":"https:\/\/luchonoticias.com\/editor\/#website","url":"https:\/\/luchonoticias.com\/editor\/","name":"","description":"","publisher":{"@id":"https:\/\/luchonoticias.com\/editor\/#\/schema\/person\/7a7fd911f58561fd056dbac7b55af9cd"},"potentialAction":[{"@type":"SearchAction","target":{"@type":"EntryPoint","urlTemplate":"https:\/\/luchonoticias.com\/editor\/?s={search_term_string}"},"query-input":{"@type":"PropertyValueSpecification","valueRequired":true,"valueName":"search_term_string"}}],"inLanguage":"es"},{"@type":["Person","Organization"],"@id":"https:\/\/luchonoticias.com\/editor\/#\/schema\/person\/7a7fd911f58561fd056dbac7b55af9cd","name":"admin","image":{"@type":"ImageObject","inLanguage":"es","@id":"https:\/\/luchonoticias.com\/editor\/#\/schema\/person\/image\/","url":"https:\/\/luchonoticias.com\/editor\/wp-content\/uploads\/2024\/02\/cropped-cropped-logolu.webp","contentUrl":"https:\/\/luchonoticias.com\/editor\/wp-content\/uploads\/2024\/02\/cropped-cropped-logolu.webp","width":382,"height":170,"caption":"admin"},"logo":{"@id":"https:\/\/luchonoticias.com\/editor\/#\/schema\/person\/image\/"},"sameAs":["https:\/\/www.facebook.com\/luchonoticiasneiva"]},{"@type":"Person","@id":"https:\/\/luchonoticias.com\/editor\/#\/schema\/person\/29217990ddf6f14e35912b2866d591fb","name":"Editor General","image":{"@type":"ImageObject","inLanguage":"es","@id":"https:\/\/luchonoticias.com\/editor\/#\/schema\/person\/image\/","url":"https:\/\/luchonoticias.com\/editor\/wp-content\/uploads\/2024\/02\/cropped-cropped-logolu-150x150.webp","contentUrl":"https:\/\/luchonoticias.com\/editor\/wp-content\/uploads\/2024\/02\/cropped-cropped-logolu-150x150.webp","caption":"Editor General"},"sameAs":["https:\/\/luchonoticias.com\/"],"url":"https:\/\/luchonoticias.com\/editor\/author\/editor-general\/"}]}},"_links":{"self":[{"href":"https:\/\/luchonoticias.com\/editor\/wp-json\/wp\/v2\/posts\/74707","targetHints":{"allow":["GET"]}}],"collection":[{"href":"https:\/\/luchonoticias.com\/editor\/wp-json\/wp\/v2\/posts"}],"about":[{"href":"https:\/\/luchonoticias.com\/editor\/wp-json\/wp\/v2\/types\/post"}],"author":[{"embeddable":true,"href":"https:\/\/luchonoticias.com\/editor\/wp-json\/wp\/v2\/users\/2"}],"replies":[{"embeddable":true,"href":"https:\/\/luchonoticias.com\/editor\/wp-json\/wp\/v2\/comments?post=74707"}],"version-history":[{"count":3,"href":"https:\/\/luchonoticias.com\/editor\/wp-json\/wp\/v2\/posts\/74707\/revisions"}],"predecessor-version":[{"id":74711,"href":"https:\/\/luchonoticias.com\/editor\/wp-json\/wp\/v2\/posts\/74707\/revisions\/74711"}],"wp:featuredmedia":[{"embeddable":true,"href":"https:\/\/luchonoticias.com\/editor\/wp-json\/wp\/v2\/media\/74708"}],"wp:attachment":[{"href":"https:\/\/luchonoticias.com\/editor\/wp-json\/wp\/v2\/media?parent=74707"}],"wp:term":[{"taxonomy":"category","embeddable":true,"href":"https:\/\/luchonoticias.com\/editor\/wp-json\/wp\/v2\/categories?post=74707"},{"taxonomy":"post_tag","embeddable":true,"href":"https:\/\/luchonoticias.com\/editor\/wp-json\/wp\/v2\/tags?post=74707"}],"curies":[{"name":"wp","href":"https:\/\/api.w.org\/{rel}","templated":true}]}}