{"id":74712,"date":"2024-07-06T13:49:06","date_gmt":"2024-07-06T18:49:06","guid":{"rendered":"https:\/\/luchonoticias.com\/?p=74712"},"modified":"2024-07-06T13:49:06","modified_gmt":"2024-07-06T18:49:06","slug":"algeciras-vuelve-a-tener-alimentacion-escolar","status":"publish","type":"post","link":"https:\/\/luchonoticias.com\/editor\/algeciras-vuelve-a-tener-alimentacion-escolar\/","title":{"rendered":"Algeciras vuelve a tener alimentaci\u00f3n escolar"},"content":{"rendered":"<p>Luego de m\u00e1s de un mes de cese de operaciones del Programa de Alimentaci\u00f3n Escolar en el municipio de Algeciras, por problemas de orden p\u00fablico, este servicio que administra la Gobernaci\u00f3n del Huila en 35 municipios de su competencia, se reanuda en la despensa agr\u00edcola del Huila.<\/p>\n<p>\u201cEste es un programa muy lindo que cubre la alimentaci\u00f3n de ni\u00f1os, ni\u00f1as y adolescentes que est\u00e1n matriculados oficialmente en las Instituciones Educativas P\u00fablicas del Huila. Es un programa que combate la deserci\u00f3n escolar. Hoy, gracias a los buenos oficios de la comunidad y de muchos actores como Naciones Unidas, hemos podido superar lo que pasaba en Algeciras y desde este lunes 08 de Julio se restablece este vital servicio\u201d.<\/p>\n<p>Por su parte, el Secretario de Educaci\u00f3n del Gobierno Departamental confirm\u00f3 esta importante noticia para el Huila y para Algeciras, luego de intensas mesas de trabajo que se llevaron a cabo desde hace un mes.<\/p>\n<p>\u201cSe logr\u00f3 concitar el inter\u00e9s de varios actores de la sociedad civil y autoridades municipales y nacionales, junto a comunidades educativas, para hacer causa com\u00fan y defender el derecho de ni\u00f1os, ni\u00f1as, adolescentes y j\u00f3venes, a un alimento escolar en el municipio de Algeciras que garantice su permanencia educativa\u201d, afirm\u00f3 Orlando Parga Rivas.<\/p>\n<p>El funcionario agradeci\u00f3 a las distintas entidades gubernamentales y no gubernamentales, del orden regional y nacional, por las gestiones realizadas desde hace aproximadamente un mes para superar la novedad presentada en el municipio de Algeciras, con el Programa de Alimentaci\u00f3n Escolar.<\/p>\n<p>\u201cDe esta manera anunciamos que se logr\u00f3 superar el problema de suspensi\u00f3n del PAE en Algeciras y declaramos la normalidad en su prestaci\u00f3n a las comunidades educativas a partir de este lunes 8 de julio en todo el territorio departamental\u201d, anunci\u00f3 Parga Rivas.<\/p>\n<p><strong>M\u00e1s de 3.000 estudiantes tendr\u00e1n su alimento escolar<\/strong><\/p>\n<p>Este programa de alimentaci\u00f3n escolar hab\u00eda sido suspendido desde el 26 de abril hasta el 8 de julio del presente a\u00f1o, (fecha en la que se reanudar\u00e1 la prestaci\u00f3n en el municipio), pasando 31 d\u00edas del calendario escolar sin el servicio, debido a presiones de fuerzas irregulares contra el operador del PAE en Algeciras, obligando a cesar operaciones.<\/p>\n<p>Ahora, a partir del pr\u00f3ximo lunes 8 de julio, se reanuda la operaci\u00f3n del programa en el municipio de Algeciras, y atender\u00e1 a 3.092 ni\u00f1os en 6 instituciones educativas y 55 sedes, de los cuales, 714 ser\u00e1n beneficiados con almuerzo, (por ser Jornada \u00danica), y los 2.378 restantes ser\u00e1n atendidos con complemento am-pm.<\/p>\n<p>Germ\u00e1n Dar\u00edo Delgado, Coordinador General del PAE en el Huila, dijo que este esfuerzo interinstitucional y civil, ha permitido el restablecimiento de las operaciones del programa, y que el operador del mismo, ha determinado que el problema ha sido superado y no hay riesgo de orden p\u00fablico, (amenazas o solicitudes incumplibles), en su prestaci\u00f3n.<\/p>\n<p>\u201cFelices con estas noticias para el Huila. Triunf\u00f3 el di\u00e1logo y la concertaci\u00f3n. Es mandato de nuestro gobernador que trabajemos articuladamente con distintos actores para lograr prop\u00f3sitos como \u00e9stos, de superar suspensiones de vitales programas como el PAE por problemas de orden p\u00fablico\u201d, manifest\u00f3 el funcionario.<\/p>\n<p>Autoridades nacionales, locales, regionales, rectores, el propio alcalde del municipio de Algeciras, Personero, padres de familia, operadores, todos hicimos esfuerzos con el acompa\u00f1amiento de la Secretar\u00eda de Educaci\u00f3n Departamental para ayudar a levantar el cese de actividades del Programa de Alimentaci\u00f3n Escolar en Algeciras\u201d, a\u00f1adi\u00f3.<\/p>\n","protected":false},"excerpt":{"rendered":"<p>El Gobernador del Huila destac\u00f3 esta buena noticia para los algecire\u00f1os ya que el PAE es un programa que propende por el buen desempe\u00f1o de los estudiantes, y sobre todo, su permanencia en las aulas de clase.<\/p>\n","protected":false},"author":2,"featured_media":74713,"comment_status":"closed","ping_status":"open","sticky":false,"template":"","format":"standard","meta":{"footnotes":""},"categories":[33],"tags":[],"class_list":["post-74712","post","type-post","status-publish","format-standard","has-post-thumbnail","hentry","category-huila"],"yoast_head":"<!-- This site is optimized with the Yoast SEO plugin v26.6 - https:\/\/yoast.com\/wordpress\/plugins\/seo\/ -->\n<title>Algeciras vuelve a tener alimentaci\u00f3n escolar -<\/title>\n<meta name=\"description\" content=\"El Gobernador del Huila destac\u00f3 esta buena noticia para los algecire\u00f1os ya que el PAE es un programa que propende por el buen desempe\u00f1o de los estudiantes, y sobre todo, su permanencia en las aulas de clase.\" \/>\n<meta name=\"robots\" content=\"index, follow, max-snippet:-1, max-image-preview:large, max-video-preview:-1\" \/>\n<link rel=\"canonical\" href=\"https:\/\/luchonoticias.com\/editor\/algeciras-vuelve-a-tener-alimentacion-escolar\/\" \/>\n<meta property=\"og:locale\" content=\"es_ES\" \/>\n<meta property=\"og:type\" content=\"article\" \/>\n<meta property=\"og:title\" content=\"Algeciras vuelve a tener alimentaci\u00f3n escolar -\" \/>\n<meta property=\"og:description\" content=\"El Gobernador del Huila destac\u00f3 esta buena noticia para los algecire\u00f1os ya que el PAE es un programa que propende por el buen desempe\u00f1o de los estudiantes, y sobre todo, su permanencia en las aulas de clase.\" \/>\n<meta property=\"og:url\" content=\"https:\/\/luchonoticias.com\/editor\/algeciras-vuelve-a-tener-alimentacion-escolar\/\" \/>\n<meta property=\"article:publisher\" content=\"https:\/\/www.facebook.com\/luchonoticiasneiva\" \/>\n<meta property=\"article:published_time\" content=\"2024-07-06T18:49:06+00:00\" \/>\n<meta property=\"og:image\" content=\"https:\/\/luchonoticias.com\/editor\/wp-content\/uploads\/2024\/07\/algeciras-1.jpg\" \/>\n\t<meta property=\"og:image:width\" content=\"700\" \/>\n\t<meta property=\"og:image:height\" content=\"400\" \/>\n\t<meta property=\"og:image:type\" content=\"image\/jpeg\" \/>\n<meta name=\"author\" content=\"Editor General\" \/>\n<meta name=\"twitter:card\" content=\"summary_large_image\" \/>\n<meta name=\"twitter:label1\" content=\"Escrito por\" \/>\n\t<meta name=\"twitter:data1\" content=\"Editor General\" \/>\n\t<meta name=\"twitter:label2\" content=\"Tiempo de lectura\" \/>\n\t<meta name=\"twitter:data2\" content=\"3 minutos\" \/>\n<script type=\"application\/ld+json\" class=\"yoast-schema-graph\">{\"@context\":\"https:\/\/schema.org\",\"@graph\":[{\"@type\":\"Article\",\"@id\":\"https:\/\/luchonoticias.com\/editor\/algeciras-vuelve-a-tener-alimentacion-escolar\/#article\",\"isPartOf\":{\"@id\":\"https:\/\/luchonoticias.com\/editor\/algeciras-vuelve-a-tener-alimentacion-escolar\/\"},\"author\":{\"name\":\"Editor General\",\"@id\":\"https:\/\/luchonoticias.com\/editor\/#\/schema\/person\/29217990ddf6f14e35912b2866d591fb\"},\"headline\":\"Algeciras vuelve a tener alimentaci\u00f3n escolar\",\"datePublished\":\"2024-07-06T18:49:06+00:00\",\"mainEntityOfPage\":{\"@id\":\"https:\/\/luchonoticias.com\/editor\/algeciras-vuelve-a-tener-alimentacion-escolar\/\"},\"wordCount\":592,\"publisher\":{\"@id\":\"https:\/\/luchonoticias.com\/editor\/#\/schema\/person\/7a7fd911f58561fd056dbac7b55af9cd\"},\"image\":{\"@id\":\"https:\/\/luchonoticias.com\/editor\/algeciras-vuelve-a-tener-alimentacion-escolar\/#primaryimage\"},\"thumbnailUrl\":\"https:\/\/luchonoticias.com\/editor\/wp-content\/uploads\/2024\/07\/algeciras-1.jpg\",\"articleSection\":[\"Huila\"],\"inLanguage\":\"es\"},{\"@type\":\"WebPage\",\"@id\":\"https:\/\/luchonoticias.com\/editor\/algeciras-vuelve-a-tener-alimentacion-escolar\/\",\"url\":\"https:\/\/luchonoticias.com\/editor\/algeciras-vuelve-a-tener-alimentacion-escolar\/\",\"name\":\"Algeciras vuelve a tener alimentaci\u00f3n escolar -\",\"isPartOf\":{\"@id\":\"https:\/\/luchonoticias.com\/editor\/#website\"},\"primaryImageOfPage\":{\"@id\":\"https:\/\/luchonoticias.com\/editor\/algeciras-vuelve-a-tener-alimentacion-escolar\/#primaryimage\"},\"image\":{\"@id\":\"https:\/\/luchonoticias.com\/editor\/algeciras-vuelve-a-tener-alimentacion-escolar\/#primaryimage\"},\"thumbnailUrl\":\"https:\/\/luchonoticias.com\/editor\/wp-content\/uploads\/2024\/07\/algeciras-1.jpg\",\"datePublished\":\"2024-07-06T18:49:06+00:00\",\"description\":\"El Gobernador del Huila destac\u00f3 esta buena noticia para los algecire\u00f1os ya que el PAE es un programa que propende por el buen desempe\u00f1o de los estudiantes, y sobre todo, su permanencia en las aulas de clase.\",\"breadcrumb\":{\"@id\":\"https:\/\/luchonoticias.com\/editor\/algeciras-vuelve-a-tener-alimentacion-escolar\/#breadcrumb\"},\"inLanguage\":\"es\",\"potentialAction\":[{\"@type\":\"ReadAction\",\"target\":[\"https:\/\/luchonoticias.com\/editor\/algeciras-vuelve-a-tener-alimentacion-escolar\/\"]}]},{\"@type\":\"ImageObject\",\"inLanguage\":\"es\",\"@id\":\"https:\/\/luchonoticias.com\/editor\/algeciras-vuelve-a-tener-alimentacion-escolar\/#primaryimage\",\"url\":\"https:\/\/luchonoticias.com\/editor\/wp-content\/uploads\/2024\/07\/algeciras-1.jpg\",\"contentUrl\":\"https:\/\/luchonoticias.com\/editor\/wp-content\/uploads\/2024\/07\/algeciras-1.jpg\",\"width\":700,\"height\":400},{\"@type\":\"BreadcrumbList\",\"@id\":\"https:\/\/luchonoticias.com\/editor\/algeciras-vuelve-a-tener-alimentacion-escolar\/#breadcrumb\",\"itemListElement\":[{\"@type\":\"ListItem\",\"position\":1,\"name\":\"Portada\",\"item\":\"https:\/\/luchonoticias.com\/editor\/\"},{\"@type\":\"ListItem\",\"position\":2,\"name\":\"Algeciras vuelve a tener alimentaci\u00f3n escolar\"}]},{\"@type\":\"WebSite\",\"@id\":\"https:\/\/luchonoticias.com\/editor\/#website\",\"url\":\"https:\/\/luchonoticias.com\/editor\/\",\"name\":\"\",\"description\":\"\",\"publisher\":{\"@id\":\"https:\/\/luchonoticias.com\/editor\/#\/schema\/person\/7a7fd911f58561fd056dbac7b55af9cd\"},\"potentialAction\":[{\"@type\":\"SearchAction\",\"target\":{\"@type\":\"EntryPoint\",\"urlTemplate\":\"https:\/\/luchonoticias.com\/editor\/?s={search_term_string}\"},\"query-input\":{\"@type\":\"PropertyValueSpecification\",\"valueRequired\":true,\"valueName\":\"search_term_string\"}}],\"inLanguage\":\"es\"},{\"@type\":[\"Person\",\"Organization\"],\"@id\":\"https:\/\/luchonoticias.com\/editor\/#\/schema\/person\/7a7fd911f58561fd056dbac7b55af9cd\",\"name\":\"admin\",\"image\":{\"@type\":\"ImageObject\",\"inLanguage\":\"es\",\"@id\":\"https:\/\/luchonoticias.com\/editor\/#\/schema\/person\/image\/\",\"url\":\"https:\/\/luchonoticias.com\/editor\/wp-content\/uploads\/2024\/02\/cropped-cropped-logolu.webp\",\"contentUrl\":\"https:\/\/luchonoticias.com\/editor\/wp-content\/uploads\/2024\/02\/cropped-cropped-logolu.webp\",\"width\":382,\"height\":170,\"caption\":\"admin\"},\"logo\":{\"@id\":\"https:\/\/luchonoticias.com\/editor\/#\/schema\/person\/image\/\"},\"sameAs\":[\"https:\/\/www.facebook.com\/luchonoticiasneiva\"]},{\"@type\":\"Person\",\"@id\":\"https:\/\/luchonoticias.com\/editor\/#\/schema\/person\/29217990ddf6f14e35912b2866d591fb\",\"name\":\"Editor General\",\"image\":{\"@type\":\"ImageObject\",\"inLanguage\":\"es\",\"@id\":\"https:\/\/luchonoticias.com\/editor\/#\/schema\/person\/image\/\",\"url\":\"https:\/\/luchonoticias.com\/editor\/wp-content\/uploads\/2024\/02\/cropped-cropped-logolu-150x150.webp\",\"contentUrl\":\"https:\/\/luchonoticias.com\/editor\/wp-content\/uploads\/2024\/02\/cropped-cropped-logolu-150x150.webp\",\"caption\":\"Editor General\"},\"sameAs\":[\"https:\/\/luchonoticias.com\/\"],\"url\":\"https:\/\/luchonoticias.com\/editor\/author\/editor-general\/\"}]}<\/script>\n<!-- \/ Yoast SEO plugin. -->","yoast_head_json":{"title":"Algeciras vuelve a tener alimentaci\u00f3n escolar -","description":"El Gobernador del Huila destac\u00f3 esta buena noticia para los algecire\u00f1os ya que el PAE es un programa que propende por el buen desempe\u00f1o de los estudiantes, y sobre todo, su permanencia en las aulas de clase.","robots":{"index":"index","follow":"follow","max-snippet":"max-snippet:-1","max-image-preview":"max-image-preview:large","max-video-preview":"max-video-preview:-1"},"canonical":"https:\/\/luchonoticias.com\/editor\/algeciras-vuelve-a-tener-alimentacion-escolar\/","og_locale":"es_ES","og_type":"article","og_title":"Algeciras vuelve a tener alimentaci\u00f3n escolar -","og_description":"El Gobernador del Huila destac\u00f3 esta buena noticia para los algecire\u00f1os ya que el PAE es un programa que propende por el buen desempe\u00f1o de los estudiantes, y sobre todo, su permanencia en las aulas de clase.","og_url":"https:\/\/luchonoticias.com\/editor\/algeciras-vuelve-a-tener-alimentacion-escolar\/","article_publisher":"https:\/\/www.facebook.com\/luchonoticiasneiva","article_published_time":"2024-07-06T18:49:06+00:00","og_image":[{"width":700,"height":400,"url":"https:\/\/luchonoticias.com\/editor\/wp-content\/uploads\/2024\/07\/algeciras-1.jpg","type":"image\/jpeg"}],"author":"Editor General","twitter_card":"summary_large_image","twitter_misc":{"Escrito por":"Editor General","Tiempo de lectura":"3 minutos"},"schema":{"@context":"https:\/\/schema.org","@graph":[{"@type":"Article","@id":"https:\/\/luchonoticias.com\/editor\/algeciras-vuelve-a-tener-alimentacion-escolar\/#article","isPartOf":{"@id":"https:\/\/luchonoticias.com\/editor\/algeciras-vuelve-a-tener-alimentacion-escolar\/"},"author":{"name":"Editor General","@id":"https:\/\/luchonoticias.com\/editor\/#\/schema\/person\/29217990ddf6f14e35912b2866d591fb"},"headline":"Algeciras vuelve a tener alimentaci\u00f3n escolar","datePublished":"2024-07-06T18:49:06+00:00","mainEntityOfPage":{"@id":"https:\/\/luchonoticias.com\/editor\/algeciras-vuelve-a-tener-alimentacion-escolar\/"},"wordCount":592,"publisher":{"@id":"https:\/\/luchonoticias.com\/editor\/#\/schema\/person\/7a7fd911f58561fd056dbac7b55af9cd"},"image":{"@id":"https:\/\/luchonoticias.com\/editor\/algeciras-vuelve-a-tener-alimentacion-escolar\/#primaryimage"},"thumbnailUrl":"https:\/\/luchonoticias.com\/editor\/wp-content\/uploads\/2024\/07\/algeciras-1.jpg","articleSection":["Huila"],"inLanguage":"es"},{"@type":"WebPage","@id":"https:\/\/luchonoticias.com\/editor\/algeciras-vuelve-a-tener-alimentacion-escolar\/","url":"https:\/\/luchonoticias.com\/editor\/algeciras-vuelve-a-tener-alimentacion-escolar\/","name":"Algeciras vuelve a tener alimentaci\u00f3n escolar -","isPartOf":{"@id":"https:\/\/luchonoticias.com\/editor\/#website"},"primaryImageOfPage":{"@id":"https:\/\/luchonoticias.com\/editor\/algeciras-vuelve-a-tener-alimentacion-escolar\/#primaryimage"},"image":{"@id":"https:\/\/luchonoticias.com\/editor\/algeciras-vuelve-a-tener-alimentacion-escolar\/#primaryimage"},"thumbnailUrl":"https:\/\/luchonoticias.com\/editor\/wp-content\/uploads\/2024\/07\/algeciras-1.jpg","datePublished":"2024-07-06T18:49:06+00:00","description":"El Gobernador del Huila destac\u00f3 esta buena noticia para los algecire\u00f1os ya que el PAE es un programa que propende por el buen desempe\u00f1o de los estudiantes, y sobre todo, su permanencia en las aulas de clase.","breadcrumb":{"@id":"https:\/\/luchonoticias.com\/editor\/algeciras-vuelve-a-tener-alimentacion-escolar\/#breadcrumb"},"inLanguage":"es","potentialAction":[{"@type":"ReadAction","target":["https:\/\/luchonoticias.com\/editor\/algeciras-vuelve-a-tener-alimentacion-escolar\/"]}]},{"@type":"ImageObject","inLanguage":"es","@id":"https:\/\/luchonoticias.com\/editor\/algeciras-vuelve-a-tener-alimentacion-escolar\/#primaryimage","url":"https:\/\/luchonoticias.com\/editor\/wp-content\/uploads\/2024\/07\/algeciras-1.jpg","contentUrl":"https:\/\/luchonoticias.com\/editor\/wp-content\/uploads\/2024\/07\/algeciras-1.jpg","width":700,"height":400},{"@type":"BreadcrumbList","@id":"https:\/\/luchonoticias.com\/editor\/algeciras-vuelve-a-tener-alimentacion-escolar\/#breadcrumb","itemListElement":[{"@type":"ListItem","position":1,"name":"Portada","item":"https:\/\/luchonoticias.com\/editor\/"},{"@type":"ListItem","position":2,"name":"Algeciras vuelve a tener alimentaci\u00f3n escolar"}]},{"@type":"WebSite","@id":"https:\/\/luchonoticias.com\/editor\/#website","url":"https:\/\/luchonoticias.com\/editor\/","name":"","description":"","publisher":{"@id":"https:\/\/luchonoticias.com\/editor\/#\/schema\/person\/7a7fd911f58561fd056dbac7b55af9cd"},"potentialAction":[{"@type":"SearchAction","target":{"@type":"EntryPoint","urlTemplate":"https:\/\/luchonoticias.com\/editor\/?s={search_term_string}"},"query-input":{"@type":"PropertyValueSpecification","valueRequired":true,"valueName":"search_term_string"}}],"inLanguage":"es"},{"@type":["Person","Organization"],"@id":"https:\/\/luchonoticias.com\/editor\/#\/schema\/person\/7a7fd911f58561fd056dbac7b55af9cd","name":"admin","image":{"@type":"ImageObject","inLanguage":"es","@id":"https:\/\/luchonoticias.com\/editor\/#\/schema\/person\/image\/","url":"https:\/\/luchonoticias.com\/editor\/wp-content\/uploads\/2024\/02\/cropped-cropped-logolu.webp","contentUrl":"https:\/\/luchonoticias.com\/editor\/wp-content\/uploads\/2024\/02\/cropped-cropped-logolu.webp","width":382,"height":170,"caption":"admin"},"logo":{"@id":"https:\/\/luchonoticias.com\/editor\/#\/schema\/person\/image\/"},"sameAs":["https:\/\/www.facebook.com\/luchonoticiasneiva"]},{"@type":"Person","@id":"https:\/\/luchonoticias.com\/editor\/#\/schema\/person\/29217990ddf6f14e35912b2866d591fb","name":"Editor General","image":{"@type":"ImageObject","inLanguage":"es","@id":"https:\/\/luchonoticias.com\/editor\/#\/schema\/person\/image\/","url":"https:\/\/luchonoticias.com\/editor\/wp-content\/uploads\/2024\/02\/cropped-cropped-logolu-150x150.webp","contentUrl":"https:\/\/luchonoticias.com\/editor\/wp-content\/uploads\/2024\/02\/cropped-cropped-logolu-150x150.webp","caption":"Editor General"},"sameAs":["https:\/\/luchonoticias.com\/"],"url":"https:\/\/luchonoticias.com\/editor\/author\/editor-general\/"}]}},"_links":{"self":[{"href":"https:\/\/luchonoticias.com\/editor\/wp-json\/wp\/v2\/posts\/74712","targetHints":{"allow":["GET"]}}],"collection":[{"href":"https:\/\/luchonoticias.com\/editor\/wp-json\/wp\/v2\/posts"}],"about":[{"href":"https:\/\/luchonoticias.com\/editor\/wp-json\/wp\/v2\/types\/post"}],"author":[{"embeddable":true,"href":"https:\/\/luchonoticias.com\/editor\/wp-json\/wp\/v2\/users\/2"}],"replies":[{"embeddable":true,"href":"https:\/\/luchonoticias.com\/editor\/wp-json\/wp\/v2\/comments?post=74712"}],"version-history":[{"count":2,"href":"https:\/\/luchonoticias.com\/editor\/wp-json\/wp\/v2\/posts\/74712\/revisions"}],"predecessor-version":[{"id":74715,"href":"https:\/\/luchonoticias.com\/editor\/wp-json\/wp\/v2\/posts\/74712\/revisions\/74715"}],"wp:featuredmedia":[{"embeddable":true,"href":"https:\/\/luchonoticias.com\/editor\/wp-json\/wp\/v2\/media\/74713"}],"wp:attachment":[{"href":"https:\/\/luchonoticias.com\/editor\/wp-json\/wp\/v2\/media?parent=74712"}],"wp:term":[{"taxonomy":"category","embeddable":true,"href":"https:\/\/luchonoticias.com\/editor\/wp-json\/wp\/v2\/categories?post=74712"},{"taxonomy":"post_tag","embeddable":true,"href":"https:\/\/luchonoticias.com\/editor\/wp-json\/wp\/v2\/tags?post=74712"}],"curies":[{"name":"wp","href":"https:\/\/api.w.org\/{rel}","templated":true}]}}