{"id":74716,"date":"2024-07-06T15:29:45","date_gmt":"2024-07-06T20:29:45","guid":{"rendered":"https:\/\/luchonoticias.com\/?p=74716"},"modified":"2024-07-06T15:29:45","modified_gmt":"2024-07-06T20:29:45","slug":"plasticos-de-unico-uso-salen-de-circulacion-en-colombia","status":"publish","type":"post","link":"https:\/\/luchonoticias.com\/editor\/plasticos-de-unico-uso-salen-de-circulacion-en-colombia\/","title":{"rendered":"Pl\u00e1sticos de \u00fanico uso salen de circulaci\u00f3n en Colombia"},"content":{"rendered":"<div>A partir de ma\u00f1ana ocho de los pl\u00e1sticos de un solo uso que se utilizan en actividades diarias en el pa\u00eds, tendr\u00e1n que salir de circulaci\u00f3n, seg\u00fan la nueva reglamentaci\u00f3n que expidi\u00f3 el Ministerio de Ambiente y Desarrollo Sostenible.<\/div>\n<div><\/div>\n<div>Se trata de bolsas de punto de pago, bolsas de rollo del fruver, bolsas de empaque de revistas y recibos, bolsas de lavander\u00eda, soportes pl\u00e1sticos de bombas y de copitos de algod\u00f3n, pitillos y mezcladores son los ocho productos que saldr\u00e1n del mercado la pr\u00f3xima semana.<\/div>\n<div><\/div>\n<div>La Resoluci\u00f3n 0803 de 2024 establece medidas clave en la transici\u00f3n de Colombia hacia la eliminaci\u00f3n de los 21 pl\u00e1sticos de un solo uso que ser\u00e1n eliminados progresivamente a 2030, seg\u00fan establece la Ley 2232 de 2022.<\/div>\n<div><\/div>\n<div>La ministra de Ambiente, Susana Muhamad indic\u00f3 que \u201cla resoluci\u00f3n incita a los consumidores a cambiar la alternativa del uso. Hay un poder muy importante de los ciudadanos y las ciudadanas de dejar de utilizar estos elementos y empezar a pensar en un reemplazo\u201d.<\/div>\n<div><\/div>\n<div>La nueva reglamentaci\u00f3n aplica en todo el territorio nacional para los productores de envases y empaques, fabricantes o importadores de productos pl\u00e1sticos de un solo uso y a las entidades p\u00fablicas y privadas.<\/div>\n<div><\/div>\n<div>La ministra Muhamad agreg\u00f3 que la Resoluci\u00f3n define que, para permanecer en el mercado, los productos prohibidos deben presentar alternativas sostenibles enfocadas en la biodegradabilidad y compostabilidad en condiciones ambientales naturales; ser fabricados con 100% de materia prima reciclada de fuente nacional; y su aprovechamiento debe ser del 100% de la misma resina o mezcla de resinas de los productos puestos en el mercado.<\/div>\n<div><\/div>\n<div>En Colombia hay 375 negocios verdes que est\u00e1n trabajando en el reemplazo de este tipo de materiales pl\u00e1sticos y su incorporaci\u00f3n a la econom\u00eda circular.<\/div>\n<div><\/div>\n<div>La resoluci\u00f3n destaca, adem\u00e1s, una mayor participaci\u00f3n de los recicladores de oficio en el fortalecimiento de la cadena productiva del reciclaje y como actores clave en los procesos de certificaci\u00f3n de las cantidades recolectadas.<\/div>\n","protected":false},"excerpt":{"rendered":"<p>Elementos pl\u00e1sticos como bolsas pl\u00e1sticas para empacar frutas y verduras, peri\u00f3dicos y revistas, bolsas de lavander\u00eda, pitillos y mezcladores pl\u00e1sticos, entre otros, quedar\u00e1n prohibidos desde el pr\u00f3ximo 7 de julio.<\/p>\n","protected":false},"author":2,"featured_media":74717,"comment_status":"closed","ping_status":"open","sticky":false,"template":"","format":"standard","meta":{"footnotes":""},"categories":[28],"tags":[],"class_list":["post-74716","post","type-post","status-publish","format-standard","has-post-thumbnail","hentry","category-actualidad"],"yoast_head":"<!-- This site is optimized with the Yoast SEO plugin v26.6 - https:\/\/yoast.com\/wordpress\/plugins\/seo\/ -->\n<title>Pl\u00e1sticos de \u00fanico uso salen de circulaci\u00f3n en Colombia -<\/title>\n<meta name=\"description\" content=\"Elementos pl\u00e1sticos como bolsas pl\u00e1sticas para empacar frutas y verduras, peri\u00f3dicos y revistas, bolsas de lavander\u00eda, pitillos y mezcladores pl\u00e1sticos, entre otros, quedar\u00e1n prohibidos desde ma\u00f1ana.\" \/>\n<meta name=\"robots\" content=\"index, follow, max-snippet:-1, max-image-preview:large, max-video-preview:-1\" \/>\n<link rel=\"canonical\" href=\"https:\/\/luchonoticias.com\/editor\/plasticos-de-unico-uso-salen-de-circulacion-en-colombia\/\" \/>\n<meta property=\"og:locale\" content=\"es_ES\" \/>\n<meta property=\"og:type\" content=\"article\" \/>\n<meta property=\"og:title\" content=\"Pl\u00e1sticos de \u00fanico uso salen de circulaci\u00f3n en Colombia -\" \/>\n<meta property=\"og:description\" content=\"Elementos pl\u00e1sticos como bolsas pl\u00e1sticas para empacar frutas y verduras, peri\u00f3dicos y revistas, bolsas de lavander\u00eda, pitillos y mezcladores pl\u00e1sticos, entre otros, quedar\u00e1n prohibidos desde ma\u00f1ana.\" \/>\n<meta property=\"og:url\" content=\"https:\/\/luchonoticias.com\/editor\/plasticos-de-unico-uso-salen-de-circulacion-en-colombia\/\" \/>\n<meta property=\"article:publisher\" content=\"https:\/\/www.facebook.com\/luchonoticiasneiva\" \/>\n<meta property=\"article:published_time\" content=\"2024-07-06T20:29:45+00:00\" \/>\n<meta property=\"og:image\" content=\"https:\/\/luchonoticias.com\/editor\/wp-content\/uploads\/2024\/07\/plasticos.jpg\" \/>\n\t<meta property=\"og:image:width\" content=\"700\" \/>\n\t<meta property=\"og:image:height\" content=\"400\" \/>\n\t<meta property=\"og:image:type\" content=\"image\/jpeg\" \/>\n<meta name=\"author\" content=\"Editor General\" \/>\n<meta name=\"twitter:card\" content=\"summary_large_image\" \/>\n<meta name=\"twitter:label1\" content=\"Escrito por\" \/>\n\t<meta name=\"twitter:data1\" content=\"Editor General\" \/>\n\t<meta name=\"twitter:label2\" content=\"Tiempo de lectura\" \/>\n\t<meta name=\"twitter:data2\" content=\"2 minutos\" \/>\n<script type=\"application\/ld+json\" class=\"yoast-schema-graph\">{\"@context\":\"https:\/\/schema.org\",\"@graph\":[{\"@type\":\"Article\",\"@id\":\"https:\/\/luchonoticias.com\/editor\/plasticos-de-unico-uso-salen-de-circulacion-en-colombia\/#article\",\"isPartOf\":{\"@id\":\"https:\/\/luchonoticias.com\/editor\/plasticos-de-unico-uso-salen-de-circulacion-en-colombia\/\"},\"author\":{\"name\":\"Editor General\",\"@id\":\"https:\/\/luchonoticias.com\/editor\/#\/schema\/person\/29217990ddf6f14e35912b2866d591fb\"},\"headline\":\"Pl\u00e1sticos de \u00fanico uso salen de circulaci\u00f3n en Colombia\",\"datePublished\":\"2024-07-06T20:29:45+00:00\",\"mainEntityOfPage\":{\"@id\":\"https:\/\/luchonoticias.com\/editor\/plasticos-de-unico-uso-salen-de-circulacion-en-colombia\/\"},\"wordCount\":355,\"publisher\":{\"@id\":\"https:\/\/luchonoticias.com\/editor\/#\/schema\/person\/7a7fd911f58561fd056dbac7b55af9cd\"},\"image\":{\"@id\":\"https:\/\/luchonoticias.com\/editor\/plasticos-de-unico-uso-salen-de-circulacion-en-colombia\/#primaryimage\"},\"thumbnailUrl\":\"https:\/\/luchonoticias.com\/editor\/wp-content\/uploads\/2024\/07\/plasticos.jpg\",\"articleSection\":[\"Actualidad\"],\"inLanguage\":\"es\"},{\"@type\":\"WebPage\",\"@id\":\"https:\/\/luchonoticias.com\/editor\/plasticos-de-unico-uso-salen-de-circulacion-en-colombia\/\",\"url\":\"https:\/\/luchonoticias.com\/editor\/plasticos-de-unico-uso-salen-de-circulacion-en-colombia\/\",\"name\":\"Pl\u00e1sticos de \u00fanico uso salen de circulaci\u00f3n en Colombia -\",\"isPartOf\":{\"@id\":\"https:\/\/luchonoticias.com\/editor\/#website\"},\"primaryImageOfPage\":{\"@id\":\"https:\/\/luchonoticias.com\/editor\/plasticos-de-unico-uso-salen-de-circulacion-en-colombia\/#primaryimage\"},\"image\":{\"@id\":\"https:\/\/luchonoticias.com\/editor\/plasticos-de-unico-uso-salen-de-circulacion-en-colombia\/#primaryimage\"},\"thumbnailUrl\":\"https:\/\/luchonoticias.com\/editor\/wp-content\/uploads\/2024\/07\/plasticos.jpg\",\"datePublished\":\"2024-07-06T20:29:45+00:00\",\"description\":\"Elementos pl\u00e1sticos como bolsas pl\u00e1sticas para empacar frutas y verduras, peri\u00f3dicos y revistas, bolsas de lavander\u00eda, pitillos y mezcladores pl\u00e1sticos, entre otros, quedar\u00e1n prohibidos desde ma\u00f1ana.\",\"breadcrumb\":{\"@id\":\"https:\/\/luchonoticias.com\/editor\/plasticos-de-unico-uso-salen-de-circulacion-en-colombia\/#breadcrumb\"},\"inLanguage\":\"es\",\"potentialAction\":[{\"@type\":\"ReadAction\",\"target\":[\"https:\/\/luchonoticias.com\/editor\/plasticos-de-unico-uso-salen-de-circulacion-en-colombia\/\"]}]},{\"@type\":\"ImageObject\",\"inLanguage\":\"es\",\"@id\":\"https:\/\/luchonoticias.com\/editor\/plasticos-de-unico-uso-salen-de-circulacion-en-colombia\/#primaryimage\",\"url\":\"https:\/\/luchonoticias.com\/editor\/wp-content\/uploads\/2024\/07\/plasticos.jpg\",\"contentUrl\":\"https:\/\/luchonoticias.com\/editor\/wp-content\/uploads\/2024\/07\/plasticos.jpg\",\"width\":700,\"height\":400},{\"@type\":\"BreadcrumbList\",\"@id\":\"https:\/\/luchonoticias.com\/editor\/plasticos-de-unico-uso-salen-de-circulacion-en-colombia\/#breadcrumb\",\"itemListElement\":[{\"@type\":\"ListItem\",\"position\":1,\"name\":\"Portada\",\"item\":\"https:\/\/luchonoticias.com\/editor\/\"},{\"@type\":\"ListItem\",\"position\":2,\"name\":\"Pl\u00e1sticos de \u00fanico uso salen de circulaci\u00f3n en Colombia\"}]},{\"@type\":\"WebSite\",\"@id\":\"https:\/\/luchonoticias.com\/editor\/#website\",\"url\":\"https:\/\/luchonoticias.com\/editor\/\",\"name\":\"\",\"description\":\"\",\"publisher\":{\"@id\":\"https:\/\/luchonoticias.com\/editor\/#\/schema\/person\/7a7fd911f58561fd056dbac7b55af9cd\"},\"potentialAction\":[{\"@type\":\"SearchAction\",\"target\":{\"@type\":\"EntryPoint\",\"urlTemplate\":\"https:\/\/luchonoticias.com\/editor\/?s={search_term_string}\"},\"query-input\":{\"@type\":\"PropertyValueSpecification\",\"valueRequired\":true,\"valueName\":\"search_term_string\"}}],\"inLanguage\":\"es\"},{\"@type\":[\"Person\",\"Organization\"],\"@id\":\"https:\/\/luchonoticias.com\/editor\/#\/schema\/person\/7a7fd911f58561fd056dbac7b55af9cd\",\"name\":\"admin\",\"image\":{\"@type\":\"ImageObject\",\"inLanguage\":\"es\",\"@id\":\"https:\/\/luchonoticias.com\/editor\/#\/schema\/person\/image\/\",\"url\":\"https:\/\/luchonoticias.com\/editor\/wp-content\/uploads\/2024\/02\/cropped-cropped-logolu.webp\",\"contentUrl\":\"https:\/\/luchonoticias.com\/editor\/wp-content\/uploads\/2024\/02\/cropped-cropped-logolu.webp\",\"width\":382,\"height\":170,\"caption\":\"admin\"},\"logo\":{\"@id\":\"https:\/\/luchonoticias.com\/editor\/#\/schema\/person\/image\/\"},\"sameAs\":[\"https:\/\/www.facebook.com\/luchonoticiasneiva\"]},{\"@type\":\"Person\",\"@id\":\"https:\/\/luchonoticias.com\/editor\/#\/schema\/person\/29217990ddf6f14e35912b2866d591fb\",\"name\":\"Editor General\",\"image\":{\"@type\":\"ImageObject\",\"inLanguage\":\"es\",\"@id\":\"https:\/\/luchonoticias.com\/editor\/#\/schema\/person\/image\/\",\"url\":\"https:\/\/luchonoticias.com\/editor\/wp-content\/uploads\/2024\/02\/cropped-cropped-logolu-150x150.webp\",\"contentUrl\":\"https:\/\/luchonoticias.com\/editor\/wp-content\/uploads\/2024\/02\/cropped-cropped-logolu-150x150.webp\",\"caption\":\"Editor General\"},\"sameAs\":[\"https:\/\/luchonoticias.com\/\"],\"url\":\"https:\/\/luchonoticias.com\/editor\/author\/editor-general\/\"}]}<\/script>\n<!-- \/ Yoast SEO plugin. -->","yoast_head_json":{"title":"Pl\u00e1sticos de \u00fanico uso salen de circulaci\u00f3n en Colombia -","description":"Elementos pl\u00e1sticos como bolsas pl\u00e1sticas para empacar frutas y verduras, peri\u00f3dicos y revistas, bolsas de lavander\u00eda, pitillos y mezcladores pl\u00e1sticos, entre otros, quedar\u00e1n prohibidos desde ma\u00f1ana.","robots":{"index":"index","follow":"follow","max-snippet":"max-snippet:-1","max-image-preview":"max-image-preview:large","max-video-preview":"max-video-preview:-1"},"canonical":"https:\/\/luchonoticias.com\/editor\/plasticos-de-unico-uso-salen-de-circulacion-en-colombia\/","og_locale":"es_ES","og_type":"article","og_title":"Pl\u00e1sticos de \u00fanico uso salen de circulaci\u00f3n en Colombia -","og_description":"Elementos pl\u00e1sticos como bolsas pl\u00e1sticas para empacar frutas y verduras, peri\u00f3dicos y revistas, bolsas de lavander\u00eda, pitillos y mezcladores pl\u00e1sticos, entre otros, quedar\u00e1n prohibidos desde ma\u00f1ana.","og_url":"https:\/\/luchonoticias.com\/editor\/plasticos-de-unico-uso-salen-de-circulacion-en-colombia\/","article_publisher":"https:\/\/www.facebook.com\/luchonoticiasneiva","article_published_time":"2024-07-06T20:29:45+00:00","og_image":[{"width":700,"height":400,"url":"https:\/\/luchonoticias.com\/editor\/wp-content\/uploads\/2024\/07\/plasticos.jpg","type":"image\/jpeg"}],"author":"Editor General","twitter_card":"summary_large_image","twitter_misc":{"Escrito por":"Editor General","Tiempo de lectura":"2 minutos"},"schema":{"@context":"https:\/\/schema.org","@graph":[{"@type":"Article","@id":"https:\/\/luchonoticias.com\/editor\/plasticos-de-unico-uso-salen-de-circulacion-en-colombia\/#article","isPartOf":{"@id":"https:\/\/luchonoticias.com\/editor\/plasticos-de-unico-uso-salen-de-circulacion-en-colombia\/"},"author":{"name":"Editor General","@id":"https:\/\/luchonoticias.com\/editor\/#\/schema\/person\/29217990ddf6f14e35912b2866d591fb"},"headline":"Pl\u00e1sticos de \u00fanico uso salen de circulaci\u00f3n en Colombia","datePublished":"2024-07-06T20:29:45+00:00","mainEntityOfPage":{"@id":"https:\/\/luchonoticias.com\/editor\/plasticos-de-unico-uso-salen-de-circulacion-en-colombia\/"},"wordCount":355,"publisher":{"@id":"https:\/\/luchonoticias.com\/editor\/#\/schema\/person\/7a7fd911f58561fd056dbac7b55af9cd"},"image":{"@id":"https:\/\/luchonoticias.com\/editor\/plasticos-de-unico-uso-salen-de-circulacion-en-colombia\/#primaryimage"},"thumbnailUrl":"https:\/\/luchonoticias.com\/editor\/wp-content\/uploads\/2024\/07\/plasticos.jpg","articleSection":["Actualidad"],"inLanguage":"es"},{"@type":"WebPage","@id":"https:\/\/luchonoticias.com\/editor\/plasticos-de-unico-uso-salen-de-circulacion-en-colombia\/","url":"https:\/\/luchonoticias.com\/editor\/plasticos-de-unico-uso-salen-de-circulacion-en-colombia\/","name":"Pl\u00e1sticos de \u00fanico uso salen de circulaci\u00f3n en Colombia -","isPartOf":{"@id":"https:\/\/luchonoticias.com\/editor\/#website"},"primaryImageOfPage":{"@id":"https:\/\/luchonoticias.com\/editor\/plasticos-de-unico-uso-salen-de-circulacion-en-colombia\/#primaryimage"},"image":{"@id":"https:\/\/luchonoticias.com\/editor\/plasticos-de-unico-uso-salen-de-circulacion-en-colombia\/#primaryimage"},"thumbnailUrl":"https:\/\/luchonoticias.com\/editor\/wp-content\/uploads\/2024\/07\/plasticos.jpg","datePublished":"2024-07-06T20:29:45+00:00","description":"Elementos pl\u00e1sticos como bolsas pl\u00e1sticas para empacar frutas y verduras, peri\u00f3dicos y revistas, bolsas de lavander\u00eda, pitillos y mezcladores pl\u00e1sticos, entre otros, quedar\u00e1n prohibidos desde ma\u00f1ana.","breadcrumb":{"@id":"https:\/\/luchonoticias.com\/editor\/plasticos-de-unico-uso-salen-de-circulacion-en-colombia\/#breadcrumb"},"inLanguage":"es","potentialAction":[{"@type":"ReadAction","target":["https:\/\/luchonoticias.com\/editor\/plasticos-de-unico-uso-salen-de-circulacion-en-colombia\/"]}]},{"@type":"ImageObject","inLanguage":"es","@id":"https:\/\/luchonoticias.com\/editor\/plasticos-de-unico-uso-salen-de-circulacion-en-colombia\/#primaryimage","url":"https:\/\/luchonoticias.com\/editor\/wp-content\/uploads\/2024\/07\/plasticos.jpg","contentUrl":"https:\/\/luchonoticias.com\/editor\/wp-content\/uploads\/2024\/07\/plasticos.jpg","width":700,"height":400},{"@type":"BreadcrumbList","@id":"https:\/\/luchonoticias.com\/editor\/plasticos-de-unico-uso-salen-de-circulacion-en-colombia\/#breadcrumb","itemListElement":[{"@type":"ListItem","position":1,"name":"Portada","item":"https:\/\/luchonoticias.com\/editor\/"},{"@type":"ListItem","position":2,"name":"Pl\u00e1sticos de \u00fanico uso salen de circulaci\u00f3n en Colombia"}]},{"@type":"WebSite","@id":"https:\/\/luchonoticias.com\/editor\/#website","url":"https:\/\/luchonoticias.com\/editor\/","name":"","description":"","publisher":{"@id":"https:\/\/luchonoticias.com\/editor\/#\/schema\/person\/7a7fd911f58561fd056dbac7b55af9cd"},"potentialAction":[{"@type":"SearchAction","target":{"@type":"EntryPoint","urlTemplate":"https:\/\/luchonoticias.com\/editor\/?s={search_term_string}"},"query-input":{"@type":"PropertyValueSpecification","valueRequired":true,"valueName":"search_term_string"}}],"inLanguage":"es"},{"@type":["Person","Organization"],"@id":"https:\/\/luchonoticias.com\/editor\/#\/schema\/person\/7a7fd911f58561fd056dbac7b55af9cd","name":"admin","image":{"@type":"ImageObject","inLanguage":"es","@id":"https:\/\/luchonoticias.com\/editor\/#\/schema\/person\/image\/","url":"https:\/\/luchonoticias.com\/editor\/wp-content\/uploads\/2024\/02\/cropped-cropped-logolu.webp","contentUrl":"https:\/\/luchonoticias.com\/editor\/wp-content\/uploads\/2024\/02\/cropped-cropped-logolu.webp","width":382,"height":170,"caption":"admin"},"logo":{"@id":"https:\/\/luchonoticias.com\/editor\/#\/schema\/person\/image\/"},"sameAs":["https:\/\/www.facebook.com\/luchonoticiasneiva"]},{"@type":"Person","@id":"https:\/\/luchonoticias.com\/editor\/#\/schema\/person\/29217990ddf6f14e35912b2866d591fb","name":"Editor General","image":{"@type":"ImageObject","inLanguage":"es","@id":"https:\/\/luchonoticias.com\/editor\/#\/schema\/person\/image\/","url":"https:\/\/luchonoticias.com\/editor\/wp-content\/uploads\/2024\/02\/cropped-cropped-logolu-150x150.webp","contentUrl":"https:\/\/luchonoticias.com\/editor\/wp-content\/uploads\/2024\/02\/cropped-cropped-logolu-150x150.webp","caption":"Editor General"},"sameAs":["https:\/\/luchonoticias.com\/"],"url":"https:\/\/luchonoticias.com\/editor\/author\/editor-general\/"}]}},"_links":{"self":[{"href":"https:\/\/luchonoticias.com\/editor\/wp-json\/wp\/v2\/posts\/74716","targetHints":{"allow":["GET"]}}],"collection":[{"href":"https:\/\/luchonoticias.com\/editor\/wp-json\/wp\/v2\/posts"}],"about":[{"href":"https:\/\/luchonoticias.com\/editor\/wp-json\/wp\/v2\/types\/post"}],"author":[{"embeddable":true,"href":"https:\/\/luchonoticias.com\/editor\/wp-json\/wp\/v2\/users\/2"}],"replies":[{"embeddable":true,"href":"https:\/\/luchonoticias.com\/editor\/wp-json\/wp\/v2\/comments?post=74716"}],"version-history":[{"count":1,"href":"https:\/\/luchonoticias.com\/editor\/wp-json\/wp\/v2\/posts\/74716\/revisions"}],"predecessor-version":[{"id":74718,"href":"https:\/\/luchonoticias.com\/editor\/wp-json\/wp\/v2\/posts\/74716\/revisions\/74718"}],"wp:featuredmedia":[{"embeddable":true,"href":"https:\/\/luchonoticias.com\/editor\/wp-json\/wp\/v2\/media\/74717"}],"wp:attachment":[{"href":"https:\/\/luchonoticias.com\/editor\/wp-json\/wp\/v2\/media?parent=74716"}],"wp:term":[{"taxonomy":"category","embeddable":true,"href":"https:\/\/luchonoticias.com\/editor\/wp-json\/wp\/v2\/categories?post=74716"},{"taxonomy":"post_tag","embeddable":true,"href":"https:\/\/luchonoticias.com\/editor\/wp-json\/wp\/v2\/tags?post=74716"}],"curies":[{"name":"wp","href":"https:\/\/api.w.org\/{rel}","templated":true}]}}