{"id":74733,"date":"2024-07-07T07:44:33","date_gmt":"2024-07-07T12:44:33","guid":{"rendered":"https:\/\/luchonoticias.com\/?p=74733"},"modified":"2024-07-07T07:44:33","modified_gmt":"2024-07-07T12:44:33","slug":"tendencia-a-la-baja-en-las-tarifas-de-energia","status":"publish","type":"post","link":"https:\/\/luchonoticias.com\/editor\/tendencia-a-la-baja-en-las-tarifas-de-energia\/","title":{"rendered":"Tendencia a la baja en las tarifas de energ\u00eda"},"content":{"rendered":"<div>El Ministerio de Minas y Energ\u00eda anunci\u00f3 este s\u00e1bado que \u201clas tarifas de energ\u00eda el\u00e9ctrica empiezan una tendencia a la baja\u201d, como resultado de la decisi\u00f3n del presidente Gustavo Petro de asumir el pago de la deuda por la opci\u00f3n tarifaria.<\/div>\n<div><\/div>\n<div>De acuerdo con esta cartera, esta buena noticia empieza a concretarse \u201cluego de firmados los acuerdos entre los ministerios de Hacienda y de Minas y Energ\u00eda, la Superintendencia de Servicios P\u00fablicos Domiciliarios, las empresas comercializadoras del Grupo EPM (EPM, AFINIA, CHEC, CENS, EDEQ y ESSA) y la empresa AIR-E\u201d.<\/div>\n<div><\/div>\n<div>En un\u00a0comunicado de prensa\u200b, la cartera de Minas y Energ\u00eda indic\u00f3 que \u201cel Gobierno Nacional viene avanzando en las gestiones necesarias para lograr materializar los beneficios en tarifas de energ\u00eda el\u00e9ctrica de los usuarios m\u00e1s vulnerables\u201d.<\/div>\n<div><\/div>\n<div>\u201cLas acciones en materia de pol\u00edtica p\u00fablica y regulatoria a cargo del Ministerio de Minas y Energ\u00eda y regulatoria y de la CREG, respetivamente, tendr\u00e1n un impacto escalonado en la disminuci\u00f3n tarifaria para los usuarios m\u00e1s vulnerables de las \u00e1reas especiales del pa\u00eds, especialmente en la Costa Caribe\u201d, recalc\u00f3 MinEnerg\u00eda.<\/div>\n<div><\/div>\n<p><strong>Acciones<\/strong><\/p>\n<div>Entre las acciones desarrolladas para el logro de este objetivo se destacan las siguientes:<\/div>\n<div><\/div>\n<div>\u2022 El Ministerio expidi\u00f3 la Resoluci\u00f3n 40225 del 2 de julio del 2024, donde se definen los lineamientos para ajustar la regulaci\u00f3n para la renegociaci\u00f3n y disminuci\u00f3n de precios de contratos de energ\u00eda, titularizaci\u00f3n de la deuda de Opci\u00f3n de Tarifaria, traslado de beneficio a los usuarios y priorizaci\u00f3n de beneficios para usuarios de \u00c1reas Especiales.<\/div>\n<div><\/div>\n<div>\u2022 As\u00ed mismo, la CREG ha venido trabajando en medidas para lograr una formaci\u00f3n m\u00e1s eficiente en los precios de energ\u00eda, flexibilizaci\u00f3n para las garant\u00edas del mercado, revisi\u00f3n del precio de escasez, mecanismos de financiaci\u00f3n y cr\u00e9ditos (acceso de empresas a cr\u00e9dito p\u00fablico y reducci\u00f3n de tarifas) y medidas especiales de renegociaci\u00f3n de contratos.<\/div>\n<div><\/div>\n<div>\u2022 Continuar\u00e1n los di\u00e1logos con todos los agentes de la cadena del Sistema Energ\u00e9tico Nacional. La pr\u00f3xima semana se convocar\u00e1 a las empresas generadoras de energ\u00eda para trabajar en las condiciones de los contratos bilaterales de compra-venta de energ\u00eda, orientados a facilitar mejores condiciones que beneficien a los usuarios m\u00e1s pobres de Colombia.<\/div>\n","protected":false},"excerpt":{"rendered":"<p>El Ministerio de Minas y Energ\u00eda indic\u00f3 que \u201cel Gobierno Nacional viene avanzando en las gestiones necesarias para lograr materializar los beneficios en tarifas de energ\u00eda el\u00e9ctrica de los usuarios m\u00e1s vulnerables\u201d.<\/p>\n","protected":false},"author":2,"featured_media":74734,"comment_status":"closed","ping_status":"open","sticky":false,"template":"","format":"standard","meta":{"footnotes":""},"categories":[28],"tags":[],"class_list":["post-74733","post","type-post","status-publish","format-standard","has-post-thumbnail","hentry","category-actualidad"],"yoast_head":"<!-- This site is optimized with the Yoast SEO plugin v26.6 - https:\/\/yoast.com\/wordpress\/plugins\/seo\/ -->\n<title>Tendencia a la baja en las tarifas de energ\u00eda -<\/title>\n<meta name=\"description\" content=\"El Ministerio de Minas y Energ\u00eda indic\u00f3 que \u201cel Gobierno Nacional viene avanzando en las gestiones necesarias para lograr materializar los beneficios en tarifas de energ\u00eda el\u00e9ctrica de los usuarios m\u00e1s vulnerables\u201d.\" \/>\n<meta name=\"robots\" content=\"index, follow, max-snippet:-1, max-image-preview:large, max-video-preview:-1\" \/>\n<link rel=\"canonical\" href=\"https:\/\/luchonoticias.com\/editor\/tendencia-a-la-baja-en-las-tarifas-de-energia\/\" \/>\n<meta property=\"og:locale\" content=\"es_ES\" \/>\n<meta property=\"og:type\" content=\"article\" \/>\n<meta property=\"og:title\" content=\"Tendencia a la baja en las tarifas de energ\u00eda -\" \/>\n<meta property=\"og:description\" content=\"El Ministerio de Minas y Energ\u00eda indic\u00f3 que \u201cel Gobierno Nacional viene avanzando en las gestiones necesarias para lograr materializar los beneficios en tarifas de energ\u00eda el\u00e9ctrica de los usuarios m\u00e1s vulnerables\u201d.\" \/>\n<meta property=\"og:url\" content=\"https:\/\/luchonoticias.com\/editor\/tendencia-a-la-baja-en-las-tarifas-de-energia\/\" \/>\n<meta property=\"article:publisher\" content=\"https:\/\/www.facebook.com\/luchonoticiasneiva\" \/>\n<meta property=\"article:published_time\" content=\"2024-07-07T12:44:33+00:00\" \/>\n<meta property=\"og:image\" content=\"https:\/\/luchonoticias.com\/editor\/wp-content\/uploads\/2024\/07\/energia.jpg\" \/>\n\t<meta property=\"og:image:width\" content=\"700\" \/>\n\t<meta property=\"og:image:height\" content=\"400\" \/>\n\t<meta property=\"og:image:type\" content=\"image\/jpeg\" \/>\n<meta name=\"author\" content=\"Editor General\" \/>\n<meta name=\"twitter:card\" content=\"summary_large_image\" \/>\n<meta name=\"twitter:label1\" content=\"Escrito por\" \/>\n\t<meta name=\"twitter:data1\" content=\"Editor General\" \/>\n\t<meta name=\"twitter:label2\" content=\"Tiempo de lectura\" \/>\n\t<meta name=\"twitter:data2\" content=\"2 minutos\" \/>\n<script type=\"application\/ld+json\" class=\"yoast-schema-graph\">{\"@context\":\"https:\/\/schema.org\",\"@graph\":[{\"@type\":\"Article\",\"@id\":\"https:\/\/luchonoticias.com\/editor\/tendencia-a-la-baja-en-las-tarifas-de-energia\/#article\",\"isPartOf\":{\"@id\":\"https:\/\/luchonoticias.com\/editor\/tendencia-a-la-baja-en-las-tarifas-de-energia\/\"},\"author\":{\"name\":\"Editor General\",\"@id\":\"https:\/\/luchonoticias.com\/editor\/#\/schema\/person\/29217990ddf6f14e35912b2866d591fb\"},\"headline\":\"Tendencia a la baja en las tarifas de energ\u00eda\",\"datePublished\":\"2024-07-07T12:44:33+00:00\",\"mainEntityOfPage\":{\"@id\":\"https:\/\/luchonoticias.com\/editor\/tendencia-a-la-baja-en-las-tarifas-de-energia\/\"},\"wordCount\":406,\"publisher\":{\"@id\":\"https:\/\/luchonoticias.com\/editor\/#\/schema\/person\/7a7fd911f58561fd056dbac7b55af9cd\"},\"image\":{\"@id\":\"https:\/\/luchonoticias.com\/editor\/tendencia-a-la-baja-en-las-tarifas-de-energia\/#primaryimage\"},\"thumbnailUrl\":\"https:\/\/luchonoticias.com\/editor\/wp-content\/uploads\/2024\/07\/energia.jpg\",\"articleSection\":[\"Actualidad\"],\"inLanguage\":\"es\"},{\"@type\":\"WebPage\",\"@id\":\"https:\/\/luchonoticias.com\/editor\/tendencia-a-la-baja-en-las-tarifas-de-energia\/\",\"url\":\"https:\/\/luchonoticias.com\/editor\/tendencia-a-la-baja-en-las-tarifas-de-energia\/\",\"name\":\"Tendencia a la baja en las tarifas de energ\u00eda -\",\"isPartOf\":{\"@id\":\"https:\/\/luchonoticias.com\/editor\/#website\"},\"primaryImageOfPage\":{\"@id\":\"https:\/\/luchonoticias.com\/editor\/tendencia-a-la-baja-en-las-tarifas-de-energia\/#primaryimage\"},\"image\":{\"@id\":\"https:\/\/luchonoticias.com\/editor\/tendencia-a-la-baja-en-las-tarifas-de-energia\/#primaryimage\"},\"thumbnailUrl\":\"https:\/\/luchonoticias.com\/editor\/wp-content\/uploads\/2024\/07\/energia.jpg\",\"datePublished\":\"2024-07-07T12:44:33+00:00\",\"description\":\"El Ministerio de Minas y Energ\u00eda indic\u00f3 que \u201cel Gobierno Nacional viene avanzando en las gestiones necesarias para lograr materializar los beneficios en tarifas de energ\u00eda el\u00e9ctrica de los usuarios m\u00e1s vulnerables\u201d.\",\"breadcrumb\":{\"@id\":\"https:\/\/luchonoticias.com\/editor\/tendencia-a-la-baja-en-las-tarifas-de-energia\/#breadcrumb\"},\"inLanguage\":\"es\",\"potentialAction\":[{\"@type\":\"ReadAction\",\"target\":[\"https:\/\/luchonoticias.com\/editor\/tendencia-a-la-baja-en-las-tarifas-de-energia\/\"]}]},{\"@type\":\"ImageObject\",\"inLanguage\":\"es\",\"@id\":\"https:\/\/luchonoticias.com\/editor\/tendencia-a-la-baja-en-las-tarifas-de-energia\/#primaryimage\",\"url\":\"https:\/\/luchonoticias.com\/editor\/wp-content\/uploads\/2024\/07\/energia.jpg\",\"contentUrl\":\"https:\/\/luchonoticias.com\/editor\/wp-content\/uploads\/2024\/07\/energia.jpg\",\"width\":700,\"height\":400},{\"@type\":\"BreadcrumbList\",\"@id\":\"https:\/\/luchonoticias.com\/editor\/tendencia-a-la-baja-en-las-tarifas-de-energia\/#breadcrumb\",\"itemListElement\":[{\"@type\":\"ListItem\",\"position\":1,\"name\":\"Portada\",\"item\":\"https:\/\/luchonoticias.com\/editor\/\"},{\"@type\":\"ListItem\",\"position\":2,\"name\":\"Tendencia a la baja en las tarifas de energ\u00eda\"}]},{\"@type\":\"WebSite\",\"@id\":\"https:\/\/luchonoticias.com\/editor\/#website\",\"url\":\"https:\/\/luchonoticias.com\/editor\/\",\"name\":\"\",\"description\":\"\",\"publisher\":{\"@id\":\"https:\/\/luchonoticias.com\/editor\/#\/schema\/person\/7a7fd911f58561fd056dbac7b55af9cd\"},\"potentialAction\":[{\"@type\":\"SearchAction\",\"target\":{\"@type\":\"EntryPoint\",\"urlTemplate\":\"https:\/\/luchonoticias.com\/editor\/?s={search_term_string}\"},\"query-input\":{\"@type\":\"PropertyValueSpecification\",\"valueRequired\":true,\"valueName\":\"search_term_string\"}}],\"inLanguage\":\"es\"},{\"@type\":[\"Person\",\"Organization\"],\"@id\":\"https:\/\/luchonoticias.com\/editor\/#\/schema\/person\/7a7fd911f58561fd056dbac7b55af9cd\",\"name\":\"admin\",\"image\":{\"@type\":\"ImageObject\",\"inLanguage\":\"es\",\"@id\":\"https:\/\/luchonoticias.com\/editor\/#\/schema\/person\/image\/\",\"url\":\"https:\/\/luchonoticias.com\/editor\/wp-content\/uploads\/2024\/02\/cropped-cropped-logolu.webp\",\"contentUrl\":\"https:\/\/luchonoticias.com\/editor\/wp-content\/uploads\/2024\/02\/cropped-cropped-logolu.webp\",\"width\":382,\"height\":170,\"caption\":\"admin\"},\"logo\":{\"@id\":\"https:\/\/luchonoticias.com\/editor\/#\/schema\/person\/image\/\"},\"sameAs\":[\"https:\/\/www.facebook.com\/luchonoticiasneiva\"]},{\"@type\":\"Person\",\"@id\":\"https:\/\/luchonoticias.com\/editor\/#\/schema\/person\/29217990ddf6f14e35912b2866d591fb\",\"name\":\"Editor General\",\"image\":{\"@type\":\"ImageObject\",\"inLanguage\":\"es\",\"@id\":\"https:\/\/luchonoticias.com\/editor\/#\/schema\/person\/image\/\",\"url\":\"https:\/\/luchonoticias.com\/editor\/wp-content\/uploads\/2024\/02\/cropped-cropped-logolu-150x150.webp\",\"contentUrl\":\"https:\/\/luchonoticias.com\/editor\/wp-content\/uploads\/2024\/02\/cropped-cropped-logolu-150x150.webp\",\"caption\":\"Editor General\"},\"sameAs\":[\"https:\/\/luchonoticias.com\/\"],\"url\":\"https:\/\/luchonoticias.com\/editor\/author\/editor-general\/\"}]}<\/script>\n<!-- \/ Yoast SEO plugin. -->","yoast_head_json":{"title":"Tendencia a la baja en las tarifas de energ\u00eda -","description":"El Ministerio de Minas y Energ\u00eda indic\u00f3 que \u201cel Gobierno Nacional viene avanzando en las gestiones necesarias para lograr materializar los beneficios en tarifas de energ\u00eda el\u00e9ctrica de los usuarios m\u00e1s vulnerables\u201d.","robots":{"index":"index","follow":"follow","max-snippet":"max-snippet:-1","max-image-preview":"max-image-preview:large","max-video-preview":"max-video-preview:-1"},"canonical":"https:\/\/luchonoticias.com\/editor\/tendencia-a-la-baja-en-las-tarifas-de-energia\/","og_locale":"es_ES","og_type":"article","og_title":"Tendencia a la baja en las tarifas de energ\u00eda -","og_description":"El Ministerio de Minas y Energ\u00eda indic\u00f3 que \u201cel Gobierno Nacional viene avanzando en las gestiones necesarias para lograr materializar los beneficios en tarifas de energ\u00eda el\u00e9ctrica de los usuarios m\u00e1s vulnerables\u201d.","og_url":"https:\/\/luchonoticias.com\/editor\/tendencia-a-la-baja-en-las-tarifas-de-energia\/","article_publisher":"https:\/\/www.facebook.com\/luchonoticiasneiva","article_published_time":"2024-07-07T12:44:33+00:00","og_image":[{"width":700,"height":400,"url":"https:\/\/luchonoticias.com\/editor\/wp-content\/uploads\/2024\/07\/energia.jpg","type":"image\/jpeg"}],"author":"Editor General","twitter_card":"summary_large_image","twitter_misc":{"Escrito por":"Editor General","Tiempo de lectura":"2 minutos"},"schema":{"@context":"https:\/\/schema.org","@graph":[{"@type":"Article","@id":"https:\/\/luchonoticias.com\/editor\/tendencia-a-la-baja-en-las-tarifas-de-energia\/#article","isPartOf":{"@id":"https:\/\/luchonoticias.com\/editor\/tendencia-a-la-baja-en-las-tarifas-de-energia\/"},"author":{"name":"Editor General","@id":"https:\/\/luchonoticias.com\/editor\/#\/schema\/person\/29217990ddf6f14e35912b2866d591fb"},"headline":"Tendencia a la baja en las tarifas de energ\u00eda","datePublished":"2024-07-07T12:44:33+00:00","mainEntityOfPage":{"@id":"https:\/\/luchonoticias.com\/editor\/tendencia-a-la-baja-en-las-tarifas-de-energia\/"},"wordCount":406,"publisher":{"@id":"https:\/\/luchonoticias.com\/editor\/#\/schema\/person\/7a7fd911f58561fd056dbac7b55af9cd"},"image":{"@id":"https:\/\/luchonoticias.com\/editor\/tendencia-a-la-baja-en-las-tarifas-de-energia\/#primaryimage"},"thumbnailUrl":"https:\/\/luchonoticias.com\/editor\/wp-content\/uploads\/2024\/07\/energia.jpg","articleSection":["Actualidad"],"inLanguage":"es"},{"@type":"WebPage","@id":"https:\/\/luchonoticias.com\/editor\/tendencia-a-la-baja-en-las-tarifas-de-energia\/","url":"https:\/\/luchonoticias.com\/editor\/tendencia-a-la-baja-en-las-tarifas-de-energia\/","name":"Tendencia a la baja en las tarifas de energ\u00eda -","isPartOf":{"@id":"https:\/\/luchonoticias.com\/editor\/#website"},"primaryImageOfPage":{"@id":"https:\/\/luchonoticias.com\/editor\/tendencia-a-la-baja-en-las-tarifas-de-energia\/#primaryimage"},"image":{"@id":"https:\/\/luchonoticias.com\/editor\/tendencia-a-la-baja-en-las-tarifas-de-energia\/#primaryimage"},"thumbnailUrl":"https:\/\/luchonoticias.com\/editor\/wp-content\/uploads\/2024\/07\/energia.jpg","datePublished":"2024-07-07T12:44:33+00:00","description":"El Ministerio de Minas y Energ\u00eda indic\u00f3 que \u201cel Gobierno Nacional viene avanzando en las gestiones necesarias para lograr materializar los beneficios en tarifas de energ\u00eda el\u00e9ctrica de los usuarios m\u00e1s vulnerables\u201d.","breadcrumb":{"@id":"https:\/\/luchonoticias.com\/editor\/tendencia-a-la-baja-en-las-tarifas-de-energia\/#breadcrumb"},"inLanguage":"es","potentialAction":[{"@type":"ReadAction","target":["https:\/\/luchonoticias.com\/editor\/tendencia-a-la-baja-en-las-tarifas-de-energia\/"]}]},{"@type":"ImageObject","inLanguage":"es","@id":"https:\/\/luchonoticias.com\/editor\/tendencia-a-la-baja-en-las-tarifas-de-energia\/#primaryimage","url":"https:\/\/luchonoticias.com\/editor\/wp-content\/uploads\/2024\/07\/energia.jpg","contentUrl":"https:\/\/luchonoticias.com\/editor\/wp-content\/uploads\/2024\/07\/energia.jpg","width":700,"height":400},{"@type":"BreadcrumbList","@id":"https:\/\/luchonoticias.com\/editor\/tendencia-a-la-baja-en-las-tarifas-de-energia\/#breadcrumb","itemListElement":[{"@type":"ListItem","position":1,"name":"Portada","item":"https:\/\/luchonoticias.com\/editor\/"},{"@type":"ListItem","position":2,"name":"Tendencia a la baja en las tarifas de energ\u00eda"}]},{"@type":"WebSite","@id":"https:\/\/luchonoticias.com\/editor\/#website","url":"https:\/\/luchonoticias.com\/editor\/","name":"","description":"","publisher":{"@id":"https:\/\/luchonoticias.com\/editor\/#\/schema\/person\/7a7fd911f58561fd056dbac7b55af9cd"},"potentialAction":[{"@type":"SearchAction","target":{"@type":"EntryPoint","urlTemplate":"https:\/\/luchonoticias.com\/editor\/?s={search_term_string}"},"query-input":{"@type":"PropertyValueSpecification","valueRequired":true,"valueName":"search_term_string"}}],"inLanguage":"es"},{"@type":["Person","Organization"],"@id":"https:\/\/luchonoticias.com\/editor\/#\/schema\/person\/7a7fd911f58561fd056dbac7b55af9cd","name":"admin","image":{"@type":"ImageObject","inLanguage":"es","@id":"https:\/\/luchonoticias.com\/editor\/#\/schema\/person\/image\/","url":"https:\/\/luchonoticias.com\/editor\/wp-content\/uploads\/2024\/02\/cropped-cropped-logolu.webp","contentUrl":"https:\/\/luchonoticias.com\/editor\/wp-content\/uploads\/2024\/02\/cropped-cropped-logolu.webp","width":382,"height":170,"caption":"admin"},"logo":{"@id":"https:\/\/luchonoticias.com\/editor\/#\/schema\/person\/image\/"},"sameAs":["https:\/\/www.facebook.com\/luchonoticiasneiva"]},{"@type":"Person","@id":"https:\/\/luchonoticias.com\/editor\/#\/schema\/person\/29217990ddf6f14e35912b2866d591fb","name":"Editor General","image":{"@type":"ImageObject","inLanguage":"es","@id":"https:\/\/luchonoticias.com\/editor\/#\/schema\/person\/image\/","url":"https:\/\/luchonoticias.com\/editor\/wp-content\/uploads\/2024\/02\/cropped-cropped-logolu-150x150.webp","contentUrl":"https:\/\/luchonoticias.com\/editor\/wp-content\/uploads\/2024\/02\/cropped-cropped-logolu-150x150.webp","caption":"Editor General"},"sameAs":["https:\/\/luchonoticias.com\/"],"url":"https:\/\/luchonoticias.com\/editor\/author\/editor-general\/"}]}},"_links":{"self":[{"href":"https:\/\/luchonoticias.com\/editor\/wp-json\/wp\/v2\/posts\/74733","targetHints":{"allow":["GET"]}}],"collection":[{"href":"https:\/\/luchonoticias.com\/editor\/wp-json\/wp\/v2\/posts"}],"about":[{"href":"https:\/\/luchonoticias.com\/editor\/wp-json\/wp\/v2\/types\/post"}],"author":[{"embeddable":true,"href":"https:\/\/luchonoticias.com\/editor\/wp-json\/wp\/v2\/users\/2"}],"replies":[{"embeddable":true,"href":"https:\/\/luchonoticias.com\/editor\/wp-json\/wp\/v2\/comments?post=74733"}],"version-history":[{"count":1,"href":"https:\/\/luchonoticias.com\/editor\/wp-json\/wp\/v2\/posts\/74733\/revisions"}],"predecessor-version":[{"id":74735,"href":"https:\/\/luchonoticias.com\/editor\/wp-json\/wp\/v2\/posts\/74733\/revisions\/74735"}],"wp:featuredmedia":[{"embeddable":true,"href":"https:\/\/luchonoticias.com\/editor\/wp-json\/wp\/v2\/media\/74734"}],"wp:attachment":[{"href":"https:\/\/luchonoticias.com\/editor\/wp-json\/wp\/v2\/media?parent=74733"}],"wp:term":[{"taxonomy":"category","embeddable":true,"href":"https:\/\/luchonoticias.com\/editor\/wp-json\/wp\/v2\/categories?post=74733"},{"taxonomy":"post_tag","embeddable":true,"href":"https:\/\/luchonoticias.com\/editor\/wp-json\/wp\/v2\/tags?post=74733"}],"curies":[{"name":"wp","href":"https:\/\/api.w.org\/{rel}","templated":true}]}}