{"id":74736,"date":"2024-07-07T07:54:45","date_gmt":"2024-07-07T12:54:45","guid":{"rendered":"https:\/\/luchonoticias.com\/?p=74736"},"modified":"2024-07-07T07:54:45","modified_gmt":"2024-07-07T12:54:45","slug":"importante-inversion-para-nuevo-herbario-nacional","status":"publish","type":"post","link":"https:\/\/luchonoticias.com\/editor\/importante-inversion-para-nuevo-herbario-nacional\/","title":{"rendered":"Importante inversi\u00f3n para nuevo herbario nacional"},"content":{"rendered":"<p>El Gobierno del Cambio, por medio del Ministerio de Ambiente y Desarrollo Sostenible, destin\u00f3 57.000 millones de pesos para la construcci\u00f3n del nuevo Herbario Nacional de Colombia, que les permitir\u00e1 a los colombianos contemplar m\u00e1s de 630.000 espec\u00edmenes, que hacen parte de la memoria biol\u00f3gica y biocultural del pa\u00eds.<\/p>\n<p>La ministra de Ambiente, Susana Muhamad, indic\u00f3 que la situaci\u00f3n de infraestructura de la edificaci\u00f3n donde est\u00e1 actualmente el Herbario es cr\u00edtica y que\u00a0esta inversi\u00f3n salda una deuda hist\u00f3rica con la academia, los estudiantes y la ciencia del pa\u00eds.<\/p>\n<p>\u201cEs un edificio que hace d\u00e9cadas no cumple con los est\u00e1ndares de seguridad, que no cumple con las condiciones f\u00edsicas para que las colecciones no se vayan a deteriorar\u00bb, dijo la titular de la cartera de Ambiente.<\/p>\n<p>El nuevo Herbario hace parte de un megaproyecto que incluye tambi\u00e9n la construcci\u00f3n del Instituto de Ciencias Naturales de la Universidad Nacional de Colombia y el Museo de Historia Nacional.<\/p>\n<p>El proyecto, en su totalidad tiene un costo que asciende a los 93.000 millones de pesos, y los 57.000 millones de pesos anunciados esta semana van orientados espec\u00edficamente a financiar el 100% de las obras correspondientes a la fase de construcci\u00f3n del Herbario Nacional.<\/p>\n<p>La ministra explic\u00f3 que los recursos que faltan \u2014para el Instituto de Ciencias Naturales de la Universidad Nacional de Colombia y el Museo de Historia Nacional\u2014 ser\u00e1n gestionados a trav\u00e9s de alianzas y cooperaci\u00f3n internacional en el marco de la COP16 (Conferencia de las Naciones Unidas sobre Biodiversidad), que se realizar\u00e1 en la ciudad de Cali, entre el 20 de octubre y el 1\u00b0 de noviembre de 2024.<\/p>\n<p>\u201cLa idea es sacar estos proyectos adelante. Empezamos con el Herbario Nacional porque ya est\u00e1 en fase tres de dise\u00f1o, est\u00e1 listo para contratar\u00bb, manifest\u00f3.<\/p>\n<p>La financiaci\u00f3n del nuevo edificio del Herbario proviene del Fondo para la Vida, un instrumento financiero del Ministerio de Ambiente que potencia la gesti\u00f3n ambiental.<\/p>\n","protected":false},"excerpt":{"rendered":"<p>El Gobierno destina $57.000 millones para construcci\u00f3n del nuevo Herbario Nacional de Colombia.<\/p>\n","protected":false},"author":2,"featured_media":74737,"comment_status":"closed","ping_status":"open","sticky":false,"template":"","format":"standard","meta":{"footnotes":""},"categories":[28],"tags":[],"class_list":["post-74736","post","type-post","status-publish","format-standard","has-post-thumbnail","hentry","category-actualidad"],"yoast_head":"<!-- This site is optimized with the Yoast SEO plugin v26.6 - https:\/\/yoast.com\/wordpress\/plugins\/seo\/ -->\n<title>Importante inversi\u00f3n para nuevo herbario nacional -<\/title>\n<meta name=\"description\" content=\"El Gobierno destina $57.000 millones para construcci\u00f3n del nuevo Herbario Nacional de Colombia.\" \/>\n<meta name=\"robots\" content=\"index, follow, max-snippet:-1, max-image-preview:large, max-video-preview:-1\" \/>\n<link rel=\"canonical\" href=\"https:\/\/luchonoticias.com\/editor\/importante-inversion-para-nuevo-herbario-nacional\/\" \/>\n<meta property=\"og:locale\" content=\"es_ES\" \/>\n<meta property=\"og:type\" content=\"article\" \/>\n<meta property=\"og:title\" content=\"Importante inversi\u00f3n para nuevo herbario nacional -\" \/>\n<meta property=\"og:description\" content=\"El Gobierno destina $57.000 millones para construcci\u00f3n del nuevo Herbario Nacional de Colombia.\" \/>\n<meta property=\"og:url\" content=\"https:\/\/luchonoticias.com\/editor\/importante-inversion-para-nuevo-herbario-nacional\/\" \/>\n<meta property=\"article:publisher\" content=\"https:\/\/www.facebook.com\/luchonoticiasneiva\" \/>\n<meta property=\"article:published_time\" content=\"2024-07-07T12:54:45+00:00\" \/>\n<meta property=\"og:image\" content=\"https:\/\/luchonoticias.com\/editor\/wp-content\/uploads\/2024\/07\/herbario.jpg\" \/>\n\t<meta property=\"og:image:width\" content=\"700\" \/>\n\t<meta property=\"og:image:height\" content=\"400\" \/>\n\t<meta property=\"og:image:type\" content=\"image\/jpeg\" \/>\n<meta name=\"author\" content=\"Editor General\" \/>\n<meta name=\"twitter:card\" content=\"summary_large_image\" \/>\n<meta name=\"twitter:label1\" content=\"Escrito por\" \/>\n\t<meta name=\"twitter:data1\" content=\"Editor General\" \/>\n\t<meta name=\"twitter:label2\" content=\"Tiempo de lectura\" \/>\n\t<meta name=\"twitter:data2\" content=\"2 minutos\" \/>\n<script type=\"application\/ld+json\" class=\"yoast-schema-graph\">{\"@context\":\"https:\/\/schema.org\",\"@graph\":[{\"@type\":\"Article\",\"@id\":\"https:\/\/luchonoticias.com\/editor\/importante-inversion-para-nuevo-herbario-nacional\/#article\",\"isPartOf\":{\"@id\":\"https:\/\/luchonoticias.com\/editor\/importante-inversion-para-nuevo-herbario-nacional\/\"},\"author\":{\"name\":\"Editor General\",\"@id\":\"https:\/\/luchonoticias.com\/editor\/#\/schema\/person\/29217990ddf6f14e35912b2866d591fb\"},\"headline\":\"Importante inversi\u00f3n para nuevo herbario nacional\",\"datePublished\":\"2024-07-07T12:54:45+00:00\",\"mainEntityOfPage\":{\"@id\":\"https:\/\/luchonoticias.com\/editor\/importante-inversion-para-nuevo-herbario-nacional\/\"},\"wordCount\":341,\"publisher\":{\"@id\":\"https:\/\/luchonoticias.com\/editor\/#\/schema\/person\/7a7fd911f58561fd056dbac7b55af9cd\"},\"image\":{\"@id\":\"https:\/\/luchonoticias.com\/editor\/importante-inversion-para-nuevo-herbario-nacional\/#primaryimage\"},\"thumbnailUrl\":\"https:\/\/luchonoticias.com\/editor\/wp-content\/uploads\/2024\/07\/herbario.jpg\",\"articleSection\":[\"Actualidad\"],\"inLanguage\":\"es\"},{\"@type\":\"WebPage\",\"@id\":\"https:\/\/luchonoticias.com\/editor\/importante-inversion-para-nuevo-herbario-nacional\/\",\"url\":\"https:\/\/luchonoticias.com\/editor\/importante-inversion-para-nuevo-herbario-nacional\/\",\"name\":\"Importante inversi\u00f3n para nuevo herbario nacional -\",\"isPartOf\":{\"@id\":\"https:\/\/luchonoticias.com\/editor\/#website\"},\"primaryImageOfPage\":{\"@id\":\"https:\/\/luchonoticias.com\/editor\/importante-inversion-para-nuevo-herbario-nacional\/#primaryimage\"},\"image\":{\"@id\":\"https:\/\/luchonoticias.com\/editor\/importante-inversion-para-nuevo-herbario-nacional\/#primaryimage\"},\"thumbnailUrl\":\"https:\/\/luchonoticias.com\/editor\/wp-content\/uploads\/2024\/07\/herbario.jpg\",\"datePublished\":\"2024-07-07T12:54:45+00:00\",\"description\":\"El Gobierno destina $57.000 millones para construcci\u00f3n del nuevo Herbario Nacional de Colombia.\",\"breadcrumb\":{\"@id\":\"https:\/\/luchonoticias.com\/editor\/importante-inversion-para-nuevo-herbario-nacional\/#breadcrumb\"},\"inLanguage\":\"es\",\"potentialAction\":[{\"@type\":\"ReadAction\",\"target\":[\"https:\/\/luchonoticias.com\/editor\/importante-inversion-para-nuevo-herbario-nacional\/\"]}]},{\"@type\":\"ImageObject\",\"inLanguage\":\"es\",\"@id\":\"https:\/\/luchonoticias.com\/editor\/importante-inversion-para-nuevo-herbario-nacional\/#primaryimage\",\"url\":\"https:\/\/luchonoticias.com\/editor\/wp-content\/uploads\/2024\/07\/herbario.jpg\",\"contentUrl\":\"https:\/\/luchonoticias.com\/editor\/wp-content\/uploads\/2024\/07\/herbario.jpg\",\"width\":700,\"height\":400},{\"@type\":\"BreadcrumbList\",\"@id\":\"https:\/\/luchonoticias.com\/editor\/importante-inversion-para-nuevo-herbario-nacional\/#breadcrumb\",\"itemListElement\":[{\"@type\":\"ListItem\",\"position\":1,\"name\":\"Portada\",\"item\":\"https:\/\/luchonoticias.com\/editor\/\"},{\"@type\":\"ListItem\",\"position\":2,\"name\":\"Importante inversi\u00f3n para nuevo herbario nacional\"}]},{\"@type\":\"WebSite\",\"@id\":\"https:\/\/luchonoticias.com\/editor\/#website\",\"url\":\"https:\/\/luchonoticias.com\/editor\/\",\"name\":\"\",\"description\":\"\",\"publisher\":{\"@id\":\"https:\/\/luchonoticias.com\/editor\/#\/schema\/person\/7a7fd911f58561fd056dbac7b55af9cd\"},\"potentialAction\":[{\"@type\":\"SearchAction\",\"target\":{\"@type\":\"EntryPoint\",\"urlTemplate\":\"https:\/\/luchonoticias.com\/editor\/?s={search_term_string}\"},\"query-input\":{\"@type\":\"PropertyValueSpecification\",\"valueRequired\":true,\"valueName\":\"search_term_string\"}}],\"inLanguage\":\"es\"},{\"@type\":[\"Person\",\"Organization\"],\"@id\":\"https:\/\/luchonoticias.com\/editor\/#\/schema\/person\/7a7fd911f58561fd056dbac7b55af9cd\",\"name\":\"admin\",\"image\":{\"@type\":\"ImageObject\",\"inLanguage\":\"es\",\"@id\":\"https:\/\/luchonoticias.com\/editor\/#\/schema\/person\/image\/\",\"url\":\"https:\/\/luchonoticias.com\/editor\/wp-content\/uploads\/2024\/02\/cropped-cropped-logolu.webp\",\"contentUrl\":\"https:\/\/luchonoticias.com\/editor\/wp-content\/uploads\/2024\/02\/cropped-cropped-logolu.webp\",\"width\":382,\"height\":170,\"caption\":\"admin\"},\"logo\":{\"@id\":\"https:\/\/luchonoticias.com\/editor\/#\/schema\/person\/image\/\"},\"sameAs\":[\"https:\/\/www.facebook.com\/luchonoticiasneiva\"]},{\"@type\":\"Person\",\"@id\":\"https:\/\/luchonoticias.com\/editor\/#\/schema\/person\/29217990ddf6f14e35912b2866d591fb\",\"name\":\"Editor General\",\"image\":{\"@type\":\"ImageObject\",\"inLanguage\":\"es\",\"@id\":\"https:\/\/luchonoticias.com\/editor\/#\/schema\/person\/image\/\",\"url\":\"https:\/\/luchonoticias.com\/editor\/wp-content\/uploads\/2024\/02\/cropped-cropped-logolu-150x150.webp\",\"contentUrl\":\"https:\/\/luchonoticias.com\/editor\/wp-content\/uploads\/2024\/02\/cropped-cropped-logolu-150x150.webp\",\"caption\":\"Editor General\"},\"sameAs\":[\"https:\/\/luchonoticias.com\/\"],\"url\":\"https:\/\/luchonoticias.com\/editor\/author\/editor-general\/\"}]}<\/script>\n<!-- \/ Yoast SEO plugin. -->","yoast_head_json":{"title":"Importante inversi\u00f3n para nuevo herbario nacional -","description":"El Gobierno destina $57.000 millones para construcci\u00f3n del nuevo Herbario Nacional de Colombia.","robots":{"index":"index","follow":"follow","max-snippet":"max-snippet:-1","max-image-preview":"max-image-preview:large","max-video-preview":"max-video-preview:-1"},"canonical":"https:\/\/luchonoticias.com\/editor\/importante-inversion-para-nuevo-herbario-nacional\/","og_locale":"es_ES","og_type":"article","og_title":"Importante inversi\u00f3n para nuevo herbario nacional -","og_description":"El Gobierno destina $57.000 millones para construcci\u00f3n del nuevo Herbario Nacional de Colombia.","og_url":"https:\/\/luchonoticias.com\/editor\/importante-inversion-para-nuevo-herbario-nacional\/","article_publisher":"https:\/\/www.facebook.com\/luchonoticiasneiva","article_published_time":"2024-07-07T12:54:45+00:00","og_image":[{"width":700,"height":400,"url":"https:\/\/luchonoticias.com\/editor\/wp-content\/uploads\/2024\/07\/herbario.jpg","type":"image\/jpeg"}],"author":"Editor General","twitter_card":"summary_large_image","twitter_misc":{"Escrito por":"Editor General","Tiempo de lectura":"2 minutos"},"schema":{"@context":"https:\/\/schema.org","@graph":[{"@type":"Article","@id":"https:\/\/luchonoticias.com\/editor\/importante-inversion-para-nuevo-herbario-nacional\/#article","isPartOf":{"@id":"https:\/\/luchonoticias.com\/editor\/importante-inversion-para-nuevo-herbario-nacional\/"},"author":{"name":"Editor General","@id":"https:\/\/luchonoticias.com\/editor\/#\/schema\/person\/29217990ddf6f14e35912b2866d591fb"},"headline":"Importante inversi\u00f3n para nuevo herbario nacional","datePublished":"2024-07-07T12:54:45+00:00","mainEntityOfPage":{"@id":"https:\/\/luchonoticias.com\/editor\/importante-inversion-para-nuevo-herbario-nacional\/"},"wordCount":341,"publisher":{"@id":"https:\/\/luchonoticias.com\/editor\/#\/schema\/person\/7a7fd911f58561fd056dbac7b55af9cd"},"image":{"@id":"https:\/\/luchonoticias.com\/editor\/importante-inversion-para-nuevo-herbario-nacional\/#primaryimage"},"thumbnailUrl":"https:\/\/luchonoticias.com\/editor\/wp-content\/uploads\/2024\/07\/herbario.jpg","articleSection":["Actualidad"],"inLanguage":"es"},{"@type":"WebPage","@id":"https:\/\/luchonoticias.com\/editor\/importante-inversion-para-nuevo-herbario-nacional\/","url":"https:\/\/luchonoticias.com\/editor\/importante-inversion-para-nuevo-herbario-nacional\/","name":"Importante inversi\u00f3n para nuevo herbario nacional -","isPartOf":{"@id":"https:\/\/luchonoticias.com\/editor\/#website"},"primaryImageOfPage":{"@id":"https:\/\/luchonoticias.com\/editor\/importante-inversion-para-nuevo-herbario-nacional\/#primaryimage"},"image":{"@id":"https:\/\/luchonoticias.com\/editor\/importante-inversion-para-nuevo-herbario-nacional\/#primaryimage"},"thumbnailUrl":"https:\/\/luchonoticias.com\/editor\/wp-content\/uploads\/2024\/07\/herbario.jpg","datePublished":"2024-07-07T12:54:45+00:00","description":"El Gobierno destina $57.000 millones para construcci\u00f3n del nuevo Herbario Nacional de Colombia.","breadcrumb":{"@id":"https:\/\/luchonoticias.com\/editor\/importante-inversion-para-nuevo-herbario-nacional\/#breadcrumb"},"inLanguage":"es","potentialAction":[{"@type":"ReadAction","target":["https:\/\/luchonoticias.com\/editor\/importante-inversion-para-nuevo-herbario-nacional\/"]}]},{"@type":"ImageObject","inLanguage":"es","@id":"https:\/\/luchonoticias.com\/editor\/importante-inversion-para-nuevo-herbario-nacional\/#primaryimage","url":"https:\/\/luchonoticias.com\/editor\/wp-content\/uploads\/2024\/07\/herbario.jpg","contentUrl":"https:\/\/luchonoticias.com\/editor\/wp-content\/uploads\/2024\/07\/herbario.jpg","width":700,"height":400},{"@type":"BreadcrumbList","@id":"https:\/\/luchonoticias.com\/editor\/importante-inversion-para-nuevo-herbario-nacional\/#breadcrumb","itemListElement":[{"@type":"ListItem","position":1,"name":"Portada","item":"https:\/\/luchonoticias.com\/editor\/"},{"@type":"ListItem","position":2,"name":"Importante inversi\u00f3n para nuevo herbario nacional"}]},{"@type":"WebSite","@id":"https:\/\/luchonoticias.com\/editor\/#website","url":"https:\/\/luchonoticias.com\/editor\/","name":"","description":"","publisher":{"@id":"https:\/\/luchonoticias.com\/editor\/#\/schema\/person\/7a7fd911f58561fd056dbac7b55af9cd"},"potentialAction":[{"@type":"SearchAction","target":{"@type":"EntryPoint","urlTemplate":"https:\/\/luchonoticias.com\/editor\/?s={search_term_string}"},"query-input":{"@type":"PropertyValueSpecification","valueRequired":true,"valueName":"search_term_string"}}],"inLanguage":"es"},{"@type":["Person","Organization"],"@id":"https:\/\/luchonoticias.com\/editor\/#\/schema\/person\/7a7fd911f58561fd056dbac7b55af9cd","name":"admin","image":{"@type":"ImageObject","inLanguage":"es","@id":"https:\/\/luchonoticias.com\/editor\/#\/schema\/person\/image\/","url":"https:\/\/luchonoticias.com\/editor\/wp-content\/uploads\/2024\/02\/cropped-cropped-logolu.webp","contentUrl":"https:\/\/luchonoticias.com\/editor\/wp-content\/uploads\/2024\/02\/cropped-cropped-logolu.webp","width":382,"height":170,"caption":"admin"},"logo":{"@id":"https:\/\/luchonoticias.com\/editor\/#\/schema\/person\/image\/"},"sameAs":["https:\/\/www.facebook.com\/luchonoticiasneiva"]},{"@type":"Person","@id":"https:\/\/luchonoticias.com\/editor\/#\/schema\/person\/29217990ddf6f14e35912b2866d591fb","name":"Editor General","image":{"@type":"ImageObject","inLanguage":"es","@id":"https:\/\/luchonoticias.com\/editor\/#\/schema\/person\/image\/","url":"https:\/\/luchonoticias.com\/editor\/wp-content\/uploads\/2024\/02\/cropped-cropped-logolu-150x150.webp","contentUrl":"https:\/\/luchonoticias.com\/editor\/wp-content\/uploads\/2024\/02\/cropped-cropped-logolu-150x150.webp","caption":"Editor General"},"sameAs":["https:\/\/luchonoticias.com\/"],"url":"https:\/\/luchonoticias.com\/editor\/author\/editor-general\/"}]}},"_links":{"self":[{"href":"https:\/\/luchonoticias.com\/editor\/wp-json\/wp\/v2\/posts\/74736","targetHints":{"allow":["GET"]}}],"collection":[{"href":"https:\/\/luchonoticias.com\/editor\/wp-json\/wp\/v2\/posts"}],"about":[{"href":"https:\/\/luchonoticias.com\/editor\/wp-json\/wp\/v2\/types\/post"}],"author":[{"embeddable":true,"href":"https:\/\/luchonoticias.com\/editor\/wp-json\/wp\/v2\/users\/2"}],"replies":[{"embeddable":true,"href":"https:\/\/luchonoticias.com\/editor\/wp-json\/wp\/v2\/comments?post=74736"}],"version-history":[{"count":1,"href":"https:\/\/luchonoticias.com\/editor\/wp-json\/wp\/v2\/posts\/74736\/revisions"}],"predecessor-version":[{"id":74738,"href":"https:\/\/luchonoticias.com\/editor\/wp-json\/wp\/v2\/posts\/74736\/revisions\/74738"}],"wp:featuredmedia":[{"embeddable":true,"href":"https:\/\/luchonoticias.com\/editor\/wp-json\/wp\/v2\/media\/74737"}],"wp:attachment":[{"href":"https:\/\/luchonoticias.com\/editor\/wp-json\/wp\/v2\/media?parent=74736"}],"wp:term":[{"taxonomy":"category","embeddable":true,"href":"https:\/\/luchonoticias.com\/editor\/wp-json\/wp\/v2\/categories?post=74736"},{"taxonomy":"post_tag","embeddable":true,"href":"https:\/\/luchonoticias.com\/editor\/wp-json\/wp\/v2\/tags?post=74736"}],"curies":[{"name":"wp","href":"https:\/\/api.w.org\/{rel}","templated":true}]}}