{"id":74742,"date":"2024-07-08T04:20:15","date_gmt":"2024-07-08T09:20:15","guid":{"rendered":"https:\/\/luchonoticias.com\/?p=74742"},"modified":"2024-07-08T04:20:15","modified_gmt":"2024-07-08T09:20:15","slug":"apoyo-suizo-para-impulsar-el-turismo","status":"publish","type":"post","link":"https:\/\/luchonoticias.com\/editor\/apoyo-suizo-para-impulsar-el-turismo\/","title":{"rendered":"Apoyo suizo para impulsar el turismo"},"content":{"rendered":"<p>El departamento del Huila ha sido una de las regiones que mayor apoyo ha tenido del Programa Colombia m\u00e1s Competitiva, en \u00e9l se cofinancia la ejecuci\u00f3n de cuatro proyectos en tres de las cuatro cadenas del Programa (caf\u00e9s especiales, cacaos especiales y turismo sostenible). La inversi\u00f3n supera los $7.000 millones y los impactos est\u00e1n principalmente concentrados en incrementar las exportaciones de cacao, las comisiones recibidas por los productores de caf\u00e9 y mejorar los ingresos por la llegada de turistas m\u00e1s sofisticados.<\/p>\n<p>En esta jornada de trabajo se dio a conocer como en el Huila se est\u00e1 desarrollando proyectos con enfoque de paisajes, con lo cual se busca lograr la cooperaci\u00f3n y alianzas estrat\u00e9gicas de diferentes actores para establecer un prop\u00f3sito com\u00fan para proteger y preservar el entorno ambiental, social y econ\u00f3mico.<\/p>\n<p>\u201cEn temas de turismo se est\u00e1 trabajando el enfoque de turismo sostenible, es un proyecto que se ha venido logrando en el sur del departamento con San Agust\u00edn, Isnos, Pitalito y pr\u00f3ximamente se van a trabajar unos temas de paisajismo. Estamos revisando la posibilidad de incrementar el alcance y la cobertura de estos proyectos, a ver si logramos trabajar en otras zonas del departamento, en la zona norte, centro y occidente que tambi\u00e9n tienen unas posibilidades para trabajar el paisajismo\u201d, destac\u00f3 el secretario de Desarrollo Econ\u00f3mico del Huila, Ricardo Vera Torres.<\/p>\n<p>El departamento del Huila est\u00e1 en el proceso de fortalecer y consolidar su enfoque en el turismo sostenible, con proyectos innovadores y expansivos que buscan beneficiar a diversas regiones del departamento. En colaboraci\u00f3n con las comunidades locales, se est\u00e1n desarrollando iniciativas que no solo realzan la belleza natural y cultural de la zona, sino que tambi\u00e9n promueven pr\u00e1cticas responsables y sostenibles.<\/p>\n<p>En particular, se est\u00e1 trabajando en articulaci\u00f3n con cooperaci\u00f3n Suiza intensamente en el sur del departamento, en municipios como San Agust\u00edn, Isnos y Pitalito, estos esfuerzos incluyen la implementaci\u00f3n de pr\u00e1cticas de paisajismo que buscan mejorar y preservar los entornos naturales, adem\u00e1s, se est\u00e1 explorando la posibilidad de expandir estos proyectos a otras \u00e1reas del Huila, incluyendo las zonas norte, centro y occidente, que tambi\u00e9n presentan un gran potencial para el desarrollo de iniciativas de paisajismo sostenible.<\/p>\n<p>Por su parte Norma Liliana P\u00e9rez, quien es la coordinadora del programa Colombia M\u00e1s Competitiva explic\u00f3 en que fase del proyecto se encuentran, \u201cen turismo tenemos un proyecto en el departamento del Huila espec\u00edficamente en la zona de San Agust\u00edn, muy relacionado con el parque de San Agust\u00edn donde estamos implementando las acciones que ayudamos a definir en un plan de gesti\u00f3n de destinos, primero iniciamos en la fase anterior del programa Colombia M\u00e1s Competitiva, un apoyo para generar capacidades en el territorio que permitieran hacer una mejor planeaci\u00f3n del destino alrededor de San Agust\u00edn, y ahora en esta fase estamos ayudando a implementar ese plan de acci\u00f3n\u201d indic\u00f3.<\/p>\n<p>En esta nueva fase, los esfuerzos est\u00e1n enfocados en la implementaci\u00f3n de acciones concretas dentro del plan de gesti\u00f3n de destinos, estas acciones est\u00e1n dise\u00f1adas para consolidar una estrategia integral que ha estado en desarrollo durante varios a\u00f1os, buscando no solo mejorar la experiencia tur\u00edstica, sino tambi\u00e9n garantizar la sostenibilidad y la conservaci\u00f3n de los recursos naturales y culturales de la regi\u00f3n.<\/p>\n<p>Con estos proyectos, se busca posicionar al Huila como un referente de turismo sostenible, contribuyendo al desarrollo econ\u00f3mico y social de las comunidades locales y a la protecci\u00f3n de su valioso patrimonio natural y cultural.<\/p>\n","protected":false},"excerpt":{"rendered":"<p>La Secretar\u00eda de Desarrollo Econ\u00f3mico y Turismo y la Secretar\u00eda de Agricultura y Miner\u00eda participaron de una importante jornada junto al gobernador, Rodrigo Villalba Mosquera y delegados de la Cooperaci\u00f3n Suiza (Swisscontact) para conocer de primera mano el programa Colombia m\u00e1s Competitiva, con el fin trabajar y articular proyectos de turismo, cacao y miner\u00eda responsable con el medio ambiente.<\/p>\n","protected":false},"author":2,"featured_media":74743,"comment_status":"closed","ping_status":"open","sticky":false,"template":"","format":"standard","meta":{"footnotes":""},"categories":[33],"tags":[],"class_list":["post-74742","post","type-post","status-publish","format-standard","has-post-thumbnail","hentry","category-huila"],"yoast_head":"<!-- This site is optimized with the Yoast SEO plugin v26.6 - https:\/\/yoast.com\/wordpress\/plugins\/seo\/ -->\n<title>Apoyo suizo para impulsar el turismo -<\/title>\n<meta name=\"description\" content=\"La Secretar\u00eda de Desarrollo Econ\u00f3mico y Turismo y la Secretar\u00eda de Agricultura y Miner\u00eda participaron de una importante jornada junto al gobernador, Rodrigo Villalba Mosquera y delegados de la Cooperaci\u00f3n Suiza (Swisscontact) para conocer de primera mano el programa Colombia m\u00e1s Competitiva, con el fin trabajar y articular proyectos de turismo, cacao y miner\u00eda responsable con el medio ambiente.\" \/>\n<meta name=\"robots\" content=\"index, follow, max-snippet:-1, max-image-preview:large, max-video-preview:-1\" \/>\n<link rel=\"canonical\" href=\"https:\/\/luchonoticias.com\/editor\/apoyo-suizo-para-impulsar-el-turismo\/\" \/>\n<meta property=\"og:locale\" content=\"es_ES\" \/>\n<meta property=\"og:type\" content=\"article\" \/>\n<meta property=\"og:title\" content=\"Apoyo suizo para impulsar el turismo -\" \/>\n<meta property=\"og:description\" content=\"La Secretar\u00eda de Desarrollo Econ\u00f3mico y Turismo y la Secretar\u00eda de Agricultura y Miner\u00eda participaron de una importante jornada junto al gobernador, Rodrigo Villalba Mosquera y delegados de la Cooperaci\u00f3n Suiza (Swisscontact) para conocer de primera mano el programa Colombia m\u00e1s Competitiva, con el fin trabajar y articular proyectos de turismo, cacao y miner\u00eda responsable con el medio ambiente.\" \/>\n<meta property=\"og:url\" content=\"https:\/\/luchonoticias.com\/editor\/apoyo-suizo-para-impulsar-el-turismo\/\" \/>\n<meta property=\"article:publisher\" content=\"https:\/\/www.facebook.com\/luchonoticiasneiva\" \/>\n<meta property=\"article:published_time\" content=\"2024-07-08T09:20:15+00:00\" \/>\n<meta property=\"og:image\" content=\"https:\/\/luchonoticias.com\/editor\/wp-content\/uploads\/2024\/07\/turismo-huila.jpg\" \/>\n\t<meta property=\"og:image:width\" content=\"700\" \/>\n\t<meta property=\"og:image:height\" content=\"400\" \/>\n\t<meta property=\"og:image:type\" content=\"image\/jpeg\" \/>\n<meta name=\"author\" content=\"Editor General\" \/>\n<meta name=\"twitter:card\" content=\"summary_large_image\" \/>\n<meta name=\"twitter:label1\" content=\"Escrito por\" \/>\n\t<meta name=\"twitter:data1\" content=\"Editor General\" \/>\n\t<meta name=\"twitter:label2\" content=\"Tiempo de lectura\" \/>\n\t<meta name=\"twitter:data2\" content=\"3 minutos\" \/>\n<script type=\"application\/ld+json\" class=\"yoast-schema-graph\">{\"@context\":\"https:\/\/schema.org\",\"@graph\":[{\"@type\":\"Article\",\"@id\":\"https:\/\/luchonoticias.com\/editor\/apoyo-suizo-para-impulsar-el-turismo\/#article\",\"isPartOf\":{\"@id\":\"https:\/\/luchonoticias.com\/editor\/apoyo-suizo-para-impulsar-el-turismo\/\"},\"author\":{\"name\":\"Editor General\",\"@id\":\"https:\/\/luchonoticias.com\/editor\/#\/schema\/person\/29217990ddf6f14e35912b2866d591fb\"},\"headline\":\"Apoyo suizo para impulsar el turismo\",\"datePublished\":\"2024-07-08T09:20:15+00:00\",\"mainEntityOfPage\":{\"@id\":\"https:\/\/luchonoticias.com\/editor\/apoyo-suizo-para-impulsar-el-turismo\/\"},\"wordCount\":619,\"publisher\":{\"@id\":\"https:\/\/luchonoticias.com\/editor\/#\/schema\/person\/7a7fd911f58561fd056dbac7b55af9cd\"},\"image\":{\"@id\":\"https:\/\/luchonoticias.com\/editor\/apoyo-suizo-para-impulsar-el-turismo\/#primaryimage\"},\"thumbnailUrl\":\"https:\/\/luchonoticias.com\/editor\/wp-content\/uploads\/2024\/07\/turismo-huila.jpg\",\"articleSection\":[\"Huila\"],\"inLanguage\":\"es\"},{\"@type\":\"WebPage\",\"@id\":\"https:\/\/luchonoticias.com\/editor\/apoyo-suizo-para-impulsar-el-turismo\/\",\"url\":\"https:\/\/luchonoticias.com\/editor\/apoyo-suizo-para-impulsar-el-turismo\/\",\"name\":\"Apoyo suizo para impulsar el turismo -\",\"isPartOf\":{\"@id\":\"https:\/\/luchonoticias.com\/editor\/#website\"},\"primaryImageOfPage\":{\"@id\":\"https:\/\/luchonoticias.com\/editor\/apoyo-suizo-para-impulsar-el-turismo\/#primaryimage\"},\"image\":{\"@id\":\"https:\/\/luchonoticias.com\/editor\/apoyo-suizo-para-impulsar-el-turismo\/#primaryimage\"},\"thumbnailUrl\":\"https:\/\/luchonoticias.com\/editor\/wp-content\/uploads\/2024\/07\/turismo-huila.jpg\",\"datePublished\":\"2024-07-08T09:20:15+00:00\",\"description\":\"La Secretar\u00eda de Desarrollo Econ\u00f3mico y Turismo y la Secretar\u00eda de Agricultura y Miner\u00eda participaron de una importante jornada junto al gobernador, Rodrigo Villalba Mosquera y delegados de la Cooperaci\u00f3n Suiza (Swisscontact) para conocer de primera mano el programa Colombia m\u00e1s Competitiva, con el fin trabajar y articular proyectos de turismo, cacao y miner\u00eda responsable con el medio ambiente.\",\"breadcrumb\":{\"@id\":\"https:\/\/luchonoticias.com\/editor\/apoyo-suizo-para-impulsar-el-turismo\/#breadcrumb\"},\"inLanguage\":\"es\",\"potentialAction\":[{\"@type\":\"ReadAction\",\"target\":[\"https:\/\/luchonoticias.com\/editor\/apoyo-suizo-para-impulsar-el-turismo\/\"]}]},{\"@type\":\"ImageObject\",\"inLanguage\":\"es\",\"@id\":\"https:\/\/luchonoticias.com\/editor\/apoyo-suizo-para-impulsar-el-turismo\/#primaryimage\",\"url\":\"https:\/\/luchonoticias.com\/editor\/wp-content\/uploads\/2024\/07\/turismo-huila.jpg\",\"contentUrl\":\"https:\/\/luchonoticias.com\/editor\/wp-content\/uploads\/2024\/07\/turismo-huila.jpg\",\"width\":700,\"height\":400},{\"@type\":\"BreadcrumbList\",\"@id\":\"https:\/\/luchonoticias.com\/editor\/apoyo-suizo-para-impulsar-el-turismo\/#breadcrumb\",\"itemListElement\":[{\"@type\":\"ListItem\",\"position\":1,\"name\":\"Portada\",\"item\":\"https:\/\/luchonoticias.com\/editor\/\"},{\"@type\":\"ListItem\",\"position\":2,\"name\":\"Apoyo suizo para impulsar el turismo\"}]},{\"@type\":\"WebSite\",\"@id\":\"https:\/\/luchonoticias.com\/editor\/#website\",\"url\":\"https:\/\/luchonoticias.com\/editor\/\",\"name\":\"\",\"description\":\"\",\"publisher\":{\"@id\":\"https:\/\/luchonoticias.com\/editor\/#\/schema\/person\/7a7fd911f58561fd056dbac7b55af9cd\"},\"potentialAction\":[{\"@type\":\"SearchAction\",\"target\":{\"@type\":\"EntryPoint\",\"urlTemplate\":\"https:\/\/luchonoticias.com\/editor\/?s={search_term_string}\"},\"query-input\":{\"@type\":\"PropertyValueSpecification\",\"valueRequired\":true,\"valueName\":\"search_term_string\"}}],\"inLanguage\":\"es\"},{\"@type\":[\"Person\",\"Organization\"],\"@id\":\"https:\/\/luchonoticias.com\/editor\/#\/schema\/person\/7a7fd911f58561fd056dbac7b55af9cd\",\"name\":\"admin\",\"image\":{\"@type\":\"ImageObject\",\"inLanguage\":\"es\",\"@id\":\"https:\/\/luchonoticias.com\/editor\/#\/schema\/person\/image\/\",\"url\":\"https:\/\/luchonoticias.com\/editor\/wp-content\/uploads\/2024\/02\/cropped-cropped-logolu.webp\",\"contentUrl\":\"https:\/\/luchonoticias.com\/editor\/wp-content\/uploads\/2024\/02\/cropped-cropped-logolu.webp\",\"width\":382,\"height\":170,\"caption\":\"admin\"},\"logo\":{\"@id\":\"https:\/\/luchonoticias.com\/editor\/#\/schema\/person\/image\/\"},\"sameAs\":[\"https:\/\/www.facebook.com\/luchonoticiasneiva\"]},{\"@type\":\"Person\",\"@id\":\"https:\/\/luchonoticias.com\/editor\/#\/schema\/person\/29217990ddf6f14e35912b2866d591fb\",\"name\":\"Editor General\",\"image\":{\"@type\":\"ImageObject\",\"inLanguage\":\"es\",\"@id\":\"https:\/\/luchonoticias.com\/editor\/#\/schema\/person\/image\/\",\"url\":\"https:\/\/luchonoticias.com\/editor\/wp-content\/uploads\/2024\/02\/cropped-cropped-logolu-150x150.webp\",\"contentUrl\":\"https:\/\/luchonoticias.com\/editor\/wp-content\/uploads\/2024\/02\/cropped-cropped-logolu-150x150.webp\",\"caption\":\"Editor General\"},\"sameAs\":[\"https:\/\/luchonoticias.com\/\"],\"url\":\"https:\/\/luchonoticias.com\/editor\/author\/editor-general\/\"}]}<\/script>\n<!-- \/ Yoast SEO plugin. -->","yoast_head_json":{"title":"Apoyo suizo para impulsar el turismo -","description":"La Secretar\u00eda de Desarrollo Econ\u00f3mico y Turismo y la Secretar\u00eda de Agricultura y Miner\u00eda participaron de una importante jornada junto al gobernador, Rodrigo Villalba Mosquera y delegados de la Cooperaci\u00f3n Suiza (Swisscontact) para conocer de primera mano el programa Colombia m\u00e1s Competitiva, con el fin trabajar y articular proyectos de turismo, cacao y miner\u00eda responsable con el medio ambiente.","robots":{"index":"index","follow":"follow","max-snippet":"max-snippet:-1","max-image-preview":"max-image-preview:large","max-video-preview":"max-video-preview:-1"},"canonical":"https:\/\/luchonoticias.com\/editor\/apoyo-suizo-para-impulsar-el-turismo\/","og_locale":"es_ES","og_type":"article","og_title":"Apoyo suizo para impulsar el turismo -","og_description":"La Secretar\u00eda de Desarrollo Econ\u00f3mico y Turismo y la Secretar\u00eda de Agricultura y Miner\u00eda participaron de una importante jornada junto al gobernador, Rodrigo Villalba Mosquera y delegados de la Cooperaci\u00f3n Suiza (Swisscontact) para conocer de primera mano el programa Colombia m\u00e1s Competitiva, con el fin trabajar y articular proyectos de turismo, cacao y miner\u00eda responsable con el medio ambiente.","og_url":"https:\/\/luchonoticias.com\/editor\/apoyo-suizo-para-impulsar-el-turismo\/","article_publisher":"https:\/\/www.facebook.com\/luchonoticiasneiva","article_published_time":"2024-07-08T09:20:15+00:00","og_image":[{"width":700,"height":400,"url":"https:\/\/luchonoticias.com\/editor\/wp-content\/uploads\/2024\/07\/turismo-huila.jpg","type":"image\/jpeg"}],"author":"Editor General","twitter_card":"summary_large_image","twitter_misc":{"Escrito por":"Editor General","Tiempo de lectura":"3 minutos"},"schema":{"@context":"https:\/\/schema.org","@graph":[{"@type":"Article","@id":"https:\/\/luchonoticias.com\/editor\/apoyo-suizo-para-impulsar-el-turismo\/#article","isPartOf":{"@id":"https:\/\/luchonoticias.com\/editor\/apoyo-suizo-para-impulsar-el-turismo\/"},"author":{"name":"Editor General","@id":"https:\/\/luchonoticias.com\/editor\/#\/schema\/person\/29217990ddf6f14e35912b2866d591fb"},"headline":"Apoyo suizo para impulsar el turismo","datePublished":"2024-07-08T09:20:15+00:00","mainEntityOfPage":{"@id":"https:\/\/luchonoticias.com\/editor\/apoyo-suizo-para-impulsar-el-turismo\/"},"wordCount":619,"publisher":{"@id":"https:\/\/luchonoticias.com\/editor\/#\/schema\/person\/7a7fd911f58561fd056dbac7b55af9cd"},"image":{"@id":"https:\/\/luchonoticias.com\/editor\/apoyo-suizo-para-impulsar-el-turismo\/#primaryimage"},"thumbnailUrl":"https:\/\/luchonoticias.com\/editor\/wp-content\/uploads\/2024\/07\/turismo-huila.jpg","articleSection":["Huila"],"inLanguage":"es"},{"@type":"WebPage","@id":"https:\/\/luchonoticias.com\/editor\/apoyo-suizo-para-impulsar-el-turismo\/","url":"https:\/\/luchonoticias.com\/editor\/apoyo-suizo-para-impulsar-el-turismo\/","name":"Apoyo suizo para impulsar el turismo -","isPartOf":{"@id":"https:\/\/luchonoticias.com\/editor\/#website"},"primaryImageOfPage":{"@id":"https:\/\/luchonoticias.com\/editor\/apoyo-suizo-para-impulsar-el-turismo\/#primaryimage"},"image":{"@id":"https:\/\/luchonoticias.com\/editor\/apoyo-suizo-para-impulsar-el-turismo\/#primaryimage"},"thumbnailUrl":"https:\/\/luchonoticias.com\/editor\/wp-content\/uploads\/2024\/07\/turismo-huila.jpg","datePublished":"2024-07-08T09:20:15+00:00","description":"La Secretar\u00eda de Desarrollo Econ\u00f3mico y Turismo y la Secretar\u00eda de Agricultura y Miner\u00eda participaron de una importante jornada junto al gobernador, Rodrigo Villalba Mosquera y delegados de la Cooperaci\u00f3n Suiza (Swisscontact) para conocer de primera mano el programa Colombia m\u00e1s Competitiva, con el fin trabajar y articular proyectos de turismo, cacao y miner\u00eda responsable con el medio ambiente.","breadcrumb":{"@id":"https:\/\/luchonoticias.com\/editor\/apoyo-suizo-para-impulsar-el-turismo\/#breadcrumb"},"inLanguage":"es","potentialAction":[{"@type":"ReadAction","target":["https:\/\/luchonoticias.com\/editor\/apoyo-suizo-para-impulsar-el-turismo\/"]}]},{"@type":"ImageObject","inLanguage":"es","@id":"https:\/\/luchonoticias.com\/editor\/apoyo-suizo-para-impulsar-el-turismo\/#primaryimage","url":"https:\/\/luchonoticias.com\/editor\/wp-content\/uploads\/2024\/07\/turismo-huila.jpg","contentUrl":"https:\/\/luchonoticias.com\/editor\/wp-content\/uploads\/2024\/07\/turismo-huila.jpg","width":700,"height":400},{"@type":"BreadcrumbList","@id":"https:\/\/luchonoticias.com\/editor\/apoyo-suizo-para-impulsar-el-turismo\/#breadcrumb","itemListElement":[{"@type":"ListItem","position":1,"name":"Portada","item":"https:\/\/luchonoticias.com\/editor\/"},{"@type":"ListItem","position":2,"name":"Apoyo suizo para impulsar el turismo"}]},{"@type":"WebSite","@id":"https:\/\/luchonoticias.com\/editor\/#website","url":"https:\/\/luchonoticias.com\/editor\/","name":"","description":"","publisher":{"@id":"https:\/\/luchonoticias.com\/editor\/#\/schema\/person\/7a7fd911f58561fd056dbac7b55af9cd"},"potentialAction":[{"@type":"SearchAction","target":{"@type":"EntryPoint","urlTemplate":"https:\/\/luchonoticias.com\/editor\/?s={search_term_string}"},"query-input":{"@type":"PropertyValueSpecification","valueRequired":true,"valueName":"search_term_string"}}],"inLanguage":"es"},{"@type":["Person","Organization"],"@id":"https:\/\/luchonoticias.com\/editor\/#\/schema\/person\/7a7fd911f58561fd056dbac7b55af9cd","name":"admin","image":{"@type":"ImageObject","inLanguage":"es","@id":"https:\/\/luchonoticias.com\/editor\/#\/schema\/person\/image\/","url":"https:\/\/luchonoticias.com\/editor\/wp-content\/uploads\/2024\/02\/cropped-cropped-logolu.webp","contentUrl":"https:\/\/luchonoticias.com\/editor\/wp-content\/uploads\/2024\/02\/cropped-cropped-logolu.webp","width":382,"height":170,"caption":"admin"},"logo":{"@id":"https:\/\/luchonoticias.com\/editor\/#\/schema\/person\/image\/"},"sameAs":["https:\/\/www.facebook.com\/luchonoticiasneiva"]},{"@type":"Person","@id":"https:\/\/luchonoticias.com\/editor\/#\/schema\/person\/29217990ddf6f14e35912b2866d591fb","name":"Editor General","image":{"@type":"ImageObject","inLanguage":"es","@id":"https:\/\/luchonoticias.com\/editor\/#\/schema\/person\/image\/","url":"https:\/\/luchonoticias.com\/editor\/wp-content\/uploads\/2024\/02\/cropped-cropped-logolu-150x150.webp","contentUrl":"https:\/\/luchonoticias.com\/editor\/wp-content\/uploads\/2024\/02\/cropped-cropped-logolu-150x150.webp","caption":"Editor General"},"sameAs":["https:\/\/luchonoticias.com\/"],"url":"https:\/\/luchonoticias.com\/editor\/author\/editor-general\/"}]}},"_links":{"self":[{"href":"https:\/\/luchonoticias.com\/editor\/wp-json\/wp\/v2\/posts\/74742","targetHints":{"allow":["GET"]}}],"collection":[{"href":"https:\/\/luchonoticias.com\/editor\/wp-json\/wp\/v2\/posts"}],"about":[{"href":"https:\/\/luchonoticias.com\/editor\/wp-json\/wp\/v2\/types\/post"}],"author":[{"embeddable":true,"href":"https:\/\/luchonoticias.com\/editor\/wp-json\/wp\/v2\/users\/2"}],"replies":[{"embeddable":true,"href":"https:\/\/luchonoticias.com\/editor\/wp-json\/wp\/v2\/comments?post=74742"}],"version-history":[{"count":1,"href":"https:\/\/luchonoticias.com\/editor\/wp-json\/wp\/v2\/posts\/74742\/revisions"}],"predecessor-version":[{"id":74744,"href":"https:\/\/luchonoticias.com\/editor\/wp-json\/wp\/v2\/posts\/74742\/revisions\/74744"}],"wp:featuredmedia":[{"embeddable":true,"href":"https:\/\/luchonoticias.com\/editor\/wp-json\/wp\/v2\/media\/74743"}],"wp:attachment":[{"href":"https:\/\/luchonoticias.com\/editor\/wp-json\/wp\/v2\/media?parent=74742"}],"wp:term":[{"taxonomy":"category","embeddable":true,"href":"https:\/\/luchonoticias.com\/editor\/wp-json\/wp\/v2\/categories?post=74742"},{"taxonomy":"post_tag","embeddable":true,"href":"https:\/\/luchonoticias.com\/editor\/wp-json\/wp\/v2\/tags?post=74742"}],"curies":[{"name":"wp","href":"https:\/\/api.w.org\/{rel}","templated":true}]}}