{"id":74745,"date":"2024-07-08T04:26:54","date_gmt":"2024-07-08T09:26:54","guid":{"rendered":"https:\/\/luchonoticias.com\/?p=74745"},"modified":"2024-07-08T04:26:54","modified_gmt":"2024-07-08T09:26:54","slug":"indice-de-accidentalidad-en-neiva-en-junio","status":"publish","type":"post","link":"https:\/\/luchonoticias.com\/editor\/indice-de-accidentalidad-en-neiva-en-junio\/","title":{"rendered":"\u00edndice de accidentalidad en Neiva en junio"},"content":{"rendered":"<p>En el mes de junio, capital del Huila present\u00f3 46 siniestros viales, cifra que comparada con la vigencia de junio 2023, presenta un aumento de 8 casos, indicando un incremento del 21,1%.<\/p>\n<p>Los datos estad\u00edsticos frente a al comportamiento vial de los neivanos, en comparaci\u00f3n con las vigencias junio 2024 vs junio 2023, se representan as\u00ed:<\/p>\n<p>Junio 2023<\/p>\n<p>? Siniestros viales: 38 casos.<br \/>\n? Decesos: 05 casos.<br \/>\n? Heridos: 30 personas.<br \/>\n? Da\u00f1os: 03 casos.<\/p>\n<p>Junio 2024<\/p>\n<p>? Siniestros viales: 46 casos.<br \/>\n? Decesos: 06 casos.<br \/>\n? Heridos: 36 personas.<br \/>\n? Da\u00f1os: 04 casos.<\/p>\n<p><strong>Balance junio 2023 vs junio 2024<\/strong><\/p>\n<p>Con relaci\u00f3n a la informaci\u00f3n recolectada a trav\u00e9s del Observatorio de Seguridad Vial de Neiva, se estableci\u00f3 que la siniestralidad para el mes de junio 2024 increment\u00f3 en comparaci\u00f3n al mes de junio del a\u00f1o anterior:<\/p>\n<p>Siniestralidad aumento del 21,1%.<\/p>\n<p>Decesos incremento del 20%.<\/p>\n<p>Heridos incremento del 20%<\/p>\n<p>Da\u00f1os aumento del 33,3%.<\/p>\n<p>Por medio de la informaci\u00f3n suministrada, se logra adem\u00e1s, determinar que la motocicleta presenta una participaci\u00f3n del 60,37% en accidentes de tr\u00e1nsito en el mes de junio 2024.<\/p>\n<p>Frente a las cifras en aumento, la Administraci\u00f3n Municipal a trav\u00e9s de la Secretar\u00eda de Movilidad, hace un llamado a la ciudadan\u00eda para respetar las normas de tr\u00e1nsito, evitar el consumo de bebidas alcoh\u00f3licas mientras se conduce y tener las precauciones necesarias para evitar poner en riesgo la vida en la v\u00eda.<\/p>\n<p><strong>Datos de inter\u00e9s<\/strong><\/p>\n<p>El comparendo que m\u00e1s se aplic\u00f3 fue el C02: estacionar un veh\u00edculo en sitios prohibidos.<\/p>\n<p>Las comunas con mayor siniestralidad durante el mes de junio 2024 fueron la comuna Cuatro y la comuna Seis.<\/p>\n<p>Frente a la siniestralidad en la temporada sampedrina comprendida entre el 17 de junio y el 01 de julio se registraron ocho personas heridas y lamentablemente, dos personas que perdieron la vida; dos motociclistas en hechos aislados, uno el 30 de junio sobre la avenida In\u00e9s Garc\u00eda de Dur\u00e1n y otro en zona rural de Neiva, quien sufri\u00f3 un accidente el pasado 29 de junio y perdi\u00f3 la vida el 02 de julio en un centro asistencial.<\/p>\n","protected":false},"excerpt":{"rendered":"<p>En la capital del Huila se registr\u00f3 un aumento del 21.1% en siniestralidad para el mes de junio 2024, conforme a los datos estad\u00edsticos entregados por el Observatorio de Seguridad Vial.<\/p>\n","protected":false},"author":2,"featured_media":74746,"comment_status":"closed","ping_status":"open","sticky":false,"template":"","format":"standard","meta":{"footnotes":""},"categories":[31],"tags":[],"class_list":["post-74745","post","type-post","status-publish","format-standard","has-post-thumbnail","hentry","category-local"],"yoast_head":"<!-- This site is optimized with the Yoast SEO plugin v26.6 - https:\/\/yoast.com\/wordpress\/plugins\/seo\/ -->\n<title>\u00edndice de accidentalidad en Neiva en junio -<\/title>\n<meta name=\"description\" content=\"En la capital del Huila se registr\u00f3 un aumento del 21.1% en siniestralidad para el mes de junio 2024, conforme a los datos estad\u00edsticos entregados por el Observatorio de Seguridad Vial.\" \/>\n<meta name=\"robots\" content=\"index, follow, max-snippet:-1, max-image-preview:large, max-video-preview:-1\" \/>\n<link rel=\"canonical\" href=\"https:\/\/luchonoticias.com\/editor\/indice-de-accidentalidad-en-neiva-en-junio\/\" \/>\n<meta property=\"og:locale\" content=\"es_ES\" \/>\n<meta property=\"og:type\" content=\"article\" \/>\n<meta property=\"og:title\" content=\"\u00edndice de accidentalidad en Neiva en junio -\" \/>\n<meta property=\"og:description\" content=\"En la capital del Huila se registr\u00f3 un aumento del 21.1% en siniestralidad para el mes de junio 2024, conforme a los datos estad\u00edsticos entregados por el Observatorio de Seguridad Vial.\" \/>\n<meta property=\"og:url\" content=\"https:\/\/luchonoticias.com\/editor\/indice-de-accidentalidad-en-neiva-en-junio\/\" \/>\n<meta property=\"article:publisher\" content=\"https:\/\/www.facebook.com\/luchonoticiasneiva\" \/>\n<meta property=\"article:published_time\" content=\"2024-07-08T09:26:54+00:00\" \/>\n<meta property=\"og:image\" content=\"https:\/\/luchonoticias.com\/editor\/wp-content\/uploads\/2024\/07\/movilidad-neiva.jpg\" \/>\n\t<meta property=\"og:image:width\" content=\"700\" \/>\n\t<meta property=\"og:image:height\" content=\"400\" \/>\n\t<meta property=\"og:image:type\" content=\"image\/jpeg\" \/>\n<meta name=\"author\" content=\"Editor General\" \/>\n<meta name=\"twitter:card\" content=\"summary_large_image\" \/>\n<meta name=\"twitter:label1\" content=\"Escrito por\" \/>\n\t<meta name=\"twitter:data1\" content=\"Editor General\" \/>\n\t<meta name=\"twitter:label2\" content=\"Tiempo de lectura\" \/>\n\t<meta name=\"twitter:data2\" content=\"2 minutos\" \/>\n<script type=\"application\/ld+json\" class=\"yoast-schema-graph\">{\"@context\":\"https:\/\/schema.org\",\"@graph\":[{\"@type\":\"Article\",\"@id\":\"https:\/\/luchonoticias.com\/editor\/indice-de-accidentalidad-en-neiva-en-junio\/#article\",\"isPartOf\":{\"@id\":\"https:\/\/luchonoticias.com\/editor\/indice-de-accidentalidad-en-neiva-en-junio\/\"},\"author\":{\"name\":\"Editor General\",\"@id\":\"https:\/\/luchonoticias.com\/editor\/#\/schema\/person\/29217990ddf6f14e35912b2866d591fb\"},\"headline\":\"\u00edndice de accidentalidad en Neiva en junio\",\"datePublished\":\"2024-07-08T09:26:54+00:00\",\"mainEntityOfPage\":{\"@id\":\"https:\/\/luchonoticias.com\/editor\/indice-de-accidentalidad-en-neiva-en-junio\/\"},\"wordCount\":341,\"publisher\":{\"@id\":\"https:\/\/luchonoticias.com\/editor\/#\/schema\/person\/7a7fd911f58561fd056dbac7b55af9cd\"},\"image\":{\"@id\":\"https:\/\/luchonoticias.com\/editor\/indice-de-accidentalidad-en-neiva-en-junio\/#primaryimage\"},\"thumbnailUrl\":\"https:\/\/luchonoticias.com\/editor\/wp-content\/uploads\/2024\/07\/movilidad-neiva.jpg\",\"articleSection\":[\"Local\"],\"inLanguage\":\"es\"},{\"@type\":\"WebPage\",\"@id\":\"https:\/\/luchonoticias.com\/editor\/indice-de-accidentalidad-en-neiva-en-junio\/\",\"url\":\"https:\/\/luchonoticias.com\/editor\/indice-de-accidentalidad-en-neiva-en-junio\/\",\"name\":\"\u00edndice de accidentalidad en Neiva en junio -\",\"isPartOf\":{\"@id\":\"https:\/\/luchonoticias.com\/editor\/#website\"},\"primaryImageOfPage\":{\"@id\":\"https:\/\/luchonoticias.com\/editor\/indice-de-accidentalidad-en-neiva-en-junio\/#primaryimage\"},\"image\":{\"@id\":\"https:\/\/luchonoticias.com\/editor\/indice-de-accidentalidad-en-neiva-en-junio\/#primaryimage\"},\"thumbnailUrl\":\"https:\/\/luchonoticias.com\/editor\/wp-content\/uploads\/2024\/07\/movilidad-neiva.jpg\",\"datePublished\":\"2024-07-08T09:26:54+00:00\",\"description\":\"En la capital del Huila se registr\u00f3 un aumento del 21.1% en siniestralidad para el mes de junio 2024, conforme a los datos estad\u00edsticos entregados por el Observatorio de Seguridad Vial.\",\"breadcrumb\":{\"@id\":\"https:\/\/luchonoticias.com\/editor\/indice-de-accidentalidad-en-neiva-en-junio\/#breadcrumb\"},\"inLanguage\":\"es\",\"potentialAction\":[{\"@type\":\"ReadAction\",\"target\":[\"https:\/\/luchonoticias.com\/editor\/indice-de-accidentalidad-en-neiva-en-junio\/\"]}]},{\"@type\":\"ImageObject\",\"inLanguage\":\"es\",\"@id\":\"https:\/\/luchonoticias.com\/editor\/indice-de-accidentalidad-en-neiva-en-junio\/#primaryimage\",\"url\":\"https:\/\/luchonoticias.com\/editor\/wp-content\/uploads\/2024\/07\/movilidad-neiva.jpg\",\"contentUrl\":\"https:\/\/luchonoticias.com\/editor\/wp-content\/uploads\/2024\/07\/movilidad-neiva.jpg\",\"width\":700,\"height\":400},{\"@type\":\"BreadcrumbList\",\"@id\":\"https:\/\/luchonoticias.com\/editor\/indice-de-accidentalidad-en-neiva-en-junio\/#breadcrumb\",\"itemListElement\":[{\"@type\":\"ListItem\",\"position\":1,\"name\":\"Portada\",\"item\":\"https:\/\/luchonoticias.com\/editor\/\"},{\"@type\":\"ListItem\",\"position\":2,\"name\":\"\u00edndice de accidentalidad en Neiva en junio\"}]},{\"@type\":\"WebSite\",\"@id\":\"https:\/\/luchonoticias.com\/editor\/#website\",\"url\":\"https:\/\/luchonoticias.com\/editor\/\",\"name\":\"\",\"description\":\"\",\"publisher\":{\"@id\":\"https:\/\/luchonoticias.com\/editor\/#\/schema\/person\/7a7fd911f58561fd056dbac7b55af9cd\"},\"potentialAction\":[{\"@type\":\"SearchAction\",\"target\":{\"@type\":\"EntryPoint\",\"urlTemplate\":\"https:\/\/luchonoticias.com\/editor\/?s={search_term_string}\"},\"query-input\":{\"@type\":\"PropertyValueSpecification\",\"valueRequired\":true,\"valueName\":\"search_term_string\"}}],\"inLanguage\":\"es\"},{\"@type\":[\"Person\",\"Organization\"],\"@id\":\"https:\/\/luchonoticias.com\/editor\/#\/schema\/person\/7a7fd911f58561fd056dbac7b55af9cd\",\"name\":\"admin\",\"image\":{\"@type\":\"ImageObject\",\"inLanguage\":\"es\",\"@id\":\"https:\/\/luchonoticias.com\/editor\/#\/schema\/person\/image\/\",\"url\":\"https:\/\/luchonoticias.com\/editor\/wp-content\/uploads\/2024\/02\/cropped-cropped-logolu.webp\",\"contentUrl\":\"https:\/\/luchonoticias.com\/editor\/wp-content\/uploads\/2024\/02\/cropped-cropped-logolu.webp\",\"width\":382,\"height\":170,\"caption\":\"admin\"},\"logo\":{\"@id\":\"https:\/\/luchonoticias.com\/editor\/#\/schema\/person\/image\/\"},\"sameAs\":[\"https:\/\/www.facebook.com\/luchonoticiasneiva\"]},{\"@type\":\"Person\",\"@id\":\"https:\/\/luchonoticias.com\/editor\/#\/schema\/person\/29217990ddf6f14e35912b2866d591fb\",\"name\":\"Editor General\",\"image\":{\"@type\":\"ImageObject\",\"inLanguage\":\"es\",\"@id\":\"https:\/\/luchonoticias.com\/editor\/#\/schema\/person\/image\/\",\"url\":\"https:\/\/luchonoticias.com\/editor\/wp-content\/uploads\/2024\/02\/cropped-cropped-logolu-150x150.webp\",\"contentUrl\":\"https:\/\/luchonoticias.com\/editor\/wp-content\/uploads\/2024\/02\/cropped-cropped-logolu-150x150.webp\",\"caption\":\"Editor General\"},\"sameAs\":[\"https:\/\/luchonoticias.com\/\"],\"url\":\"https:\/\/luchonoticias.com\/editor\/author\/editor-general\/\"}]}<\/script>\n<!-- \/ Yoast SEO plugin. -->","yoast_head_json":{"title":"\u00edndice de accidentalidad en Neiva en junio -","description":"En la capital del Huila se registr\u00f3 un aumento del 21.1% en siniestralidad para el mes de junio 2024, conforme a los datos estad\u00edsticos entregados por el Observatorio de Seguridad Vial.","robots":{"index":"index","follow":"follow","max-snippet":"max-snippet:-1","max-image-preview":"max-image-preview:large","max-video-preview":"max-video-preview:-1"},"canonical":"https:\/\/luchonoticias.com\/editor\/indice-de-accidentalidad-en-neiva-en-junio\/","og_locale":"es_ES","og_type":"article","og_title":"\u00edndice de accidentalidad en Neiva en junio -","og_description":"En la capital del Huila se registr\u00f3 un aumento del 21.1% en siniestralidad para el mes de junio 2024, conforme a los datos estad\u00edsticos entregados por el Observatorio de Seguridad Vial.","og_url":"https:\/\/luchonoticias.com\/editor\/indice-de-accidentalidad-en-neiva-en-junio\/","article_publisher":"https:\/\/www.facebook.com\/luchonoticiasneiva","article_published_time":"2024-07-08T09:26:54+00:00","og_image":[{"width":700,"height":400,"url":"https:\/\/luchonoticias.com\/editor\/wp-content\/uploads\/2024\/07\/movilidad-neiva.jpg","type":"image\/jpeg"}],"author":"Editor General","twitter_card":"summary_large_image","twitter_misc":{"Escrito por":"Editor General","Tiempo de lectura":"2 minutos"},"schema":{"@context":"https:\/\/schema.org","@graph":[{"@type":"Article","@id":"https:\/\/luchonoticias.com\/editor\/indice-de-accidentalidad-en-neiva-en-junio\/#article","isPartOf":{"@id":"https:\/\/luchonoticias.com\/editor\/indice-de-accidentalidad-en-neiva-en-junio\/"},"author":{"name":"Editor General","@id":"https:\/\/luchonoticias.com\/editor\/#\/schema\/person\/29217990ddf6f14e35912b2866d591fb"},"headline":"\u00edndice de accidentalidad en Neiva en junio","datePublished":"2024-07-08T09:26:54+00:00","mainEntityOfPage":{"@id":"https:\/\/luchonoticias.com\/editor\/indice-de-accidentalidad-en-neiva-en-junio\/"},"wordCount":341,"publisher":{"@id":"https:\/\/luchonoticias.com\/editor\/#\/schema\/person\/7a7fd911f58561fd056dbac7b55af9cd"},"image":{"@id":"https:\/\/luchonoticias.com\/editor\/indice-de-accidentalidad-en-neiva-en-junio\/#primaryimage"},"thumbnailUrl":"https:\/\/luchonoticias.com\/editor\/wp-content\/uploads\/2024\/07\/movilidad-neiva.jpg","articleSection":["Local"],"inLanguage":"es"},{"@type":"WebPage","@id":"https:\/\/luchonoticias.com\/editor\/indice-de-accidentalidad-en-neiva-en-junio\/","url":"https:\/\/luchonoticias.com\/editor\/indice-de-accidentalidad-en-neiva-en-junio\/","name":"\u00edndice de accidentalidad en Neiva en junio -","isPartOf":{"@id":"https:\/\/luchonoticias.com\/editor\/#website"},"primaryImageOfPage":{"@id":"https:\/\/luchonoticias.com\/editor\/indice-de-accidentalidad-en-neiva-en-junio\/#primaryimage"},"image":{"@id":"https:\/\/luchonoticias.com\/editor\/indice-de-accidentalidad-en-neiva-en-junio\/#primaryimage"},"thumbnailUrl":"https:\/\/luchonoticias.com\/editor\/wp-content\/uploads\/2024\/07\/movilidad-neiva.jpg","datePublished":"2024-07-08T09:26:54+00:00","description":"En la capital del Huila se registr\u00f3 un aumento del 21.1% en siniestralidad para el mes de junio 2024, conforme a los datos estad\u00edsticos entregados por el Observatorio de Seguridad Vial.","breadcrumb":{"@id":"https:\/\/luchonoticias.com\/editor\/indice-de-accidentalidad-en-neiva-en-junio\/#breadcrumb"},"inLanguage":"es","potentialAction":[{"@type":"ReadAction","target":["https:\/\/luchonoticias.com\/editor\/indice-de-accidentalidad-en-neiva-en-junio\/"]}]},{"@type":"ImageObject","inLanguage":"es","@id":"https:\/\/luchonoticias.com\/editor\/indice-de-accidentalidad-en-neiva-en-junio\/#primaryimage","url":"https:\/\/luchonoticias.com\/editor\/wp-content\/uploads\/2024\/07\/movilidad-neiva.jpg","contentUrl":"https:\/\/luchonoticias.com\/editor\/wp-content\/uploads\/2024\/07\/movilidad-neiva.jpg","width":700,"height":400},{"@type":"BreadcrumbList","@id":"https:\/\/luchonoticias.com\/editor\/indice-de-accidentalidad-en-neiva-en-junio\/#breadcrumb","itemListElement":[{"@type":"ListItem","position":1,"name":"Portada","item":"https:\/\/luchonoticias.com\/editor\/"},{"@type":"ListItem","position":2,"name":"\u00edndice de accidentalidad en Neiva en junio"}]},{"@type":"WebSite","@id":"https:\/\/luchonoticias.com\/editor\/#website","url":"https:\/\/luchonoticias.com\/editor\/","name":"","description":"","publisher":{"@id":"https:\/\/luchonoticias.com\/editor\/#\/schema\/person\/7a7fd911f58561fd056dbac7b55af9cd"},"potentialAction":[{"@type":"SearchAction","target":{"@type":"EntryPoint","urlTemplate":"https:\/\/luchonoticias.com\/editor\/?s={search_term_string}"},"query-input":{"@type":"PropertyValueSpecification","valueRequired":true,"valueName":"search_term_string"}}],"inLanguage":"es"},{"@type":["Person","Organization"],"@id":"https:\/\/luchonoticias.com\/editor\/#\/schema\/person\/7a7fd911f58561fd056dbac7b55af9cd","name":"admin","image":{"@type":"ImageObject","inLanguage":"es","@id":"https:\/\/luchonoticias.com\/editor\/#\/schema\/person\/image\/","url":"https:\/\/luchonoticias.com\/editor\/wp-content\/uploads\/2024\/02\/cropped-cropped-logolu.webp","contentUrl":"https:\/\/luchonoticias.com\/editor\/wp-content\/uploads\/2024\/02\/cropped-cropped-logolu.webp","width":382,"height":170,"caption":"admin"},"logo":{"@id":"https:\/\/luchonoticias.com\/editor\/#\/schema\/person\/image\/"},"sameAs":["https:\/\/www.facebook.com\/luchonoticiasneiva"]},{"@type":"Person","@id":"https:\/\/luchonoticias.com\/editor\/#\/schema\/person\/29217990ddf6f14e35912b2866d591fb","name":"Editor General","image":{"@type":"ImageObject","inLanguage":"es","@id":"https:\/\/luchonoticias.com\/editor\/#\/schema\/person\/image\/","url":"https:\/\/luchonoticias.com\/editor\/wp-content\/uploads\/2024\/02\/cropped-cropped-logolu-150x150.webp","contentUrl":"https:\/\/luchonoticias.com\/editor\/wp-content\/uploads\/2024\/02\/cropped-cropped-logolu-150x150.webp","caption":"Editor General"},"sameAs":["https:\/\/luchonoticias.com\/"],"url":"https:\/\/luchonoticias.com\/editor\/author\/editor-general\/"}]}},"_links":{"self":[{"href":"https:\/\/luchonoticias.com\/editor\/wp-json\/wp\/v2\/posts\/74745","targetHints":{"allow":["GET"]}}],"collection":[{"href":"https:\/\/luchonoticias.com\/editor\/wp-json\/wp\/v2\/posts"}],"about":[{"href":"https:\/\/luchonoticias.com\/editor\/wp-json\/wp\/v2\/types\/post"}],"author":[{"embeddable":true,"href":"https:\/\/luchonoticias.com\/editor\/wp-json\/wp\/v2\/users\/2"}],"replies":[{"embeddable":true,"href":"https:\/\/luchonoticias.com\/editor\/wp-json\/wp\/v2\/comments?post=74745"}],"version-history":[{"count":1,"href":"https:\/\/luchonoticias.com\/editor\/wp-json\/wp\/v2\/posts\/74745\/revisions"}],"predecessor-version":[{"id":74747,"href":"https:\/\/luchonoticias.com\/editor\/wp-json\/wp\/v2\/posts\/74745\/revisions\/74747"}],"wp:featuredmedia":[{"embeddable":true,"href":"https:\/\/luchonoticias.com\/editor\/wp-json\/wp\/v2\/media\/74746"}],"wp:attachment":[{"href":"https:\/\/luchonoticias.com\/editor\/wp-json\/wp\/v2\/media?parent=74745"}],"wp:term":[{"taxonomy":"category","embeddable":true,"href":"https:\/\/luchonoticias.com\/editor\/wp-json\/wp\/v2\/categories?post=74745"},{"taxonomy":"post_tag","embeddable":true,"href":"https:\/\/luchonoticias.com\/editor\/wp-json\/wp\/v2\/tags?post=74745"}],"curies":[{"name":"wp","href":"https:\/\/api.w.org\/{rel}","templated":true}]}}