{"id":74748,"date":"2024-07-08T04:37:25","date_gmt":"2024-07-08T09:37:25","guid":{"rendered":"https:\/\/luchonoticias.com\/?p=74748"},"modified":"2024-07-08T04:37:25","modified_gmt":"2024-07-08T09:37:25","slug":"balance-judicial-del-fin-de-semana-en-neiva","status":"publish","type":"post","link":"https:\/\/luchonoticias.com\/editor\/balance-judicial-del-fin-de-semana-en-neiva\/","title":{"rendered":"Balance judicial del fin de semana en Neiva"},"content":{"rendered":"<p>Este fin de semana, las acciones enmarcadas en el \u201cTrinomio de la seguridad\u201d, en los municipios de Neiva, Aipe, Palermo y Rivera, permitieron la captura de: 16 personas y la aprehensi\u00f3n de 01 menor, por delitos como: concierto para delinquir, hurto, estafa, tr\u00e1fico y fabricaci\u00f3n de estupefacientes, da\u00f1o en bien ajeno y falsedad en documento publico.<\/p>\n<p>Adicionalmente, se logra la recuperaci\u00f3n de 06 motocicletas, las cuales 03 de ellas hab\u00edan sido hurtadas mediante la modalidad de halado y recuperadas en tiempo r\u00e9cord, de igual forma la recuperaci\u00f3n de 03 motocicletas con orden judicial por los delitos de receptaci\u00f3n y falsedad marcar\u00eda, la incautaci\u00f3n de 385 gramos de marihuana, 125 dosis de bazuco listas para su comercializaci\u00f3n y la recuperaci\u00f3n de 02 equipos m\u00f3viles celulares.<\/p>\n<p>Como hecho relevante, se destaca la desarticulaci\u00f3n de 03 grupos delincuenciales dedicados al hurto en todas sus modalidades, estafa y receptaci\u00f3n, enviando a 11 de los capturados con medida privativa de la libertad en establecimiento carcelario.<\/p>\n<p>A la l\u00ednea de emergencia 123 ingresaron un total de 2.212 llamadas, destacando entre estas: 102 por alteraci\u00f3n a la tranquilidad p\u00fablica, 44 por violencia intrafamiliar y 15 por personas sospechosas.<\/p>\n<p>En la aplicaci\u00f3n del C\u00f3digo Nacional de Seguridad y Convivencia Ciudadana se registraron 12 \u00f3rdenes de comparendos por comportamientos contrarios a la convivencia, principalmente relacionados con el porte de armas corto punzantes y ri\u00f1a.<\/p>\n<p>El se\u00f1or Coronel Alexander Castillo Mar\u00edn, Comandante de la Polic\u00eda Metropolitana de Neiva, indica que, de manera ininterrumpida, se continuar\u00e1n realizando planes de control e intervenci\u00f3n en las diferentes comunas de la ciudad, con el fin de contrarrestar el delito y comportamientos contrarios a la convivencia que afectan la seguridad y la tranquilidad ciudadana.<\/p>\n<p>Asimismo, hace extensiva la invitaci\u00f3n a la comunidad, a ser tolerantes y evitar situaciones que puedan desenlazar tragedias, agradece seguir denunciando cualquier situaci\u00f3n sospechosa en su sector, a trav\u00e9s de la l\u00ednea 123 o con la patrulla del cuadrante m\u00e1s cercano.<\/p>\n","protected":false},"excerpt":{"rendered":"<p>En toda el \u00e1rea metropolitana se desplegaron diferentes planes para contrarrestar el delito, arrojando importantes resultados<\/p>\n","protected":false},"author":2,"featured_media":74749,"comment_status":"closed","ping_status":"open","sticky":false,"template":"","format":"standard","meta":{"footnotes":""},"categories":[29],"tags":[],"class_list":["post-74748","post","type-post","status-publish","format-standard","has-post-thumbnail","hentry","category-judicial"],"yoast_head":"<!-- This site is optimized with the Yoast SEO plugin v26.6 - https:\/\/yoast.com\/wordpress\/plugins\/seo\/ -->\n<title>Balance judicial del fin de semana en Neiva -<\/title>\n<meta name=\"description\" content=\"En toda el \u00e1rea metropolitana se desplegaron diferentes planes para contrarrestar el delito, arrojando importantes resultados\" \/>\n<meta name=\"robots\" content=\"index, follow, max-snippet:-1, max-image-preview:large, max-video-preview:-1\" \/>\n<link rel=\"canonical\" href=\"https:\/\/luchonoticias.com\/editor\/balance-judicial-del-fin-de-semana-en-neiva\/\" \/>\n<meta property=\"og:locale\" content=\"es_ES\" \/>\n<meta property=\"og:type\" content=\"article\" \/>\n<meta property=\"og:title\" content=\"Balance judicial del fin de semana en Neiva -\" \/>\n<meta property=\"og:description\" content=\"En toda el \u00e1rea metropolitana se desplegaron diferentes planes para contrarrestar el delito, arrojando importantes resultados\" \/>\n<meta property=\"og:url\" content=\"https:\/\/luchonoticias.com\/editor\/balance-judicial-del-fin-de-semana-en-neiva\/\" \/>\n<meta property=\"article:publisher\" content=\"https:\/\/www.facebook.com\/luchonoticiasneiva\" \/>\n<meta property=\"article:published_time\" content=\"2024-07-08T09:37:25+00:00\" \/>\n<meta property=\"og:image\" content=\"https:\/\/luchonoticias.com\/editor\/wp-content\/uploads\/2024\/07\/judicial.jpg\" \/>\n\t<meta property=\"og:image:width\" content=\"700\" \/>\n\t<meta property=\"og:image:height\" content=\"400\" \/>\n\t<meta property=\"og:image:type\" content=\"image\/jpeg\" \/>\n<meta name=\"author\" content=\"Editor General\" \/>\n<meta name=\"twitter:card\" content=\"summary_large_image\" \/>\n<meta name=\"twitter:label1\" content=\"Escrito por\" \/>\n\t<meta name=\"twitter:data1\" content=\"Editor General\" \/>\n\t<meta name=\"twitter:label2\" content=\"Tiempo de lectura\" \/>\n\t<meta name=\"twitter:data2\" content=\"2 minutos\" \/>\n<script type=\"application\/ld+json\" class=\"yoast-schema-graph\">{\"@context\":\"https:\/\/schema.org\",\"@graph\":[{\"@type\":\"Article\",\"@id\":\"https:\/\/luchonoticias.com\/editor\/balance-judicial-del-fin-de-semana-en-neiva\/#article\",\"isPartOf\":{\"@id\":\"https:\/\/luchonoticias.com\/editor\/balance-judicial-del-fin-de-semana-en-neiva\/\"},\"author\":{\"name\":\"Editor General\",\"@id\":\"https:\/\/luchonoticias.com\/editor\/#\/schema\/person\/29217990ddf6f14e35912b2866d591fb\"},\"headline\":\"Balance judicial del fin de semana en Neiva\",\"datePublished\":\"2024-07-08T09:37:25+00:00\",\"mainEntityOfPage\":{\"@id\":\"https:\/\/luchonoticias.com\/editor\/balance-judicial-del-fin-de-semana-en-neiva\/\"},\"wordCount\":343,\"publisher\":{\"@id\":\"https:\/\/luchonoticias.com\/editor\/#\/schema\/person\/7a7fd911f58561fd056dbac7b55af9cd\"},\"image\":{\"@id\":\"https:\/\/luchonoticias.com\/editor\/balance-judicial-del-fin-de-semana-en-neiva\/#primaryimage\"},\"thumbnailUrl\":\"https:\/\/luchonoticias.com\/editor\/wp-content\/uploads\/2024\/07\/judicial.jpg\",\"articleSection\":[\"Judicial\"],\"inLanguage\":\"es\"},{\"@type\":\"WebPage\",\"@id\":\"https:\/\/luchonoticias.com\/editor\/balance-judicial-del-fin-de-semana-en-neiva\/\",\"url\":\"https:\/\/luchonoticias.com\/editor\/balance-judicial-del-fin-de-semana-en-neiva\/\",\"name\":\"Balance judicial del fin de semana en Neiva -\",\"isPartOf\":{\"@id\":\"https:\/\/luchonoticias.com\/editor\/#website\"},\"primaryImageOfPage\":{\"@id\":\"https:\/\/luchonoticias.com\/editor\/balance-judicial-del-fin-de-semana-en-neiva\/#primaryimage\"},\"image\":{\"@id\":\"https:\/\/luchonoticias.com\/editor\/balance-judicial-del-fin-de-semana-en-neiva\/#primaryimage\"},\"thumbnailUrl\":\"https:\/\/luchonoticias.com\/editor\/wp-content\/uploads\/2024\/07\/judicial.jpg\",\"datePublished\":\"2024-07-08T09:37:25+00:00\",\"description\":\"En toda el \u00e1rea metropolitana se desplegaron diferentes planes para contrarrestar el delito, arrojando importantes resultados\",\"breadcrumb\":{\"@id\":\"https:\/\/luchonoticias.com\/editor\/balance-judicial-del-fin-de-semana-en-neiva\/#breadcrumb\"},\"inLanguage\":\"es\",\"potentialAction\":[{\"@type\":\"ReadAction\",\"target\":[\"https:\/\/luchonoticias.com\/editor\/balance-judicial-del-fin-de-semana-en-neiva\/\"]}]},{\"@type\":\"ImageObject\",\"inLanguage\":\"es\",\"@id\":\"https:\/\/luchonoticias.com\/editor\/balance-judicial-del-fin-de-semana-en-neiva\/#primaryimage\",\"url\":\"https:\/\/luchonoticias.com\/editor\/wp-content\/uploads\/2024\/07\/judicial.jpg\",\"contentUrl\":\"https:\/\/luchonoticias.com\/editor\/wp-content\/uploads\/2024\/07\/judicial.jpg\",\"width\":700,\"height\":400},{\"@type\":\"BreadcrumbList\",\"@id\":\"https:\/\/luchonoticias.com\/editor\/balance-judicial-del-fin-de-semana-en-neiva\/#breadcrumb\",\"itemListElement\":[{\"@type\":\"ListItem\",\"position\":1,\"name\":\"Portada\",\"item\":\"https:\/\/luchonoticias.com\/editor\/\"},{\"@type\":\"ListItem\",\"position\":2,\"name\":\"Balance judicial del fin de semana en Neiva\"}]},{\"@type\":\"WebSite\",\"@id\":\"https:\/\/luchonoticias.com\/editor\/#website\",\"url\":\"https:\/\/luchonoticias.com\/editor\/\",\"name\":\"\",\"description\":\"\",\"publisher\":{\"@id\":\"https:\/\/luchonoticias.com\/editor\/#\/schema\/person\/7a7fd911f58561fd056dbac7b55af9cd\"},\"potentialAction\":[{\"@type\":\"SearchAction\",\"target\":{\"@type\":\"EntryPoint\",\"urlTemplate\":\"https:\/\/luchonoticias.com\/editor\/?s={search_term_string}\"},\"query-input\":{\"@type\":\"PropertyValueSpecification\",\"valueRequired\":true,\"valueName\":\"search_term_string\"}}],\"inLanguage\":\"es\"},{\"@type\":[\"Person\",\"Organization\"],\"@id\":\"https:\/\/luchonoticias.com\/editor\/#\/schema\/person\/7a7fd911f58561fd056dbac7b55af9cd\",\"name\":\"admin\",\"image\":{\"@type\":\"ImageObject\",\"inLanguage\":\"es\",\"@id\":\"https:\/\/luchonoticias.com\/editor\/#\/schema\/person\/image\/\",\"url\":\"https:\/\/luchonoticias.com\/editor\/wp-content\/uploads\/2024\/02\/cropped-cropped-logolu.webp\",\"contentUrl\":\"https:\/\/luchonoticias.com\/editor\/wp-content\/uploads\/2024\/02\/cropped-cropped-logolu.webp\",\"width\":382,\"height\":170,\"caption\":\"admin\"},\"logo\":{\"@id\":\"https:\/\/luchonoticias.com\/editor\/#\/schema\/person\/image\/\"},\"sameAs\":[\"https:\/\/www.facebook.com\/luchonoticiasneiva\"]},{\"@type\":\"Person\",\"@id\":\"https:\/\/luchonoticias.com\/editor\/#\/schema\/person\/29217990ddf6f14e35912b2866d591fb\",\"name\":\"Editor General\",\"image\":{\"@type\":\"ImageObject\",\"inLanguage\":\"es\",\"@id\":\"https:\/\/luchonoticias.com\/editor\/#\/schema\/person\/image\/\",\"url\":\"https:\/\/luchonoticias.com\/editor\/wp-content\/uploads\/2024\/02\/cropped-cropped-logolu-150x150.webp\",\"contentUrl\":\"https:\/\/luchonoticias.com\/editor\/wp-content\/uploads\/2024\/02\/cropped-cropped-logolu-150x150.webp\",\"caption\":\"Editor General\"},\"sameAs\":[\"https:\/\/luchonoticias.com\/\"],\"url\":\"https:\/\/luchonoticias.com\/editor\/author\/editor-general\/\"}]}<\/script>\n<!-- \/ Yoast SEO plugin. -->","yoast_head_json":{"title":"Balance judicial del fin de semana en Neiva -","description":"En toda el \u00e1rea metropolitana se desplegaron diferentes planes para contrarrestar el delito, arrojando importantes resultados","robots":{"index":"index","follow":"follow","max-snippet":"max-snippet:-1","max-image-preview":"max-image-preview:large","max-video-preview":"max-video-preview:-1"},"canonical":"https:\/\/luchonoticias.com\/editor\/balance-judicial-del-fin-de-semana-en-neiva\/","og_locale":"es_ES","og_type":"article","og_title":"Balance judicial del fin de semana en Neiva -","og_description":"En toda el \u00e1rea metropolitana se desplegaron diferentes planes para contrarrestar el delito, arrojando importantes resultados","og_url":"https:\/\/luchonoticias.com\/editor\/balance-judicial-del-fin-de-semana-en-neiva\/","article_publisher":"https:\/\/www.facebook.com\/luchonoticiasneiva","article_published_time":"2024-07-08T09:37:25+00:00","og_image":[{"width":700,"height":400,"url":"https:\/\/luchonoticias.com\/editor\/wp-content\/uploads\/2024\/07\/judicial.jpg","type":"image\/jpeg"}],"author":"Editor General","twitter_card":"summary_large_image","twitter_misc":{"Escrito por":"Editor General","Tiempo de lectura":"2 minutos"},"schema":{"@context":"https:\/\/schema.org","@graph":[{"@type":"Article","@id":"https:\/\/luchonoticias.com\/editor\/balance-judicial-del-fin-de-semana-en-neiva\/#article","isPartOf":{"@id":"https:\/\/luchonoticias.com\/editor\/balance-judicial-del-fin-de-semana-en-neiva\/"},"author":{"name":"Editor General","@id":"https:\/\/luchonoticias.com\/editor\/#\/schema\/person\/29217990ddf6f14e35912b2866d591fb"},"headline":"Balance judicial del fin de semana en Neiva","datePublished":"2024-07-08T09:37:25+00:00","mainEntityOfPage":{"@id":"https:\/\/luchonoticias.com\/editor\/balance-judicial-del-fin-de-semana-en-neiva\/"},"wordCount":343,"publisher":{"@id":"https:\/\/luchonoticias.com\/editor\/#\/schema\/person\/7a7fd911f58561fd056dbac7b55af9cd"},"image":{"@id":"https:\/\/luchonoticias.com\/editor\/balance-judicial-del-fin-de-semana-en-neiva\/#primaryimage"},"thumbnailUrl":"https:\/\/luchonoticias.com\/editor\/wp-content\/uploads\/2024\/07\/judicial.jpg","articleSection":["Judicial"],"inLanguage":"es"},{"@type":"WebPage","@id":"https:\/\/luchonoticias.com\/editor\/balance-judicial-del-fin-de-semana-en-neiva\/","url":"https:\/\/luchonoticias.com\/editor\/balance-judicial-del-fin-de-semana-en-neiva\/","name":"Balance judicial del fin de semana en Neiva -","isPartOf":{"@id":"https:\/\/luchonoticias.com\/editor\/#website"},"primaryImageOfPage":{"@id":"https:\/\/luchonoticias.com\/editor\/balance-judicial-del-fin-de-semana-en-neiva\/#primaryimage"},"image":{"@id":"https:\/\/luchonoticias.com\/editor\/balance-judicial-del-fin-de-semana-en-neiva\/#primaryimage"},"thumbnailUrl":"https:\/\/luchonoticias.com\/editor\/wp-content\/uploads\/2024\/07\/judicial.jpg","datePublished":"2024-07-08T09:37:25+00:00","description":"En toda el \u00e1rea metropolitana se desplegaron diferentes planes para contrarrestar el delito, arrojando importantes resultados","breadcrumb":{"@id":"https:\/\/luchonoticias.com\/editor\/balance-judicial-del-fin-de-semana-en-neiva\/#breadcrumb"},"inLanguage":"es","potentialAction":[{"@type":"ReadAction","target":["https:\/\/luchonoticias.com\/editor\/balance-judicial-del-fin-de-semana-en-neiva\/"]}]},{"@type":"ImageObject","inLanguage":"es","@id":"https:\/\/luchonoticias.com\/editor\/balance-judicial-del-fin-de-semana-en-neiva\/#primaryimage","url":"https:\/\/luchonoticias.com\/editor\/wp-content\/uploads\/2024\/07\/judicial.jpg","contentUrl":"https:\/\/luchonoticias.com\/editor\/wp-content\/uploads\/2024\/07\/judicial.jpg","width":700,"height":400},{"@type":"BreadcrumbList","@id":"https:\/\/luchonoticias.com\/editor\/balance-judicial-del-fin-de-semana-en-neiva\/#breadcrumb","itemListElement":[{"@type":"ListItem","position":1,"name":"Portada","item":"https:\/\/luchonoticias.com\/editor\/"},{"@type":"ListItem","position":2,"name":"Balance judicial del fin de semana en Neiva"}]},{"@type":"WebSite","@id":"https:\/\/luchonoticias.com\/editor\/#website","url":"https:\/\/luchonoticias.com\/editor\/","name":"","description":"","publisher":{"@id":"https:\/\/luchonoticias.com\/editor\/#\/schema\/person\/7a7fd911f58561fd056dbac7b55af9cd"},"potentialAction":[{"@type":"SearchAction","target":{"@type":"EntryPoint","urlTemplate":"https:\/\/luchonoticias.com\/editor\/?s={search_term_string}"},"query-input":{"@type":"PropertyValueSpecification","valueRequired":true,"valueName":"search_term_string"}}],"inLanguage":"es"},{"@type":["Person","Organization"],"@id":"https:\/\/luchonoticias.com\/editor\/#\/schema\/person\/7a7fd911f58561fd056dbac7b55af9cd","name":"admin","image":{"@type":"ImageObject","inLanguage":"es","@id":"https:\/\/luchonoticias.com\/editor\/#\/schema\/person\/image\/","url":"https:\/\/luchonoticias.com\/editor\/wp-content\/uploads\/2024\/02\/cropped-cropped-logolu.webp","contentUrl":"https:\/\/luchonoticias.com\/editor\/wp-content\/uploads\/2024\/02\/cropped-cropped-logolu.webp","width":382,"height":170,"caption":"admin"},"logo":{"@id":"https:\/\/luchonoticias.com\/editor\/#\/schema\/person\/image\/"},"sameAs":["https:\/\/www.facebook.com\/luchonoticiasneiva"]},{"@type":"Person","@id":"https:\/\/luchonoticias.com\/editor\/#\/schema\/person\/29217990ddf6f14e35912b2866d591fb","name":"Editor General","image":{"@type":"ImageObject","inLanguage":"es","@id":"https:\/\/luchonoticias.com\/editor\/#\/schema\/person\/image\/","url":"https:\/\/luchonoticias.com\/editor\/wp-content\/uploads\/2024\/02\/cropped-cropped-logolu-150x150.webp","contentUrl":"https:\/\/luchonoticias.com\/editor\/wp-content\/uploads\/2024\/02\/cropped-cropped-logolu-150x150.webp","caption":"Editor General"},"sameAs":["https:\/\/luchonoticias.com\/"],"url":"https:\/\/luchonoticias.com\/editor\/author\/editor-general\/"}]}},"_links":{"self":[{"href":"https:\/\/luchonoticias.com\/editor\/wp-json\/wp\/v2\/posts\/74748","targetHints":{"allow":["GET"]}}],"collection":[{"href":"https:\/\/luchonoticias.com\/editor\/wp-json\/wp\/v2\/posts"}],"about":[{"href":"https:\/\/luchonoticias.com\/editor\/wp-json\/wp\/v2\/types\/post"}],"author":[{"embeddable":true,"href":"https:\/\/luchonoticias.com\/editor\/wp-json\/wp\/v2\/users\/2"}],"replies":[{"embeddable":true,"href":"https:\/\/luchonoticias.com\/editor\/wp-json\/wp\/v2\/comments?post=74748"}],"version-history":[{"count":1,"href":"https:\/\/luchonoticias.com\/editor\/wp-json\/wp\/v2\/posts\/74748\/revisions"}],"predecessor-version":[{"id":74750,"href":"https:\/\/luchonoticias.com\/editor\/wp-json\/wp\/v2\/posts\/74748\/revisions\/74750"}],"wp:featuredmedia":[{"embeddable":true,"href":"https:\/\/luchonoticias.com\/editor\/wp-json\/wp\/v2\/media\/74749"}],"wp:attachment":[{"href":"https:\/\/luchonoticias.com\/editor\/wp-json\/wp\/v2\/media?parent=74748"}],"wp:term":[{"taxonomy":"category","embeddable":true,"href":"https:\/\/luchonoticias.com\/editor\/wp-json\/wp\/v2\/categories?post=74748"},{"taxonomy":"post_tag","embeddable":true,"href":"https:\/\/luchonoticias.com\/editor\/wp-json\/wp\/v2\/tags?post=74748"}],"curies":[{"name":"wp","href":"https:\/\/api.w.org\/{rel}","templated":true}]}}