{"id":74764,"date":"2024-07-08T18:40:33","date_gmt":"2024-07-08T23:40:33","guid":{"rendered":"https:\/\/luchonoticias.com\/?p=74764"},"modified":"2024-07-08T18:40:33","modified_gmt":"2024-07-08T23:40:33","slug":"importante-cirugia-para-menor-caqueteno-en-neiva","status":"publish","type":"post","link":"https:\/\/luchonoticias.com\/editor\/importante-cirugia-para-menor-caqueteno-en-neiva\/","title":{"rendered":"Importante cirug\u00eda para menor caquete\u00f1o en Neiva"},"content":{"rendered":"<p>En la sede Centro de Cl\u00ednica Medilaser S.A.S. en Neiva, se atendi\u00f3 el segundo caso de atresia biliar de los \u00faltimos siete a\u00f1os. Este defecto cong\u00e9nito provoca el estrechamiento y obstrucci\u00f3n progresiva de las v\u00edas biliares despu\u00e9s del nacimiento, impidiendo que la bilis llegue al intestino. Esta condici\u00f3n puede causar acumulaci\u00f3n de bilis en el h\u00edgado y llevar a una lesi\u00f3n o cirrosis hep\u00e1tica irreversible.<\/p>\n<p>Liam Antonio Nequirucama Parra, un reci\u00e9n nacido en la zona rural del Caquet\u00e1, comenz\u00f3 a sufrir los s\u00edntomas de esta rara enfermedad: orina oscura, deposiciones claras y piel amarillenta. La esperanza para Liam y su familia lleg\u00f3 en forma de un procedimiento conocido como Portoenterostom\u00eda de Kasai, liderado por el Dr. Miguel Perilla, cirujano pedi\u00e1trico, y su equipo en Cl\u00ednica Medilaser S.A.S.<\/p>\n<p>\u00abKasai es el \u00fanico procedimiento descrito para ofrecer una oportunidad de mejor\u00eda. Implica la remoci\u00f3n de las v\u00edas biliares obstruidas y la reconstrucci\u00f3n de un conducto alternativo para permitir el drenaje adecuado de la bilis hacia el intestino. En el caso de Liam, tuvimos un procedimiento sin complicaciones y su evoluci\u00f3n a las ocho semanas de vida fue sin contratiempos\u00bb, explic\u00f3 el Dr. Perilla.<\/p>\n<p>El testimonio de Dania Lizeth Parra Morales, madre de Liam, refleja el profundo agradecimiento hacia la instituci\u00f3n y su equipo m\u00e9dico. \u201cLa atenci\u00f3n dedicada en la Unidad de Cuidados Intensivos (UCI), el seguimiento cercano de los profesionales y el cambio notable en la salud de Liam son mi mayor felicidad, s\u00f3lo puedo decir gracias y que Dios bendiga esta labor\u201d.<\/p>\n<p><strong>Un Gran Equipo<\/strong><\/p>\n<p>Desde el primer diagn\u00f3stico hasta la cirug\u00eda y el cuidado postoperatorio, cada paso fue guiado por el compromiso de brindar la mejor atenci\u00f3n posible. \u00abTenemos un grupo multidisciplinario completo, desde el abordaje inicial con pediatr\u00eda, quien recibe al paciente y sospecha la enfermedad; pasando por el primer cirujano, el Dr. Forero, quien realiza los ex\u00e1menes previos y acompa\u00f1amiento permanente; hasta los pediatras, intensivistas, el equipo de enfermer\u00eda y el grupo de gastropediatr\u00eda que nos apoya con el manejo de nuestros pacientes\u00bb, afirm\u00f3 el Dr. Perilla.<\/p>\n<p>El caso de Liam no es solo una historia de \u00e9xito individual, sino tambi\u00e9n un recordatorio del compromiso continuo de Cl\u00ednica Medilaser S.A.S con la salud y el bienestar de la comunidad.<\/p>\n","protected":false},"excerpt":{"rendered":"<p>En Neiva, Cl\u00ednica Medilaser S.A.S protagoniz\u00f3 una cirug\u00eda desafiante que termin\u00f3 transformando para bien y para siempre la vida de Liam, un reci\u00e9n nacido del Caquet\u00e1.<\/p>\n","protected":false},"author":2,"featured_media":74765,"comment_status":"closed","ping_status":"open","sticky":false,"template":"","format":"standard","meta":{"footnotes":""},"categories":[33],"tags":[],"class_list":["post-74764","post","type-post","status-publish","format-standard","has-post-thumbnail","hentry","category-huila"],"yoast_head":"<!-- This site is optimized with the Yoast SEO plugin v26.6 - https:\/\/yoast.com\/wordpress\/plugins\/seo\/ -->\n<title>Importante cirug\u00eda para menor caquete\u00f1o en Neiva -<\/title>\n<meta name=\"description\" content=\"En Neiva, Cl\u00ednica Medilaser S.A.S protagoniz\u00f3 una cirug\u00eda desafiante que termin\u00f3 transformando para bien y para siempre la vida de Liam, un reci\u00e9n nacido del Caquet\u00e1.\" \/>\n<meta name=\"robots\" content=\"index, follow, max-snippet:-1, max-image-preview:large, max-video-preview:-1\" \/>\n<link rel=\"canonical\" href=\"https:\/\/luchonoticias.com\/editor\/importante-cirugia-para-menor-caqueteno-en-neiva\/\" \/>\n<meta property=\"og:locale\" content=\"es_ES\" \/>\n<meta property=\"og:type\" content=\"article\" \/>\n<meta property=\"og:title\" content=\"Importante cirug\u00eda para menor caquete\u00f1o en Neiva -\" \/>\n<meta property=\"og:description\" content=\"En Neiva, Cl\u00ednica Medilaser S.A.S protagoniz\u00f3 una cirug\u00eda desafiante que termin\u00f3 transformando para bien y para siempre la vida de Liam, un reci\u00e9n nacido del Caquet\u00e1.\" \/>\n<meta property=\"og:url\" content=\"https:\/\/luchonoticias.com\/editor\/importante-cirugia-para-menor-caqueteno-en-neiva\/\" \/>\n<meta property=\"article:publisher\" content=\"https:\/\/www.facebook.com\/luchonoticiasneiva\" \/>\n<meta property=\"article:published_time\" content=\"2024-07-08T23:40:33+00:00\" \/>\n<meta property=\"og:image\" content=\"https:\/\/luchonoticias.com\/editor\/wp-content\/uploads\/2024\/07\/menor-operado.jpg\" \/>\n\t<meta property=\"og:image:width\" content=\"700\" \/>\n\t<meta property=\"og:image:height\" content=\"400\" \/>\n\t<meta property=\"og:image:type\" content=\"image\/jpeg\" \/>\n<meta name=\"author\" content=\"Editor General\" \/>\n<meta name=\"twitter:card\" content=\"summary_large_image\" \/>\n<meta name=\"twitter:label1\" content=\"Escrito por\" \/>\n\t<meta name=\"twitter:data1\" content=\"Editor General\" \/>\n\t<meta name=\"twitter:label2\" content=\"Tiempo de lectura\" \/>\n\t<meta name=\"twitter:data2\" content=\"2 minutos\" \/>\n<script type=\"application\/ld+json\" class=\"yoast-schema-graph\">{\"@context\":\"https:\/\/schema.org\",\"@graph\":[{\"@type\":\"Article\",\"@id\":\"https:\/\/luchonoticias.com\/editor\/importante-cirugia-para-menor-caqueteno-en-neiva\/#article\",\"isPartOf\":{\"@id\":\"https:\/\/luchonoticias.com\/editor\/importante-cirugia-para-menor-caqueteno-en-neiva\/\"},\"author\":{\"name\":\"Editor General\",\"@id\":\"https:\/\/luchonoticias.com\/editor\/#\/schema\/person\/29217990ddf6f14e35912b2866d591fb\"},\"headline\":\"Importante cirug\u00eda para menor caquete\u00f1o en Neiva\",\"datePublished\":\"2024-07-08T23:40:33+00:00\",\"mainEntityOfPage\":{\"@id\":\"https:\/\/luchonoticias.com\/editor\/importante-cirugia-para-menor-caqueteno-en-neiva\/\"},\"wordCount\":421,\"publisher\":{\"@id\":\"https:\/\/luchonoticias.com\/editor\/#\/schema\/person\/7a7fd911f58561fd056dbac7b55af9cd\"},\"image\":{\"@id\":\"https:\/\/luchonoticias.com\/editor\/importante-cirugia-para-menor-caqueteno-en-neiva\/#primaryimage\"},\"thumbnailUrl\":\"https:\/\/luchonoticias.com\/editor\/wp-content\/uploads\/2024\/07\/menor-operado.jpg\",\"articleSection\":[\"Huila\"],\"inLanguage\":\"es\"},{\"@type\":\"WebPage\",\"@id\":\"https:\/\/luchonoticias.com\/editor\/importante-cirugia-para-menor-caqueteno-en-neiva\/\",\"url\":\"https:\/\/luchonoticias.com\/editor\/importante-cirugia-para-menor-caqueteno-en-neiva\/\",\"name\":\"Importante cirug\u00eda para menor caquete\u00f1o en Neiva -\",\"isPartOf\":{\"@id\":\"https:\/\/luchonoticias.com\/editor\/#website\"},\"primaryImageOfPage\":{\"@id\":\"https:\/\/luchonoticias.com\/editor\/importante-cirugia-para-menor-caqueteno-en-neiva\/#primaryimage\"},\"image\":{\"@id\":\"https:\/\/luchonoticias.com\/editor\/importante-cirugia-para-menor-caqueteno-en-neiva\/#primaryimage\"},\"thumbnailUrl\":\"https:\/\/luchonoticias.com\/editor\/wp-content\/uploads\/2024\/07\/menor-operado.jpg\",\"datePublished\":\"2024-07-08T23:40:33+00:00\",\"description\":\"En Neiva, Cl\u00ednica Medilaser S.A.S protagoniz\u00f3 una cirug\u00eda desafiante que termin\u00f3 transformando para bien y para siempre la vida de Liam, un reci\u00e9n nacido del Caquet\u00e1.\",\"breadcrumb\":{\"@id\":\"https:\/\/luchonoticias.com\/editor\/importante-cirugia-para-menor-caqueteno-en-neiva\/#breadcrumb\"},\"inLanguage\":\"es\",\"potentialAction\":[{\"@type\":\"ReadAction\",\"target\":[\"https:\/\/luchonoticias.com\/editor\/importante-cirugia-para-menor-caqueteno-en-neiva\/\"]}]},{\"@type\":\"ImageObject\",\"inLanguage\":\"es\",\"@id\":\"https:\/\/luchonoticias.com\/editor\/importante-cirugia-para-menor-caqueteno-en-neiva\/#primaryimage\",\"url\":\"https:\/\/luchonoticias.com\/editor\/wp-content\/uploads\/2024\/07\/menor-operado.jpg\",\"contentUrl\":\"https:\/\/luchonoticias.com\/editor\/wp-content\/uploads\/2024\/07\/menor-operado.jpg\",\"width\":700,\"height\":400},{\"@type\":\"BreadcrumbList\",\"@id\":\"https:\/\/luchonoticias.com\/editor\/importante-cirugia-para-menor-caqueteno-en-neiva\/#breadcrumb\",\"itemListElement\":[{\"@type\":\"ListItem\",\"position\":1,\"name\":\"Portada\",\"item\":\"https:\/\/luchonoticias.com\/editor\/\"},{\"@type\":\"ListItem\",\"position\":2,\"name\":\"Importante cirug\u00eda para menor caquete\u00f1o en Neiva\"}]},{\"@type\":\"WebSite\",\"@id\":\"https:\/\/luchonoticias.com\/editor\/#website\",\"url\":\"https:\/\/luchonoticias.com\/editor\/\",\"name\":\"\",\"description\":\"\",\"publisher\":{\"@id\":\"https:\/\/luchonoticias.com\/editor\/#\/schema\/person\/7a7fd911f58561fd056dbac7b55af9cd\"},\"potentialAction\":[{\"@type\":\"SearchAction\",\"target\":{\"@type\":\"EntryPoint\",\"urlTemplate\":\"https:\/\/luchonoticias.com\/editor\/?s={search_term_string}\"},\"query-input\":{\"@type\":\"PropertyValueSpecification\",\"valueRequired\":true,\"valueName\":\"search_term_string\"}}],\"inLanguage\":\"es\"},{\"@type\":[\"Person\",\"Organization\"],\"@id\":\"https:\/\/luchonoticias.com\/editor\/#\/schema\/person\/7a7fd911f58561fd056dbac7b55af9cd\",\"name\":\"admin\",\"image\":{\"@type\":\"ImageObject\",\"inLanguage\":\"es\",\"@id\":\"https:\/\/luchonoticias.com\/editor\/#\/schema\/person\/image\/\",\"url\":\"https:\/\/luchonoticias.com\/editor\/wp-content\/uploads\/2024\/02\/cropped-cropped-logolu.webp\",\"contentUrl\":\"https:\/\/luchonoticias.com\/editor\/wp-content\/uploads\/2024\/02\/cropped-cropped-logolu.webp\",\"width\":382,\"height\":170,\"caption\":\"admin\"},\"logo\":{\"@id\":\"https:\/\/luchonoticias.com\/editor\/#\/schema\/person\/image\/\"},\"sameAs\":[\"https:\/\/www.facebook.com\/luchonoticiasneiva\"]},{\"@type\":\"Person\",\"@id\":\"https:\/\/luchonoticias.com\/editor\/#\/schema\/person\/29217990ddf6f14e35912b2866d591fb\",\"name\":\"Editor General\",\"image\":{\"@type\":\"ImageObject\",\"inLanguage\":\"es\",\"@id\":\"https:\/\/luchonoticias.com\/editor\/#\/schema\/person\/image\/\",\"url\":\"https:\/\/luchonoticias.com\/editor\/wp-content\/uploads\/2024\/02\/cropped-cropped-logolu-150x150.webp\",\"contentUrl\":\"https:\/\/luchonoticias.com\/editor\/wp-content\/uploads\/2024\/02\/cropped-cropped-logolu-150x150.webp\",\"caption\":\"Editor General\"},\"sameAs\":[\"https:\/\/luchonoticias.com\/\"],\"url\":\"https:\/\/luchonoticias.com\/editor\/author\/editor-general\/\"}]}<\/script>\n<!-- \/ Yoast SEO plugin. -->","yoast_head_json":{"title":"Importante cirug\u00eda para menor caquete\u00f1o en Neiva -","description":"En Neiva, Cl\u00ednica Medilaser S.A.S protagoniz\u00f3 una cirug\u00eda desafiante que termin\u00f3 transformando para bien y para siempre la vida de Liam, un reci\u00e9n nacido del Caquet\u00e1.","robots":{"index":"index","follow":"follow","max-snippet":"max-snippet:-1","max-image-preview":"max-image-preview:large","max-video-preview":"max-video-preview:-1"},"canonical":"https:\/\/luchonoticias.com\/editor\/importante-cirugia-para-menor-caqueteno-en-neiva\/","og_locale":"es_ES","og_type":"article","og_title":"Importante cirug\u00eda para menor caquete\u00f1o en Neiva -","og_description":"En Neiva, Cl\u00ednica Medilaser S.A.S protagoniz\u00f3 una cirug\u00eda desafiante que termin\u00f3 transformando para bien y para siempre la vida de Liam, un reci\u00e9n nacido del Caquet\u00e1.","og_url":"https:\/\/luchonoticias.com\/editor\/importante-cirugia-para-menor-caqueteno-en-neiva\/","article_publisher":"https:\/\/www.facebook.com\/luchonoticiasneiva","article_published_time":"2024-07-08T23:40:33+00:00","og_image":[{"width":700,"height":400,"url":"https:\/\/luchonoticias.com\/editor\/wp-content\/uploads\/2024\/07\/menor-operado.jpg","type":"image\/jpeg"}],"author":"Editor General","twitter_card":"summary_large_image","twitter_misc":{"Escrito por":"Editor General","Tiempo de lectura":"2 minutos"},"schema":{"@context":"https:\/\/schema.org","@graph":[{"@type":"Article","@id":"https:\/\/luchonoticias.com\/editor\/importante-cirugia-para-menor-caqueteno-en-neiva\/#article","isPartOf":{"@id":"https:\/\/luchonoticias.com\/editor\/importante-cirugia-para-menor-caqueteno-en-neiva\/"},"author":{"name":"Editor General","@id":"https:\/\/luchonoticias.com\/editor\/#\/schema\/person\/29217990ddf6f14e35912b2866d591fb"},"headline":"Importante cirug\u00eda para menor caquete\u00f1o en Neiva","datePublished":"2024-07-08T23:40:33+00:00","mainEntityOfPage":{"@id":"https:\/\/luchonoticias.com\/editor\/importante-cirugia-para-menor-caqueteno-en-neiva\/"},"wordCount":421,"publisher":{"@id":"https:\/\/luchonoticias.com\/editor\/#\/schema\/person\/7a7fd911f58561fd056dbac7b55af9cd"},"image":{"@id":"https:\/\/luchonoticias.com\/editor\/importante-cirugia-para-menor-caqueteno-en-neiva\/#primaryimage"},"thumbnailUrl":"https:\/\/luchonoticias.com\/editor\/wp-content\/uploads\/2024\/07\/menor-operado.jpg","articleSection":["Huila"],"inLanguage":"es"},{"@type":"WebPage","@id":"https:\/\/luchonoticias.com\/editor\/importante-cirugia-para-menor-caqueteno-en-neiva\/","url":"https:\/\/luchonoticias.com\/editor\/importante-cirugia-para-menor-caqueteno-en-neiva\/","name":"Importante cirug\u00eda para menor caquete\u00f1o en Neiva -","isPartOf":{"@id":"https:\/\/luchonoticias.com\/editor\/#website"},"primaryImageOfPage":{"@id":"https:\/\/luchonoticias.com\/editor\/importante-cirugia-para-menor-caqueteno-en-neiva\/#primaryimage"},"image":{"@id":"https:\/\/luchonoticias.com\/editor\/importante-cirugia-para-menor-caqueteno-en-neiva\/#primaryimage"},"thumbnailUrl":"https:\/\/luchonoticias.com\/editor\/wp-content\/uploads\/2024\/07\/menor-operado.jpg","datePublished":"2024-07-08T23:40:33+00:00","description":"En Neiva, Cl\u00ednica Medilaser S.A.S protagoniz\u00f3 una cirug\u00eda desafiante que termin\u00f3 transformando para bien y para siempre la vida de Liam, un reci\u00e9n nacido del Caquet\u00e1.","breadcrumb":{"@id":"https:\/\/luchonoticias.com\/editor\/importante-cirugia-para-menor-caqueteno-en-neiva\/#breadcrumb"},"inLanguage":"es","potentialAction":[{"@type":"ReadAction","target":["https:\/\/luchonoticias.com\/editor\/importante-cirugia-para-menor-caqueteno-en-neiva\/"]}]},{"@type":"ImageObject","inLanguage":"es","@id":"https:\/\/luchonoticias.com\/editor\/importante-cirugia-para-menor-caqueteno-en-neiva\/#primaryimage","url":"https:\/\/luchonoticias.com\/editor\/wp-content\/uploads\/2024\/07\/menor-operado.jpg","contentUrl":"https:\/\/luchonoticias.com\/editor\/wp-content\/uploads\/2024\/07\/menor-operado.jpg","width":700,"height":400},{"@type":"BreadcrumbList","@id":"https:\/\/luchonoticias.com\/editor\/importante-cirugia-para-menor-caqueteno-en-neiva\/#breadcrumb","itemListElement":[{"@type":"ListItem","position":1,"name":"Portada","item":"https:\/\/luchonoticias.com\/editor\/"},{"@type":"ListItem","position":2,"name":"Importante cirug\u00eda para menor caquete\u00f1o en Neiva"}]},{"@type":"WebSite","@id":"https:\/\/luchonoticias.com\/editor\/#website","url":"https:\/\/luchonoticias.com\/editor\/","name":"","description":"","publisher":{"@id":"https:\/\/luchonoticias.com\/editor\/#\/schema\/person\/7a7fd911f58561fd056dbac7b55af9cd"},"potentialAction":[{"@type":"SearchAction","target":{"@type":"EntryPoint","urlTemplate":"https:\/\/luchonoticias.com\/editor\/?s={search_term_string}"},"query-input":{"@type":"PropertyValueSpecification","valueRequired":true,"valueName":"search_term_string"}}],"inLanguage":"es"},{"@type":["Person","Organization"],"@id":"https:\/\/luchonoticias.com\/editor\/#\/schema\/person\/7a7fd911f58561fd056dbac7b55af9cd","name":"admin","image":{"@type":"ImageObject","inLanguage":"es","@id":"https:\/\/luchonoticias.com\/editor\/#\/schema\/person\/image\/","url":"https:\/\/luchonoticias.com\/editor\/wp-content\/uploads\/2024\/02\/cropped-cropped-logolu.webp","contentUrl":"https:\/\/luchonoticias.com\/editor\/wp-content\/uploads\/2024\/02\/cropped-cropped-logolu.webp","width":382,"height":170,"caption":"admin"},"logo":{"@id":"https:\/\/luchonoticias.com\/editor\/#\/schema\/person\/image\/"},"sameAs":["https:\/\/www.facebook.com\/luchonoticiasneiva"]},{"@type":"Person","@id":"https:\/\/luchonoticias.com\/editor\/#\/schema\/person\/29217990ddf6f14e35912b2866d591fb","name":"Editor General","image":{"@type":"ImageObject","inLanguage":"es","@id":"https:\/\/luchonoticias.com\/editor\/#\/schema\/person\/image\/","url":"https:\/\/luchonoticias.com\/editor\/wp-content\/uploads\/2024\/02\/cropped-cropped-logolu-150x150.webp","contentUrl":"https:\/\/luchonoticias.com\/editor\/wp-content\/uploads\/2024\/02\/cropped-cropped-logolu-150x150.webp","caption":"Editor General"},"sameAs":["https:\/\/luchonoticias.com\/"],"url":"https:\/\/luchonoticias.com\/editor\/author\/editor-general\/"}]}},"_links":{"self":[{"href":"https:\/\/luchonoticias.com\/editor\/wp-json\/wp\/v2\/posts\/74764","targetHints":{"allow":["GET"]}}],"collection":[{"href":"https:\/\/luchonoticias.com\/editor\/wp-json\/wp\/v2\/posts"}],"about":[{"href":"https:\/\/luchonoticias.com\/editor\/wp-json\/wp\/v2\/types\/post"}],"author":[{"embeddable":true,"href":"https:\/\/luchonoticias.com\/editor\/wp-json\/wp\/v2\/users\/2"}],"replies":[{"embeddable":true,"href":"https:\/\/luchonoticias.com\/editor\/wp-json\/wp\/v2\/comments?post=74764"}],"version-history":[{"count":1,"href":"https:\/\/luchonoticias.com\/editor\/wp-json\/wp\/v2\/posts\/74764\/revisions"}],"predecessor-version":[{"id":74766,"href":"https:\/\/luchonoticias.com\/editor\/wp-json\/wp\/v2\/posts\/74764\/revisions\/74766"}],"wp:featuredmedia":[{"embeddable":true,"href":"https:\/\/luchonoticias.com\/editor\/wp-json\/wp\/v2\/media\/74765"}],"wp:attachment":[{"href":"https:\/\/luchonoticias.com\/editor\/wp-json\/wp\/v2\/media?parent=74764"}],"wp:term":[{"taxonomy":"category","embeddable":true,"href":"https:\/\/luchonoticias.com\/editor\/wp-json\/wp\/v2\/categories?post=74764"},{"taxonomy":"post_tag","embeddable":true,"href":"https:\/\/luchonoticias.com\/editor\/wp-json\/wp\/v2\/tags?post=74764"}],"curies":[{"name":"wp","href":"https:\/\/api.w.org\/{rel}","templated":true}]}}