{"id":74770,"date":"2024-07-08T21:09:16","date_gmt":"2024-07-09T02:09:16","guid":{"rendered":"https:\/\/luchonoticias.com\/?p=74770"},"modified":"2024-07-08T21:09:16","modified_gmt":"2024-07-09T02:09:16","slug":"en-busca-de-la-proteccion-de-los-paramos-en-el-huila","status":"publish","type":"post","link":"https:\/\/luchonoticias.com\/editor\/en-busca-de-la-proteccion-de-los-paramos-en-el-huila\/","title":{"rendered":"En busca de la protecci\u00f3n de los p\u00e1ramos en el Huila"},"content":{"rendered":"<p>En los complejos de p\u00e1ramos con jurisdicci\u00f3n en el departamento como Nevado del Huila-Moras, Guanacas-Purac\u00e9-Coconucos y Sotar\u00e1, se implementa un plan piloto de reconversi\u00f3n productiva sostenible y de bajo impacto, acciones que permitir\u00e1n controlar la frontera agropecuaria a trav\u00e9s de pr\u00e1cticas m\u00e1s productivas y de acuerdos de conservaci\u00f3n.<\/p>\n<p>Desde el a\u00f1o 2022 y con proyecci\u00f3n a tres a\u00f1os, la CAM cofinancia en el Huila, el proyecto \u201cParamos macizo: Fortalecimiento de la gesti\u00f3n de los ecosistemas de p\u00e1ramo del Macizo Colombiano con miras a su preservaci\u00f3n, restauraci\u00f3n, conocimiento y uso sostenible\u201d, de acuerdo al Memorando de Entendimiento suscrito con la Agencia Francesa para el Desarrollo (AFD) a trav\u00e9s de la movilizaci\u00f3n de fondos del Fondo Franc\u00e9s para el Medioambiente Mundial (FFEM) y el Programa de las Naciones Unidas para el Desarrollo \u2013 PNUD, siendo operado por ONF Andina.<\/p>\n<p>\u201cEste es un proyecto que involucra los componentes de restauraci\u00f3n y el de reconversi\u00f3n productiva que se viene desarrollando en varios municipios del Huila, los cuales tienen influencia directa de las zonas de p\u00e1ramos, siendo tres de seis los complejos beneficiados en el departamento\u201d indic\u00f3 Diana Bermeo coordinadora de \u00c1reas Protegidas de la CAM.<\/p>\n<p>La profesional de la CAM explic\u00f3 que las veredas objeto de intervenci\u00f3n del proyecto de reconversi\u00f3n fueron definidas a partir de variados criterios siendo uno de los principales el de las zonas colindantes de las \u00e1reas protegidas regionales con \u00e1reas de los complejos de p\u00e1ramo, cuya zonificaci\u00f3n y r\u00e9gimen de uso, permita la intervenci\u00f3n.<\/p>\n<p>De este modo, los municipios priorizados para el componente fueron \u00cdquira, Teruel, Santa Mar\u00eda (Complejo Nevado del Huila-Moras), San Agust\u00edn (Complejo Sotar\u00e1), La Argentina, Saladoblanco e Isnos (Complejo Guanacas-Purac\u00e9-Coconucos). Para el caso especial de Saladoblanco, fueron excluidos considerando que la zona cartogr\u00e1ficamente priorizada para el proyecto no cuenta con \u00e1reas productivas que permita intervenci\u00f3n.<\/p>\n<p><strong>Sistemas productivos<\/strong><\/p>\n<p>Sistemas silvopastoriles y de fr\u00edjol asociado a ma\u00edz fueron las tipolog\u00edas productivas seleccionadas para la transformaci\u00f3n de las actividades hoy implementadas por las comunidades y que generan presi\u00f3n al ecosistema del p\u00e1ramo, teniendo en cuenta que estas son las actividades econ\u00f3micas que se realizan en las \u00e1reas de intervenci\u00f3n, son de inter\u00e9s de los productores y, se constituyen en las actividades agropecuarias que representan mayor riesgo para los complejos de p\u00e1ramos, convirti\u00e9ndose en aquellas en las que hay que direccionar acciones para lograr la sostenibilidad en su producci\u00f3n. Es de resaltar que la selecci\u00f3n de los sistemas de producci\u00f3n y los dise\u00f1os fueron concertados y ajustados con las comunidades en talleres participativos realizados en cada uno de los municipios.<\/p>\n<p>A su vez, los predios y los productores priorizados para la implementaci\u00f3n de los componentes fueron seleccionados a partir de criterios obligatorios y opcionales en t\u00e9rminos ambientales, sociales y econ\u00f3micos. De esta forma, de manera conjunta entre ONF Andina y la CAM, se llevaron a cabo reuniones de socializaci\u00f3n del proyecto en los diferentes municipios priorizados, la convocatoria para selecci\u00f3n de beneficiarios, la recepci\u00f3n de documentaci\u00f3n para inscripci\u00f3n y\/o subsanaci\u00f3n, la planificaci\u00f3n predial (levantamiento de pol\u00edgono y caracterizaci\u00f3n de cada productor), adem\u00e1s de capacitaciones espec\u00edficas en producci\u00f3n de las tipolog\u00edas a implementarse en el proyecto.<\/p>\n<p>Como cada uno de los financiadores del proyecto ejecuta sus recursos, ONF Andina como operador de FFEM, ha priorizado 76 de las 116 hect\u00e1reas a intervenir en el componente de reconversi\u00f3n, distribuidas en 40 predios de 5 municipios (\u00cdquira: 14, San Agust\u00edn: 12, Santa Mar\u00eda: 5, Teruel: 5, La Argentina: 4) que poseen jurisdicci\u00f3n en los tres complejos de p\u00e1ramos, para la ejecuci\u00f3n de acciones en torno a la conversi\u00f3n hacia sistemas agropecuarios sostenibles, con lo que se busca reducir de manera integral los conflictos de uso del territorio derivados del desarrollo de actividades agropecuarias.<\/p>\n<p>De las 76 hect\u00e1reas a intervenir con sistemas productivos, con las que se busca adem\u00e1s de minimizar presiones y conservar el p\u00e1ramo, optimizar la productividad de la actividad agropecuaria existente y mejorar el ingreso a los productores mediante la conversi\u00f3n de \u00e1reas a cultivos de mayor rentabilidad, 67 hect\u00e1reas (22 predios) fueron priorizados para la implementaci\u00f3n del sistema silvopastoril, siendo los municipios de Santa Mar\u00eda y Teruel aquellos que tendr\u00e1n mayor intervenci\u00f3n con esta alternativa productiva, cada uno con 5 predios. Por otra parte, son 9 hect\u00e1reas (18 predios) para el sistema de asocio frijol y ma\u00edz en donde los productores de San Agust\u00edn e \u00cdquira son aquellos que cuentan con predios para esta aptitud agr\u00edcola, quienes destinan m\u00ednimo media hect\u00e1rea para la producci\u00f3n agropecuaria que pueda destinar a la implementaci\u00f3n de este proyecto.<\/p>\n<p>Hoy, los 40 beneficiarios del componente de reconversi\u00f3n ya firmaron Acuerdo de voluntades que tiene como objeto la conservaci\u00f3n, preservaci\u00f3n y uso sostenible de las \u00e1reas asociadas a los ecosistemas de p\u00e1ramo y zonas aleda\u00f1as del Macizo Colombiano, que adem\u00e1s contribuye a garantizar el correcto desarrollo de las actividades en el marco del proyecto y por lo tanto a la sostenibilidad del mismo y al control de actividades antr\u00f3picas.<\/p>\n<p><strong>Equipamiento<\/strong><\/p>\n<p>Por otra parte, la CAM llev\u00f3 a cabo un proceso de contrataci\u00f3n para el suministro de los elementos necesarios para la implementaci\u00f3n de sistemas productivos sostenibles priorizados correspondientes a Ganader\u00eda con rotaci\u00f3n de potreros (5), galpones de pollos con compostaje (2), mora (13), fr\u00edjol-ma\u00edz (14), huertas org\u00e1nicas familiares (22), huertas comunitarias (2) y sistema agroforestal (5), desarrollados en veredas de los municipios de \u00cdquira, Teruel, Santa Mar\u00eda, San Agust\u00edn, La Argentina e Isnos.<\/p>\n<p>Para la CAM, el cofinanciamiento de \u201cParamos macizo\u201d es importante considerando que el proyecto se orienta a minimizar los tensionantes hacia los p\u00e1ramos como ecosistemas estrat\u00e9gicos, en busca de asegurar la gesti\u00f3n integral de los complejos existentes en un territorio en donde confluye el 27% del \u00e1rea nacional en p\u00e1ramos: el Macizo Colombiano, ecosistema \u00fanico en el mundo, en el que los esfuerzos articulados contribuyen a la preservaci\u00f3n de los atributos ambientales del Macizo.<\/p>\n<p>Finalmente la coordinadora de \u00c1reas Protegidas de la CAM puntualiz\u00f3 que la sostenibilidad del proyecto permitir\u00e1 en el departamento, tanto el cambio progresivo de las principales actividades que hoy alteran significativamente los p\u00e1ramos, como el desarrollo de producci\u00f3n sostenible acorde con las condiciones biof\u00edsicas del territorio, singularidades que permiten a la Instituci\u00f3n la gesti\u00f3n de estos importantes ecosistemas a trav\u00e9s de concertaciones para su planificaci\u00f3n y conservaci\u00f3n, aspectos en los que la participaci\u00f3n y voluntad de las comunidades relacionadas con estos ecosistemas es esencial para la toma de decisiones entorno al ordenamiento y gesti\u00f3n de los mismos.<\/p>\n","protected":false},"excerpt":{"rendered":"<p>Un total de 116 hect\u00e1reas con acciones productivas de bajo impacto, se viene interviniendo en siete municipios del Huila para proteger tres complejos de p\u00e1ramo del Huila.<\/p>\n","protected":false},"author":2,"featured_media":74771,"comment_status":"closed","ping_status":"open","sticky":false,"template":"","format":"standard","meta":{"footnotes":""},"categories":[33],"tags":[],"class_list":["post-74770","post","type-post","status-publish","format-standard","has-post-thumbnail","hentry","category-huila"],"yoast_head":"<!-- This site is optimized with the Yoast SEO plugin v26.6 - https:\/\/yoast.com\/wordpress\/plugins\/seo\/ -->\n<title>En busca de la protecci\u00f3n de los p\u00e1ramos en el Huila -<\/title>\n<meta name=\"description\" content=\"Un total de 116 hect\u00e1reas con acciones productivas de bajo impacto, se viene interviniendo en siete municipios del Huila para proteger tres complejos de p\u00e1ramo del Huila.\" \/>\n<meta name=\"robots\" content=\"index, follow, max-snippet:-1, max-image-preview:large, max-video-preview:-1\" \/>\n<link rel=\"canonical\" href=\"https:\/\/luchonoticias.com\/editor\/en-busca-de-la-proteccion-de-los-paramos-en-el-huila\/\" \/>\n<meta property=\"og:locale\" content=\"es_ES\" \/>\n<meta property=\"og:type\" content=\"article\" \/>\n<meta property=\"og:title\" content=\"En busca de la protecci\u00f3n de los p\u00e1ramos en el Huila -\" \/>\n<meta property=\"og:description\" content=\"Un total de 116 hect\u00e1reas con acciones productivas de bajo impacto, se viene interviniendo en siete municipios del Huila para proteger tres complejos de p\u00e1ramo del Huila.\" \/>\n<meta property=\"og:url\" content=\"https:\/\/luchonoticias.com\/editor\/en-busca-de-la-proteccion-de-los-paramos-en-el-huila\/\" \/>\n<meta property=\"article:publisher\" content=\"https:\/\/www.facebook.com\/luchonoticiasneiva\" \/>\n<meta property=\"article:published_time\" content=\"2024-07-09T02:09:16+00:00\" \/>\n<meta property=\"og:image\" content=\"https:\/\/luchonoticias.com\/editor\/wp-content\/uploads\/2024\/07\/paramos-cam.jpg\" \/>\n\t<meta property=\"og:image:width\" content=\"700\" \/>\n\t<meta property=\"og:image:height\" content=\"400\" \/>\n\t<meta property=\"og:image:type\" content=\"image\/jpeg\" \/>\n<meta name=\"author\" content=\"Editor General\" \/>\n<meta name=\"twitter:card\" content=\"summary_large_image\" \/>\n<meta name=\"twitter:label1\" content=\"Escrito por\" \/>\n\t<meta name=\"twitter:data1\" content=\"Editor General\" \/>\n\t<meta name=\"twitter:label2\" content=\"Tiempo de lectura\" \/>\n\t<meta name=\"twitter:data2\" content=\"6 minutos\" \/>\n<script type=\"application\/ld+json\" class=\"yoast-schema-graph\">{\"@context\":\"https:\/\/schema.org\",\"@graph\":[{\"@type\":\"Article\",\"@id\":\"https:\/\/luchonoticias.com\/editor\/en-busca-de-la-proteccion-de-los-paramos-en-el-huila\/#article\",\"isPartOf\":{\"@id\":\"https:\/\/luchonoticias.com\/editor\/en-busca-de-la-proteccion-de-los-paramos-en-el-huila\/\"},\"author\":{\"name\":\"Editor General\",\"@id\":\"https:\/\/luchonoticias.com\/editor\/#\/schema\/person\/29217990ddf6f14e35912b2866d591fb\"},\"headline\":\"En busca de la protecci\u00f3n de los p\u00e1ramos en el Huila\",\"datePublished\":\"2024-07-09T02:09:16+00:00\",\"mainEntityOfPage\":{\"@id\":\"https:\/\/luchonoticias.com\/editor\/en-busca-de-la-proteccion-de-los-paramos-en-el-huila\/\"},\"wordCount\":1166,\"publisher\":{\"@id\":\"https:\/\/luchonoticias.com\/editor\/#\/schema\/person\/7a7fd911f58561fd056dbac7b55af9cd\"},\"image\":{\"@id\":\"https:\/\/luchonoticias.com\/editor\/en-busca-de-la-proteccion-de-los-paramos-en-el-huila\/#primaryimage\"},\"thumbnailUrl\":\"https:\/\/luchonoticias.com\/editor\/wp-content\/uploads\/2024\/07\/paramos-cam.jpg\",\"articleSection\":[\"Huila\"],\"inLanguage\":\"es\"},{\"@type\":\"WebPage\",\"@id\":\"https:\/\/luchonoticias.com\/editor\/en-busca-de-la-proteccion-de-los-paramos-en-el-huila\/\",\"url\":\"https:\/\/luchonoticias.com\/editor\/en-busca-de-la-proteccion-de-los-paramos-en-el-huila\/\",\"name\":\"En busca de la protecci\u00f3n de los p\u00e1ramos en el Huila -\",\"isPartOf\":{\"@id\":\"https:\/\/luchonoticias.com\/editor\/#website\"},\"primaryImageOfPage\":{\"@id\":\"https:\/\/luchonoticias.com\/editor\/en-busca-de-la-proteccion-de-los-paramos-en-el-huila\/#primaryimage\"},\"image\":{\"@id\":\"https:\/\/luchonoticias.com\/editor\/en-busca-de-la-proteccion-de-los-paramos-en-el-huila\/#primaryimage\"},\"thumbnailUrl\":\"https:\/\/luchonoticias.com\/editor\/wp-content\/uploads\/2024\/07\/paramos-cam.jpg\",\"datePublished\":\"2024-07-09T02:09:16+00:00\",\"description\":\"Un total de 116 hect\u00e1reas con acciones productivas de bajo impacto, se viene interviniendo en siete municipios del Huila para proteger tres complejos de p\u00e1ramo del Huila.\",\"breadcrumb\":{\"@id\":\"https:\/\/luchonoticias.com\/editor\/en-busca-de-la-proteccion-de-los-paramos-en-el-huila\/#breadcrumb\"},\"inLanguage\":\"es\",\"potentialAction\":[{\"@type\":\"ReadAction\",\"target\":[\"https:\/\/luchonoticias.com\/editor\/en-busca-de-la-proteccion-de-los-paramos-en-el-huila\/\"]}]},{\"@type\":\"ImageObject\",\"inLanguage\":\"es\",\"@id\":\"https:\/\/luchonoticias.com\/editor\/en-busca-de-la-proteccion-de-los-paramos-en-el-huila\/#primaryimage\",\"url\":\"https:\/\/luchonoticias.com\/editor\/wp-content\/uploads\/2024\/07\/paramos-cam.jpg\",\"contentUrl\":\"https:\/\/luchonoticias.com\/editor\/wp-content\/uploads\/2024\/07\/paramos-cam.jpg\",\"width\":700,\"height\":400},{\"@type\":\"BreadcrumbList\",\"@id\":\"https:\/\/luchonoticias.com\/editor\/en-busca-de-la-proteccion-de-los-paramos-en-el-huila\/#breadcrumb\",\"itemListElement\":[{\"@type\":\"ListItem\",\"position\":1,\"name\":\"Portada\",\"item\":\"https:\/\/luchonoticias.com\/editor\/\"},{\"@type\":\"ListItem\",\"position\":2,\"name\":\"En busca de la protecci\u00f3n de los p\u00e1ramos en el Huila\"}]},{\"@type\":\"WebSite\",\"@id\":\"https:\/\/luchonoticias.com\/editor\/#website\",\"url\":\"https:\/\/luchonoticias.com\/editor\/\",\"name\":\"\",\"description\":\"\",\"publisher\":{\"@id\":\"https:\/\/luchonoticias.com\/editor\/#\/schema\/person\/7a7fd911f58561fd056dbac7b55af9cd\"},\"potentialAction\":[{\"@type\":\"SearchAction\",\"target\":{\"@type\":\"EntryPoint\",\"urlTemplate\":\"https:\/\/luchonoticias.com\/editor\/?s={search_term_string}\"},\"query-input\":{\"@type\":\"PropertyValueSpecification\",\"valueRequired\":true,\"valueName\":\"search_term_string\"}}],\"inLanguage\":\"es\"},{\"@type\":[\"Person\",\"Organization\"],\"@id\":\"https:\/\/luchonoticias.com\/editor\/#\/schema\/person\/7a7fd911f58561fd056dbac7b55af9cd\",\"name\":\"admin\",\"image\":{\"@type\":\"ImageObject\",\"inLanguage\":\"es\",\"@id\":\"https:\/\/luchonoticias.com\/editor\/#\/schema\/person\/image\/\",\"url\":\"https:\/\/luchonoticias.com\/editor\/wp-content\/uploads\/2024\/02\/cropped-cropped-logolu.webp\",\"contentUrl\":\"https:\/\/luchonoticias.com\/editor\/wp-content\/uploads\/2024\/02\/cropped-cropped-logolu.webp\",\"width\":382,\"height\":170,\"caption\":\"admin\"},\"logo\":{\"@id\":\"https:\/\/luchonoticias.com\/editor\/#\/schema\/person\/image\/\"},\"sameAs\":[\"https:\/\/www.facebook.com\/luchonoticiasneiva\"]},{\"@type\":\"Person\",\"@id\":\"https:\/\/luchonoticias.com\/editor\/#\/schema\/person\/29217990ddf6f14e35912b2866d591fb\",\"name\":\"Editor General\",\"image\":{\"@type\":\"ImageObject\",\"inLanguage\":\"es\",\"@id\":\"https:\/\/luchonoticias.com\/editor\/#\/schema\/person\/image\/\",\"url\":\"https:\/\/luchonoticias.com\/editor\/wp-content\/uploads\/2024\/02\/cropped-cropped-logolu-150x150.webp\",\"contentUrl\":\"https:\/\/luchonoticias.com\/editor\/wp-content\/uploads\/2024\/02\/cropped-cropped-logolu-150x150.webp\",\"caption\":\"Editor General\"},\"sameAs\":[\"https:\/\/luchonoticias.com\/\"],\"url\":\"https:\/\/luchonoticias.com\/editor\/author\/editor-general\/\"}]}<\/script>\n<!-- \/ Yoast SEO plugin. -->","yoast_head_json":{"title":"En busca de la protecci\u00f3n de los p\u00e1ramos en el Huila -","description":"Un total de 116 hect\u00e1reas con acciones productivas de bajo impacto, se viene interviniendo en siete municipios del Huila para proteger tres complejos de p\u00e1ramo del Huila.","robots":{"index":"index","follow":"follow","max-snippet":"max-snippet:-1","max-image-preview":"max-image-preview:large","max-video-preview":"max-video-preview:-1"},"canonical":"https:\/\/luchonoticias.com\/editor\/en-busca-de-la-proteccion-de-los-paramos-en-el-huila\/","og_locale":"es_ES","og_type":"article","og_title":"En busca de la protecci\u00f3n de los p\u00e1ramos en el Huila -","og_description":"Un total de 116 hect\u00e1reas con acciones productivas de bajo impacto, se viene interviniendo en siete municipios del Huila para proteger tres complejos de p\u00e1ramo del Huila.","og_url":"https:\/\/luchonoticias.com\/editor\/en-busca-de-la-proteccion-de-los-paramos-en-el-huila\/","article_publisher":"https:\/\/www.facebook.com\/luchonoticiasneiva","article_published_time":"2024-07-09T02:09:16+00:00","og_image":[{"width":700,"height":400,"url":"https:\/\/luchonoticias.com\/editor\/wp-content\/uploads\/2024\/07\/paramos-cam.jpg","type":"image\/jpeg"}],"author":"Editor General","twitter_card":"summary_large_image","twitter_misc":{"Escrito por":"Editor General","Tiempo de lectura":"6 minutos"},"schema":{"@context":"https:\/\/schema.org","@graph":[{"@type":"Article","@id":"https:\/\/luchonoticias.com\/editor\/en-busca-de-la-proteccion-de-los-paramos-en-el-huila\/#article","isPartOf":{"@id":"https:\/\/luchonoticias.com\/editor\/en-busca-de-la-proteccion-de-los-paramos-en-el-huila\/"},"author":{"name":"Editor General","@id":"https:\/\/luchonoticias.com\/editor\/#\/schema\/person\/29217990ddf6f14e35912b2866d591fb"},"headline":"En busca de la protecci\u00f3n de los p\u00e1ramos en el Huila","datePublished":"2024-07-09T02:09:16+00:00","mainEntityOfPage":{"@id":"https:\/\/luchonoticias.com\/editor\/en-busca-de-la-proteccion-de-los-paramos-en-el-huila\/"},"wordCount":1166,"publisher":{"@id":"https:\/\/luchonoticias.com\/editor\/#\/schema\/person\/7a7fd911f58561fd056dbac7b55af9cd"},"image":{"@id":"https:\/\/luchonoticias.com\/editor\/en-busca-de-la-proteccion-de-los-paramos-en-el-huila\/#primaryimage"},"thumbnailUrl":"https:\/\/luchonoticias.com\/editor\/wp-content\/uploads\/2024\/07\/paramos-cam.jpg","articleSection":["Huila"],"inLanguage":"es"},{"@type":"WebPage","@id":"https:\/\/luchonoticias.com\/editor\/en-busca-de-la-proteccion-de-los-paramos-en-el-huila\/","url":"https:\/\/luchonoticias.com\/editor\/en-busca-de-la-proteccion-de-los-paramos-en-el-huila\/","name":"En busca de la protecci\u00f3n de los p\u00e1ramos en el Huila -","isPartOf":{"@id":"https:\/\/luchonoticias.com\/editor\/#website"},"primaryImageOfPage":{"@id":"https:\/\/luchonoticias.com\/editor\/en-busca-de-la-proteccion-de-los-paramos-en-el-huila\/#primaryimage"},"image":{"@id":"https:\/\/luchonoticias.com\/editor\/en-busca-de-la-proteccion-de-los-paramos-en-el-huila\/#primaryimage"},"thumbnailUrl":"https:\/\/luchonoticias.com\/editor\/wp-content\/uploads\/2024\/07\/paramos-cam.jpg","datePublished":"2024-07-09T02:09:16+00:00","description":"Un total de 116 hect\u00e1reas con acciones productivas de bajo impacto, se viene interviniendo en siete municipios del Huila para proteger tres complejos de p\u00e1ramo del Huila.","breadcrumb":{"@id":"https:\/\/luchonoticias.com\/editor\/en-busca-de-la-proteccion-de-los-paramos-en-el-huila\/#breadcrumb"},"inLanguage":"es","potentialAction":[{"@type":"ReadAction","target":["https:\/\/luchonoticias.com\/editor\/en-busca-de-la-proteccion-de-los-paramos-en-el-huila\/"]}]},{"@type":"ImageObject","inLanguage":"es","@id":"https:\/\/luchonoticias.com\/editor\/en-busca-de-la-proteccion-de-los-paramos-en-el-huila\/#primaryimage","url":"https:\/\/luchonoticias.com\/editor\/wp-content\/uploads\/2024\/07\/paramos-cam.jpg","contentUrl":"https:\/\/luchonoticias.com\/editor\/wp-content\/uploads\/2024\/07\/paramos-cam.jpg","width":700,"height":400},{"@type":"BreadcrumbList","@id":"https:\/\/luchonoticias.com\/editor\/en-busca-de-la-proteccion-de-los-paramos-en-el-huila\/#breadcrumb","itemListElement":[{"@type":"ListItem","position":1,"name":"Portada","item":"https:\/\/luchonoticias.com\/editor\/"},{"@type":"ListItem","position":2,"name":"En busca de la protecci\u00f3n de los p\u00e1ramos en el Huila"}]},{"@type":"WebSite","@id":"https:\/\/luchonoticias.com\/editor\/#website","url":"https:\/\/luchonoticias.com\/editor\/","name":"","description":"","publisher":{"@id":"https:\/\/luchonoticias.com\/editor\/#\/schema\/person\/7a7fd911f58561fd056dbac7b55af9cd"},"potentialAction":[{"@type":"SearchAction","target":{"@type":"EntryPoint","urlTemplate":"https:\/\/luchonoticias.com\/editor\/?s={search_term_string}"},"query-input":{"@type":"PropertyValueSpecification","valueRequired":true,"valueName":"search_term_string"}}],"inLanguage":"es"},{"@type":["Person","Organization"],"@id":"https:\/\/luchonoticias.com\/editor\/#\/schema\/person\/7a7fd911f58561fd056dbac7b55af9cd","name":"admin","image":{"@type":"ImageObject","inLanguage":"es","@id":"https:\/\/luchonoticias.com\/editor\/#\/schema\/person\/image\/","url":"https:\/\/luchonoticias.com\/editor\/wp-content\/uploads\/2024\/02\/cropped-cropped-logolu.webp","contentUrl":"https:\/\/luchonoticias.com\/editor\/wp-content\/uploads\/2024\/02\/cropped-cropped-logolu.webp","width":382,"height":170,"caption":"admin"},"logo":{"@id":"https:\/\/luchonoticias.com\/editor\/#\/schema\/person\/image\/"},"sameAs":["https:\/\/www.facebook.com\/luchonoticiasneiva"]},{"@type":"Person","@id":"https:\/\/luchonoticias.com\/editor\/#\/schema\/person\/29217990ddf6f14e35912b2866d591fb","name":"Editor General","image":{"@type":"ImageObject","inLanguage":"es","@id":"https:\/\/luchonoticias.com\/editor\/#\/schema\/person\/image\/","url":"https:\/\/luchonoticias.com\/editor\/wp-content\/uploads\/2024\/02\/cropped-cropped-logolu-150x150.webp","contentUrl":"https:\/\/luchonoticias.com\/editor\/wp-content\/uploads\/2024\/02\/cropped-cropped-logolu-150x150.webp","caption":"Editor General"},"sameAs":["https:\/\/luchonoticias.com\/"],"url":"https:\/\/luchonoticias.com\/editor\/author\/editor-general\/"}]}},"_links":{"self":[{"href":"https:\/\/luchonoticias.com\/editor\/wp-json\/wp\/v2\/posts\/74770","targetHints":{"allow":["GET"]}}],"collection":[{"href":"https:\/\/luchonoticias.com\/editor\/wp-json\/wp\/v2\/posts"}],"about":[{"href":"https:\/\/luchonoticias.com\/editor\/wp-json\/wp\/v2\/types\/post"}],"author":[{"embeddable":true,"href":"https:\/\/luchonoticias.com\/editor\/wp-json\/wp\/v2\/users\/2"}],"replies":[{"embeddable":true,"href":"https:\/\/luchonoticias.com\/editor\/wp-json\/wp\/v2\/comments?post=74770"}],"version-history":[{"count":1,"href":"https:\/\/luchonoticias.com\/editor\/wp-json\/wp\/v2\/posts\/74770\/revisions"}],"predecessor-version":[{"id":74772,"href":"https:\/\/luchonoticias.com\/editor\/wp-json\/wp\/v2\/posts\/74770\/revisions\/74772"}],"wp:featuredmedia":[{"embeddable":true,"href":"https:\/\/luchonoticias.com\/editor\/wp-json\/wp\/v2\/media\/74771"}],"wp:attachment":[{"href":"https:\/\/luchonoticias.com\/editor\/wp-json\/wp\/v2\/media?parent=74770"}],"wp:term":[{"taxonomy":"category","embeddable":true,"href":"https:\/\/luchonoticias.com\/editor\/wp-json\/wp\/v2\/categories?post=74770"},{"taxonomy":"post_tag","embeddable":true,"href":"https:\/\/luchonoticias.com\/editor\/wp-json\/wp\/v2\/tags?post=74770"}],"curies":[{"name":"wp","href":"https:\/\/api.w.org\/{rel}","templated":true}]}}