{"id":74777,"date":"2024-07-09T05:18:17","date_gmt":"2024-07-09T10:18:17","guid":{"rendered":"https:\/\/luchonoticias.com\/?p=74777"},"modified":"2024-07-09T05:18:17","modified_gmt":"2024-07-09T10:18:17","slug":"aumento-de-las-exportaciones-no-mineras-en-colombia","status":"publish","type":"post","link":"https:\/\/luchonoticias.com\/editor\/aumento-de-las-exportaciones-no-mineras-en-colombia\/","title":{"rendered":"Aumento de las exportaciones no mineras en Colombia"},"content":{"rendered":"<div>El Ministerio de Comercio, Industria y Turismo inform\u00f3 que las exportaciones de bienes no minero energ\u00e9ticos de Colombia al mundo mantuvieron un crecimiento de 6% frente al mismo periodo de 2023.<\/div>\n<div><\/div>\n<div>Las exportaciones de bienes agropecuarios, agroindustriales e industriales (no mineros) llegaron a 8.810,1 millones de d\u00f3lares, mientras que un a\u00f1o atr\u00e1s fueron por 8.310,4 millones de d\u00f3lares.<\/div>\n<div><\/div>\n<div>El an\u00e1lisis del Ministerio de Comercio, Industria y Turismo, con base en los datos del DANE, muestra que, en volumen, los despachos de esta clase de bienes tambi\u00e9n aumentaron y lo hicieron un 15,2 por ciento.<\/div>\n<div><\/div>\n<div>En el periodo se exportaron 3,9 millones de toneladas de productos no mineros, frente a 3,4 millones de toneladas de un a\u00f1o atr\u00e1s.<\/div>\n<div><\/div>\n<div>El comportamiento de este mes de mayo fue hist\u00f3rico, pues seg\u00fan el an\u00e1lisis del Ministerio de Comercio, Industria y Turismo se evidencia que en este periodo se export\u00f3 el valor m\u00e1s alto para un mes de mayo, en la historia. En este mes se exportaron 1.958,5 millones de d\u00f3lares, para un crecimiento del 3,2%. En volumen fueron 907.068 toneladas exportadas, lo que representa un aumento del 12,5%.<\/div>\n<div><\/div>\n<div>El ministro de Comercio, Industria y Turismo, Luis Carlos Reyes Hern\u00e1ndez celebr\u00f3 este comportamiento, que se da a\u00fan en medio de una desaceleraci\u00f3n de la econom\u00eda mundial y de una menor demanda externa.<\/div>\n<div><\/div>\n<div>Indic\u00f3 que \u201cseguimos avanzando en la pol\u00edtica industrial del Gobierno del presidente Gustavo Petro Urrego m\u00e1s ambiciosa, de una magnitud mayor a la que hemos tenido hasta ahora. Trabajamos desde este sector con mecanismos y programas para lograr productos con mayor valor agregado, que conquisten m\u00e1s mercados\u201d.<\/div>\n<div><\/div>\n<div>Agreg\u00f3 que \u201cseguimos en el proceso de cuidar la correcta implementaci\u00f3n de los acuerdos comerciales vigentes\u201d.<\/div>\n<p><strong>Los productos m\u00e1s vendidos en el exterior<\/strong><\/p>\n<div>Los productos de la industria y del agro ayudaron a impulsar esta clase de exportaciones tales como, el banano, cuyas ventas al exterior aumentaron 104,5%; transformadores de diel\u00e9ctricos, que crecieron 90,9% en ventas; lim\u00f3n Tahit\u00ed con 46,3% y policloruro de vinilo que crecieron 30,7%.<\/div>\n<div><\/div>\n<div>Se destacaron, adem\u00e1s, las exportaciones de aguacate hass, que se incrementaron 16,2%; las de filetes de tilapia lo hicieron en 14,7%; perfumes y aguas de tocador con 14,6%; flores con 11,6%, y las ventas de ropa de tocador y de cocina crecieron 9,4%.<\/div>\n<div><\/div>\n<div>Entre los principales reportados en estos cinco primeros meses del a\u00f1o se destacan: B\u00e9lgica, hacia donde crecieron 51%; China 42%; Venezuela 38,4%; Alemania 33%; M\u00e9xico 22,2% y Chile 4%.<\/div>\n","protected":false},"excerpt":{"rendered":"<p>Durante el quinto mes de este a\u00f1o se exportaron 1.958,5 millones de d\u00f3lares, la cifra m\u00e1s alta par un mes de mayo en la historia, con un crecimiento de 12,5% frente al mismo periodo de 2023.<\/p>\n","protected":false},"author":2,"featured_media":74778,"comment_status":"closed","ping_status":"open","sticky":false,"template":"","format":"standard","meta":{"footnotes":""},"categories":[28],"tags":[],"class_list":["post-74777","post","type-post","status-publish","format-standard","has-post-thumbnail","hentry","category-actualidad"],"yoast_head":"<!-- This site is optimized with the Yoast SEO plugin v26.6 - https:\/\/yoast.com\/wordpress\/plugins\/seo\/ -->\n<title>Aumento de las exportaciones no mineras en Colombia -<\/title>\n<meta name=\"description\" content=\"Durante el quinto mes de este a\u00f1o se exportaron 1.958,5 millones de d\u00f3lares, la cifra m\u00e1s alta par un mes de mayo en la historia, con un crecimiento de 12,5% frente al mismo periodo de 2023.\" \/>\n<meta name=\"robots\" content=\"index, follow, max-snippet:-1, max-image-preview:large, max-video-preview:-1\" \/>\n<link rel=\"canonical\" href=\"https:\/\/luchonoticias.com\/editor\/aumento-de-las-exportaciones-no-mineras-en-colombia\/\" \/>\n<meta property=\"og:locale\" content=\"es_ES\" \/>\n<meta property=\"og:type\" content=\"article\" \/>\n<meta property=\"og:title\" content=\"Aumento de las exportaciones no mineras en Colombia -\" \/>\n<meta property=\"og:description\" content=\"Durante el quinto mes de este a\u00f1o se exportaron 1.958,5 millones de d\u00f3lares, la cifra m\u00e1s alta par un mes de mayo en la historia, con un crecimiento de 12,5% frente al mismo periodo de 2023.\" \/>\n<meta property=\"og:url\" content=\"https:\/\/luchonoticias.com\/editor\/aumento-de-las-exportaciones-no-mineras-en-colombia\/\" \/>\n<meta property=\"article:publisher\" content=\"https:\/\/www.facebook.com\/luchonoticiasneiva\" \/>\n<meta property=\"article:published_time\" content=\"2024-07-09T10:18:17+00:00\" \/>\n<meta property=\"og:image\" content=\"https:\/\/luchonoticias.com\/editor\/wp-content\/uploads\/2024\/07\/colombia-exportaciones.jpg\" \/>\n\t<meta property=\"og:image:width\" content=\"700\" \/>\n\t<meta property=\"og:image:height\" content=\"400\" \/>\n\t<meta property=\"og:image:type\" content=\"image\/jpeg\" \/>\n<meta name=\"author\" content=\"Editor General\" \/>\n<meta name=\"twitter:card\" content=\"summary_large_image\" \/>\n<meta name=\"twitter:label1\" content=\"Escrito por\" \/>\n\t<meta name=\"twitter:data1\" content=\"Editor General\" \/>\n\t<meta name=\"twitter:label2\" content=\"Tiempo de lectura\" \/>\n\t<meta name=\"twitter:data2\" content=\"3 minutos\" \/>\n<script type=\"application\/ld+json\" class=\"yoast-schema-graph\">{\"@context\":\"https:\/\/schema.org\",\"@graph\":[{\"@type\":\"Article\",\"@id\":\"https:\/\/luchonoticias.com\/editor\/aumento-de-las-exportaciones-no-mineras-en-colombia\/#article\",\"isPartOf\":{\"@id\":\"https:\/\/luchonoticias.com\/editor\/aumento-de-las-exportaciones-no-mineras-en-colombia\/\"},\"author\":{\"name\":\"Editor General\",\"@id\":\"https:\/\/luchonoticias.com\/editor\/#\/schema\/person\/29217990ddf6f14e35912b2866d591fb\"},\"headline\":\"Aumento de las exportaciones no mineras en Colombia\",\"datePublished\":\"2024-07-09T10:18:17+00:00\",\"mainEntityOfPage\":{\"@id\":\"https:\/\/luchonoticias.com\/editor\/aumento-de-las-exportaciones-no-mineras-en-colombia\/\"},\"wordCount\":414,\"publisher\":{\"@id\":\"https:\/\/luchonoticias.com\/editor\/#\/schema\/person\/7a7fd911f58561fd056dbac7b55af9cd\"},\"image\":{\"@id\":\"https:\/\/luchonoticias.com\/editor\/aumento-de-las-exportaciones-no-mineras-en-colombia\/#primaryimage\"},\"thumbnailUrl\":\"https:\/\/luchonoticias.com\/editor\/wp-content\/uploads\/2024\/07\/colombia-exportaciones.jpg\",\"articleSection\":[\"Actualidad\"],\"inLanguage\":\"es\"},{\"@type\":\"WebPage\",\"@id\":\"https:\/\/luchonoticias.com\/editor\/aumento-de-las-exportaciones-no-mineras-en-colombia\/\",\"url\":\"https:\/\/luchonoticias.com\/editor\/aumento-de-las-exportaciones-no-mineras-en-colombia\/\",\"name\":\"Aumento de las exportaciones no mineras en Colombia -\",\"isPartOf\":{\"@id\":\"https:\/\/luchonoticias.com\/editor\/#website\"},\"primaryImageOfPage\":{\"@id\":\"https:\/\/luchonoticias.com\/editor\/aumento-de-las-exportaciones-no-mineras-en-colombia\/#primaryimage\"},\"image\":{\"@id\":\"https:\/\/luchonoticias.com\/editor\/aumento-de-las-exportaciones-no-mineras-en-colombia\/#primaryimage\"},\"thumbnailUrl\":\"https:\/\/luchonoticias.com\/editor\/wp-content\/uploads\/2024\/07\/colombia-exportaciones.jpg\",\"datePublished\":\"2024-07-09T10:18:17+00:00\",\"description\":\"Durante el quinto mes de este a\u00f1o se exportaron 1.958,5 millones de d\u00f3lares, la cifra m\u00e1s alta par un mes de mayo en la historia, con un crecimiento de 12,5% frente al mismo periodo de 2023.\",\"breadcrumb\":{\"@id\":\"https:\/\/luchonoticias.com\/editor\/aumento-de-las-exportaciones-no-mineras-en-colombia\/#breadcrumb\"},\"inLanguage\":\"es\",\"potentialAction\":[{\"@type\":\"ReadAction\",\"target\":[\"https:\/\/luchonoticias.com\/editor\/aumento-de-las-exportaciones-no-mineras-en-colombia\/\"]}]},{\"@type\":\"ImageObject\",\"inLanguage\":\"es\",\"@id\":\"https:\/\/luchonoticias.com\/editor\/aumento-de-las-exportaciones-no-mineras-en-colombia\/#primaryimage\",\"url\":\"https:\/\/luchonoticias.com\/editor\/wp-content\/uploads\/2024\/07\/colombia-exportaciones.jpg\",\"contentUrl\":\"https:\/\/luchonoticias.com\/editor\/wp-content\/uploads\/2024\/07\/colombia-exportaciones.jpg\",\"width\":700,\"height\":400},{\"@type\":\"BreadcrumbList\",\"@id\":\"https:\/\/luchonoticias.com\/editor\/aumento-de-las-exportaciones-no-mineras-en-colombia\/#breadcrumb\",\"itemListElement\":[{\"@type\":\"ListItem\",\"position\":1,\"name\":\"Portada\",\"item\":\"https:\/\/luchonoticias.com\/editor\/\"},{\"@type\":\"ListItem\",\"position\":2,\"name\":\"Aumento de las exportaciones no mineras en Colombia\"}]},{\"@type\":\"WebSite\",\"@id\":\"https:\/\/luchonoticias.com\/editor\/#website\",\"url\":\"https:\/\/luchonoticias.com\/editor\/\",\"name\":\"\",\"description\":\"\",\"publisher\":{\"@id\":\"https:\/\/luchonoticias.com\/editor\/#\/schema\/person\/7a7fd911f58561fd056dbac7b55af9cd\"},\"potentialAction\":[{\"@type\":\"SearchAction\",\"target\":{\"@type\":\"EntryPoint\",\"urlTemplate\":\"https:\/\/luchonoticias.com\/editor\/?s={search_term_string}\"},\"query-input\":{\"@type\":\"PropertyValueSpecification\",\"valueRequired\":true,\"valueName\":\"search_term_string\"}}],\"inLanguage\":\"es\"},{\"@type\":[\"Person\",\"Organization\"],\"@id\":\"https:\/\/luchonoticias.com\/editor\/#\/schema\/person\/7a7fd911f58561fd056dbac7b55af9cd\",\"name\":\"admin\",\"image\":{\"@type\":\"ImageObject\",\"inLanguage\":\"es\",\"@id\":\"https:\/\/luchonoticias.com\/editor\/#\/schema\/person\/image\/\",\"url\":\"https:\/\/luchonoticias.com\/editor\/wp-content\/uploads\/2024\/02\/cropped-cropped-logolu.webp\",\"contentUrl\":\"https:\/\/luchonoticias.com\/editor\/wp-content\/uploads\/2024\/02\/cropped-cropped-logolu.webp\",\"width\":382,\"height\":170,\"caption\":\"admin\"},\"logo\":{\"@id\":\"https:\/\/luchonoticias.com\/editor\/#\/schema\/person\/image\/\"},\"sameAs\":[\"https:\/\/www.facebook.com\/luchonoticiasneiva\"]},{\"@type\":\"Person\",\"@id\":\"https:\/\/luchonoticias.com\/editor\/#\/schema\/person\/29217990ddf6f14e35912b2866d591fb\",\"name\":\"Editor General\",\"image\":{\"@type\":\"ImageObject\",\"inLanguage\":\"es\",\"@id\":\"https:\/\/luchonoticias.com\/editor\/#\/schema\/person\/image\/\",\"url\":\"https:\/\/luchonoticias.com\/editor\/wp-content\/uploads\/2024\/02\/cropped-cropped-logolu-150x150.webp\",\"contentUrl\":\"https:\/\/luchonoticias.com\/editor\/wp-content\/uploads\/2024\/02\/cropped-cropped-logolu-150x150.webp\",\"caption\":\"Editor General\"},\"sameAs\":[\"https:\/\/luchonoticias.com\/\"],\"url\":\"https:\/\/luchonoticias.com\/editor\/author\/editor-general\/\"}]}<\/script>\n<!-- \/ Yoast SEO plugin. -->","yoast_head_json":{"title":"Aumento de las exportaciones no mineras en Colombia -","description":"Durante el quinto mes de este a\u00f1o se exportaron 1.958,5 millones de d\u00f3lares, la cifra m\u00e1s alta par un mes de mayo en la historia, con un crecimiento de 12,5% frente al mismo periodo de 2023.","robots":{"index":"index","follow":"follow","max-snippet":"max-snippet:-1","max-image-preview":"max-image-preview:large","max-video-preview":"max-video-preview:-1"},"canonical":"https:\/\/luchonoticias.com\/editor\/aumento-de-las-exportaciones-no-mineras-en-colombia\/","og_locale":"es_ES","og_type":"article","og_title":"Aumento de las exportaciones no mineras en Colombia -","og_description":"Durante el quinto mes de este a\u00f1o se exportaron 1.958,5 millones de d\u00f3lares, la cifra m\u00e1s alta par un mes de mayo en la historia, con un crecimiento de 12,5% frente al mismo periodo de 2023.","og_url":"https:\/\/luchonoticias.com\/editor\/aumento-de-las-exportaciones-no-mineras-en-colombia\/","article_publisher":"https:\/\/www.facebook.com\/luchonoticiasneiva","article_published_time":"2024-07-09T10:18:17+00:00","og_image":[{"width":700,"height":400,"url":"https:\/\/luchonoticias.com\/editor\/wp-content\/uploads\/2024\/07\/colombia-exportaciones.jpg","type":"image\/jpeg"}],"author":"Editor General","twitter_card":"summary_large_image","twitter_misc":{"Escrito por":"Editor General","Tiempo de lectura":"3 minutos"},"schema":{"@context":"https:\/\/schema.org","@graph":[{"@type":"Article","@id":"https:\/\/luchonoticias.com\/editor\/aumento-de-las-exportaciones-no-mineras-en-colombia\/#article","isPartOf":{"@id":"https:\/\/luchonoticias.com\/editor\/aumento-de-las-exportaciones-no-mineras-en-colombia\/"},"author":{"name":"Editor General","@id":"https:\/\/luchonoticias.com\/editor\/#\/schema\/person\/29217990ddf6f14e35912b2866d591fb"},"headline":"Aumento de las exportaciones no mineras en Colombia","datePublished":"2024-07-09T10:18:17+00:00","mainEntityOfPage":{"@id":"https:\/\/luchonoticias.com\/editor\/aumento-de-las-exportaciones-no-mineras-en-colombia\/"},"wordCount":414,"publisher":{"@id":"https:\/\/luchonoticias.com\/editor\/#\/schema\/person\/7a7fd911f58561fd056dbac7b55af9cd"},"image":{"@id":"https:\/\/luchonoticias.com\/editor\/aumento-de-las-exportaciones-no-mineras-en-colombia\/#primaryimage"},"thumbnailUrl":"https:\/\/luchonoticias.com\/editor\/wp-content\/uploads\/2024\/07\/colombia-exportaciones.jpg","articleSection":["Actualidad"],"inLanguage":"es"},{"@type":"WebPage","@id":"https:\/\/luchonoticias.com\/editor\/aumento-de-las-exportaciones-no-mineras-en-colombia\/","url":"https:\/\/luchonoticias.com\/editor\/aumento-de-las-exportaciones-no-mineras-en-colombia\/","name":"Aumento de las exportaciones no mineras en Colombia -","isPartOf":{"@id":"https:\/\/luchonoticias.com\/editor\/#website"},"primaryImageOfPage":{"@id":"https:\/\/luchonoticias.com\/editor\/aumento-de-las-exportaciones-no-mineras-en-colombia\/#primaryimage"},"image":{"@id":"https:\/\/luchonoticias.com\/editor\/aumento-de-las-exportaciones-no-mineras-en-colombia\/#primaryimage"},"thumbnailUrl":"https:\/\/luchonoticias.com\/editor\/wp-content\/uploads\/2024\/07\/colombia-exportaciones.jpg","datePublished":"2024-07-09T10:18:17+00:00","description":"Durante el quinto mes de este a\u00f1o se exportaron 1.958,5 millones de d\u00f3lares, la cifra m\u00e1s alta par un mes de mayo en la historia, con un crecimiento de 12,5% frente al mismo periodo de 2023.","breadcrumb":{"@id":"https:\/\/luchonoticias.com\/editor\/aumento-de-las-exportaciones-no-mineras-en-colombia\/#breadcrumb"},"inLanguage":"es","potentialAction":[{"@type":"ReadAction","target":["https:\/\/luchonoticias.com\/editor\/aumento-de-las-exportaciones-no-mineras-en-colombia\/"]}]},{"@type":"ImageObject","inLanguage":"es","@id":"https:\/\/luchonoticias.com\/editor\/aumento-de-las-exportaciones-no-mineras-en-colombia\/#primaryimage","url":"https:\/\/luchonoticias.com\/editor\/wp-content\/uploads\/2024\/07\/colombia-exportaciones.jpg","contentUrl":"https:\/\/luchonoticias.com\/editor\/wp-content\/uploads\/2024\/07\/colombia-exportaciones.jpg","width":700,"height":400},{"@type":"BreadcrumbList","@id":"https:\/\/luchonoticias.com\/editor\/aumento-de-las-exportaciones-no-mineras-en-colombia\/#breadcrumb","itemListElement":[{"@type":"ListItem","position":1,"name":"Portada","item":"https:\/\/luchonoticias.com\/editor\/"},{"@type":"ListItem","position":2,"name":"Aumento de las exportaciones no mineras en Colombia"}]},{"@type":"WebSite","@id":"https:\/\/luchonoticias.com\/editor\/#website","url":"https:\/\/luchonoticias.com\/editor\/","name":"","description":"","publisher":{"@id":"https:\/\/luchonoticias.com\/editor\/#\/schema\/person\/7a7fd911f58561fd056dbac7b55af9cd"},"potentialAction":[{"@type":"SearchAction","target":{"@type":"EntryPoint","urlTemplate":"https:\/\/luchonoticias.com\/editor\/?s={search_term_string}"},"query-input":{"@type":"PropertyValueSpecification","valueRequired":true,"valueName":"search_term_string"}}],"inLanguage":"es"},{"@type":["Person","Organization"],"@id":"https:\/\/luchonoticias.com\/editor\/#\/schema\/person\/7a7fd911f58561fd056dbac7b55af9cd","name":"admin","image":{"@type":"ImageObject","inLanguage":"es","@id":"https:\/\/luchonoticias.com\/editor\/#\/schema\/person\/image\/","url":"https:\/\/luchonoticias.com\/editor\/wp-content\/uploads\/2024\/02\/cropped-cropped-logolu.webp","contentUrl":"https:\/\/luchonoticias.com\/editor\/wp-content\/uploads\/2024\/02\/cropped-cropped-logolu.webp","width":382,"height":170,"caption":"admin"},"logo":{"@id":"https:\/\/luchonoticias.com\/editor\/#\/schema\/person\/image\/"},"sameAs":["https:\/\/www.facebook.com\/luchonoticiasneiva"]},{"@type":"Person","@id":"https:\/\/luchonoticias.com\/editor\/#\/schema\/person\/29217990ddf6f14e35912b2866d591fb","name":"Editor General","image":{"@type":"ImageObject","inLanguage":"es","@id":"https:\/\/luchonoticias.com\/editor\/#\/schema\/person\/image\/","url":"https:\/\/luchonoticias.com\/editor\/wp-content\/uploads\/2024\/02\/cropped-cropped-logolu-150x150.webp","contentUrl":"https:\/\/luchonoticias.com\/editor\/wp-content\/uploads\/2024\/02\/cropped-cropped-logolu-150x150.webp","caption":"Editor General"},"sameAs":["https:\/\/luchonoticias.com\/"],"url":"https:\/\/luchonoticias.com\/editor\/author\/editor-general\/"}]}},"_links":{"self":[{"href":"https:\/\/luchonoticias.com\/editor\/wp-json\/wp\/v2\/posts\/74777","targetHints":{"allow":["GET"]}}],"collection":[{"href":"https:\/\/luchonoticias.com\/editor\/wp-json\/wp\/v2\/posts"}],"about":[{"href":"https:\/\/luchonoticias.com\/editor\/wp-json\/wp\/v2\/types\/post"}],"author":[{"embeddable":true,"href":"https:\/\/luchonoticias.com\/editor\/wp-json\/wp\/v2\/users\/2"}],"replies":[{"embeddable":true,"href":"https:\/\/luchonoticias.com\/editor\/wp-json\/wp\/v2\/comments?post=74777"}],"version-history":[{"count":2,"href":"https:\/\/luchonoticias.com\/editor\/wp-json\/wp\/v2\/posts\/74777\/revisions"}],"predecessor-version":[{"id":74780,"href":"https:\/\/luchonoticias.com\/editor\/wp-json\/wp\/v2\/posts\/74777\/revisions\/74780"}],"wp:featuredmedia":[{"embeddable":true,"href":"https:\/\/luchonoticias.com\/editor\/wp-json\/wp\/v2\/media\/74778"}],"wp:attachment":[{"href":"https:\/\/luchonoticias.com\/editor\/wp-json\/wp\/v2\/media?parent=74777"}],"wp:term":[{"taxonomy":"category","embeddable":true,"href":"https:\/\/luchonoticias.com\/editor\/wp-json\/wp\/v2\/categories?post=74777"},{"taxonomy":"post_tag","embeddable":true,"href":"https:\/\/luchonoticias.com\/editor\/wp-json\/wp\/v2\/tags?post=74777"}],"curies":[{"name":"wp","href":"https:\/\/api.w.org\/{rel}","templated":true}]}}