{"id":74785,"date":"2024-07-09T06:42:53","date_gmt":"2024-07-09T11:42:53","guid":{"rendered":"https:\/\/luchonoticias.com\/?p=74785"},"modified":"2024-07-09T06:42:53","modified_gmt":"2024-07-09T11:42:53","slug":"respaldo-a-alcaldes-y-gobernadores-en-materia-energetica","status":"publish","type":"post","link":"https:\/\/luchonoticias.com\/editor\/respaldo-a-alcaldes-y-gobernadores-en-materia-energetica\/","title":{"rendered":"Respaldo a alcaldes y gobernadores en materia energ\u00e9tica"},"content":{"rendered":"<div>El Ministerio de Minas y Energ\u00eda reiter\u00f3 a los alcaldes y gobernadores del pa\u00eds que pone a su disposici\u00f3n todos los esfuerzos t\u00e9cnicos y de gesti\u00f3n de pol\u00edtica p\u00fablica para acompa\u00f1ar la formulaci\u00f3n de proyectos encaminados a reducir las tarifas de energ\u00eda el\u00e9ctrica, el acceso a la energ\u00eda y el desarrollo de los territorios.<\/div>\n<div><\/div>\n<div>La cartera de Minas y Energ\u00eda inform\u00f3 que, a la fecha, ha recibido 645 postulaciones a Municipios Energ\u00e9ticamente Sostenibles en todo el pa\u00eds, por ello \u201cest\u00e1 evaluando la viabilidad, posibilidades de concurrencia, priorizaci\u00f3n y fuentes de financiaci\u00f3n que permitan el desarrollo de soluciones energ\u00e9ticas en articulaci\u00f3n con los entes territoriales\u201d.<\/div>\n<div><\/div>\n<div>\u201cDe esta forma, el Ministerio de Minas y Energ\u00eda manifiesta su entera disposici\u00f3n para articular programas e iniciativas con los municipios y gobernaciones, poniendo a su servicio el conocimiento t\u00e9cnico y el acompa\u00f1amiento para la estructuraci\u00f3n y acceso al financiamiento de los proyectos de Transici\u00f3n Energ\u00e9tica Justa\u201d, se\u00f1ala la cartera.<\/div>\n<div><\/div>\n<div>El programa Municipios Energ\u00e9ticamente Sostenibles fue creado en febrero pasado por instrucciones del presidente Gustavo Petro, con el prop\u00f3sito de construir la capacidad de generaci\u00f3n el\u00e9ctrica con fuentes renovables en todos los municipios del pa\u00eds. Esto, como parte de la estrategia del Gobierno del Cambio para la reducci\u00f3n de tarifas de la energ\u00eda el\u00e9ctrica y de la ampliaci\u00f3n de la capacidad de generaci\u00f3n renovable en el pa\u00eds, vitales para la Transici\u00f3n Energ\u00e9tica Justa.<\/div>\n<div><\/div>\n<p><strong>Fuentes de financiaci\u00f3n<\/strong><\/p>\n<div><\/div>\n<div>En esa gesti\u00f3n de apoyar la estructuraci\u00f3n de proyectos energ\u00e9ticos con energ\u00edas renovables, la cartera de Minas y Energ\u00eda record\u00f3 a los mandatarios locales y regionales cu\u00e1les son las principales fuentes de recursos disponibles para esa gesti\u00f3n: que pueden financiar la estrategia:<\/div>\n<div><\/div>\n<div><strong>&#8211; Presupuesto de cada entidad territorial:<\/strong>\u00a0los departamentos y alcald\u00edas que hayan destinado recursos dentro de sus planes de desarrollo para financiar los municipios energ\u00e9ticamente sostenibles, pueden formular proyectos de inversi\u00f3n asociados a los productos e indicadores de la Metodolog\u00eda General Ajustada relacionados con las l\u00edneas de Transici\u00f3n Energ\u00e9tica Justa.<\/div>\n<div><\/div>\n<div><strong>&#8211; Obras por Impuestos:<\/strong>\u00a0este mecanismo permite a los contribuyentes, cuyos pagos de renta cumplan las condiciones espec\u00edficas, sustituir parte de estos pagos por ejecuci\u00f3n directa de proyectos de infraestructura en municipios PDET (Programas de Desarrollo con Enfoque Territorial) y ZOMAC (Zonas m\u00e1s afectadas por el Conflicto Armado).<\/div>\n<div><\/div>\n<div><strong>&#8211; Obras por Regal\u00edas:<\/strong>\u00a0son proyectos de inversi\u00f3n financiados bajo la modalidad de acuerdo entre entidades territoriales beneficiarias de asignaciones directas del Sistema General de Regal\u00edas y personas jur\u00eddicas con actividades de explotaci\u00f3n de Recursos Naturales No Renovables en su jurisdicci\u00f3n.<\/div>\n<div><\/div>\n<div><strong>&#8211; FINDETER:<\/strong>\u00a0como banca de desarrollo territorial, actualmente tiene vigentes diferentes l\u00edneas para el financiamiento de proyectos asociados a Comunidades y Municipios Energ\u00e9ticos, entre otras. Estas l\u00edneas est\u00e1n asociadas a cr\u00e9dito directo a entidades territoriales sin requerir participaci\u00f3n de intermediarios financieros (L\u00ednea de recursos ordinarios; L\u00ednea de eficiencia energ\u00e9tica y conectividad virtual).<\/div>\n<div><\/div>\n<div><strong>&#8211; Regal\u00edas:<\/strong>\u00a0desde este mecanismo existen recursos tanto de asignaci\u00f3n directa como de bolsas concursables. Dentro de los recursos relacionados se encuentra el Incentivo a la Producci\u00f3n, cuyas l\u00edneas ser\u00e1n viabilizadas en espec\u00edfico para el desarrollo de proyectos de la Transici\u00f3n Energ\u00e9tica Justa.<\/div>\n<div><\/div>\n<div><strong>&#8211; APP y financiamiento de la banca privada:<\/strong>\u00a0las Asociaciones P\u00fablico- Privadas (APP) en Colombia son una estrategia de colaboraci\u00f3n y concurrencia entre el sector p\u00fablico y el sector privado para desarrollar proyectos de infraestructura y servicios p\u00fablicos, en este caso de energ\u00eda renovable. Esta estrategia permite que el sector privado cofinancie, dise\u00f1e, construya, opere y mantenga proyectos que tradicionalmente eran responsabilidad exclusiva del sector p\u00fablico.<\/div>\n<div><\/div>\n<div>\u201cHemos dispuesto un equipo de trabajo dedicado a la estructuraci\u00f3n, viabilizaci\u00f3n y acompa\u00f1amiento en la construcci\u00f3n de soluciones energ\u00e9ticas sostenibles en predios p\u00fablicos para conformar Municipios Energ\u00e9ticos, especialmente en el Caribe. Tambi\u00e9n avanzamos en la construcci\u00f3n de Comunidades Energ\u00e9ticas en todo el pa\u00eds, cuyas \u00faltimas inauguraciones se realizaron en Montes de Mar\u00eda\u201d, destac\u00f3 el Ministerio de Minas y Energ\u00eda.<\/div>\n<div><\/div>\n<div>Y concluy\u00f3 que los gastos en que incurren alcald\u00edas y gobernaciones en el pago de facturas de energ\u00eda el\u00e9ctrica pueden ser orientados a la inversi\u00f3n de los proyectos de municipios energ\u00e9ticamente sostenibles.<\/div>\n","protected":false},"excerpt":{"rendered":"<p>A la fecha, el Ministerio de Minas y Energ\u00eda ha recibido 645 postulaciones al programa Municipios Energ\u00e9ticamente Sostenibles.<\/p>\n","protected":false},"author":2,"featured_media":74786,"comment_status":"closed","ping_status":"open","sticky":false,"template":"","format":"standard","meta":{"footnotes":""},"categories":[28],"tags":[],"class_list":["post-74785","post","type-post","status-publish","format-standard","has-post-thumbnail","hentry","category-actualidad"],"yoast_head":"<!-- This site is optimized with the Yoast SEO plugin v26.6 - https:\/\/yoast.com\/wordpress\/plugins\/seo\/ -->\n<title>Respaldo a alcaldes y gobernadores en materia energ\u00e9tica -<\/title>\n<meta name=\"description\" content=\"A la fecha, el Ministerio de Minas y Energ\u00eda ha recibido 645 postulaciones al programa Municipios Energ\u00e9ticamente Sostenibles.\" \/>\n<meta name=\"robots\" content=\"index, follow, max-snippet:-1, max-image-preview:large, max-video-preview:-1\" \/>\n<link rel=\"canonical\" href=\"https:\/\/luchonoticias.com\/editor\/respaldo-a-alcaldes-y-gobernadores-en-materia-energetica\/\" \/>\n<meta property=\"og:locale\" content=\"es_ES\" \/>\n<meta property=\"og:type\" content=\"article\" \/>\n<meta property=\"og:title\" content=\"Respaldo a alcaldes y gobernadores en materia energ\u00e9tica -\" \/>\n<meta property=\"og:description\" content=\"A la fecha, el Ministerio de Minas y Energ\u00eda ha recibido 645 postulaciones al programa Municipios Energ\u00e9ticamente Sostenibles.\" \/>\n<meta property=\"og:url\" content=\"https:\/\/luchonoticias.com\/editor\/respaldo-a-alcaldes-y-gobernadores-en-materia-energetica\/\" \/>\n<meta property=\"article:publisher\" content=\"https:\/\/www.facebook.com\/luchonoticiasneiva\" \/>\n<meta property=\"article:published_time\" content=\"2024-07-09T11:42:53+00:00\" \/>\n<meta property=\"og:image\" content=\"https:\/\/luchonoticias.com\/editor\/wp-content\/uploads\/2024\/07\/energia-sostenible.jpg\" \/>\n\t<meta property=\"og:image:width\" content=\"700\" \/>\n\t<meta property=\"og:image:height\" content=\"400\" \/>\n\t<meta property=\"og:image:type\" content=\"image\/jpeg\" \/>\n<meta name=\"author\" content=\"Editor General\" \/>\n<meta name=\"twitter:card\" content=\"summary_large_image\" \/>\n<meta name=\"twitter:label1\" content=\"Escrito por\" \/>\n\t<meta name=\"twitter:data1\" content=\"Editor General\" \/>\n\t<meta name=\"twitter:label2\" content=\"Tiempo de lectura\" \/>\n\t<meta name=\"twitter:data2\" content=\"4 minutos\" \/>\n<script type=\"application\/ld+json\" class=\"yoast-schema-graph\">{\"@context\":\"https:\/\/schema.org\",\"@graph\":[{\"@type\":\"Article\",\"@id\":\"https:\/\/luchonoticias.com\/editor\/respaldo-a-alcaldes-y-gobernadores-en-materia-energetica\/#article\",\"isPartOf\":{\"@id\":\"https:\/\/luchonoticias.com\/editor\/respaldo-a-alcaldes-y-gobernadores-en-materia-energetica\/\"},\"author\":{\"name\":\"Editor General\",\"@id\":\"https:\/\/luchonoticias.com\/editor\/#\/schema\/person\/29217990ddf6f14e35912b2866d591fb\"},\"headline\":\"Respaldo a alcaldes y gobernadores en materia energ\u00e9tica\",\"datePublished\":\"2024-07-09T11:42:53+00:00\",\"mainEntityOfPage\":{\"@id\":\"https:\/\/luchonoticias.com\/editor\/respaldo-a-alcaldes-y-gobernadores-en-materia-energetica\/\"},\"wordCount\":777,\"publisher\":{\"@id\":\"https:\/\/luchonoticias.com\/editor\/#\/schema\/person\/7a7fd911f58561fd056dbac7b55af9cd\"},\"image\":{\"@id\":\"https:\/\/luchonoticias.com\/editor\/respaldo-a-alcaldes-y-gobernadores-en-materia-energetica\/#primaryimage\"},\"thumbnailUrl\":\"https:\/\/luchonoticias.com\/editor\/wp-content\/uploads\/2024\/07\/energia-sostenible.jpg\",\"articleSection\":[\"Actualidad\"],\"inLanguage\":\"es\"},{\"@type\":\"WebPage\",\"@id\":\"https:\/\/luchonoticias.com\/editor\/respaldo-a-alcaldes-y-gobernadores-en-materia-energetica\/\",\"url\":\"https:\/\/luchonoticias.com\/editor\/respaldo-a-alcaldes-y-gobernadores-en-materia-energetica\/\",\"name\":\"Respaldo a alcaldes y gobernadores en materia energ\u00e9tica -\",\"isPartOf\":{\"@id\":\"https:\/\/luchonoticias.com\/editor\/#website\"},\"primaryImageOfPage\":{\"@id\":\"https:\/\/luchonoticias.com\/editor\/respaldo-a-alcaldes-y-gobernadores-en-materia-energetica\/#primaryimage\"},\"image\":{\"@id\":\"https:\/\/luchonoticias.com\/editor\/respaldo-a-alcaldes-y-gobernadores-en-materia-energetica\/#primaryimage\"},\"thumbnailUrl\":\"https:\/\/luchonoticias.com\/editor\/wp-content\/uploads\/2024\/07\/energia-sostenible.jpg\",\"datePublished\":\"2024-07-09T11:42:53+00:00\",\"description\":\"A la fecha, el Ministerio de Minas y Energ\u00eda ha recibido 645 postulaciones al programa Municipios Energ\u00e9ticamente Sostenibles.\",\"breadcrumb\":{\"@id\":\"https:\/\/luchonoticias.com\/editor\/respaldo-a-alcaldes-y-gobernadores-en-materia-energetica\/#breadcrumb\"},\"inLanguage\":\"es\",\"potentialAction\":[{\"@type\":\"ReadAction\",\"target\":[\"https:\/\/luchonoticias.com\/editor\/respaldo-a-alcaldes-y-gobernadores-en-materia-energetica\/\"]}]},{\"@type\":\"ImageObject\",\"inLanguage\":\"es\",\"@id\":\"https:\/\/luchonoticias.com\/editor\/respaldo-a-alcaldes-y-gobernadores-en-materia-energetica\/#primaryimage\",\"url\":\"https:\/\/luchonoticias.com\/editor\/wp-content\/uploads\/2024\/07\/energia-sostenible.jpg\",\"contentUrl\":\"https:\/\/luchonoticias.com\/editor\/wp-content\/uploads\/2024\/07\/energia-sostenible.jpg\",\"width\":700,\"height\":400},{\"@type\":\"BreadcrumbList\",\"@id\":\"https:\/\/luchonoticias.com\/editor\/respaldo-a-alcaldes-y-gobernadores-en-materia-energetica\/#breadcrumb\",\"itemListElement\":[{\"@type\":\"ListItem\",\"position\":1,\"name\":\"Portada\",\"item\":\"https:\/\/luchonoticias.com\/editor\/\"},{\"@type\":\"ListItem\",\"position\":2,\"name\":\"Respaldo a alcaldes y gobernadores en materia energ\u00e9tica\"}]},{\"@type\":\"WebSite\",\"@id\":\"https:\/\/luchonoticias.com\/editor\/#website\",\"url\":\"https:\/\/luchonoticias.com\/editor\/\",\"name\":\"\",\"description\":\"\",\"publisher\":{\"@id\":\"https:\/\/luchonoticias.com\/editor\/#\/schema\/person\/7a7fd911f58561fd056dbac7b55af9cd\"},\"potentialAction\":[{\"@type\":\"SearchAction\",\"target\":{\"@type\":\"EntryPoint\",\"urlTemplate\":\"https:\/\/luchonoticias.com\/editor\/?s={search_term_string}\"},\"query-input\":{\"@type\":\"PropertyValueSpecification\",\"valueRequired\":true,\"valueName\":\"search_term_string\"}}],\"inLanguage\":\"es\"},{\"@type\":[\"Person\",\"Organization\"],\"@id\":\"https:\/\/luchonoticias.com\/editor\/#\/schema\/person\/7a7fd911f58561fd056dbac7b55af9cd\",\"name\":\"admin\",\"image\":{\"@type\":\"ImageObject\",\"inLanguage\":\"es\",\"@id\":\"https:\/\/luchonoticias.com\/editor\/#\/schema\/person\/image\/\",\"url\":\"https:\/\/luchonoticias.com\/editor\/wp-content\/uploads\/2024\/02\/cropped-cropped-logolu.webp\",\"contentUrl\":\"https:\/\/luchonoticias.com\/editor\/wp-content\/uploads\/2024\/02\/cropped-cropped-logolu.webp\",\"width\":382,\"height\":170,\"caption\":\"admin\"},\"logo\":{\"@id\":\"https:\/\/luchonoticias.com\/editor\/#\/schema\/person\/image\/\"},\"sameAs\":[\"https:\/\/www.facebook.com\/luchonoticiasneiva\"]},{\"@type\":\"Person\",\"@id\":\"https:\/\/luchonoticias.com\/editor\/#\/schema\/person\/29217990ddf6f14e35912b2866d591fb\",\"name\":\"Editor General\",\"image\":{\"@type\":\"ImageObject\",\"inLanguage\":\"es\",\"@id\":\"https:\/\/luchonoticias.com\/editor\/#\/schema\/person\/image\/\",\"url\":\"https:\/\/luchonoticias.com\/editor\/wp-content\/uploads\/2024\/02\/cropped-cropped-logolu-150x150.webp\",\"contentUrl\":\"https:\/\/luchonoticias.com\/editor\/wp-content\/uploads\/2024\/02\/cropped-cropped-logolu-150x150.webp\",\"caption\":\"Editor General\"},\"sameAs\":[\"https:\/\/luchonoticias.com\/\"],\"url\":\"https:\/\/luchonoticias.com\/editor\/author\/editor-general\/\"}]}<\/script>\n<!-- \/ Yoast SEO plugin. -->","yoast_head_json":{"title":"Respaldo a alcaldes y gobernadores en materia energ\u00e9tica -","description":"A la fecha, el Ministerio de Minas y Energ\u00eda ha recibido 645 postulaciones al programa Municipios Energ\u00e9ticamente Sostenibles.","robots":{"index":"index","follow":"follow","max-snippet":"max-snippet:-1","max-image-preview":"max-image-preview:large","max-video-preview":"max-video-preview:-1"},"canonical":"https:\/\/luchonoticias.com\/editor\/respaldo-a-alcaldes-y-gobernadores-en-materia-energetica\/","og_locale":"es_ES","og_type":"article","og_title":"Respaldo a alcaldes y gobernadores en materia energ\u00e9tica -","og_description":"A la fecha, el Ministerio de Minas y Energ\u00eda ha recibido 645 postulaciones al programa Municipios Energ\u00e9ticamente Sostenibles.","og_url":"https:\/\/luchonoticias.com\/editor\/respaldo-a-alcaldes-y-gobernadores-en-materia-energetica\/","article_publisher":"https:\/\/www.facebook.com\/luchonoticiasneiva","article_published_time":"2024-07-09T11:42:53+00:00","og_image":[{"width":700,"height":400,"url":"https:\/\/luchonoticias.com\/editor\/wp-content\/uploads\/2024\/07\/energia-sostenible.jpg","type":"image\/jpeg"}],"author":"Editor General","twitter_card":"summary_large_image","twitter_misc":{"Escrito por":"Editor General","Tiempo de lectura":"4 minutos"},"schema":{"@context":"https:\/\/schema.org","@graph":[{"@type":"Article","@id":"https:\/\/luchonoticias.com\/editor\/respaldo-a-alcaldes-y-gobernadores-en-materia-energetica\/#article","isPartOf":{"@id":"https:\/\/luchonoticias.com\/editor\/respaldo-a-alcaldes-y-gobernadores-en-materia-energetica\/"},"author":{"name":"Editor General","@id":"https:\/\/luchonoticias.com\/editor\/#\/schema\/person\/29217990ddf6f14e35912b2866d591fb"},"headline":"Respaldo a alcaldes y gobernadores en materia energ\u00e9tica","datePublished":"2024-07-09T11:42:53+00:00","mainEntityOfPage":{"@id":"https:\/\/luchonoticias.com\/editor\/respaldo-a-alcaldes-y-gobernadores-en-materia-energetica\/"},"wordCount":777,"publisher":{"@id":"https:\/\/luchonoticias.com\/editor\/#\/schema\/person\/7a7fd911f58561fd056dbac7b55af9cd"},"image":{"@id":"https:\/\/luchonoticias.com\/editor\/respaldo-a-alcaldes-y-gobernadores-en-materia-energetica\/#primaryimage"},"thumbnailUrl":"https:\/\/luchonoticias.com\/editor\/wp-content\/uploads\/2024\/07\/energia-sostenible.jpg","articleSection":["Actualidad"],"inLanguage":"es"},{"@type":"WebPage","@id":"https:\/\/luchonoticias.com\/editor\/respaldo-a-alcaldes-y-gobernadores-en-materia-energetica\/","url":"https:\/\/luchonoticias.com\/editor\/respaldo-a-alcaldes-y-gobernadores-en-materia-energetica\/","name":"Respaldo a alcaldes y gobernadores en materia energ\u00e9tica -","isPartOf":{"@id":"https:\/\/luchonoticias.com\/editor\/#website"},"primaryImageOfPage":{"@id":"https:\/\/luchonoticias.com\/editor\/respaldo-a-alcaldes-y-gobernadores-en-materia-energetica\/#primaryimage"},"image":{"@id":"https:\/\/luchonoticias.com\/editor\/respaldo-a-alcaldes-y-gobernadores-en-materia-energetica\/#primaryimage"},"thumbnailUrl":"https:\/\/luchonoticias.com\/editor\/wp-content\/uploads\/2024\/07\/energia-sostenible.jpg","datePublished":"2024-07-09T11:42:53+00:00","description":"A la fecha, el Ministerio de Minas y Energ\u00eda ha recibido 645 postulaciones al programa Municipios Energ\u00e9ticamente Sostenibles.","breadcrumb":{"@id":"https:\/\/luchonoticias.com\/editor\/respaldo-a-alcaldes-y-gobernadores-en-materia-energetica\/#breadcrumb"},"inLanguage":"es","potentialAction":[{"@type":"ReadAction","target":["https:\/\/luchonoticias.com\/editor\/respaldo-a-alcaldes-y-gobernadores-en-materia-energetica\/"]}]},{"@type":"ImageObject","inLanguage":"es","@id":"https:\/\/luchonoticias.com\/editor\/respaldo-a-alcaldes-y-gobernadores-en-materia-energetica\/#primaryimage","url":"https:\/\/luchonoticias.com\/editor\/wp-content\/uploads\/2024\/07\/energia-sostenible.jpg","contentUrl":"https:\/\/luchonoticias.com\/editor\/wp-content\/uploads\/2024\/07\/energia-sostenible.jpg","width":700,"height":400},{"@type":"BreadcrumbList","@id":"https:\/\/luchonoticias.com\/editor\/respaldo-a-alcaldes-y-gobernadores-en-materia-energetica\/#breadcrumb","itemListElement":[{"@type":"ListItem","position":1,"name":"Portada","item":"https:\/\/luchonoticias.com\/editor\/"},{"@type":"ListItem","position":2,"name":"Respaldo a alcaldes y gobernadores en materia energ\u00e9tica"}]},{"@type":"WebSite","@id":"https:\/\/luchonoticias.com\/editor\/#website","url":"https:\/\/luchonoticias.com\/editor\/","name":"","description":"","publisher":{"@id":"https:\/\/luchonoticias.com\/editor\/#\/schema\/person\/7a7fd911f58561fd056dbac7b55af9cd"},"potentialAction":[{"@type":"SearchAction","target":{"@type":"EntryPoint","urlTemplate":"https:\/\/luchonoticias.com\/editor\/?s={search_term_string}"},"query-input":{"@type":"PropertyValueSpecification","valueRequired":true,"valueName":"search_term_string"}}],"inLanguage":"es"},{"@type":["Person","Organization"],"@id":"https:\/\/luchonoticias.com\/editor\/#\/schema\/person\/7a7fd911f58561fd056dbac7b55af9cd","name":"admin","image":{"@type":"ImageObject","inLanguage":"es","@id":"https:\/\/luchonoticias.com\/editor\/#\/schema\/person\/image\/","url":"https:\/\/luchonoticias.com\/editor\/wp-content\/uploads\/2024\/02\/cropped-cropped-logolu.webp","contentUrl":"https:\/\/luchonoticias.com\/editor\/wp-content\/uploads\/2024\/02\/cropped-cropped-logolu.webp","width":382,"height":170,"caption":"admin"},"logo":{"@id":"https:\/\/luchonoticias.com\/editor\/#\/schema\/person\/image\/"},"sameAs":["https:\/\/www.facebook.com\/luchonoticiasneiva"]},{"@type":"Person","@id":"https:\/\/luchonoticias.com\/editor\/#\/schema\/person\/29217990ddf6f14e35912b2866d591fb","name":"Editor General","image":{"@type":"ImageObject","inLanguage":"es","@id":"https:\/\/luchonoticias.com\/editor\/#\/schema\/person\/image\/","url":"https:\/\/luchonoticias.com\/editor\/wp-content\/uploads\/2024\/02\/cropped-cropped-logolu-150x150.webp","contentUrl":"https:\/\/luchonoticias.com\/editor\/wp-content\/uploads\/2024\/02\/cropped-cropped-logolu-150x150.webp","caption":"Editor General"},"sameAs":["https:\/\/luchonoticias.com\/"],"url":"https:\/\/luchonoticias.com\/editor\/author\/editor-general\/"}]}},"_links":{"self":[{"href":"https:\/\/luchonoticias.com\/editor\/wp-json\/wp\/v2\/posts\/74785","targetHints":{"allow":["GET"]}}],"collection":[{"href":"https:\/\/luchonoticias.com\/editor\/wp-json\/wp\/v2\/posts"}],"about":[{"href":"https:\/\/luchonoticias.com\/editor\/wp-json\/wp\/v2\/types\/post"}],"author":[{"embeddable":true,"href":"https:\/\/luchonoticias.com\/editor\/wp-json\/wp\/v2\/users\/2"}],"replies":[{"embeddable":true,"href":"https:\/\/luchonoticias.com\/editor\/wp-json\/wp\/v2\/comments?post=74785"}],"version-history":[{"count":1,"href":"https:\/\/luchonoticias.com\/editor\/wp-json\/wp\/v2\/posts\/74785\/revisions"}],"predecessor-version":[{"id":74787,"href":"https:\/\/luchonoticias.com\/editor\/wp-json\/wp\/v2\/posts\/74785\/revisions\/74787"}],"wp:featuredmedia":[{"embeddable":true,"href":"https:\/\/luchonoticias.com\/editor\/wp-json\/wp\/v2\/media\/74786"}],"wp:attachment":[{"href":"https:\/\/luchonoticias.com\/editor\/wp-json\/wp\/v2\/media?parent=74785"}],"wp:term":[{"taxonomy":"category","embeddable":true,"href":"https:\/\/luchonoticias.com\/editor\/wp-json\/wp\/v2\/categories?post=74785"},{"taxonomy":"post_tag","embeddable":true,"href":"https:\/\/luchonoticias.com\/editor\/wp-json\/wp\/v2\/tags?post=74785"}],"curies":[{"name":"wp","href":"https:\/\/api.w.org\/{rel}","templated":true}]}}