{"id":74788,"date":"2024-07-09T06:46:15","date_gmt":"2024-07-09T11:46:15","guid":{"rendered":"https:\/\/luchonoticias.com\/?p=74788"},"modified":"2024-07-09T06:46:15","modified_gmt":"2024-07-09T11:46:15","slug":"posesionados-nuevos-ministros","status":"publish","type":"post","link":"https:\/\/luchonoticias.com\/editor\/posesionados-nuevos-ministros\/","title":{"rendered":"Posesionados nuevos ministros"},"content":{"rendered":"<p>El presidente Gustavo Petro Urrego posesion\u00f3 este lunes en la Casa de Nari\u00f1o a los ministros del Interior, Justicia, Transporte y Agricultura, a quienes inst\u00f3 a dar la gran batalla por el cambio con una mirada internacional y global.<\/p>\n<p>\u201cEspero a mujeres y hombres que den la batalla por el cambio. Hay que darla, incluso desde una mirada internacional y global. La mirada global es fundamental para lo local. Igual que lo local para lo global. Ya esa diferenciaci\u00f3n no existe. En un mundo global no mirar el mundo es suicidio y nosotros tenemos que mirar el mundo\u00bb, enfatiz\u00f3.<\/p>\n<p>En ese contexto, el presidente Petro posesion\u00f3 al ministro del Interior, Juan Fernando Cristo; a la ministra de Justicia y del Derecho, \u00c1ngela Mar\u00eda Buitrago; a la ministra de Agricultura y Desarrollo Rural, Mart\u200bha Carvajalino, y a la ministra de Transporte, Mar\u00eda Constanza Garc\u00eda.<\/p>\n<p>El jefe de Estado tambi\u00e9n posesion\u00f3 a la nueva directora de la Unidad para la Atenci\u00f3n y Reparaci\u00f3n Integral a las V\u00edctimas, Lilia Clemencia Solano, y al nuevo director de la Agencia Nacional de Defensa Jur\u00eddica del Estado, C\u00e9sar Palomino.<\/p>\n<p>Asimismo, dio a conocer las razones por las cuales tom\u00f3 la decisi\u00f3n de realizar cambios en su equipo de gobierno.<\/p>\n<p>\u201cEstamos examinando cifras, n\u00fameros, ciertas complejidades t\u00e9cnicas, que en realidad son pol\u00edticas. \u00bfPor qu\u00e9 raz\u00f3n un cambio de gabinete dr\u00e1stico en casi la mitad del Gobierno? En realidad, porque estamos reparando errores y detectando problemas estrat\u00e9gicos\u00bb, indic\u00f3.<\/p>\n<p><strong>Llamado al Congreso a cambiar\u200b\u200b leyes<\/strong><\/p>\n<p>El mandatario tambi\u00e9n hizo un llamado a asumir la responsabilidad hist\u00f3rica de cambiar leyes para, entre otros objetivos, reactivar la econom\u00eda del pa\u00eds.<\/p>\n<p>\u201cPara poder buscar las soluciones, como el programa de reactivaci\u00f3n econ\u00f3mica que ser\u00e1 presentado al Congreso, estamos invitando al Congreso a jugar un papel \u2014no enredarse en el chantaje, porque ah\u00ed pierde Colombia\u2014 y los partidos pol\u00edticos tienen que asumir una responsabilidad hist\u00f3rica\u00bb, dijo.<\/p>\n<p>En el mismo sentido agreg\u00f3: \u201cHay que cambiar leyes que no nos sirven. La reactivaci\u00f3n econ\u00f3mica depende de varias de esas leyes\u00bb.<\/p>\n<p>El presidente Petro tambi\u00e9n se refiri\u00f3 a las deudas heredadas y dejadas de forma intencional por el Gobierno anterior.<\/p>\n<p>\u201cLo que estamos observando es un crecimiento sustancial de la deuda hecha en el gobierno pasado. A Colombia literalmente la sobreendeudaron\u00bb, sostuvo.<\/p>\n<p>El jefe de Estado afirm\u00f3 que \u201cla experiencia que he visto en estos dos a\u00f1os que no acaban, es que pasamos de 75 billones de pagos de deuda externa e interna a 112 billones en dos a\u00f1os. No es porque nos endeudamos m\u00e1s nosotros. Es porque desataron un mecanismo infernal al endeudarse supuestamente por el covid\u00bb.<\/p>\n<p>Esto por cuanto, explic\u00f3, \u201cbuena parte de esta deuda tiene que ver con pagar autopistas 4G y otros endeudamientos con el gran capital, como los subsidios que se dan a las grandes generadoras el\u00e9ctricas, como no asumir quitar los subsidios a los combustibles f\u00f3siles, todas las cifras que suman 10 billones, 40 billones en el caso del sobreendeudamiento\u00bb.<\/p>\n","protected":false},"excerpt":{"rendered":"<p>El presidente Petro posesion\u00f3 al ministro del Interior, Juan Fernando Cristo; a la ministra de Justicia y del Derecho, \u00c1ngela Mar\u00eda Buitrago; a la ministra de Agricultura y Desarrollo Rural, Mart ha Carvajalino, y a la ministra de Transporte, Mar\u00eda Constanza Garc\u00eda.<\/p>\n","protected":false},"author":2,"featured_media":74789,"comment_status":"closed","ping_status":"open","sticky":false,"template":"","format":"standard","meta":{"footnotes":""},"categories":[28],"tags":[],"class_list":["post-74788","post","type-post","status-publish","format-standard","has-post-thumbnail","hentry","category-actualidad"],"yoast_head":"<!-- This site is optimized with the Yoast SEO plugin v26.6 - https:\/\/yoast.com\/wordpress\/plugins\/seo\/ -->\n<title>Posesionados nuevos ministros -<\/title>\n<meta name=\"description\" content=\"El presidente Petro posesion\u00f3 al ministro del Interior, Juan Fernando Cristo; a la ministra de Justicia y del Derecho, \u00c1ngela Mar\u00eda Buitrago; a la ministra de Agricultura y Desarrollo Rural, Mart ha Carvajalino, y a la ministra de Transporte, Mar\u00eda Constanza Garc\u00eda.\" \/>\n<meta name=\"robots\" content=\"index, follow, max-snippet:-1, max-image-preview:large, max-video-preview:-1\" \/>\n<link rel=\"canonical\" href=\"https:\/\/luchonoticias.com\/editor\/posesionados-nuevos-ministros\/\" \/>\n<meta property=\"og:locale\" content=\"es_ES\" \/>\n<meta property=\"og:type\" content=\"article\" \/>\n<meta property=\"og:title\" content=\"Posesionados nuevos ministros -\" \/>\n<meta property=\"og:description\" content=\"El presidente Petro posesion\u00f3 al ministro del Interior, Juan Fernando Cristo; a la ministra de Justicia y del Derecho, \u00c1ngela Mar\u00eda Buitrago; a la ministra de Agricultura y Desarrollo Rural, Mart ha Carvajalino, y a la ministra de Transporte, Mar\u00eda Constanza Garc\u00eda.\" \/>\n<meta property=\"og:url\" content=\"https:\/\/luchonoticias.com\/editor\/posesionados-nuevos-ministros\/\" \/>\n<meta property=\"article:publisher\" content=\"https:\/\/www.facebook.com\/luchonoticiasneiva\" \/>\n<meta property=\"article:published_time\" content=\"2024-07-09T11:46:15+00:00\" \/>\n<meta property=\"og:image\" content=\"https:\/\/luchonoticias.com\/editor\/wp-content\/uploads\/2024\/07\/ministros.jpg\" \/>\n\t<meta property=\"og:image:width\" content=\"700\" \/>\n\t<meta property=\"og:image:height\" content=\"400\" \/>\n\t<meta property=\"og:image:type\" content=\"image\/jpeg\" \/>\n<meta name=\"author\" content=\"Editor General\" \/>\n<meta name=\"twitter:card\" content=\"summary_large_image\" \/>\n<meta name=\"twitter:label1\" content=\"Escrito por\" \/>\n\t<meta name=\"twitter:data1\" content=\"Editor General\" \/>\n\t<meta name=\"twitter:label2\" content=\"Tiempo de lectura\" \/>\n\t<meta name=\"twitter:data2\" content=\"3 minutos\" \/>\n<script type=\"application\/ld+json\" class=\"yoast-schema-graph\">{\"@context\":\"https:\/\/schema.org\",\"@graph\":[{\"@type\":\"Article\",\"@id\":\"https:\/\/luchonoticias.com\/editor\/posesionados-nuevos-ministros\/#article\",\"isPartOf\":{\"@id\":\"https:\/\/luchonoticias.com\/editor\/posesionados-nuevos-ministros\/\"},\"author\":{\"name\":\"Editor General\",\"@id\":\"https:\/\/luchonoticias.com\/editor\/#\/schema\/person\/29217990ddf6f14e35912b2866d591fb\"},\"headline\":\"Posesionados nuevos ministros\",\"datePublished\":\"2024-07-09T11:46:15+00:00\",\"mainEntityOfPage\":{\"@id\":\"https:\/\/luchonoticias.com\/editor\/posesionados-nuevos-ministros\/\"},\"wordCount\":524,\"publisher\":{\"@id\":\"https:\/\/luchonoticias.com\/editor\/#\/schema\/person\/7a7fd911f58561fd056dbac7b55af9cd\"},\"image\":{\"@id\":\"https:\/\/luchonoticias.com\/editor\/posesionados-nuevos-ministros\/#primaryimage\"},\"thumbnailUrl\":\"https:\/\/luchonoticias.com\/editor\/wp-content\/uploads\/2024\/07\/ministros.jpg\",\"articleSection\":[\"Actualidad\"],\"inLanguage\":\"es\"},{\"@type\":\"WebPage\",\"@id\":\"https:\/\/luchonoticias.com\/editor\/posesionados-nuevos-ministros\/\",\"url\":\"https:\/\/luchonoticias.com\/editor\/posesionados-nuevos-ministros\/\",\"name\":\"Posesionados nuevos ministros -\",\"isPartOf\":{\"@id\":\"https:\/\/luchonoticias.com\/editor\/#website\"},\"primaryImageOfPage\":{\"@id\":\"https:\/\/luchonoticias.com\/editor\/posesionados-nuevos-ministros\/#primaryimage\"},\"image\":{\"@id\":\"https:\/\/luchonoticias.com\/editor\/posesionados-nuevos-ministros\/#primaryimage\"},\"thumbnailUrl\":\"https:\/\/luchonoticias.com\/editor\/wp-content\/uploads\/2024\/07\/ministros.jpg\",\"datePublished\":\"2024-07-09T11:46:15+00:00\",\"description\":\"El presidente Petro posesion\u00f3 al ministro del Interior, Juan Fernando Cristo; a la ministra de Justicia y del Derecho, \u00c1ngela Mar\u00eda Buitrago; a la ministra de Agricultura y Desarrollo Rural, Mart ha Carvajalino, y a la ministra de Transporte, Mar\u00eda Constanza Garc\u00eda.\",\"breadcrumb\":{\"@id\":\"https:\/\/luchonoticias.com\/editor\/posesionados-nuevos-ministros\/#breadcrumb\"},\"inLanguage\":\"es\",\"potentialAction\":[{\"@type\":\"ReadAction\",\"target\":[\"https:\/\/luchonoticias.com\/editor\/posesionados-nuevos-ministros\/\"]}]},{\"@type\":\"ImageObject\",\"inLanguage\":\"es\",\"@id\":\"https:\/\/luchonoticias.com\/editor\/posesionados-nuevos-ministros\/#primaryimage\",\"url\":\"https:\/\/luchonoticias.com\/editor\/wp-content\/uploads\/2024\/07\/ministros.jpg\",\"contentUrl\":\"https:\/\/luchonoticias.com\/editor\/wp-content\/uploads\/2024\/07\/ministros.jpg\",\"width\":700,\"height\":400},{\"@type\":\"BreadcrumbList\",\"@id\":\"https:\/\/luchonoticias.com\/editor\/posesionados-nuevos-ministros\/#breadcrumb\",\"itemListElement\":[{\"@type\":\"ListItem\",\"position\":1,\"name\":\"Portada\",\"item\":\"https:\/\/luchonoticias.com\/editor\/\"},{\"@type\":\"ListItem\",\"position\":2,\"name\":\"Posesionados nuevos ministros\"}]},{\"@type\":\"WebSite\",\"@id\":\"https:\/\/luchonoticias.com\/editor\/#website\",\"url\":\"https:\/\/luchonoticias.com\/editor\/\",\"name\":\"\",\"description\":\"\",\"publisher\":{\"@id\":\"https:\/\/luchonoticias.com\/editor\/#\/schema\/person\/7a7fd911f58561fd056dbac7b55af9cd\"},\"potentialAction\":[{\"@type\":\"SearchAction\",\"target\":{\"@type\":\"EntryPoint\",\"urlTemplate\":\"https:\/\/luchonoticias.com\/editor\/?s={search_term_string}\"},\"query-input\":{\"@type\":\"PropertyValueSpecification\",\"valueRequired\":true,\"valueName\":\"search_term_string\"}}],\"inLanguage\":\"es\"},{\"@type\":[\"Person\",\"Organization\"],\"@id\":\"https:\/\/luchonoticias.com\/editor\/#\/schema\/person\/7a7fd911f58561fd056dbac7b55af9cd\",\"name\":\"admin\",\"image\":{\"@type\":\"ImageObject\",\"inLanguage\":\"es\",\"@id\":\"https:\/\/luchonoticias.com\/editor\/#\/schema\/person\/image\/\",\"url\":\"https:\/\/luchonoticias.com\/editor\/wp-content\/uploads\/2024\/02\/cropped-cropped-logolu.webp\",\"contentUrl\":\"https:\/\/luchonoticias.com\/editor\/wp-content\/uploads\/2024\/02\/cropped-cropped-logolu.webp\",\"width\":382,\"height\":170,\"caption\":\"admin\"},\"logo\":{\"@id\":\"https:\/\/luchonoticias.com\/editor\/#\/schema\/person\/image\/\"},\"sameAs\":[\"https:\/\/www.facebook.com\/luchonoticiasneiva\"]},{\"@type\":\"Person\",\"@id\":\"https:\/\/luchonoticias.com\/editor\/#\/schema\/person\/29217990ddf6f14e35912b2866d591fb\",\"name\":\"Editor General\",\"image\":{\"@type\":\"ImageObject\",\"inLanguage\":\"es\",\"@id\":\"https:\/\/luchonoticias.com\/editor\/#\/schema\/person\/image\/\",\"url\":\"https:\/\/luchonoticias.com\/editor\/wp-content\/uploads\/2024\/02\/cropped-cropped-logolu-150x150.webp\",\"contentUrl\":\"https:\/\/luchonoticias.com\/editor\/wp-content\/uploads\/2024\/02\/cropped-cropped-logolu-150x150.webp\",\"caption\":\"Editor General\"},\"sameAs\":[\"https:\/\/luchonoticias.com\/\"],\"url\":\"https:\/\/luchonoticias.com\/editor\/author\/editor-general\/\"}]}<\/script>\n<!-- \/ Yoast SEO plugin. -->","yoast_head_json":{"title":"Posesionados nuevos ministros -","description":"El presidente Petro posesion\u00f3 al ministro del Interior, Juan Fernando Cristo; a la ministra de Justicia y del Derecho, \u00c1ngela Mar\u00eda Buitrago; a la ministra de Agricultura y Desarrollo Rural, Mart ha Carvajalino, y a la ministra de Transporte, Mar\u00eda Constanza Garc\u00eda.","robots":{"index":"index","follow":"follow","max-snippet":"max-snippet:-1","max-image-preview":"max-image-preview:large","max-video-preview":"max-video-preview:-1"},"canonical":"https:\/\/luchonoticias.com\/editor\/posesionados-nuevos-ministros\/","og_locale":"es_ES","og_type":"article","og_title":"Posesionados nuevos ministros -","og_description":"El presidente Petro posesion\u00f3 al ministro del Interior, Juan Fernando Cristo; a la ministra de Justicia y del Derecho, \u00c1ngela Mar\u00eda Buitrago; a la ministra de Agricultura y Desarrollo Rural, Mart ha Carvajalino, y a la ministra de Transporte, Mar\u00eda Constanza Garc\u00eda.","og_url":"https:\/\/luchonoticias.com\/editor\/posesionados-nuevos-ministros\/","article_publisher":"https:\/\/www.facebook.com\/luchonoticiasneiva","article_published_time":"2024-07-09T11:46:15+00:00","og_image":[{"width":700,"height":400,"url":"https:\/\/luchonoticias.com\/editor\/wp-content\/uploads\/2024\/07\/ministros.jpg","type":"image\/jpeg"}],"author":"Editor General","twitter_card":"summary_large_image","twitter_misc":{"Escrito por":"Editor General","Tiempo de lectura":"3 minutos"},"schema":{"@context":"https:\/\/schema.org","@graph":[{"@type":"Article","@id":"https:\/\/luchonoticias.com\/editor\/posesionados-nuevos-ministros\/#article","isPartOf":{"@id":"https:\/\/luchonoticias.com\/editor\/posesionados-nuevos-ministros\/"},"author":{"name":"Editor General","@id":"https:\/\/luchonoticias.com\/editor\/#\/schema\/person\/29217990ddf6f14e35912b2866d591fb"},"headline":"Posesionados nuevos ministros","datePublished":"2024-07-09T11:46:15+00:00","mainEntityOfPage":{"@id":"https:\/\/luchonoticias.com\/editor\/posesionados-nuevos-ministros\/"},"wordCount":524,"publisher":{"@id":"https:\/\/luchonoticias.com\/editor\/#\/schema\/person\/7a7fd911f58561fd056dbac7b55af9cd"},"image":{"@id":"https:\/\/luchonoticias.com\/editor\/posesionados-nuevos-ministros\/#primaryimage"},"thumbnailUrl":"https:\/\/luchonoticias.com\/editor\/wp-content\/uploads\/2024\/07\/ministros.jpg","articleSection":["Actualidad"],"inLanguage":"es"},{"@type":"WebPage","@id":"https:\/\/luchonoticias.com\/editor\/posesionados-nuevos-ministros\/","url":"https:\/\/luchonoticias.com\/editor\/posesionados-nuevos-ministros\/","name":"Posesionados nuevos ministros -","isPartOf":{"@id":"https:\/\/luchonoticias.com\/editor\/#website"},"primaryImageOfPage":{"@id":"https:\/\/luchonoticias.com\/editor\/posesionados-nuevos-ministros\/#primaryimage"},"image":{"@id":"https:\/\/luchonoticias.com\/editor\/posesionados-nuevos-ministros\/#primaryimage"},"thumbnailUrl":"https:\/\/luchonoticias.com\/editor\/wp-content\/uploads\/2024\/07\/ministros.jpg","datePublished":"2024-07-09T11:46:15+00:00","description":"El presidente Petro posesion\u00f3 al ministro del Interior, Juan Fernando Cristo; a la ministra de Justicia y del Derecho, \u00c1ngela Mar\u00eda Buitrago; a la ministra de Agricultura y Desarrollo Rural, Mart ha Carvajalino, y a la ministra de Transporte, Mar\u00eda Constanza Garc\u00eda.","breadcrumb":{"@id":"https:\/\/luchonoticias.com\/editor\/posesionados-nuevos-ministros\/#breadcrumb"},"inLanguage":"es","potentialAction":[{"@type":"ReadAction","target":["https:\/\/luchonoticias.com\/editor\/posesionados-nuevos-ministros\/"]}]},{"@type":"ImageObject","inLanguage":"es","@id":"https:\/\/luchonoticias.com\/editor\/posesionados-nuevos-ministros\/#primaryimage","url":"https:\/\/luchonoticias.com\/editor\/wp-content\/uploads\/2024\/07\/ministros.jpg","contentUrl":"https:\/\/luchonoticias.com\/editor\/wp-content\/uploads\/2024\/07\/ministros.jpg","width":700,"height":400},{"@type":"BreadcrumbList","@id":"https:\/\/luchonoticias.com\/editor\/posesionados-nuevos-ministros\/#breadcrumb","itemListElement":[{"@type":"ListItem","position":1,"name":"Portada","item":"https:\/\/luchonoticias.com\/editor\/"},{"@type":"ListItem","position":2,"name":"Posesionados nuevos ministros"}]},{"@type":"WebSite","@id":"https:\/\/luchonoticias.com\/editor\/#website","url":"https:\/\/luchonoticias.com\/editor\/","name":"","description":"","publisher":{"@id":"https:\/\/luchonoticias.com\/editor\/#\/schema\/person\/7a7fd911f58561fd056dbac7b55af9cd"},"potentialAction":[{"@type":"SearchAction","target":{"@type":"EntryPoint","urlTemplate":"https:\/\/luchonoticias.com\/editor\/?s={search_term_string}"},"query-input":{"@type":"PropertyValueSpecification","valueRequired":true,"valueName":"search_term_string"}}],"inLanguage":"es"},{"@type":["Person","Organization"],"@id":"https:\/\/luchonoticias.com\/editor\/#\/schema\/person\/7a7fd911f58561fd056dbac7b55af9cd","name":"admin","image":{"@type":"ImageObject","inLanguage":"es","@id":"https:\/\/luchonoticias.com\/editor\/#\/schema\/person\/image\/","url":"https:\/\/luchonoticias.com\/editor\/wp-content\/uploads\/2024\/02\/cropped-cropped-logolu.webp","contentUrl":"https:\/\/luchonoticias.com\/editor\/wp-content\/uploads\/2024\/02\/cropped-cropped-logolu.webp","width":382,"height":170,"caption":"admin"},"logo":{"@id":"https:\/\/luchonoticias.com\/editor\/#\/schema\/person\/image\/"},"sameAs":["https:\/\/www.facebook.com\/luchonoticiasneiva"]},{"@type":"Person","@id":"https:\/\/luchonoticias.com\/editor\/#\/schema\/person\/29217990ddf6f14e35912b2866d591fb","name":"Editor General","image":{"@type":"ImageObject","inLanguage":"es","@id":"https:\/\/luchonoticias.com\/editor\/#\/schema\/person\/image\/","url":"https:\/\/luchonoticias.com\/editor\/wp-content\/uploads\/2024\/02\/cropped-cropped-logolu-150x150.webp","contentUrl":"https:\/\/luchonoticias.com\/editor\/wp-content\/uploads\/2024\/02\/cropped-cropped-logolu-150x150.webp","caption":"Editor General"},"sameAs":["https:\/\/luchonoticias.com\/"],"url":"https:\/\/luchonoticias.com\/editor\/author\/editor-general\/"}]}},"_links":{"self":[{"href":"https:\/\/luchonoticias.com\/editor\/wp-json\/wp\/v2\/posts\/74788","targetHints":{"allow":["GET"]}}],"collection":[{"href":"https:\/\/luchonoticias.com\/editor\/wp-json\/wp\/v2\/posts"}],"about":[{"href":"https:\/\/luchonoticias.com\/editor\/wp-json\/wp\/v2\/types\/post"}],"author":[{"embeddable":true,"href":"https:\/\/luchonoticias.com\/editor\/wp-json\/wp\/v2\/users\/2"}],"replies":[{"embeddable":true,"href":"https:\/\/luchonoticias.com\/editor\/wp-json\/wp\/v2\/comments?post=74788"}],"version-history":[{"count":1,"href":"https:\/\/luchonoticias.com\/editor\/wp-json\/wp\/v2\/posts\/74788\/revisions"}],"predecessor-version":[{"id":74790,"href":"https:\/\/luchonoticias.com\/editor\/wp-json\/wp\/v2\/posts\/74788\/revisions\/74790"}],"wp:featuredmedia":[{"embeddable":true,"href":"https:\/\/luchonoticias.com\/editor\/wp-json\/wp\/v2\/media\/74789"}],"wp:attachment":[{"href":"https:\/\/luchonoticias.com\/editor\/wp-json\/wp\/v2\/media?parent=74788"}],"wp:term":[{"taxonomy":"category","embeddable":true,"href":"https:\/\/luchonoticias.com\/editor\/wp-json\/wp\/v2\/categories?post=74788"},{"taxonomy":"post_tag","embeddable":true,"href":"https:\/\/luchonoticias.com\/editor\/wp-json\/wp\/v2\/tags?post=74788"}],"curies":[{"name":"wp","href":"https:\/\/api.w.org\/{rel}","templated":true}]}}