{"id":74798,"date":"2024-07-09T13:48:19","date_gmt":"2024-07-09T18:48:19","guid":{"rendered":"https:\/\/luchonoticias.com\/?p=74798"},"modified":"2024-07-09T13:48:19","modified_gmt":"2024-07-09T18:48:19","slug":"grata-visita-a-los-pacientes-oncologicos-de-medilaser","status":"publish","type":"post","link":"https:\/\/luchonoticias.com\/editor\/grata-visita-a-los-pacientes-oncologicos-de-medilaser\/","title":{"rendered":"Grata visita a los pacientes oncol\u00f3gicos de Medilaser"},"content":{"rendered":"<p>Los pacientes oncol\u00f3gicos en su tratamiento contra el c\u00e1ncer, recibieron una maravillosa dosis de alegr\u00eda y amor, con la visita de sus mascotas a la sede Abner Lozano, del norte de Neiva.<\/p>\n<p>Este punto de atenci\u00f3n de Cl\u00ednica Medilaser consolid\u00f3 una gran ruta de atenci\u00f3n para estos pacientes, que a su vez recibe atenciones especiales, en la que se integra la grata visita de su mascota.<\/p>\n<p>La misi\u00f3n de las mascotas va m\u00e1s all\u00e1 de ser simples compa\u00f1eros, estudios demuestran que pueden disminuir el estr\u00e9s y la sensaci\u00f3n de soledad, mejorar la salud del coraz\u00f3n e, incluso, ayudar a los ni\u00f1os con sus habilidades emocionales y sociales.<\/p>\n<p>\u201cNuestros especialistas reconocen que estos peluditos se han convertido en aliados de m\u00e9dicos y pacientes, brindando acompa\u00f1amiento terap\u00e9utico y mejorando el proceso de recuperaci\u00f3n de los pacientes\u201d, asegur\u00f3 la doctora Deicy Carolina Cabrera, gerente de la sede Abner Lozano.<\/p>\n<p>Los pacientes hospitalizados con otro tipo de patolog\u00edas tambi\u00e9n reciben la visita de sus mascotas, teniendo en cuenta los requisitos establecidos por la gerencia.<\/p>\n<p>Los requisitos para el ingreso de las mascotas a nuestras cl\u00ednicas son:<br \/>\n1. Los pacientes deben llevar hospitalizados por lo menos dos semanas.<br \/>\n2. Las mascotas autorizadas son: Perros y gatos de razas peque\u00f1as o medianas.<br \/>\n3. Los animales deben estar con todo su esquema de vacunas, reci\u00e9n ba\u00f1ados y deben ser muy educados, en el caso de los gatos, su ingreso debe ser en guacal, los perros deben llevar correa.<br \/>\n4. La solicitud del paciente para el ingreso de las mascotas se debe hacer ante el m\u00e9dico o a la profesional de enfermer\u00eda del servicio. La visita se coordinar\u00e1 con el grupo de apoyo los d\u00edas jueves.<br \/>\n5. La visita de los peluditos ser\u00e1 de 30 minutos.<\/p>\n<p><strong>Razones m\u00e9dicas para impulsar y adoptar esta iniciativa:<\/strong><\/p>\n<p><strong>Mejora la salud cardiovascular<\/strong><br \/>\nLa interacci\u00f3n con mascotas eleva nuestra producci\u00f3n de endorfinas las cuales, reducen considerablemente los niveles de cortisol, normalizando la frecuencia card\u00edaca.<\/p>\n<p><strong>Reduce los niveles de ansiedad y estr\u00e9s<\/strong><br \/>\nTener una mascota cerca permite que nuestro cuerpo libere serotonina y dopamina, conocidas como las hormonas de la felicidad, las cuales, ayudan a reducir los niveles de emociones negativas. Distrae a los ni\u00f1os hospitalizados y desv\u00eda positivamente su atenci\u00f3n.<\/p>\n<p><strong>Disminuye los sentimientos de soledad o abandono<\/strong><br \/>\nHospitalizados estamos solos, lejos de nuestras familias o amigos, por lo cual, tener una mascota nos reconforta y brinda compa\u00f1\u00eda y afecto e, incluso, suelen ser la \u00fanica compa\u00f1\u00eda de algunos adultos mayores.<\/p>\n<p><strong>Mejora la interacci\u00f3n social entre pacientes<\/strong><br \/>\nCon esta terapia es necesario reunir pacientes de patolog\u00edas similares o de diferentes pisos para interactuar con los perros del programa, esto puede facilitar la interacci\u00f3n entre las personas, donde se encuentran voz de aliento, empat\u00eda y confianza para hablar de sus enfermedades.<\/p>\n<p><strong>Mejora las relaciones entre el equipo m\u00e9dico, el paciente y su familia<\/strong><br \/>\nLa presencia de mascotas en el entorno hospitalario puede servir como un punto de conversaci\u00f3n entre el personal m\u00e9dico, los pacientes y sus familias. Esta sensaci\u00f3n permite tener mayor confianza y cercan\u00eda para los momentos en donde se necesita brindar informaci\u00f3n sobre los diagn\u00f3sticos, tratamientos o enfermedades.<\/p>\n","protected":false},"excerpt":{"rendered":"<p>Los pacientes oncol\u00f3gicos en su tratamiento contra el c\u00e1ncer, recibieron una maravillosa dosis de alegr\u00eda y amor, con la visita de sus mascotas a la sede Abner Lozano, del norte de Neiva.<\/p>\n","protected":false},"author":2,"featured_media":74799,"comment_status":"closed","ping_status":"open","sticky":false,"template":"","format":"standard","meta":{"footnotes":""},"categories":[33],"tags":[],"class_list":["post-74798","post","type-post","status-publish","format-standard","has-post-thumbnail","hentry","category-huila"],"yoast_head":"<!-- This site is optimized with the Yoast SEO plugin v26.6 - https:\/\/yoast.com\/wordpress\/plugins\/seo\/ -->\n<title>Grata visita a los pacientes oncol\u00f3gicos de Medilaser -<\/title>\n<meta name=\"description\" content=\"Los pacientes oncol\u00f3gicos en su tratamiento contra el c\u00e1ncer, recibieron una maravillosa dosis de alegr\u00eda y amor, con la visita de sus mascotas a la sede Abner Lozano, del norte de Neiva.\" \/>\n<meta name=\"robots\" content=\"index, follow, max-snippet:-1, max-image-preview:large, max-video-preview:-1\" \/>\n<link rel=\"canonical\" href=\"https:\/\/luchonoticias.com\/editor\/grata-visita-a-los-pacientes-oncologicos-de-medilaser\/\" \/>\n<meta property=\"og:locale\" content=\"es_ES\" \/>\n<meta property=\"og:type\" content=\"article\" \/>\n<meta property=\"og:title\" content=\"Grata visita a los pacientes oncol\u00f3gicos de Medilaser -\" \/>\n<meta property=\"og:description\" content=\"Los pacientes oncol\u00f3gicos en su tratamiento contra el c\u00e1ncer, recibieron una maravillosa dosis de alegr\u00eda y amor, con la visita de sus mascotas a la sede Abner Lozano, del norte de Neiva.\" \/>\n<meta property=\"og:url\" content=\"https:\/\/luchonoticias.com\/editor\/grata-visita-a-los-pacientes-oncologicos-de-medilaser\/\" \/>\n<meta property=\"article:publisher\" content=\"https:\/\/www.facebook.com\/luchonoticiasneiva\" \/>\n<meta property=\"article:published_time\" content=\"2024-07-09T18:48:19+00:00\" \/>\n<meta property=\"og:image\" content=\"https:\/\/luchonoticias.com\/editor\/wp-content\/uploads\/2024\/07\/pacientews-y-mascotas.jpg\" \/>\n\t<meta property=\"og:image:width\" content=\"700\" \/>\n\t<meta property=\"og:image:height\" content=\"400\" \/>\n\t<meta property=\"og:image:type\" content=\"image\/jpeg\" \/>\n<meta name=\"author\" content=\"Editor General\" \/>\n<meta name=\"twitter:card\" content=\"summary_large_image\" \/>\n<meta name=\"twitter:label1\" content=\"Escrito por\" \/>\n\t<meta name=\"twitter:data1\" content=\"Editor General\" \/>\n\t<meta name=\"twitter:label2\" content=\"Tiempo de lectura\" \/>\n\t<meta name=\"twitter:data2\" content=\"3 minutos\" \/>\n<script type=\"application\/ld+json\" class=\"yoast-schema-graph\">{\"@context\":\"https:\/\/schema.org\",\"@graph\":[{\"@type\":\"Article\",\"@id\":\"https:\/\/luchonoticias.com\/editor\/grata-visita-a-los-pacientes-oncologicos-de-medilaser\/#article\",\"isPartOf\":{\"@id\":\"https:\/\/luchonoticias.com\/editor\/grata-visita-a-los-pacientes-oncologicos-de-medilaser\/\"},\"author\":{\"name\":\"Editor General\",\"@id\":\"https:\/\/luchonoticias.com\/editor\/#\/schema\/person\/29217990ddf6f14e35912b2866d591fb\"},\"headline\":\"Grata visita a los pacientes oncol\u00f3gicos de Medilaser\",\"datePublished\":\"2024-07-09T18:48:19+00:00\",\"mainEntityOfPage\":{\"@id\":\"https:\/\/luchonoticias.com\/editor\/grata-visita-a-los-pacientes-oncologicos-de-medilaser\/\"},\"wordCount\":565,\"publisher\":{\"@id\":\"https:\/\/luchonoticias.com\/editor\/#\/schema\/person\/7a7fd911f58561fd056dbac7b55af9cd\"},\"image\":{\"@id\":\"https:\/\/luchonoticias.com\/editor\/grata-visita-a-los-pacientes-oncologicos-de-medilaser\/#primaryimage\"},\"thumbnailUrl\":\"https:\/\/luchonoticias.com\/editor\/wp-content\/uploads\/2024\/07\/pacientews-y-mascotas.jpg\",\"articleSection\":[\"Huila\"],\"inLanguage\":\"es\"},{\"@type\":\"WebPage\",\"@id\":\"https:\/\/luchonoticias.com\/editor\/grata-visita-a-los-pacientes-oncologicos-de-medilaser\/\",\"url\":\"https:\/\/luchonoticias.com\/editor\/grata-visita-a-los-pacientes-oncologicos-de-medilaser\/\",\"name\":\"Grata visita a los pacientes oncol\u00f3gicos de Medilaser -\",\"isPartOf\":{\"@id\":\"https:\/\/luchonoticias.com\/editor\/#website\"},\"primaryImageOfPage\":{\"@id\":\"https:\/\/luchonoticias.com\/editor\/grata-visita-a-los-pacientes-oncologicos-de-medilaser\/#primaryimage\"},\"image\":{\"@id\":\"https:\/\/luchonoticias.com\/editor\/grata-visita-a-los-pacientes-oncologicos-de-medilaser\/#primaryimage\"},\"thumbnailUrl\":\"https:\/\/luchonoticias.com\/editor\/wp-content\/uploads\/2024\/07\/pacientews-y-mascotas.jpg\",\"datePublished\":\"2024-07-09T18:48:19+00:00\",\"description\":\"Los pacientes oncol\u00f3gicos en su tratamiento contra el c\u00e1ncer, recibieron una maravillosa dosis de alegr\u00eda y amor, con la visita de sus mascotas a la sede Abner Lozano, del norte de Neiva.\",\"breadcrumb\":{\"@id\":\"https:\/\/luchonoticias.com\/editor\/grata-visita-a-los-pacientes-oncologicos-de-medilaser\/#breadcrumb\"},\"inLanguage\":\"es\",\"potentialAction\":[{\"@type\":\"ReadAction\",\"target\":[\"https:\/\/luchonoticias.com\/editor\/grata-visita-a-los-pacientes-oncologicos-de-medilaser\/\"]}]},{\"@type\":\"ImageObject\",\"inLanguage\":\"es\",\"@id\":\"https:\/\/luchonoticias.com\/editor\/grata-visita-a-los-pacientes-oncologicos-de-medilaser\/#primaryimage\",\"url\":\"https:\/\/luchonoticias.com\/editor\/wp-content\/uploads\/2024\/07\/pacientews-y-mascotas.jpg\",\"contentUrl\":\"https:\/\/luchonoticias.com\/editor\/wp-content\/uploads\/2024\/07\/pacientews-y-mascotas.jpg\",\"width\":700,\"height\":400},{\"@type\":\"BreadcrumbList\",\"@id\":\"https:\/\/luchonoticias.com\/editor\/grata-visita-a-los-pacientes-oncologicos-de-medilaser\/#breadcrumb\",\"itemListElement\":[{\"@type\":\"ListItem\",\"position\":1,\"name\":\"Portada\",\"item\":\"https:\/\/luchonoticias.com\/editor\/\"},{\"@type\":\"ListItem\",\"position\":2,\"name\":\"Grata visita a los pacientes oncol\u00f3gicos de Medilaser\"}]},{\"@type\":\"WebSite\",\"@id\":\"https:\/\/luchonoticias.com\/editor\/#website\",\"url\":\"https:\/\/luchonoticias.com\/editor\/\",\"name\":\"\",\"description\":\"\",\"publisher\":{\"@id\":\"https:\/\/luchonoticias.com\/editor\/#\/schema\/person\/7a7fd911f58561fd056dbac7b55af9cd\"},\"potentialAction\":[{\"@type\":\"SearchAction\",\"target\":{\"@type\":\"EntryPoint\",\"urlTemplate\":\"https:\/\/luchonoticias.com\/editor\/?s={search_term_string}\"},\"query-input\":{\"@type\":\"PropertyValueSpecification\",\"valueRequired\":true,\"valueName\":\"search_term_string\"}}],\"inLanguage\":\"es\"},{\"@type\":[\"Person\",\"Organization\"],\"@id\":\"https:\/\/luchonoticias.com\/editor\/#\/schema\/person\/7a7fd911f58561fd056dbac7b55af9cd\",\"name\":\"admin\",\"image\":{\"@type\":\"ImageObject\",\"inLanguage\":\"es\",\"@id\":\"https:\/\/luchonoticias.com\/editor\/#\/schema\/person\/image\/\",\"url\":\"https:\/\/luchonoticias.com\/editor\/wp-content\/uploads\/2024\/02\/cropped-cropped-logolu.webp\",\"contentUrl\":\"https:\/\/luchonoticias.com\/editor\/wp-content\/uploads\/2024\/02\/cropped-cropped-logolu.webp\",\"width\":382,\"height\":170,\"caption\":\"admin\"},\"logo\":{\"@id\":\"https:\/\/luchonoticias.com\/editor\/#\/schema\/person\/image\/\"},\"sameAs\":[\"https:\/\/www.facebook.com\/luchonoticiasneiva\"]},{\"@type\":\"Person\",\"@id\":\"https:\/\/luchonoticias.com\/editor\/#\/schema\/person\/29217990ddf6f14e35912b2866d591fb\",\"name\":\"Editor General\",\"image\":{\"@type\":\"ImageObject\",\"inLanguage\":\"es\",\"@id\":\"https:\/\/luchonoticias.com\/editor\/#\/schema\/person\/image\/\",\"url\":\"https:\/\/luchonoticias.com\/editor\/wp-content\/uploads\/2024\/02\/cropped-cropped-logolu-150x150.webp\",\"contentUrl\":\"https:\/\/luchonoticias.com\/editor\/wp-content\/uploads\/2024\/02\/cropped-cropped-logolu-150x150.webp\",\"caption\":\"Editor General\"},\"sameAs\":[\"https:\/\/luchonoticias.com\/\"],\"url\":\"https:\/\/luchonoticias.com\/editor\/author\/editor-general\/\"}]}<\/script>\n<!-- \/ Yoast SEO plugin. -->","yoast_head_json":{"title":"Grata visita a los pacientes oncol\u00f3gicos de Medilaser -","description":"Los pacientes oncol\u00f3gicos en su tratamiento contra el c\u00e1ncer, recibieron una maravillosa dosis de alegr\u00eda y amor, con la visita de sus mascotas a la sede Abner Lozano, del norte de Neiva.","robots":{"index":"index","follow":"follow","max-snippet":"max-snippet:-1","max-image-preview":"max-image-preview:large","max-video-preview":"max-video-preview:-1"},"canonical":"https:\/\/luchonoticias.com\/editor\/grata-visita-a-los-pacientes-oncologicos-de-medilaser\/","og_locale":"es_ES","og_type":"article","og_title":"Grata visita a los pacientes oncol\u00f3gicos de Medilaser -","og_description":"Los pacientes oncol\u00f3gicos en su tratamiento contra el c\u00e1ncer, recibieron una maravillosa dosis de alegr\u00eda y amor, con la visita de sus mascotas a la sede Abner Lozano, del norte de Neiva.","og_url":"https:\/\/luchonoticias.com\/editor\/grata-visita-a-los-pacientes-oncologicos-de-medilaser\/","article_publisher":"https:\/\/www.facebook.com\/luchonoticiasneiva","article_published_time":"2024-07-09T18:48:19+00:00","og_image":[{"width":700,"height":400,"url":"https:\/\/luchonoticias.com\/editor\/wp-content\/uploads\/2024\/07\/pacientews-y-mascotas.jpg","type":"image\/jpeg"}],"author":"Editor General","twitter_card":"summary_large_image","twitter_misc":{"Escrito por":"Editor General","Tiempo de lectura":"3 minutos"},"schema":{"@context":"https:\/\/schema.org","@graph":[{"@type":"Article","@id":"https:\/\/luchonoticias.com\/editor\/grata-visita-a-los-pacientes-oncologicos-de-medilaser\/#article","isPartOf":{"@id":"https:\/\/luchonoticias.com\/editor\/grata-visita-a-los-pacientes-oncologicos-de-medilaser\/"},"author":{"name":"Editor General","@id":"https:\/\/luchonoticias.com\/editor\/#\/schema\/person\/29217990ddf6f14e35912b2866d591fb"},"headline":"Grata visita a los pacientes oncol\u00f3gicos de Medilaser","datePublished":"2024-07-09T18:48:19+00:00","mainEntityOfPage":{"@id":"https:\/\/luchonoticias.com\/editor\/grata-visita-a-los-pacientes-oncologicos-de-medilaser\/"},"wordCount":565,"publisher":{"@id":"https:\/\/luchonoticias.com\/editor\/#\/schema\/person\/7a7fd911f58561fd056dbac7b55af9cd"},"image":{"@id":"https:\/\/luchonoticias.com\/editor\/grata-visita-a-los-pacientes-oncologicos-de-medilaser\/#primaryimage"},"thumbnailUrl":"https:\/\/luchonoticias.com\/editor\/wp-content\/uploads\/2024\/07\/pacientews-y-mascotas.jpg","articleSection":["Huila"],"inLanguage":"es"},{"@type":"WebPage","@id":"https:\/\/luchonoticias.com\/editor\/grata-visita-a-los-pacientes-oncologicos-de-medilaser\/","url":"https:\/\/luchonoticias.com\/editor\/grata-visita-a-los-pacientes-oncologicos-de-medilaser\/","name":"Grata visita a los pacientes oncol\u00f3gicos de Medilaser -","isPartOf":{"@id":"https:\/\/luchonoticias.com\/editor\/#website"},"primaryImageOfPage":{"@id":"https:\/\/luchonoticias.com\/editor\/grata-visita-a-los-pacientes-oncologicos-de-medilaser\/#primaryimage"},"image":{"@id":"https:\/\/luchonoticias.com\/editor\/grata-visita-a-los-pacientes-oncologicos-de-medilaser\/#primaryimage"},"thumbnailUrl":"https:\/\/luchonoticias.com\/editor\/wp-content\/uploads\/2024\/07\/pacientews-y-mascotas.jpg","datePublished":"2024-07-09T18:48:19+00:00","description":"Los pacientes oncol\u00f3gicos en su tratamiento contra el c\u00e1ncer, recibieron una maravillosa dosis de alegr\u00eda y amor, con la visita de sus mascotas a la sede Abner Lozano, del norte de Neiva.","breadcrumb":{"@id":"https:\/\/luchonoticias.com\/editor\/grata-visita-a-los-pacientes-oncologicos-de-medilaser\/#breadcrumb"},"inLanguage":"es","potentialAction":[{"@type":"ReadAction","target":["https:\/\/luchonoticias.com\/editor\/grata-visita-a-los-pacientes-oncologicos-de-medilaser\/"]}]},{"@type":"ImageObject","inLanguage":"es","@id":"https:\/\/luchonoticias.com\/editor\/grata-visita-a-los-pacientes-oncologicos-de-medilaser\/#primaryimage","url":"https:\/\/luchonoticias.com\/editor\/wp-content\/uploads\/2024\/07\/pacientews-y-mascotas.jpg","contentUrl":"https:\/\/luchonoticias.com\/editor\/wp-content\/uploads\/2024\/07\/pacientews-y-mascotas.jpg","width":700,"height":400},{"@type":"BreadcrumbList","@id":"https:\/\/luchonoticias.com\/editor\/grata-visita-a-los-pacientes-oncologicos-de-medilaser\/#breadcrumb","itemListElement":[{"@type":"ListItem","position":1,"name":"Portada","item":"https:\/\/luchonoticias.com\/editor\/"},{"@type":"ListItem","position":2,"name":"Grata visita a los pacientes oncol\u00f3gicos de Medilaser"}]},{"@type":"WebSite","@id":"https:\/\/luchonoticias.com\/editor\/#website","url":"https:\/\/luchonoticias.com\/editor\/","name":"","description":"","publisher":{"@id":"https:\/\/luchonoticias.com\/editor\/#\/schema\/person\/7a7fd911f58561fd056dbac7b55af9cd"},"potentialAction":[{"@type":"SearchAction","target":{"@type":"EntryPoint","urlTemplate":"https:\/\/luchonoticias.com\/editor\/?s={search_term_string}"},"query-input":{"@type":"PropertyValueSpecification","valueRequired":true,"valueName":"search_term_string"}}],"inLanguage":"es"},{"@type":["Person","Organization"],"@id":"https:\/\/luchonoticias.com\/editor\/#\/schema\/person\/7a7fd911f58561fd056dbac7b55af9cd","name":"admin","image":{"@type":"ImageObject","inLanguage":"es","@id":"https:\/\/luchonoticias.com\/editor\/#\/schema\/person\/image\/","url":"https:\/\/luchonoticias.com\/editor\/wp-content\/uploads\/2024\/02\/cropped-cropped-logolu.webp","contentUrl":"https:\/\/luchonoticias.com\/editor\/wp-content\/uploads\/2024\/02\/cropped-cropped-logolu.webp","width":382,"height":170,"caption":"admin"},"logo":{"@id":"https:\/\/luchonoticias.com\/editor\/#\/schema\/person\/image\/"},"sameAs":["https:\/\/www.facebook.com\/luchonoticiasneiva"]},{"@type":"Person","@id":"https:\/\/luchonoticias.com\/editor\/#\/schema\/person\/29217990ddf6f14e35912b2866d591fb","name":"Editor General","image":{"@type":"ImageObject","inLanguage":"es","@id":"https:\/\/luchonoticias.com\/editor\/#\/schema\/person\/image\/","url":"https:\/\/luchonoticias.com\/editor\/wp-content\/uploads\/2024\/02\/cropped-cropped-logolu-150x150.webp","contentUrl":"https:\/\/luchonoticias.com\/editor\/wp-content\/uploads\/2024\/02\/cropped-cropped-logolu-150x150.webp","caption":"Editor General"},"sameAs":["https:\/\/luchonoticias.com\/"],"url":"https:\/\/luchonoticias.com\/editor\/author\/editor-general\/"}]}},"_links":{"self":[{"href":"https:\/\/luchonoticias.com\/editor\/wp-json\/wp\/v2\/posts\/74798","targetHints":{"allow":["GET"]}}],"collection":[{"href":"https:\/\/luchonoticias.com\/editor\/wp-json\/wp\/v2\/posts"}],"about":[{"href":"https:\/\/luchonoticias.com\/editor\/wp-json\/wp\/v2\/types\/post"}],"author":[{"embeddable":true,"href":"https:\/\/luchonoticias.com\/editor\/wp-json\/wp\/v2\/users\/2"}],"replies":[{"embeddable":true,"href":"https:\/\/luchonoticias.com\/editor\/wp-json\/wp\/v2\/comments?post=74798"}],"version-history":[{"count":2,"href":"https:\/\/luchonoticias.com\/editor\/wp-json\/wp\/v2\/posts\/74798\/revisions"}],"predecessor-version":[{"id":74801,"href":"https:\/\/luchonoticias.com\/editor\/wp-json\/wp\/v2\/posts\/74798\/revisions\/74801"}],"wp:featuredmedia":[{"embeddable":true,"href":"https:\/\/luchonoticias.com\/editor\/wp-json\/wp\/v2\/media\/74799"}],"wp:attachment":[{"href":"https:\/\/luchonoticias.com\/editor\/wp-json\/wp\/v2\/media?parent=74798"}],"wp:term":[{"taxonomy":"category","embeddable":true,"href":"https:\/\/luchonoticias.com\/editor\/wp-json\/wp\/v2\/categories?post=74798"},{"taxonomy":"post_tag","embeddable":true,"href":"https:\/\/luchonoticias.com\/editor\/wp-json\/wp\/v2\/tags?post=74798"}],"curies":[{"name":"wp","href":"https:\/\/api.w.org\/{rel}","templated":true}]}}