{"id":74812,"date":"2024-07-09T18:33:31","date_gmt":"2024-07-09T23:33:31","guid":{"rendered":"https:\/\/luchonoticias.com\/?p=74812"},"modified":"2024-07-09T18:33:31","modified_gmt":"2024-07-09T23:33:31","slug":"convocatoria-para-la-armada-nacional-en-neiva","status":"publish","type":"post","link":"https:\/\/luchonoticias.com\/editor\/convocatoria-para-la-armada-nacional-en-neiva\/","title":{"rendered":"Convocatoria para la Armada Nacional en Neiva"},"content":{"rendered":"<p>Con el fin de apoyar en el desarrollo de los j\u00f3venes en la ciudad de Neiva, la\u00a0Armada Nacional\u00a0abre su convoca para los hombres mayores de 18\u00a0y\u00a0menores de 23 a\u00f1os y 11 meses\u00a0que a\u00fan no han definido su situaci\u00f3n militar, para que presten su\u00a0servicio en la Armada Nacional sin ning\u00fan costo como\u00a0INFANTES DE MARINA BACHILLERES Y REGULARES.<\/p>\n<p>Es una experiencia que forjara su car\u00e1cter y les har\u00e1 crecer como personas y ciudadanos de bien. Su objetivo principal ser\u00e1 defender la soberan\u00eda, la independencia, la integridad del territorio nacional y el orden constitucional.<\/p>\n<p>Se recuerda al aspirante que la Armada Nacional aplica en las modalidades de incorporaci\u00f3n para prestar el servicio militar como Infante de Marina Bachiller (12 meses),\u00a0e Infante de Marina Regular (18 meses).<\/p>\n<p><strong>Requisitos Generales<\/strong><\/p>\n<p>1.\u00a0\u00a0\u00a0 Ser colombiano.<\/p>\n<p>2.\u00a0\u00a0\u00a0 Sexo masculino<\/p>\n<p>2.\u00a0\u00a0\u00a0 Tener una edad comprendida entre los 18 y menor de 23 a\u00f1os\u00a011 meses al momento del ingreso.<\/p>\n<p>3.\u00a0\u00a0\u00a0 No haber definido la situaci\u00f3n militar con anterioridad.<\/p>\n<p>4.\u00a0\u00a0\u00a0 Tener aprobado m\u00ednimo Quinto a\u00f1o de primaria (para Infante de Marina Regular).<\/p>\n<p>5.\u00a0\u00a0\u00a0 Tener aprobado grado\u00a0once (para Infante de Marina Bachiller).<\/p>\n","protected":false},"excerpt":{"rendered":"<p>La\u00a0Armada Nacional\u00a0abre su convoca para los hombres mayores de 18\u00a0y\u00a0menores de 23 a\u00f1os y 11 meses\u00a0que a\u00fan no han definido su situaci\u00f3n militar<\/p>\n","protected":false},"author":2,"featured_media":74813,"comment_status":"closed","ping_status":"open","sticky":false,"template":"","format":"standard","meta":{"footnotes":""},"categories":[33],"tags":[],"class_list":["post-74812","post","type-post","status-publish","format-standard","has-post-thumbnail","hentry","category-huila"],"yoast_head":"<!-- This site is optimized with the Yoast SEO plugin v26.6 - https:\/\/yoast.com\/wordpress\/plugins\/seo\/ -->\n<title>Convocatoria para la Armada Nacional en Neiva -<\/title>\n<meta name=\"description\" content=\"La\u00a0Armada Nacional\u00a0abre su convoca para los hombres mayores de 18\u00a0y\u00a0menores de 23 a\u00f1os y 11 meses\u00a0que a\u00fan no han definido su situaci\u00f3n militar\" \/>\n<meta name=\"robots\" content=\"index, follow, max-snippet:-1, max-image-preview:large, max-video-preview:-1\" \/>\n<link rel=\"canonical\" href=\"https:\/\/luchonoticias.com\/editor\/convocatoria-para-la-armada-nacional-en-neiva\/\" \/>\n<meta property=\"og:locale\" content=\"es_ES\" \/>\n<meta property=\"og:type\" content=\"article\" \/>\n<meta property=\"og:title\" content=\"Convocatoria para la Armada Nacional en Neiva -\" \/>\n<meta property=\"og:description\" content=\"La\u00a0Armada Nacional\u00a0abre su convoca para los hombres mayores de 18\u00a0y\u00a0menores de 23 a\u00f1os y 11 meses\u00a0que a\u00fan no han definido su situaci\u00f3n militar\" \/>\n<meta property=\"og:url\" content=\"https:\/\/luchonoticias.com\/editor\/convocatoria-para-la-armada-nacional-en-neiva\/\" \/>\n<meta property=\"article:publisher\" content=\"https:\/\/www.facebook.com\/luchonoticiasneiva\" \/>\n<meta property=\"article:published_time\" content=\"2024-07-09T23:33:31+00:00\" \/>\n<meta property=\"og:image\" content=\"https:\/\/luchonoticias.com\/editor\/wp-content\/uploads\/2024\/07\/armada-nacional.jpg\" \/>\n\t<meta property=\"og:image:width\" content=\"700\" \/>\n\t<meta property=\"og:image:height\" content=\"400\" \/>\n\t<meta property=\"og:image:type\" content=\"image\/jpeg\" \/>\n<meta name=\"author\" content=\"Editor General\" \/>\n<meta name=\"twitter:card\" content=\"summary_large_image\" \/>\n<meta name=\"twitter:label1\" content=\"Escrito por\" \/>\n\t<meta name=\"twitter:data1\" content=\"Editor General\" \/>\n\t<meta name=\"twitter:label2\" content=\"Tiempo de lectura\" \/>\n\t<meta name=\"twitter:data2\" content=\"2 minutos\" \/>\n<script type=\"application\/ld+json\" class=\"yoast-schema-graph\">{\"@context\":\"https:\/\/schema.org\",\"@graph\":[{\"@type\":\"Article\",\"@id\":\"https:\/\/luchonoticias.com\/editor\/convocatoria-para-la-armada-nacional-en-neiva\/#article\",\"isPartOf\":{\"@id\":\"https:\/\/luchonoticias.com\/editor\/convocatoria-para-la-armada-nacional-en-neiva\/\"},\"author\":{\"name\":\"Editor General\",\"@id\":\"https:\/\/luchonoticias.com\/editor\/#\/schema\/person\/29217990ddf6f14e35912b2866d591fb\"},\"headline\":\"Convocatoria para la Armada Nacional en Neiva\",\"datePublished\":\"2024-07-09T23:33:31+00:00\",\"mainEntityOfPage\":{\"@id\":\"https:\/\/luchonoticias.com\/editor\/convocatoria-para-la-armada-nacional-en-neiva\/\"},\"wordCount\":195,\"publisher\":{\"@id\":\"https:\/\/luchonoticias.com\/editor\/#\/schema\/person\/7a7fd911f58561fd056dbac7b55af9cd\"},\"image\":{\"@id\":\"https:\/\/luchonoticias.com\/editor\/convocatoria-para-la-armada-nacional-en-neiva\/#primaryimage\"},\"thumbnailUrl\":\"https:\/\/luchonoticias.com\/editor\/wp-content\/uploads\/2024\/07\/armada-nacional.jpg\",\"articleSection\":[\"Huila\"],\"inLanguage\":\"es\"},{\"@type\":\"WebPage\",\"@id\":\"https:\/\/luchonoticias.com\/editor\/convocatoria-para-la-armada-nacional-en-neiva\/\",\"url\":\"https:\/\/luchonoticias.com\/editor\/convocatoria-para-la-armada-nacional-en-neiva\/\",\"name\":\"Convocatoria para la Armada Nacional en Neiva -\",\"isPartOf\":{\"@id\":\"https:\/\/luchonoticias.com\/editor\/#website\"},\"primaryImageOfPage\":{\"@id\":\"https:\/\/luchonoticias.com\/editor\/convocatoria-para-la-armada-nacional-en-neiva\/#primaryimage\"},\"image\":{\"@id\":\"https:\/\/luchonoticias.com\/editor\/convocatoria-para-la-armada-nacional-en-neiva\/#primaryimage\"},\"thumbnailUrl\":\"https:\/\/luchonoticias.com\/editor\/wp-content\/uploads\/2024\/07\/armada-nacional.jpg\",\"datePublished\":\"2024-07-09T23:33:31+00:00\",\"description\":\"La\u00a0Armada Nacional\u00a0abre su convoca para los hombres mayores de 18\u00a0y\u00a0menores de 23 a\u00f1os y 11 meses\u00a0que a\u00fan no han definido su situaci\u00f3n militar\",\"breadcrumb\":{\"@id\":\"https:\/\/luchonoticias.com\/editor\/convocatoria-para-la-armada-nacional-en-neiva\/#breadcrumb\"},\"inLanguage\":\"es\",\"potentialAction\":[{\"@type\":\"ReadAction\",\"target\":[\"https:\/\/luchonoticias.com\/editor\/convocatoria-para-la-armada-nacional-en-neiva\/\"]}]},{\"@type\":\"ImageObject\",\"inLanguage\":\"es\",\"@id\":\"https:\/\/luchonoticias.com\/editor\/convocatoria-para-la-armada-nacional-en-neiva\/#primaryimage\",\"url\":\"https:\/\/luchonoticias.com\/editor\/wp-content\/uploads\/2024\/07\/armada-nacional.jpg\",\"contentUrl\":\"https:\/\/luchonoticias.com\/editor\/wp-content\/uploads\/2024\/07\/armada-nacional.jpg\",\"width\":700,\"height\":400},{\"@type\":\"BreadcrumbList\",\"@id\":\"https:\/\/luchonoticias.com\/editor\/convocatoria-para-la-armada-nacional-en-neiva\/#breadcrumb\",\"itemListElement\":[{\"@type\":\"ListItem\",\"position\":1,\"name\":\"Portada\",\"item\":\"https:\/\/luchonoticias.com\/editor\/\"},{\"@type\":\"ListItem\",\"position\":2,\"name\":\"Convocatoria para la Armada Nacional en Neiva\"}]},{\"@type\":\"WebSite\",\"@id\":\"https:\/\/luchonoticias.com\/editor\/#website\",\"url\":\"https:\/\/luchonoticias.com\/editor\/\",\"name\":\"\",\"description\":\"\",\"publisher\":{\"@id\":\"https:\/\/luchonoticias.com\/editor\/#\/schema\/person\/7a7fd911f58561fd056dbac7b55af9cd\"},\"potentialAction\":[{\"@type\":\"SearchAction\",\"target\":{\"@type\":\"EntryPoint\",\"urlTemplate\":\"https:\/\/luchonoticias.com\/editor\/?s={search_term_string}\"},\"query-input\":{\"@type\":\"PropertyValueSpecification\",\"valueRequired\":true,\"valueName\":\"search_term_string\"}}],\"inLanguage\":\"es\"},{\"@type\":[\"Person\",\"Organization\"],\"@id\":\"https:\/\/luchonoticias.com\/editor\/#\/schema\/person\/7a7fd911f58561fd056dbac7b55af9cd\",\"name\":\"admin\",\"image\":{\"@type\":\"ImageObject\",\"inLanguage\":\"es\",\"@id\":\"https:\/\/luchonoticias.com\/editor\/#\/schema\/person\/image\/\",\"url\":\"https:\/\/luchonoticias.com\/editor\/wp-content\/uploads\/2024\/02\/cropped-cropped-logolu.webp\",\"contentUrl\":\"https:\/\/luchonoticias.com\/editor\/wp-content\/uploads\/2024\/02\/cropped-cropped-logolu.webp\",\"width\":382,\"height\":170,\"caption\":\"admin\"},\"logo\":{\"@id\":\"https:\/\/luchonoticias.com\/editor\/#\/schema\/person\/image\/\"},\"sameAs\":[\"https:\/\/www.facebook.com\/luchonoticiasneiva\"]},{\"@type\":\"Person\",\"@id\":\"https:\/\/luchonoticias.com\/editor\/#\/schema\/person\/29217990ddf6f14e35912b2866d591fb\",\"name\":\"Editor General\",\"image\":{\"@type\":\"ImageObject\",\"inLanguage\":\"es\",\"@id\":\"https:\/\/luchonoticias.com\/editor\/#\/schema\/person\/image\/\",\"url\":\"https:\/\/luchonoticias.com\/editor\/wp-content\/uploads\/2024\/02\/cropped-cropped-logolu-150x150.webp\",\"contentUrl\":\"https:\/\/luchonoticias.com\/editor\/wp-content\/uploads\/2024\/02\/cropped-cropped-logolu-150x150.webp\",\"caption\":\"Editor General\"},\"sameAs\":[\"https:\/\/luchonoticias.com\/\"],\"url\":\"https:\/\/luchonoticias.com\/editor\/author\/editor-general\/\"}]}<\/script>\n<!-- \/ Yoast SEO plugin. -->","yoast_head_json":{"title":"Convocatoria para la Armada Nacional en Neiva -","description":"La\u00a0Armada Nacional\u00a0abre su convoca para los hombres mayores de 18\u00a0y\u00a0menores de 23 a\u00f1os y 11 meses\u00a0que a\u00fan no han definido su situaci\u00f3n militar","robots":{"index":"index","follow":"follow","max-snippet":"max-snippet:-1","max-image-preview":"max-image-preview:large","max-video-preview":"max-video-preview:-1"},"canonical":"https:\/\/luchonoticias.com\/editor\/convocatoria-para-la-armada-nacional-en-neiva\/","og_locale":"es_ES","og_type":"article","og_title":"Convocatoria para la Armada Nacional en Neiva -","og_description":"La\u00a0Armada Nacional\u00a0abre su convoca para los hombres mayores de 18\u00a0y\u00a0menores de 23 a\u00f1os y 11 meses\u00a0que a\u00fan no han definido su situaci\u00f3n militar","og_url":"https:\/\/luchonoticias.com\/editor\/convocatoria-para-la-armada-nacional-en-neiva\/","article_publisher":"https:\/\/www.facebook.com\/luchonoticiasneiva","article_published_time":"2024-07-09T23:33:31+00:00","og_image":[{"width":700,"height":400,"url":"https:\/\/luchonoticias.com\/editor\/wp-content\/uploads\/2024\/07\/armada-nacional.jpg","type":"image\/jpeg"}],"author":"Editor General","twitter_card":"summary_large_image","twitter_misc":{"Escrito por":"Editor General","Tiempo de lectura":"2 minutos"},"schema":{"@context":"https:\/\/schema.org","@graph":[{"@type":"Article","@id":"https:\/\/luchonoticias.com\/editor\/convocatoria-para-la-armada-nacional-en-neiva\/#article","isPartOf":{"@id":"https:\/\/luchonoticias.com\/editor\/convocatoria-para-la-armada-nacional-en-neiva\/"},"author":{"name":"Editor General","@id":"https:\/\/luchonoticias.com\/editor\/#\/schema\/person\/29217990ddf6f14e35912b2866d591fb"},"headline":"Convocatoria para la Armada Nacional en Neiva","datePublished":"2024-07-09T23:33:31+00:00","mainEntityOfPage":{"@id":"https:\/\/luchonoticias.com\/editor\/convocatoria-para-la-armada-nacional-en-neiva\/"},"wordCount":195,"publisher":{"@id":"https:\/\/luchonoticias.com\/editor\/#\/schema\/person\/7a7fd911f58561fd056dbac7b55af9cd"},"image":{"@id":"https:\/\/luchonoticias.com\/editor\/convocatoria-para-la-armada-nacional-en-neiva\/#primaryimage"},"thumbnailUrl":"https:\/\/luchonoticias.com\/editor\/wp-content\/uploads\/2024\/07\/armada-nacional.jpg","articleSection":["Huila"],"inLanguage":"es"},{"@type":"WebPage","@id":"https:\/\/luchonoticias.com\/editor\/convocatoria-para-la-armada-nacional-en-neiva\/","url":"https:\/\/luchonoticias.com\/editor\/convocatoria-para-la-armada-nacional-en-neiva\/","name":"Convocatoria para la Armada Nacional en Neiva -","isPartOf":{"@id":"https:\/\/luchonoticias.com\/editor\/#website"},"primaryImageOfPage":{"@id":"https:\/\/luchonoticias.com\/editor\/convocatoria-para-la-armada-nacional-en-neiva\/#primaryimage"},"image":{"@id":"https:\/\/luchonoticias.com\/editor\/convocatoria-para-la-armada-nacional-en-neiva\/#primaryimage"},"thumbnailUrl":"https:\/\/luchonoticias.com\/editor\/wp-content\/uploads\/2024\/07\/armada-nacional.jpg","datePublished":"2024-07-09T23:33:31+00:00","description":"La\u00a0Armada Nacional\u00a0abre su convoca para los hombres mayores de 18\u00a0y\u00a0menores de 23 a\u00f1os y 11 meses\u00a0que a\u00fan no han definido su situaci\u00f3n militar","breadcrumb":{"@id":"https:\/\/luchonoticias.com\/editor\/convocatoria-para-la-armada-nacional-en-neiva\/#breadcrumb"},"inLanguage":"es","potentialAction":[{"@type":"ReadAction","target":["https:\/\/luchonoticias.com\/editor\/convocatoria-para-la-armada-nacional-en-neiva\/"]}]},{"@type":"ImageObject","inLanguage":"es","@id":"https:\/\/luchonoticias.com\/editor\/convocatoria-para-la-armada-nacional-en-neiva\/#primaryimage","url":"https:\/\/luchonoticias.com\/editor\/wp-content\/uploads\/2024\/07\/armada-nacional.jpg","contentUrl":"https:\/\/luchonoticias.com\/editor\/wp-content\/uploads\/2024\/07\/armada-nacional.jpg","width":700,"height":400},{"@type":"BreadcrumbList","@id":"https:\/\/luchonoticias.com\/editor\/convocatoria-para-la-armada-nacional-en-neiva\/#breadcrumb","itemListElement":[{"@type":"ListItem","position":1,"name":"Portada","item":"https:\/\/luchonoticias.com\/editor\/"},{"@type":"ListItem","position":2,"name":"Convocatoria para la Armada Nacional en Neiva"}]},{"@type":"WebSite","@id":"https:\/\/luchonoticias.com\/editor\/#website","url":"https:\/\/luchonoticias.com\/editor\/","name":"","description":"","publisher":{"@id":"https:\/\/luchonoticias.com\/editor\/#\/schema\/person\/7a7fd911f58561fd056dbac7b55af9cd"},"potentialAction":[{"@type":"SearchAction","target":{"@type":"EntryPoint","urlTemplate":"https:\/\/luchonoticias.com\/editor\/?s={search_term_string}"},"query-input":{"@type":"PropertyValueSpecification","valueRequired":true,"valueName":"search_term_string"}}],"inLanguage":"es"},{"@type":["Person","Organization"],"@id":"https:\/\/luchonoticias.com\/editor\/#\/schema\/person\/7a7fd911f58561fd056dbac7b55af9cd","name":"admin","image":{"@type":"ImageObject","inLanguage":"es","@id":"https:\/\/luchonoticias.com\/editor\/#\/schema\/person\/image\/","url":"https:\/\/luchonoticias.com\/editor\/wp-content\/uploads\/2024\/02\/cropped-cropped-logolu.webp","contentUrl":"https:\/\/luchonoticias.com\/editor\/wp-content\/uploads\/2024\/02\/cropped-cropped-logolu.webp","width":382,"height":170,"caption":"admin"},"logo":{"@id":"https:\/\/luchonoticias.com\/editor\/#\/schema\/person\/image\/"},"sameAs":["https:\/\/www.facebook.com\/luchonoticiasneiva"]},{"@type":"Person","@id":"https:\/\/luchonoticias.com\/editor\/#\/schema\/person\/29217990ddf6f14e35912b2866d591fb","name":"Editor General","image":{"@type":"ImageObject","inLanguage":"es","@id":"https:\/\/luchonoticias.com\/editor\/#\/schema\/person\/image\/","url":"https:\/\/luchonoticias.com\/editor\/wp-content\/uploads\/2024\/02\/cropped-cropped-logolu-150x150.webp","contentUrl":"https:\/\/luchonoticias.com\/editor\/wp-content\/uploads\/2024\/02\/cropped-cropped-logolu-150x150.webp","caption":"Editor General"},"sameAs":["https:\/\/luchonoticias.com\/"],"url":"https:\/\/luchonoticias.com\/editor\/author\/editor-general\/"}]}},"_links":{"self":[{"href":"https:\/\/luchonoticias.com\/editor\/wp-json\/wp\/v2\/posts\/74812","targetHints":{"allow":["GET"]}}],"collection":[{"href":"https:\/\/luchonoticias.com\/editor\/wp-json\/wp\/v2\/posts"}],"about":[{"href":"https:\/\/luchonoticias.com\/editor\/wp-json\/wp\/v2\/types\/post"}],"author":[{"embeddable":true,"href":"https:\/\/luchonoticias.com\/editor\/wp-json\/wp\/v2\/users\/2"}],"replies":[{"embeddable":true,"href":"https:\/\/luchonoticias.com\/editor\/wp-json\/wp\/v2\/comments?post=74812"}],"version-history":[{"count":2,"href":"https:\/\/luchonoticias.com\/editor\/wp-json\/wp\/v2\/posts\/74812\/revisions"}],"predecessor-version":[{"id":74815,"href":"https:\/\/luchonoticias.com\/editor\/wp-json\/wp\/v2\/posts\/74812\/revisions\/74815"}],"wp:featuredmedia":[{"embeddable":true,"href":"https:\/\/luchonoticias.com\/editor\/wp-json\/wp\/v2\/media\/74813"}],"wp:attachment":[{"href":"https:\/\/luchonoticias.com\/editor\/wp-json\/wp\/v2\/media?parent=74812"}],"wp:term":[{"taxonomy":"category","embeddable":true,"href":"https:\/\/luchonoticias.com\/editor\/wp-json\/wp\/v2\/categories?post=74812"},{"taxonomy":"post_tag","embeddable":true,"href":"https:\/\/luchonoticias.com\/editor\/wp-json\/wp\/v2\/tags?post=74812"}],"curies":[{"name":"wp","href":"https:\/\/api.w.org\/{rel}","templated":true}]}}