{"id":74816,"date":"2024-07-09T19:17:05","date_gmt":"2024-07-10T00:17:05","guid":{"rendered":"https:\/\/luchonoticias.com\/?p=74816"},"modified":"2024-07-09T19:17:05","modified_gmt":"2024-07-10T00:17:05","slug":"union-de-esfuerzos-por-el-malecon","status":"publish","type":"post","link":"https:\/\/luchonoticias.com\/editor\/union-de-esfuerzos-por-el-malecon\/","title":{"rendered":"Uni\u00f3n de esfuerzos por el Malec\u00f3n"},"content":{"rendered":"<p>Docentes y administrativos de la UCC-Neiva, se unieron con los artesanos, comerciantes, Polic\u00eda Nacional y Ciudad Limpia para desarrollar una jornada de aseo y limpieza al Malec\u00f3n de Neiva. Un aporte al medio ambiente, para preservar la rivera del r\u00edo Magdalena y reactivar la econom\u00eda del sector.<\/p>\n<p>Desde el \u00e1rea de proyecci\u00f3n social de la Universidad Cooperativa de Colombia campus Neiva, se llev\u00f3 a cabo la jornada de limpieza y embellecimiento del Malec\u00f3n, en donde participaron artesanos, comerciantes, ciudad limpia, polic\u00edas, administrativos de la UCC Neiva y la comunidad. Se recogieron m\u00e1s de 25 bolsas de basura y con ello, la zona de artesanos del Malec\u00f3n qued\u00f3 libre de desechos y lista para la visita de propios y turistas.<\/p>\n<p>La jornada permiti\u00f3 la recolecci\u00f3n de desechos pl\u00e1sticos y desechos de vidrios; adem\u00e1s, se encontraron diferentes escombros, como tejas de zinc, estucos, ladrillos y madera. Indic\u00f3 el Coordinador de Proyecci\u00f3n Social, Federico Barreto.<\/p>\n<p>Los impactos que se generaron con esta labor de embellecimiento de la rivera del r\u00edo Magdalena, fue la recuperaci\u00f3n de un espacio en donde la comunidad de Neiva tenga la posibilidad de caminar tranquilamente al momento de visitar el Malec\u00f3n, ya que a trav\u00e9s del proyecto \u201cTerritorio solidario\u201d de la Universidad Cooperativa de Colombia Campus Neiva, se logr\u00f3 aportar positivamente al medio ambiente con la recolecci\u00f3n de pl\u00e1stico, hojas y escombros aleda\u00f1os al r\u00edo, permitiendo cohesionar las relaciones entre las Universidad, los artesanos, comerciantes y el Malec\u00f3n.<\/p>\n<p>La instituci\u00f3n espera continuar con esta labor, en el marco de sus programas de impacto social con los habitantes del municipio de Neiva, especialmente en esta zona que se denomina territorio solidario.<\/p>\n","protected":false},"excerpt":{"rendered":"<p>Docentes y administrativos de la UCC-Neiva, se unieron con los artesanos, comerciantes, Polic\u00eda Nacional y Ciudad Limpia para desarrollar una jornada de aseo y limpieza al Malec\u00f3n de Neiva. Un aporte al medio ambiente, para preservar la rivera del r\u00edo Magdalena y reactivar la econom\u00eda del sector.<\/p>\n","protected":false},"author":2,"featured_media":74817,"comment_status":"closed","ping_status":"open","sticky":false,"template":"","format":"standard","meta":{"footnotes":""},"categories":[31],"tags":[],"class_list":["post-74816","post","type-post","status-publish","format-standard","has-post-thumbnail","hentry","category-local"],"yoast_head":"<!-- This site is optimized with the Yoast SEO plugin v26.6 - https:\/\/yoast.com\/wordpress\/plugins\/seo\/ -->\n<title>Uni\u00f3n de esfuerzos por el Malec\u00f3n -<\/title>\n<meta name=\"description\" content=\"Docentes y administrativos de la UCC-Neiva, se unieron con los artesanos, comerciantes, Polic\u00eda Nacional y Ciudad Limpia para desarrollar una jornada de aseo y limpieza al Malec\u00f3n de Neiva. Un aporte al medio ambiente, para preservar la rivera del r\u00edo Magdalena y reactivar la econom\u00eda del sector.\" \/>\n<meta name=\"robots\" content=\"index, follow, max-snippet:-1, max-image-preview:large, max-video-preview:-1\" \/>\n<link rel=\"canonical\" href=\"https:\/\/luchonoticias.com\/editor\/union-de-esfuerzos-por-el-malecon\/\" \/>\n<meta property=\"og:locale\" content=\"es_ES\" \/>\n<meta property=\"og:type\" content=\"article\" \/>\n<meta property=\"og:title\" content=\"Uni\u00f3n de esfuerzos por el Malec\u00f3n -\" \/>\n<meta property=\"og:description\" content=\"Docentes y administrativos de la UCC-Neiva, se unieron con los artesanos, comerciantes, Polic\u00eda Nacional y Ciudad Limpia para desarrollar una jornada de aseo y limpieza al Malec\u00f3n de Neiva. Un aporte al medio ambiente, para preservar la rivera del r\u00edo Magdalena y reactivar la econom\u00eda del sector.\" \/>\n<meta property=\"og:url\" content=\"https:\/\/luchonoticias.com\/editor\/union-de-esfuerzos-por-el-malecon\/\" \/>\n<meta property=\"article:publisher\" content=\"https:\/\/www.facebook.com\/luchonoticiasneiva\" \/>\n<meta property=\"article:published_time\" content=\"2024-07-10T00:17:05+00:00\" \/>\n<meta property=\"og:image\" content=\"https:\/\/luchonoticias.com\/editor\/wp-content\/uploads\/2024\/07\/medio-ambiente.jpg\" \/>\n\t<meta property=\"og:image:width\" content=\"700\" \/>\n\t<meta property=\"og:image:height\" content=\"400\" \/>\n\t<meta property=\"og:image:type\" content=\"image\/jpeg\" \/>\n<meta name=\"author\" content=\"Editor General\" \/>\n<meta name=\"twitter:card\" content=\"summary_large_image\" \/>\n<meta name=\"twitter:label1\" content=\"Escrito por\" \/>\n\t<meta name=\"twitter:data1\" content=\"Editor General\" \/>\n\t<meta name=\"twitter:label2\" content=\"Tiempo de lectura\" \/>\n\t<meta name=\"twitter:data2\" content=\"2 minutos\" \/>\n<script type=\"application\/ld+json\" class=\"yoast-schema-graph\">{\"@context\":\"https:\/\/schema.org\",\"@graph\":[{\"@type\":\"Article\",\"@id\":\"https:\/\/luchonoticias.com\/editor\/union-de-esfuerzos-por-el-malecon\/#article\",\"isPartOf\":{\"@id\":\"https:\/\/luchonoticias.com\/editor\/union-de-esfuerzos-por-el-malecon\/\"},\"author\":{\"name\":\"Editor General\",\"@id\":\"https:\/\/luchonoticias.com\/editor\/#\/schema\/person\/29217990ddf6f14e35912b2866d591fb\"},\"headline\":\"Uni\u00f3n de esfuerzos por el Malec\u00f3n\",\"datePublished\":\"2024-07-10T00:17:05+00:00\",\"mainEntityOfPage\":{\"@id\":\"https:\/\/luchonoticias.com\/editor\/union-de-esfuerzos-por-el-malecon\/\"},\"wordCount\":301,\"publisher\":{\"@id\":\"https:\/\/luchonoticias.com\/editor\/#\/schema\/person\/7a7fd911f58561fd056dbac7b55af9cd\"},\"image\":{\"@id\":\"https:\/\/luchonoticias.com\/editor\/union-de-esfuerzos-por-el-malecon\/#primaryimage\"},\"thumbnailUrl\":\"https:\/\/luchonoticias.com\/editor\/wp-content\/uploads\/2024\/07\/medio-ambiente.jpg\",\"articleSection\":[\"Local\"],\"inLanguage\":\"es\"},{\"@type\":\"WebPage\",\"@id\":\"https:\/\/luchonoticias.com\/editor\/union-de-esfuerzos-por-el-malecon\/\",\"url\":\"https:\/\/luchonoticias.com\/editor\/union-de-esfuerzos-por-el-malecon\/\",\"name\":\"Uni\u00f3n de esfuerzos por el Malec\u00f3n -\",\"isPartOf\":{\"@id\":\"https:\/\/luchonoticias.com\/editor\/#website\"},\"primaryImageOfPage\":{\"@id\":\"https:\/\/luchonoticias.com\/editor\/union-de-esfuerzos-por-el-malecon\/#primaryimage\"},\"image\":{\"@id\":\"https:\/\/luchonoticias.com\/editor\/union-de-esfuerzos-por-el-malecon\/#primaryimage\"},\"thumbnailUrl\":\"https:\/\/luchonoticias.com\/editor\/wp-content\/uploads\/2024\/07\/medio-ambiente.jpg\",\"datePublished\":\"2024-07-10T00:17:05+00:00\",\"description\":\"Docentes y administrativos de la UCC-Neiva, se unieron con los artesanos, comerciantes, Polic\u00eda Nacional y Ciudad Limpia para desarrollar una jornada de aseo y limpieza al Malec\u00f3n de Neiva. Un aporte al medio ambiente, para preservar la rivera del r\u00edo Magdalena y reactivar la econom\u00eda del sector.\",\"breadcrumb\":{\"@id\":\"https:\/\/luchonoticias.com\/editor\/union-de-esfuerzos-por-el-malecon\/#breadcrumb\"},\"inLanguage\":\"es\",\"potentialAction\":[{\"@type\":\"ReadAction\",\"target\":[\"https:\/\/luchonoticias.com\/editor\/union-de-esfuerzos-por-el-malecon\/\"]}]},{\"@type\":\"ImageObject\",\"inLanguage\":\"es\",\"@id\":\"https:\/\/luchonoticias.com\/editor\/union-de-esfuerzos-por-el-malecon\/#primaryimage\",\"url\":\"https:\/\/luchonoticias.com\/editor\/wp-content\/uploads\/2024\/07\/medio-ambiente.jpg\",\"contentUrl\":\"https:\/\/luchonoticias.com\/editor\/wp-content\/uploads\/2024\/07\/medio-ambiente.jpg\",\"width\":700,\"height\":400},{\"@type\":\"BreadcrumbList\",\"@id\":\"https:\/\/luchonoticias.com\/editor\/union-de-esfuerzos-por-el-malecon\/#breadcrumb\",\"itemListElement\":[{\"@type\":\"ListItem\",\"position\":1,\"name\":\"Portada\",\"item\":\"https:\/\/luchonoticias.com\/editor\/\"},{\"@type\":\"ListItem\",\"position\":2,\"name\":\"Uni\u00f3n de esfuerzos por el Malec\u00f3n\"}]},{\"@type\":\"WebSite\",\"@id\":\"https:\/\/luchonoticias.com\/editor\/#website\",\"url\":\"https:\/\/luchonoticias.com\/editor\/\",\"name\":\"\",\"description\":\"\",\"publisher\":{\"@id\":\"https:\/\/luchonoticias.com\/editor\/#\/schema\/person\/7a7fd911f58561fd056dbac7b55af9cd\"},\"potentialAction\":[{\"@type\":\"SearchAction\",\"target\":{\"@type\":\"EntryPoint\",\"urlTemplate\":\"https:\/\/luchonoticias.com\/editor\/?s={search_term_string}\"},\"query-input\":{\"@type\":\"PropertyValueSpecification\",\"valueRequired\":true,\"valueName\":\"search_term_string\"}}],\"inLanguage\":\"es\"},{\"@type\":[\"Person\",\"Organization\"],\"@id\":\"https:\/\/luchonoticias.com\/editor\/#\/schema\/person\/7a7fd911f58561fd056dbac7b55af9cd\",\"name\":\"admin\",\"image\":{\"@type\":\"ImageObject\",\"inLanguage\":\"es\",\"@id\":\"https:\/\/luchonoticias.com\/editor\/#\/schema\/person\/image\/\",\"url\":\"https:\/\/luchonoticias.com\/editor\/wp-content\/uploads\/2024\/02\/cropped-cropped-logolu.webp\",\"contentUrl\":\"https:\/\/luchonoticias.com\/editor\/wp-content\/uploads\/2024\/02\/cropped-cropped-logolu.webp\",\"width\":382,\"height\":170,\"caption\":\"admin\"},\"logo\":{\"@id\":\"https:\/\/luchonoticias.com\/editor\/#\/schema\/person\/image\/\"},\"sameAs\":[\"https:\/\/www.facebook.com\/luchonoticiasneiva\"]},{\"@type\":\"Person\",\"@id\":\"https:\/\/luchonoticias.com\/editor\/#\/schema\/person\/29217990ddf6f14e35912b2866d591fb\",\"name\":\"Editor General\",\"image\":{\"@type\":\"ImageObject\",\"inLanguage\":\"es\",\"@id\":\"https:\/\/luchonoticias.com\/editor\/#\/schema\/person\/image\/\",\"url\":\"https:\/\/luchonoticias.com\/editor\/wp-content\/uploads\/2024\/02\/cropped-cropped-logolu-150x150.webp\",\"contentUrl\":\"https:\/\/luchonoticias.com\/editor\/wp-content\/uploads\/2024\/02\/cropped-cropped-logolu-150x150.webp\",\"caption\":\"Editor General\"},\"sameAs\":[\"https:\/\/luchonoticias.com\/\"],\"url\":\"https:\/\/luchonoticias.com\/editor\/author\/editor-general\/\"}]}<\/script>\n<!-- \/ Yoast SEO plugin. -->","yoast_head_json":{"title":"Uni\u00f3n de esfuerzos por el Malec\u00f3n -","description":"Docentes y administrativos de la UCC-Neiva, se unieron con los artesanos, comerciantes, Polic\u00eda Nacional y Ciudad Limpia para desarrollar una jornada de aseo y limpieza al Malec\u00f3n de Neiva. Un aporte al medio ambiente, para preservar la rivera del r\u00edo Magdalena y reactivar la econom\u00eda del sector.","robots":{"index":"index","follow":"follow","max-snippet":"max-snippet:-1","max-image-preview":"max-image-preview:large","max-video-preview":"max-video-preview:-1"},"canonical":"https:\/\/luchonoticias.com\/editor\/union-de-esfuerzos-por-el-malecon\/","og_locale":"es_ES","og_type":"article","og_title":"Uni\u00f3n de esfuerzos por el Malec\u00f3n -","og_description":"Docentes y administrativos de la UCC-Neiva, se unieron con los artesanos, comerciantes, Polic\u00eda Nacional y Ciudad Limpia para desarrollar una jornada de aseo y limpieza al Malec\u00f3n de Neiva. Un aporte al medio ambiente, para preservar la rivera del r\u00edo Magdalena y reactivar la econom\u00eda del sector.","og_url":"https:\/\/luchonoticias.com\/editor\/union-de-esfuerzos-por-el-malecon\/","article_publisher":"https:\/\/www.facebook.com\/luchonoticiasneiva","article_published_time":"2024-07-10T00:17:05+00:00","og_image":[{"width":700,"height":400,"url":"https:\/\/luchonoticias.com\/editor\/wp-content\/uploads\/2024\/07\/medio-ambiente.jpg","type":"image\/jpeg"}],"author":"Editor General","twitter_card":"summary_large_image","twitter_misc":{"Escrito por":"Editor General","Tiempo de lectura":"2 minutos"},"schema":{"@context":"https:\/\/schema.org","@graph":[{"@type":"Article","@id":"https:\/\/luchonoticias.com\/editor\/union-de-esfuerzos-por-el-malecon\/#article","isPartOf":{"@id":"https:\/\/luchonoticias.com\/editor\/union-de-esfuerzos-por-el-malecon\/"},"author":{"name":"Editor General","@id":"https:\/\/luchonoticias.com\/editor\/#\/schema\/person\/29217990ddf6f14e35912b2866d591fb"},"headline":"Uni\u00f3n de esfuerzos por el Malec\u00f3n","datePublished":"2024-07-10T00:17:05+00:00","mainEntityOfPage":{"@id":"https:\/\/luchonoticias.com\/editor\/union-de-esfuerzos-por-el-malecon\/"},"wordCount":301,"publisher":{"@id":"https:\/\/luchonoticias.com\/editor\/#\/schema\/person\/7a7fd911f58561fd056dbac7b55af9cd"},"image":{"@id":"https:\/\/luchonoticias.com\/editor\/union-de-esfuerzos-por-el-malecon\/#primaryimage"},"thumbnailUrl":"https:\/\/luchonoticias.com\/editor\/wp-content\/uploads\/2024\/07\/medio-ambiente.jpg","articleSection":["Local"],"inLanguage":"es"},{"@type":"WebPage","@id":"https:\/\/luchonoticias.com\/editor\/union-de-esfuerzos-por-el-malecon\/","url":"https:\/\/luchonoticias.com\/editor\/union-de-esfuerzos-por-el-malecon\/","name":"Uni\u00f3n de esfuerzos por el Malec\u00f3n -","isPartOf":{"@id":"https:\/\/luchonoticias.com\/editor\/#website"},"primaryImageOfPage":{"@id":"https:\/\/luchonoticias.com\/editor\/union-de-esfuerzos-por-el-malecon\/#primaryimage"},"image":{"@id":"https:\/\/luchonoticias.com\/editor\/union-de-esfuerzos-por-el-malecon\/#primaryimage"},"thumbnailUrl":"https:\/\/luchonoticias.com\/editor\/wp-content\/uploads\/2024\/07\/medio-ambiente.jpg","datePublished":"2024-07-10T00:17:05+00:00","description":"Docentes y administrativos de la UCC-Neiva, se unieron con los artesanos, comerciantes, Polic\u00eda Nacional y Ciudad Limpia para desarrollar una jornada de aseo y limpieza al Malec\u00f3n de Neiva. Un aporte al medio ambiente, para preservar la rivera del r\u00edo Magdalena y reactivar la econom\u00eda del sector.","breadcrumb":{"@id":"https:\/\/luchonoticias.com\/editor\/union-de-esfuerzos-por-el-malecon\/#breadcrumb"},"inLanguage":"es","potentialAction":[{"@type":"ReadAction","target":["https:\/\/luchonoticias.com\/editor\/union-de-esfuerzos-por-el-malecon\/"]}]},{"@type":"ImageObject","inLanguage":"es","@id":"https:\/\/luchonoticias.com\/editor\/union-de-esfuerzos-por-el-malecon\/#primaryimage","url":"https:\/\/luchonoticias.com\/editor\/wp-content\/uploads\/2024\/07\/medio-ambiente.jpg","contentUrl":"https:\/\/luchonoticias.com\/editor\/wp-content\/uploads\/2024\/07\/medio-ambiente.jpg","width":700,"height":400},{"@type":"BreadcrumbList","@id":"https:\/\/luchonoticias.com\/editor\/union-de-esfuerzos-por-el-malecon\/#breadcrumb","itemListElement":[{"@type":"ListItem","position":1,"name":"Portada","item":"https:\/\/luchonoticias.com\/editor\/"},{"@type":"ListItem","position":2,"name":"Uni\u00f3n de esfuerzos por el Malec\u00f3n"}]},{"@type":"WebSite","@id":"https:\/\/luchonoticias.com\/editor\/#website","url":"https:\/\/luchonoticias.com\/editor\/","name":"","description":"","publisher":{"@id":"https:\/\/luchonoticias.com\/editor\/#\/schema\/person\/7a7fd911f58561fd056dbac7b55af9cd"},"potentialAction":[{"@type":"SearchAction","target":{"@type":"EntryPoint","urlTemplate":"https:\/\/luchonoticias.com\/editor\/?s={search_term_string}"},"query-input":{"@type":"PropertyValueSpecification","valueRequired":true,"valueName":"search_term_string"}}],"inLanguage":"es"},{"@type":["Person","Organization"],"@id":"https:\/\/luchonoticias.com\/editor\/#\/schema\/person\/7a7fd911f58561fd056dbac7b55af9cd","name":"admin","image":{"@type":"ImageObject","inLanguage":"es","@id":"https:\/\/luchonoticias.com\/editor\/#\/schema\/person\/image\/","url":"https:\/\/luchonoticias.com\/editor\/wp-content\/uploads\/2024\/02\/cropped-cropped-logolu.webp","contentUrl":"https:\/\/luchonoticias.com\/editor\/wp-content\/uploads\/2024\/02\/cropped-cropped-logolu.webp","width":382,"height":170,"caption":"admin"},"logo":{"@id":"https:\/\/luchonoticias.com\/editor\/#\/schema\/person\/image\/"},"sameAs":["https:\/\/www.facebook.com\/luchonoticiasneiva"]},{"@type":"Person","@id":"https:\/\/luchonoticias.com\/editor\/#\/schema\/person\/29217990ddf6f14e35912b2866d591fb","name":"Editor General","image":{"@type":"ImageObject","inLanguage":"es","@id":"https:\/\/luchonoticias.com\/editor\/#\/schema\/person\/image\/","url":"https:\/\/luchonoticias.com\/editor\/wp-content\/uploads\/2024\/02\/cropped-cropped-logolu-150x150.webp","contentUrl":"https:\/\/luchonoticias.com\/editor\/wp-content\/uploads\/2024\/02\/cropped-cropped-logolu-150x150.webp","caption":"Editor General"},"sameAs":["https:\/\/luchonoticias.com\/"],"url":"https:\/\/luchonoticias.com\/editor\/author\/editor-general\/"}]}},"_links":{"self":[{"href":"https:\/\/luchonoticias.com\/editor\/wp-json\/wp\/v2\/posts\/74816","targetHints":{"allow":["GET"]}}],"collection":[{"href":"https:\/\/luchonoticias.com\/editor\/wp-json\/wp\/v2\/posts"}],"about":[{"href":"https:\/\/luchonoticias.com\/editor\/wp-json\/wp\/v2\/types\/post"}],"author":[{"embeddable":true,"href":"https:\/\/luchonoticias.com\/editor\/wp-json\/wp\/v2\/users\/2"}],"replies":[{"embeddable":true,"href":"https:\/\/luchonoticias.com\/editor\/wp-json\/wp\/v2\/comments?post=74816"}],"version-history":[{"count":2,"href":"https:\/\/luchonoticias.com\/editor\/wp-json\/wp\/v2\/posts\/74816\/revisions"}],"predecessor-version":[{"id":74819,"href":"https:\/\/luchonoticias.com\/editor\/wp-json\/wp\/v2\/posts\/74816\/revisions\/74819"}],"wp:featuredmedia":[{"embeddable":true,"href":"https:\/\/luchonoticias.com\/editor\/wp-json\/wp\/v2\/media\/74817"}],"wp:attachment":[{"href":"https:\/\/luchonoticias.com\/editor\/wp-json\/wp\/v2\/media?parent=74816"}],"wp:term":[{"taxonomy":"category","embeddable":true,"href":"https:\/\/luchonoticias.com\/editor\/wp-json\/wp\/v2\/categories?post=74816"},{"taxonomy":"post_tag","embeddable":true,"href":"https:\/\/luchonoticias.com\/editor\/wp-json\/wp\/v2\/tags?post=74816"}],"curies":[{"name":"wp","href":"https:\/\/api.w.org\/{rel}","templated":true}]}}