{"id":74826,"date":"2024-07-10T04:27:51","date_gmt":"2024-07-10T09:27:51","guid":{"rendered":"https:\/\/luchonoticias.com\/?p=74826"},"modified":"2024-07-10T04:27:51","modified_gmt":"2024-07-10T09:27:51","slug":"presidente-pide-presencia-militar-en-todo-el-territorio","status":"publish","type":"post","link":"https:\/\/luchonoticias.com\/editor\/presidente-pide-presencia-militar-en-todo-el-territorio\/","title":{"rendered":"Presidente pide presencia militar en todo el territorio"},"content":{"rendered":"<p>El presidente Gustavo Petro Urrego resalt\u00f3 el papel social y militar que deben cumplir las Fuerzas Militares para la transformaci\u00f3n de Colombia y les orden\u00f3 a las tropas mayor presencia en los r\u00edos y selvas, donde tanto el conflicto armado como las econom\u00edas il\u00edcitas han frenado el desarrollo y la paz en esas regiones.<\/p>\n<p>\u201cLa Armada tiene que fortalecerse en medios que no son exactamente buques y fragatas, sino que son lanchas que puedan navegar por nuestros propios r\u00edos, que puedan recorrer toda la selva amaz\u00f3nica en funci\u00f3n social y en funci\u00f3n militar, que puedan ir hacia los deltas de Nari\u00f1o, que sigue siendo, lamentablemente, con el Cauca, la regi\u00f3n cocainera m\u00e1s grande del mundo\u00bb, sostuvo el mandatario durante la ceremonia de transmisi\u00f3n de mando del Comandante General de las Fuerzas Militares, almirante Francisco Hernando Cubides.<\/p>\n<p>Tambi\u00e9n subray\u00f3 la necesidad de cuidar regiones de importante valor para el equilibrio ambiental del Planeta, algunas de las cuales son, precisamente, las m\u00e1s golpeadas por temas de orden p\u00fablico y destrucci\u00f3n natural, producto de las econom\u00edas il\u00edcitas.<\/p>\n<p>El mandatario asegur\u00f3 que el mundo puede ayudar a Colombia en este esfuerzo: \u201cHay que resolver la violencia, la pobreza de esas regiones y hacer un camino de prosperidad que implique mantener la selva amaz\u00f3nica y la selva del Choc\u00f3 biogeogr\u00e1fico, que es donde hoy se da el 90% del conflicto armado de Colombia\u00bb.<\/p>\n<p>Tambi\u00e9n le encomend\u00f3 a la Armada de Colombia disponer de sus capacidades para extraer del fondo del mar Caribe los tesoros del Gale\u00f3n San Jos\u00e9, \u201cno por lo que valen -porque no van a valer mucho- sino porque representan la historia de Colombia, la historia del Caribe, la historia de la Marina, la historia de una nacionalidad que es necesario plantear y mostrarle a nuestra ni\u00f1ez\u00bb.<\/p>\n<p>Adem\u00e1s, el Presidente precis\u00f3 que para esa misi\u00f3n \u201choy hay un comandante de las Fuerzas Militares que proviene de la Armada\u00bb.<\/p>\n","protected":false},"excerpt":{"rendered":"<p>El mandatario orden\u00f3 a las tropas cuidar regiones de importante valor ambiental del Planeta, entre las cuales est\u00e1n algunas de las m\u00e1s golpeadas por orden p\u00fablico y econom\u00edas il\u00edcitas.<\/p>\n","protected":false},"author":2,"featured_media":74827,"comment_status":"closed","ping_status":"open","sticky":false,"template":"","format":"standard","meta":{"footnotes":""},"categories":[28],"tags":[],"class_list":["post-74826","post","type-post","status-publish","format-standard","has-post-thumbnail","hentry","category-actualidad"],"yoast_head":"<!-- This site is optimized with the Yoast SEO plugin v26.6 - https:\/\/yoast.com\/wordpress\/plugins\/seo\/ -->\n<title>Presidente pide presencia militar en todo el territorio -<\/title>\n<meta name=\"description\" content=\"El mandatario orden\u00f3 a las tropas cuidar regiones de importante valor ambiental del Planeta, entre las cuales est\u00e1n algunas de las m\u00e1s golpeadas por orden p\u00fablico y econom\u00edas il\u00edcitas.\" \/>\n<meta name=\"robots\" content=\"index, follow, max-snippet:-1, max-image-preview:large, max-video-preview:-1\" \/>\n<link rel=\"canonical\" href=\"https:\/\/luchonoticias.com\/editor\/presidente-pide-presencia-militar-en-todo-el-territorio\/\" \/>\n<meta property=\"og:locale\" content=\"es_ES\" \/>\n<meta property=\"og:type\" content=\"article\" \/>\n<meta property=\"og:title\" content=\"Presidente pide presencia militar en todo el territorio -\" \/>\n<meta property=\"og:description\" content=\"El mandatario orden\u00f3 a las tropas cuidar regiones de importante valor ambiental del Planeta, entre las cuales est\u00e1n algunas de las m\u00e1s golpeadas por orden p\u00fablico y econom\u00edas il\u00edcitas.\" \/>\n<meta property=\"og:url\" content=\"https:\/\/luchonoticias.com\/editor\/presidente-pide-presencia-militar-en-todo-el-territorio\/\" \/>\n<meta property=\"article:publisher\" content=\"https:\/\/www.facebook.com\/luchonoticiasneiva\" \/>\n<meta property=\"article:published_time\" content=\"2024-07-10T09:27:51+00:00\" \/>\n<meta property=\"og:image\" content=\"https:\/\/luchonoticias.com\/editor\/wp-content\/uploads\/2024\/07\/preidente-fuerzas-militares.jpg\" \/>\n\t<meta property=\"og:image:width\" content=\"700\" \/>\n\t<meta property=\"og:image:height\" content=\"400\" \/>\n\t<meta property=\"og:image:type\" content=\"image\/jpeg\" \/>\n<meta name=\"author\" content=\"Editor General\" \/>\n<meta name=\"twitter:card\" content=\"summary_large_image\" \/>\n<meta name=\"twitter:label1\" content=\"Escrito por\" \/>\n\t<meta name=\"twitter:data1\" content=\"Editor General\" \/>\n\t<meta name=\"twitter:label2\" content=\"Tiempo de lectura\" \/>\n\t<meta name=\"twitter:data2\" content=\"2 minutos\" \/>\n<script type=\"application\/ld+json\" class=\"yoast-schema-graph\">{\"@context\":\"https:\/\/schema.org\",\"@graph\":[{\"@type\":\"Article\",\"@id\":\"https:\/\/luchonoticias.com\/editor\/presidente-pide-presencia-militar-en-todo-el-territorio\/#article\",\"isPartOf\":{\"@id\":\"https:\/\/luchonoticias.com\/editor\/presidente-pide-presencia-militar-en-todo-el-territorio\/\"},\"author\":{\"name\":\"Editor General\",\"@id\":\"https:\/\/luchonoticias.com\/editor\/#\/schema\/person\/29217990ddf6f14e35912b2866d591fb\"},\"headline\":\"Presidente pide presencia militar en todo el territorio\",\"datePublished\":\"2024-07-10T09:27:51+00:00\",\"mainEntityOfPage\":{\"@id\":\"https:\/\/luchonoticias.com\/editor\/presidente-pide-presencia-militar-en-todo-el-territorio\/\"},\"wordCount\":347,\"publisher\":{\"@id\":\"https:\/\/luchonoticias.com\/editor\/#\/schema\/person\/7a7fd911f58561fd056dbac7b55af9cd\"},\"image\":{\"@id\":\"https:\/\/luchonoticias.com\/editor\/presidente-pide-presencia-militar-en-todo-el-territorio\/#primaryimage\"},\"thumbnailUrl\":\"https:\/\/luchonoticias.com\/editor\/wp-content\/uploads\/2024\/07\/preidente-fuerzas-militares.jpg\",\"articleSection\":[\"Actualidad\"],\"inLanguage\":\"es\"},{\"@type\":\"WebPage\",\"@id\":\"https:\/\/luchonoticias.com\/editor\/presidente-pide-presencia-militar-en-todo-el-territorio\/\",\"url\":\"https:\/\/luchonoticias.com\/editor\/presidente-pide-presencia-militar-en-todo-el-territorio\/\",\"name\":\"Presidente pide presencia militar en todo el territorio -\",\"isPartOf\":{\"@id\":\"https:\/\/luchonoticias.com\/editor\/#website\"},\"primaryImageOfPage\":{\"@id\":\"https:\/\/luchonoticias.com\/editor\/presidente-pide-presencia-militar-en-todo-el-territorio\/#primaryimage\"},\"image\":{\"@id\":\"https:\/\/luchonoticias.com\/editor\/presidente-pide-presencia-militar-en-todo-el-territorio\/#primaryimage\"},\"thumbnailUrl\":\"https:\/\/luchonoticias.com\/editor\/wp-content\/uploads\/2024\/07\/preidente-fuerzas-militares.jpg\",\"datePublished\":\"2024-07-10T09:27:51+00:00\",\"description\":\"El mandatario orden\u00f3 a las tropas cuidar regiones de importante valor ambiental del Planeta, entre las cuales est\u00e1n algunas de las m\u00e1s golpeadas por orden p\u00fablico y econom\u00edas il\u00edcitas.\",\"breadcrumb\":{\"@id\":\"https:\/\/luchonoticias.com\/editor\/presidente-pide-presencia-militar-en-todo-el-territorio\/#breadcrumb\"},\"inLanguage\":\"es\",\"potentialAction\":[{\"@type\":\"ReadAction\",\"target\":[\"https:\/\/luchonoticias.com\/editor\/presidente-pide-presencia-militar-en-todo-el-territorio\/\"]}]},{\"@type\":\"ImageObject\",\"inLanguage\":\"es\",\"@id\":\"https:\/\/luchonoticias.com\/editor\/presidente-pide-presencia-militar-en-todo-el-territorio\/#primaryimage\",\"url\":\"https:\/\/luchonoticias.com\/editor\/wp-content\/uploads\/2024\/07\/preidente-fuerzas-militares.jpg\",\"contentUrl\":\"https:\/\/luchonoticias.com\/editor\/wp-content\/uploads\/2024\/07\/preidente-fuerzas-militares.jpg\",\"width\":700,\"height\":400},{\"@type\":\"BreadcrumbList\",\"@id\":\"https:\/\/luchonoticias.com\/editor\/presidente-pide-presencia-militar-en-todo-el-territorio\/#breadcrumb\",\"itemListElement\":[{\"@type\":\"ListItem\",\"position\":1,\"name\":\"Portada\",\"item\":\"https:\/\/luchonoticias.com\/editor\/\"},{\"@type\":\"ListItem\",\"position\":2,\"name\":\"Presidente pide presencia militar en todo el territorio\"}]},{\"@type\":\"WebSite\",\"@id\":\"https:\/\/luchonoticias.com\/editor\/#website\",\"url\":\"https:\/\/luchonoticias.com\/editor\/\",\"name\":\"\",\"description\":\"\",\"publisher\":{\"@id\":\"https:\/\/luchonoticias.com\/editor\/#\/schema\/person\/7a7fd911f58561fd056dbac7b55af9cd\"},\"potentialAction\":[{\"@type\":\"SearchAction\",\"target\":{\"@type\":\"EntryPoint\",\"urlTemplate\":\"https:\/\/luchonoticias.com\/editor\/?s={search_term_string}\"},\"query-input\":{\"@type\":\"PropertyValueSpecification\",\"valueRequired\":true,\"valueName\":\"search_term_string\"}}],\"inLanguage\":\"es\"},{\"@type\":[\"Person\",\"Organization\"],\"@id\":\"https:\/\/luchonoticias.com\/editor\/#\/schema\/person\/7a7fd911f58561fd056dbac7b55af9cd\",\"name\":\"admin\",\"image\":{\"@type\":\"ImageObject\",\"inLanguage\":\"es\",\"@id\":\"https:\/\/luchonoticias.com\/editor\/#\/schema\/person\/image\/\",\"url\":\"https:\/\/luchonoticias.com\/editor\/wp-content\/uploads\/2024\/02\/cropped-cropped-logolu.webp\",\"contentUrl\":\"https:\/\/luchonoticias.com\/editor\/wp-content\/uploads\/2024\/02\/cropped-cropped-logolu.webp\",\"width\":382,\"height\":170,\"caption\":\"admin\"},\"logo\":{\"@id\":\"https:\/\/luchonoticias.com\/editor\/#\/schema\/person\/image\/\"},\"sameAs\":[\"https:\/\/www.facebook.com\/luchonoticiasneiva\"]},{\"@type\":\"Person\",\"@id\":\"https:\/\/luchonoticias.com\/editor\/#\/schema\/person\/29217990ddf6f14e35912b2866d591fb\",\"name\":\"Editor General\",\"image\":{\"@type\":\"ImageObject\",\"inLanguage\":\"es\",\"@id\":\"https:\/\/luchonoticias.com\/editor\/#\/schema\/person\/image\/\",\"url\":\"https:\/\/luchonoticias.com\/editor\/wp-content\/uploads\/2024\/02\/cropped-cropped-logolu-150x150.webp\",\"contentUrl\":\"https:\/\/luchonoticias.com\/editor\/wp-content\/uploads\/2024\/02\/cropped-cropped-logolu-150x150.webp\",\"caption\":\"Editor General\"},\"sameAs\":[\"https:\/\/luchonoticias.com\/\"],\"url\":\"https:\/\/luchonoticias.com\/editor\/author\/editor-general\/\"}]}<\/script>\n<!-- \/ Yoast SEO plugin. -->","yoast_head_json":{"title":"Presidente pide presencia militar en todo el territorio -","description":"El mandatario orden\u00f3 a las tropas cuidar regiones de importante valor ambiental del Planeta, entre las cuales est\u00e1n algunas de las m\u00e1s golpeadas por orden p\u00fablico y econom\u00edas il\u00edcitas.","robots":{"index":"index","follow":"follow","max-snippet":"max-snippet:-1","max-image-preview":"max-image-preview:large","max-video-preview":"max-video-preview:-1"},"canonical":"https:\/\/luchonoticias.com\/editor\/presidente-pide-presencia-militar-en-todo-el-territorio\/","og_locale":"es_ES","og_type":"article","og_title":"Presidente pide presencia militar en todo el territorio -","og_description":"El mandatario orden\u00f3 a las tropas cuidar regiones de importante valor ambiental del Planeta, entre las cuales est\u00e1n algunas de las m\u00e1s golpeadas por orden p\u00fablico y econom\u00edas il\u00edcitas.","og_url":"https:\/\/luchonoticias.com\/editor\/presidente-pide-presencia-militar-en-todo-el-territorio\/","article_publisher":"https:\/\/www.facebook.com\/luchonoticiasneiva","article_published_time":"2024-07-10T09:27:51+00:00","og_image":[{"width":700,"height":400,"url":"https:\/\/luchonoticias.com\/editor\/wp-content\/uploads\/2024\/07\/preidente-fuerzas-militares.jpg","type":"image\/jpeg"}],"author":"Editor General","twitter_card":"summary_large_image","twitter_misc":{"Escrito por":"Editor General","Tiempo de lectura":"2 minutos"},"schema":{"@context":"https:\/\/schema.org","@graph":[{"@type":"Article","@id":"https:\/\/luchonoticias.com\/editor\/presidente-pide-presencia-militar-en-todo-el-territorio\/#article","isPartOf":{"@id":"https:\/\/luchonoticias.com\/editor\/presidente-pide-presencia-militar-en-todo-el-territorio\/"},"author":{"name":"Editor General","@id":"https:\/\/luchonoticias.com\/editor\/#\/schema\/person\/29217990ddf6f14e35912b2866d591fb"},"headline":"Presidente pide presencia militar en todo el territorio","datePublished":"2024-07-10T09:27:51+00:00","mainEntityOfPage":{"@id":"https:\/\/luchonoticias.com\/editor\/presidente-pide-presencia-militar-en-todo-el-territorio\/"},"wordCount":347,"publisher":{"@id":"https:\/\/luchonoticias.com\/editor\/#\/schema\/person\/7a7fd911f58561fd056dbac7b55af9cd"},"image":{"@id":"https:\/\/luchonoticias.com\/editor\/presidente-pide-presencia-militar-en-todo-el-territorio\/#primaryimage"},"thumbnailUrl":"https:\/\/luchonoticias.com\/editor\/wp-content\/uploads\/2024\/07\/preidente-fuerzas-militares.jpg","articleSection":["Actualidad"],"inLanguage":"es"},{"@type":"WebPage","@id":"https:\/\/luchonoticias.com\/editor\/presidente-pide-presencia-militar-en-todo-el-territorio\/","url":"https:\/\/luchonoticias.com\/editor\/presidente-pide-presencia-militar-en-todo-el-territorio\/","name":"Presidente pide presencia militar en todo el territorio -","isPartOf":{"@id":"https:\/\/luchonoticias.com\/editor\/#website"},"primaryImageOfPage":{"@id":"https:\/\/luchonoticias.com\/editor\/presidente-pide-presencia-militar-en-todo-el-territorio\/#primaryimage"},"image":{"@id":"https:\/\/luchonoticias.com\/editor\/presidente-pide-presencia-militar-en-todo-el-territorio\/#primaryimage"},"thumbnailUrl":"https:\/\/luchonoticias.com\/editor\/wp-content\/uploads\/2024\/07\/preidente-fuerzas-militares.jpg","datePublished":"2024-07-10T09:27:51+00:00","description":"El mandatario orden\u00f3 a las tropas cuidar regiones de importante valor ambiental del Planeta, entre las cuales est\u00e1n algunas de las m\u00e1s golpeadas por orden p\u00fablico y econom\u00edas il\u00edcitas.","breadcrumb":{"@id":"https:\/\/luchonoticias.com\/editor\/presidente-pide-presencia-militar-en-todo-el-territorio\/#breadcrumb"},"inLanguage":"es","potentialAction":[{"@type":"ReadAction","target":["https:\/\/luchonoticias.com\/editor\/presidente-pide-presencia-militar-en-todo-el-territorio\/"]}]},{"@type":"ImageObject","inLanguage":"es","@id":"https:\/\/luchonoticias.com\/editor\/presidente-pide-presencia-militar-en-todo-el-territorio\/#primaryimage","url":"https:\/\/luchonoticias.com\/editor\/wp-content\/uploads\/2024\/07\/preidente-fuerzas-militares.jpg","contentUrl":"https:\/\/luchonoticias.com\/editor\/wp-content\/uploads\/2024\/07\/preidente-fuerzas-militares.jpg","width":700,"height":400},{"@type":"BreadcrumbList","@id":"https:\/\/luchonoticias.com\/editor\/presidente-pide-presencia-militar-en-todo-el-territorio\/#breadcrumb","itemListElement":[{"@type":"ListItem","position":1,"name":"Portada","item":"https:\/\/luchonoticias.com\/editor\/"},{"@type":"ListItem","position":2,"name":"Presidente pide presencia militar en todo el territorio"}]},{"@type":"WebSite","@id":"https:\/\/luchonoticias.com\/editor\/#website","url":"https:\/\/luchonoticias.com\/editor\/","name":"","description":"","publisher":{"@id":"https:\/\/luchonoticias.com\/editor\/#\/schema\/person\/7a7fd911f58561fd056dbac7b55af9cd"},"potentialAction":[{"@type":"SearchAction","target":{"@type":"EntryPoint","urlTemplate":"https:\/\/luchonoticias.com\/editor\/?s={search_term_string}"},"query-input":{"@type":"PropertyValueSpecification","valueRequired":true,"valueName":"search_term_string"}}],"inLanguage":"es"},{"@type":["Person","Organization"],"@id":"https:\/\/luchonoticias.com\/editor\/#\/schema\/person\/7a7fd911f58561fd056dbac7b55af9cd","name":"admin","image":{"@type":"ImageObject","inLanguage":"es","@id":"https:\/\/luchonoticias.com\/editor\/#\/schema\/person\/image\/","url":"https:\/\/luchonoticias.com\/editor\/wp-content\/uploads\/2024\/02\/cropped-cropped-logolu.webp","contentUrl":"https:\/\/luchonoticias.com\/editor\/wp-content\/uploads\/2024\/02\/cropped-cropped-logolu.webp","width":382,"height":170,"caption":"admin"},"logo":{"@id":"https:\/\/luchonoticias.com\/editor\/#\/schema\/person\/image\/"},"sameAs":["https:\/\/www.facebook.com\/luchonoticiasneiva"]},{"@type":"Person","@id":"https:\/\/luchonoticias.com\/editor\/#\/schema\/person\/29217990ddf6f14e35912b2866d591fb","name":"Editor General","image":{"@type":"ImageObject","inLanguage":"es","@id":"https:\/\/luchonoticias.com\/editor\/#\/schema\/person\/image\/","url":"https:\/\/luchonoticias.com\/editor\/wp-content\/uploads\/2024\/02\/cropped-cropped-logolu-150x150.webp","contentUrl":"https:\/\/luchonoticias.com\/editor\/wp-content\/uploads\/2024\/02\/cropped-cropped-logolu-150x150.webp","caption":"Editor General"},"sameAs":["https:\/\/luchonoticias.com\/"],"url":"https:\/\/luchonoticias.com\/editor\/author\/editor-general\/"}]}},"_links":{"self":[{"href":"https:\/\/luchonoticias.com\/editor\/wp-json\/wp\/v2\/posts\/74826","targetHints":{"allow":["GET"]}}],"collection":[{"href":"https:\/\/luchonoticias.com\/editor\/wp-json\/wp\/v2\/posts"}],"about":[{"href":"https:\/\/luchonoticias.com\/editor\/wp-json\/wp\/v2\/types\/post"}],"author":[{"embeddable":true,"href":"https:\/\/luchonoticias.com\/editor\/wp-json\/wp\/v2\/users\/2"}],"replies":[{"embeddable":true,"href":"https:\/\/luchonoticias.com\/editor\/wp-json\/wp\/v2\/comments?post=74826"}],"version-history":[{"count":1,"href":"https:\/\/luchonoticias.com\/editor\/wp-json\/wp\/v2\/posts\/74826\/revisions"}],"predecessor-version":[{"id":74828,"href":"https:\/\/luchonoticias.com\/editor\/wp-json\/wp\/v2\/posts\/74826\/revisions\/74828"}],"wp:featuredmedia":[{"embeddable":true,"href":"https:\/\/luchonoticias.com\/editor\/wp-json\/wp\/v2\/media\/74827"}],"wp:attachment":[{"href":"https:\/\/luchonoticias.com\/editor\/wp-json\/wp\/v2\/media?parent=74826"}],"wp:term":[{"taxonomy":"category","embeddable":true,"href":"https:\/\/luchonoticias.com\/editor\/wp-json\/wp\/v2\/categories?post=74826"},{"taxonomy":"post_tag","embeddable":true,"href":"https:\/\/luchonoticias.com\/editor\/wp-json\/wp\/v2\/tags?post=74826"}],"curies":[{"name":"wp","href":"https:\/\/api.w.org\/{rel}","templated":true}]}}