{"id":74833,"date":"2024-07-10T04:42:27","date_gmt":"2024-07-10T09:42:27","guid":{"rendered":"https:\/\/luchonoticias.com\/?p=74833"},"modified":"2024-07-10T04:42:27","modified_gmt":"2024-07-10T09:42:27","slug":"neiva-y-su-inversion-en-transporte-escolar-rural","status":"publish","type":"post","link":"https:\/\/luchonoticias.com\/editor\/neiva-y-su-inversion-en-transporte-escolar-rural\/","title":{"rendered":"Neiva y su inversi\u00f3n en transporte escolar rural"},"content":{"rendered":"<p>Con una inversi\u00f3n total de 1.715 millones de pesos, la Alcald\u00eda de Neiva, a trav\u00e9s de la Secretar\u00eda de Educaci\u00f3n, ha logrado mantener las rutas escolares rurales en los ocho corregimientos del Municipio, d\u00e1ndole facilidad a 1821 menores, que viven en zonas apartadas de las instituciones educativas.<\/p>\n<p>Si bien en zona rural hay matriculados 3082 ni\u00f1os y ni\u00f1as, cada instituci\u00f3n educativa realiza la focalizaci\u00f3n para que sean beneficiarios del transporte, aquellos peque\u00f1os que vivan m\u00e1s lejos de los colegios y sus sedes, brind\u00e1ndoles la garant\u00eda de que diariamente el transporte escolar los recoger\u00e1 y los llevar\u00e1 al colegio de manera segura.<\/p>\n<p>La estrategia de calidad y cobertura educativa adem\u00e1s, busca evitar la deserci\u00f3n escolar y que los ni\u00f1os culminen su educaci\u00f3n, propendiendo por bachilleratos t\u00e9cnicos con los que puedan encaminar sus proyectos de vida.<\/p>\n<p>\u201cHemos venido garantizando la prestaci\u00f3n continua del servicio de transporte escolar. En la Secretar\u00eda de Educaci\u00f3n, conocimos en el proceso de empalme, la realidad de muchos de nuestros ni\u00f1os y ni\u00f1as que se encontraban en zonas rurales especialmente dispersas, que no acced\u00edan a la educaci\u00f3n, no pod\u00edan ir a estudiar porque no contaban con el servicio de transporte escolar\u201d, coment\u00f3 Natalia Rodr\u00edguez secretaria de Educaci\u00f3n.<\/p>\n<p>El transporte escolar, que es 100% gratuito, es un apoyo econ\u00f3mico a las familias, pues en muchas ocasiones no se cuentan con los recursos para enviar al menor en alg\u00fan medio de transporte, por lo que este debe ir a pie exponi\u00e9ndose a peligros latentes en el camino o no ir a clase.<\/p>\n<p>La intenci\u00f3n de la Administraci\u00f3n Municipal es mantener el servicio de transporte escolar para brindar todas las garant\u00edas para que los ni\u00f1os y ni\u00f1as de zona rural puedan tener acceso a la educaci\u00f3n y a la alimentaci\u00f3n que ofrece el Programa de Alimentaci\u00f3n Escolar.<\/p>\n","protected":false},"excerpt":{"rendered":"<p>Durante el 2024, se ha mantenido el contrato para que los alumnos de \u00e1rea rural de Neiva, cuenten con el servicio de ruta escolar y puedan ir a clases de manera segura.<\/p>\n","protected":false},"author":2,"featured_media":74834,"comment_status":"closed","ping_status":"open","sticky":false,"template":"","format":"standard","meta":{"footnotes":""},"categories":[31],"tags":[],"class_list":["post-74833","post","type-post","status-publish","format-standard","has-post-thumbnail","hentry","category-local"],"yoast_head":"<!-- This site is optimized with the Yoast SEO plugin v26.6 - https:\/\/yoast.com\/wordpress\/plugins\/seo\/ -->\n<title>Neiva y su inversi\u00f3n en transporte escolar rural -<\/title>\n<meta name=\"description\" content=\"Durante el 2024, se ha mantenido el contrato para que los alumnos de \u00e1rea rural de Neiva, cuenten con el servicio de ruta escolar y puedan ir a clases de manera segura.\" \/>\n<meta name=\"robots\" content=\"index, follow, max-snippet:-1, max-image-preview:large, max-video-preview:-1\" \/>\n<link rel=\"canonical\" href=\"https:\/\/luchonoticias.com\/editor\/neiva-y-su-inversion-en-transporte-escolar-rural\/\" \/>\n<meta property=\"og:locale\" content=\"es_ES\" \/>\n<meta property=\"og:type\" content=\"article\" \/>\n<meta property=\"og:title\" content=\"Neiva y su inversi\u00f3n en transporte escolar rural -\" \/>\n<meta property=\"og:description\" content=\"Durante el 2024, se ha mantenido el contrato para que los alumnos de \u00e1rea rural de Neiva, cuenten con el servicio de ruta escolar y puedan ir a clases de manera segura.\" \/>\n<meta property=\"og:url\" content=\"https:\/\/luchonoticias.com\/editor\/neiva-y-su-inversion-en-transporte-escolar-rural\/\" \/>\n<meta property=\"article:publisher\" content=\"https:\/\/www.facebook.com\/luchonoticiasneiva\" \/>\n<meta property=\"article:published_time\" content=\"2024-07-10T09:42:27+00:00\" \/>\n<meta property=\"og:image\" content=\"https:\/\/luchonoticias.com\/editor\/wp-content\/uploads\/2024\/07\/transporte-escolar-2.jpg\" \/>\n\t<meta property=\"og:image:width\" content=\"700\" \/>\n\t<meta property=\"og:image:height\" content=\"400\" \/>\n\t<meta property=\"og:image:type\" content=\"image\/jpeg\" \/>\n<meta name=\"author\" content=\"Editor General\" \/>\n<meta name=\"twitter:card\" content=\"summary_large_image\" \/>\n<meta name=\"twitter:label1\" content=\"Escrito por\" \/>\n\t<meta name=\"twitter:data1\" content=\"Editor General\" \/>\n\t<meta name=\"twitter:label2\" content=\"Tiempo de lectura\" \/>\n\t<meta name=\"twitter:data2\" content=\"2 minutos\" \/>\n<script type=\"application\/ld+json\" class=\"yoast-schema-graph\">{\"@context\":\"https:\/\/schema.org\",\"@graph\":[{\"@type\":\"Article\",\"@id\":\"https:\/\/luchonoticias.com\/editor\/neiva-y-su-inversion-en-transporte-escolar-rural\/#article\",\"isPartOf\":{\"@id\":\"https:\/\/luchonoticias.com\/editor\/neiva-y-su-inversion-en-transporte-escolar-rural\/\"},\"author\":{\"name\":\"Editor General\",\"@id\":\"https:\/\/luchonoticias.com\/editor\/#\/schema\/person\/29217990ddf6f14e35912b2866d591fb\"},\"headline\":\"Neiva y su inversi\u00f3n en transporte escolar rural\",\"datePublished\":\"2024-07-10T09:42:27+00:00\",\"mainEntityOfPage\":{\"@id\":\"https:\/\/luchonoticias.com\/editor\/neiva-y-su-inversion-en-transporte-escolar-rural\/\"},\"wordCount\":341,\"publisher\":{\"@id\":\"https:\/\/luchonoticias.com\/editor\/#\/schema\/person\/7a7fd911f58561fd056dbac7b55af9cd\"},\"image\":{\"@id\":\"https:\/\/luchonoticias.com\/editor\/neiva-y-su-inversion-en-transporte-escolar-rural\/#primaryimage\"},\"thumbnailUrl\":\"https:\/\/luchonoticias.com\/editor\/wp-content\/uploads\/2024\/07\/transporte-escolar-2.jpg\",\"articleSection\":[\"Local\"],\"inLanguage\":\"es\"},{\"@type\":\"WebPage\",\"@id\":\"https:\/\/luchonoticias.com\/editor\/neiva-y-su-inversion-en-transporte-escolar-rural\/\",\"url\":\"https:\/\/luchonoticias.com\/editor\/neiva-y-su-inversion-en-transporte-escolar-rural\/\",\"name\":\"Neiva y su inversi\u00f3n en transporte escolar rural -\",\"isPartOf\":{\"@id\":\"https:\/\/luchonoticias.com\/editor\/#website\"},\"primaryImageOfPage\":{\"@id\":\"https:\/\/luchonoticias.com\/editor\/neiva-y-su-inversion-en-transporte-escolar-rural\/#primaryimage\"},\"image\":{\"@id\":\"https:\/\/luchonoticias.com\/editor\/neiva-y-su-inversion-en-transporte-escolar-rural\/#primaryimage\"},\"thumbnailUrl\":\"https:\/\/luchonoticias.com\/editor\/wp-content\/uploads\/2024\/07\/transporte-escolar-2.jpg\",\"datePublished\":\"2024-07-10T09:42:27+00:00\",\"description\":\"Durante el 2024, se ha mantenido el contrato para que los alumnos de \u00e1rea rural de Neiva, cuenten con el servicio de ruta escolar y puedan ir a clases de manera segura.\",\"breadcrumb\":{\"@id\":\"https:\/\/luchonoticias.com\/editor\/neiva-y-su-inversion-en-transporte-escolar-rural\/#breadcrumb\"},\"inLanguage\":\"es\",\"potentialAction\":[{\"@type\":\"ReadAction\",\"target\":[\"https:\/\/luchonoticias.com\/editor\/neiva-y-su-inversion-en-transporte-escolar-rural\/\"]}]},{\"@type\":\"ImageObject\",\"inLanguage\":\"es\",\"@id\":\"https:\/\/luchonoticias.com\/editor\/neiva-y-su-inversion-en-transporte-escolar-rural\/#primaryimage\",\"url\":\"https:\/\/luchonoticias.com\/editor\/wp-content\/uploads\/2024\/07\/transporte-escolar-2.jpg\",\"contentUrl\":\"https:\/\/luchonoticias.com\/editor\/wp-content\/uploads\/2024\/07\/transporte-escolar-2.jpg\",\"width\":700,\"height\":400},{\"@type\":\"BreadcrumbList\",\"@id\":\"https:\/\/luchonoticias.com\/editor\/neiva-y-su-inversion-en-transporte-escolar-rural\/#breadcrumb\",\"itemListElement\":[{\"@type\":\"ListItem\",\"position\":1,\"name\":\"Portada\",\"item\":\"https:\/\/luchonoticias.com\/editor\/\"},{\"@type\":\"ListItem\",\"position\":2,\"name\":\"Neiva y su inversi\u00f3n en transporte escolar rural\"}]},{\"@type\":\"WebSite\",\"@id\":\"https:\/\/luchonoticias.com\/editor\/#website\",\"url\":\"https:\/\/luchonoticias.com\/editor\/\",\"name\":\"\",\"description\":\"\",\"publisher\":{\"@id\":\"https:\/\/luchonoticias.com\/editor\/#\/schema\/person\/7a7fd911f58561fd056dbac7b55af9cd\"},\"potentialAction\":[{\"@type\":\"SearchAction\",\"target\":{\"@type\":\"EntryPoint\",\"urlTemplate\":\"https:\/\/luchonoticias.com\/editor\/?s={search_term_string}\"},\"query-input\":{\"@type\":\"PropertyValueSpecification\",\"valueRequired\":true,\"valueName\":\"search_term_string\"}}],\"inLanguage\":\"es\"},{\"@type\":[\"Person\",\"Organization\"],\"@id\":\"https:\/\/luchonoticias.com\/editor\/#\/schema\/person\/7a7fd911f58561fd056dbac7b55af9cd\",\"name\":\"admin\",\"image\":{\"@type\":\"ImageObject\",\"inLanguage\":\"es\",\"@id\":\"https:\/\/luchonoticias.com\/editor\/#\/schema\/person\/image\/\",\"url\":\"https:\/\/luchonoticias.com\/editor\/wp-content\/uploads\/2024\/02\/cropped-cropped-logolu.webp\",\"contentUrl\":\"https:\/\/luchonoticias.com\/editor\/wp-content\/uploads\/2024\/02\/cropped-cropped-logolu.webp\",\"width\":382,\"height\":170,\"caption\":\"admin\"},\"logo\":{\"@id\":\"https:\/\/luchonoticias.com\/editor\/#\/schema\/person\/image\/\"},\"sameAs\":[\"https:\/\/www.facebook.com\/luchonoticiasneiva\"]},{\"@type\":\"Person\",\"@id\":\"https:\/\/luchonoticias.com\/editor\/#\/schema\/person\/29217990ddf6f14e35912b2866d591fb\",\"name\":\"Editor General\",\"image\":{\"@type\":\"ImageObject\",\"inLanguage\":\"es\",\"@id\":\"https:\/\/luchonoticias.com\/editor\/#\/schema\/person\/image\/\",\"url\":\"https:\/\/luchonoticias.com\/editor\/wp-content\/uploads\/2024\/02\/cropped-cropped-logolu-150x150.webp\",\"contentUrl\":\"https:\/\/luchonoticias.com\/editor\/wp-content\/uploads\/2024\/02\/cropped-cropped-logolu-150x150.webp\",\"caption\":\"Editor General\"},\"sameAs\":[\"https:\/\/luchonoticias.com\/\"],\"url\":\"https:\/\/luchonoticias.com\/editor\/author\/editor-general\/\"}]}<\/script>\n<!-- \/ Yoast SEO plugin. -->","yoast_head_json":{"title":"Neiva y su inversi\u00f3n en transporte escolar rural -","description":"Durante el 2024, se ha mantenido el contrato para que los alumnos de \u00e1rea rural de Neiva, cuenten con el servicio de ruta escolar y puedan ir a clases de manera segura.","robots":{"index":"index","follow":"follow","max-snippet":"max-snippet:-1","max-image-preview":"max-image-preview:large","max-video-preview":"max-video-preview:-1"},"canonical":"https:\/\/luchonoticias.com\/editor\/neiva-y-su-inversion-en-transporte-escolar-rural\/","og_locale":"es_ES","og_type":"article","og_title":"Neiva y su inversi\u00f3n en transporte escolar rural -","og_description":"Durante el 2024, se ha mantenido el contrato para que los alumnos de \u00e1rea rural de Neiva, cuenten con el servicio de ruta escolar y puedan ir a clases de manera segura.","og_url":"https:\/\/luchonoticias.com\/editor\/neiva-y-su-inversion-en-transporte-escolar-rural\/","article_publisher":"https:\/\/www.facebook.com\/luchonoticiasneiva","article_published_time":"2024-07-10T09:42:27+00:00","og_image":[{"width":700,"height":400,"url":"https:\/\/luchonoticias.com\/editor\/wp-content\/uploads\/2024\/07\/transporte-escolar-2.jpg","type":"image\/jpeg"}],"author":"Editor General","twitter_card":"summary_large_image","twitter_misc":{"Escrito por":"Editor General","Tiempo de lectura":"2 minutos"},"schema":{"@context":"https:\/\/schema.org","@graph":[{"@type":"Article","@id":"https:\/\/luchonoticias.com\/editor\/neiva-y-su-inversion-en-transporte-escolar-rural\/#article","isPartOf":{"@id":"https:\/\/luchonoticias.com\/editor\/neiva-y-su-inversion-en-transporte-escolar-rural\/"},"author":{"name":"Editor General","@id":"https:\/\/luchonoticias.com\/editor\/#\/schema\/person\/29217990ddf6f14e35912b2866d591fb"},"headline":"Neiva y su inversi\u00f3n en transporte escolar rural","datePublished":"2024-07-10T09:42:27+00:00","mainEntityOfPage":{"@id":"https:\/\/luchonoticias.com\/editor\/neiva-y-su-inversion-en-transporte-escolar-rural\/"},"wordCount":341,"publisher":{"@id":"https:\/\/luchonoticias.com\/editor\/#\/schema\/person\/7a7fd911f58561fd056dbac7b55af9cd"},"image":{"@id":"https:\/\/luchonoticias.com\/editor\/neiva-y-su-inversion-en-transporte-escolar-rural\/#primaryimage"},"thumbnailUrl":"https:\/\/luchonoticias.com\/editor\/wp-content\/uploads\/2024\/07\/transporte-escolar-2.jpg","articleSection":["Local"],"inLanguage":"es"},{"@type":"WebPage","@id":"https:\/\/luchonoticias.com\/editor\/neiva-y-su-inversion-en-transporte-escolar-rural\/","url":"https:\/\/luchonoticias.com\/editor\/neiva-y-su-inversion-en-transporte-escolar-rural\/","name":"Neiva y su inversi\u00f3n en transporte escolar rural -","isPartOf":{"@id":"https:\/\/luchonoticias.com\/editor\/#website"},"primaryImageOfPage":{"@id":"https:\/\/luchonoticias.com\/editor\/neiva-y-su-inversion-en-transporte-escolar-rural\/#primaryimage"},"image":{"@id":"https:\/\/luchonoticias.com\/editor\/neiva-y-su-inversion-en-transporte-escolar-rural\/#primaryimage"},"thumbnailUrl":"https:\/\/luchonoticias.com\/editor\/wp-content\/uploads\/2024\/07\/transporte-escolar-2.jpg","datePublished":"2024-07-10T09:42:27+00:00","description":"Durante el 2024, se ha mantenido el contrato para que los alumnos de \u00e1rea rural de Neiva, cuenten con el servicio de ruta escolar y puedan ir a clases de manera segura.","breadcrumb":{"@id":"https:\/\/luchonoticias.com\/editor\/neiva-y-su-inversion-en-transporte-escolar-rural\/#breadcrumb"},"inLanguage":"es","potentialAction":[{"@type":"ReadAction","target":["https:\/\/luchonoticias.com\/editor\/neiva-y-su-inversion-en-transporte-escolar-rural\/"]}]},{"@type":"ImageObject","inLanguage":"es","@id":"https:\/\/luchonoticias.com\/editor\/neiva-y-su-inversion-en-transporte-escolar-rural\/#primaryimage","url":"https:\/\/luchonoticias.com\/editor\/wp-content\/uploads\/2024\/07\/transporte-escolar-2.jpg","contentUrl":"https:\/\/luchonoticias.com\/editor\/wp-content\/uploads\/2024\/07\/transporte-escolar-2.jpg","width":700,"height":400},{"@type":"BreadcrumbList","@id":"https:\/\/luchonoticias.com\/editor\/neiva-y-su-inversion-en-transporte-escolar-rural\/#breadcrumb","itemListElement":[{"@type":"ListItem","position":1,"name":"Portada","item":"https:\/\/luchonoticias.com\/editor\/"},{"@type":"ListItem","position":2,"name":"Neiva y su inversi\u00f3n en transporte escolar rural"}]},{"@type":"WebSite","@id":"https:\/\/luchonoticias.com\/editor\/#website","url":"https:\/\/luchonoticias.com\/editor\/","name":"","description":"","publisher":{"@id":"https:\/\/luchonoticias.com\/editor\/#\/schema\/person\/7a7fd911f58561fd056dbac7b55af9cd"},"potentialAction":[{"@type":"SearchAction","target":{"@type":"EntryPoint","urlTemplate":"https:\/\/luchonoticias.com\/editor\/?s={search_term_string}"},"query-input":{"@type":"PropertyValueSpecification","valueRequired":true,"valueName":"search_term_string"}}],"inLanguage":"es"},{"@type":["Person","Organization"],"@id":"https:\/\/luchonoticias.com\/editor\/#\/schema\/person\/7a7fd911f58561fd056dbac7b55af9cd","name":"admin","image":{"@type":"ImageObject","inLanguage":"es","@id":"https:\/\/luchonoticias.com\/editor\/#\/schema\/person\/image\/","url":"https:\/\/luchonoticias.com\/editor\/wp-content\/uploads\/2024\/02\/cropped-cropped-logolu.webp","contentUrl":"https:\/\/luchonoticias.com\/editor\/wp-content\/uploads\/2024\/02\/cropped-cropped-logolu.webp","width":382,"height":170,"caption":"admin"},"logo":{"@id":"https:\/\/luchonoticias.com\/editor\/#\/schema\/person\/image\/"},"sameAs":["https:\/\/www.facebook.com\/luchonoticiasneiva"]},{"@type":"Person","@id":"https:\/\/luchonoticias.com\/editor\/#\/schema\/person\/29217990ddf6f14e35912b2866d591fb","name":"Editor General","image":{"@type":"ImageObject","inLanguage":"es","@id":"https:\/\/luchonoticias.com\/editor\/#\/schema\/person\/image\/","url":"https:\/\/luchonoticias.com\/editor\/wp-content\/uploads\/2024\/02\/cropped-cropped-logolu-150x150.webp","contentUrl":"https:\/\/luchonoticias.com\/editor\/wp-content\/uploads\/2024\/02\/cropped-cropped-logolu-150x150.webp","caption":"Editor General"},"sameAs":["https:\/\/luchonoticias.com\/"],"url":"https:\/\/luchonoticias.com\/editor\/author\/editor-general\/"}]}},"_links":{"self":[{"href":"https:\/\/luchonoticias.com\/editor\/wp-json\/wp\/v2\/posts\/74833","targetHints":{"allow":["GET"]}}],"collection":[{"href":"https:\/\/luchonoticias.com\/editor\/wp-json\/wp\/v2\/posts"}],"about":[{"href":"https:\/\/luchonoticias.com\/editor\/wp-json\/wp\/v2\/types\/post"}],"author":[{"embeddable":true,"href":"https:\/\/luchonoticias.com\/editor\/wp-json\/wp\/v2\/users\/2"}],"replies":[{"embeddable":true,"href":"https:\/\/luchonoticias.com\/editor\/wp-json\/wp\/v2\/comments?post=74833"}],"version-history":[{"count":1,"href":"https:\/\/luchonoticias.com\/editor\/wp-json\/wp\/v2\/posts\/74833\/revisions"}],"predecessor-version":[{"id":74835,"href":"https:\/\/luchonoticias.com\/editor\/wp-json\/wp\/v2\/posts\/74833\/revisions\/74835"}],"wp:featuredmedia":[{"embeddable":true,"href":"https:\/\/luchonoticias.com\/editor\/wp-json\/wp\/v2\/media\/74834"}],"wp:attachment":[{"href":"https:\/\/luchonoticias.com\/editor\/wp-json\/wp\/v2\/media?parent=74833"}],"wp:term":[{"taxonomy":"category","embeddable":true,"href":"https:\/\/luchonoticias.com\/editor\/wp-json\/wp\/v2\/categories?post=74833"},{"taxonomy":"post_tag","embeddable":true,"href":"https:\/\/luchonoticias.com\/editor\/wp-json\/wp\/v2\/tags?post=74833"}],"curies":[{"name":"wp","href":"https:\/\/api.w.org\/{rel}","templated":true}]}}