{"id":74842,"date":"2024-07-10T12:06:29","date_gmt":"2024-07-10T17:06:29","guid":{"rendered":"https:\/\/luchonoticias.com\/?p=74842"},"modified":"2024-07-10T12:06:29","modified_gmt":"2024-07-10T17:06:29","slug":"alerta-por-cifras-de-maltrato-infantil-feminicidios-y-transfeminicidios","status":"publish","type":"post","link":"https:\/\/luchonoticias.com\/editor\/alerta-por-cifras-de-maltrato-infantil-feminicidios-y-transfeminicidios\/","title":{"rendered":"Alerta por cifras de maltrato infantil, feminicidios y transfeminicidios"},"content":{"rendered":"<div><strong>Persiste la vulneraci\u00f3n de derechos de los menores de edad en el pa\u00eds,\u00a0<\/strong>un contexto violento y desafortunado de una sociedad que, seg\u00fan la Procuradur\u00eda General de la Naci\u00f3n, tambi\u00e9n sigue afligiendo a mujeres y personas de la comunidad LGBTI.<\/div>\n<div><\/div>\n<div>De acuerdo con el ente de control, entre enero y abril de 2024, el Instituto Nacional de Medicina Legal y Ciencias Forenses \u2013INMLCF- report\u00f3\u00a0<strong>177 homicidios de ni\u00f1os, ni\u00f1as y adolescentes, 11 de los cuales fueron cometidos contra poblaci\u00f3n en etapa de primera infancia, 7 a infantes y 159 en etapa de adolescencia.\u00a0<\/strong><\/div>\n<div><\/div>\n<div>Refiri\u00f3 el ente de control que, para el mismo periodo, se registraron<strong>\u00a011.195 situaciones de violencia en esta poblaci\u00f3n, donde 5.889 fueron ex\u00e1menes m\u00e9dico legales por presunto delito sexual,\u00a0<\/strong>2.754 por violencia intrafamiliar y 2.552 por violencia interpersonal.<\/div>\n<div><\/div>\n<div>Advirti\u00f3 tambi\u00e9n el \u00f3rgano de control\u00a0las<strong>\u00a010 ciudades con mayores \u00edndices de casos de violencia intrafamiliar<\/strong>\u00a0de acuerdo con informes del INMLCF, siendo\u00a0<strong>Bogot\u00e1\u00a0el que report\u00f3 mayor n\u00famero de casos<\/strong>\u00a0(880), Medell\u00edn (112), Cali (64), Villavicencio (52), Barranquilla (44), Ibagu\u00e9 (38), C\u00facuta (35), Yopal (33), Bucaramanga (28)\u00a0y Valledupar (25).<\/div>\n<div><\/div>\n<div>La Procuradur\u00eda tambi\u00e9n expres\u00f3\u00a0<strong>preocupaci\u00f3n por el n\u00famero de ni\u00f1os, ni\u00f1as y adolescentes que han ingresado al sistema de protecci\u00f3n del Instituto Colombiano de Bienestar Familiar,<\/strong>\u00a0reportando entre enero y marzo de 2024,\u00a0<strong>11.427 registros,<\/strong>\u00a0siendo los motivos m\u00e1s recurrentes de ingreso por omisi\u00f3n o negligencia, por violencia sexual y por falta absoluta o temporal de responsable.<\/div>\n<div><\/div>\n<div>As\u00ed mismo, reiter\u00f3 su inquietud por el\u00a0<strong>contexto de violencia que se sigue presentando contra la mujer en lo corrido del a\u00f1o 2024,<\/strong>\u00a0refiriendo que, en el primer semestre del a\u00f1o, se han conocido en medios de comunicaci\u00f3n<strong>\u00a0121 feminicidios, la mayor\u00eda cometidos en Valle del Cauca, Antioquia, Santander y en el Atl\u00e1ntico;<\/strong>\u00a0as\u00ed como el registro de<strong>\u00a08 transfeminicidos, aplicaci\u00f3n del delito de feminicidio contra personas transg\u00e9nero.\u00a0<\/strong><\/div>\n<div><\/div>\n<div>Para el Ministerio P\u00fablico,<strong>\u00a0la violencia intrafamiliar es un delito grave que requiere investigaci\u00f3n oficiosa y no se pueden ignorar los niveles de riesgo que enfrentan las v\u00edctimas,<\/strong>\u00a0quienes en muchas ocasiones no se autoperciben como tales debido al sometimiento al ciclo de violencia o por la dependencia econ\u00f3mica.<\/div>\n<div><\/div>\n<div>Finalmente, hizo un llamado a todas las autoridades y a la sociedad en general para<strong>\u00a0ser muy rigurosos en los an\u00e1lisis de riesgos en los procesos penales de violencia intrafamiliar.<\/strong>\u00a0Es crucial evaluar los comportamientos y las manifestaciones de las v\u00edctimas con un enfoque diferencial y de g\u00e9nero,\u00a0<strong>considerando la cultura machista y patriarcal que ha afectado al pa\u00eds durante muchos a\u00f1os.<\/strong><\/div>\n","protected":false},"excerpt":{"rendered":"<p>Alarmante panorama de cifras de maltrato infantil y violencia por razones de g\u00e9nero y sexo.<\/p>\n","protected":false},"author":2,"featured_media":74843,"comment_status":"closed","ping_status":"open","sticky":false,"template":"","format":"standard","meta":{"footnotes":""},"categories":[28],"tags":[],"class_list":["post-74842","post","type-post","status-publish","format-standard","has-post-thumbnail","hentry","category-actualidad"],"yoast_head":"<!-- This site is optimized with the Yoast SEO plugin v26.6 - https:\/\/yoast.com\/wordpress\/plugins\/seo\/ -->\n<title>Alerta por cifras de maltrato infantil, feminicidios y transfeminicidios -<\/title>\n<meta name=\"description\" content=\"Alarmante panorama de cifras de maltrato infantil y violencia por razones de g\u00e9nero y sexo.\" \/>\n<meta name=\"robots\" content=\"index, follow, max-snippet:-1, max-image-preview:large, max-video-preview:-1\" \/>\n<link rel=\"canonical\" href=\"https:\/\/luchonoticias.com\/editor\/alerta-por-cifras-de-maltrato-infantil-feminicidios-y-transfeminicidios\/\" \/>\n<meta property=\"og:locale\" content=\"es_ES\" \/>\n<meta property=\"og:type\" content=\"article\" \/>\n<meta property=\"og:title\" content=\"Alerta por cifras de maltrato infantil, feminicidios y transfeminicidios -\" \/>\n<meta property=\"og:description\" content=\"Alarmante panorama de cifras de maltrato infantil y violencia por razones de g\u00e9nero y sexo.\" \/>\n<meta property=\"og:url\" content=\"https:\/\/luchonoticias.com\/editor\/alerta-por-cifras-de-maltrato-infantil-feminicidios-y-transfeminicidios\/\" \/>\n<meta property=\"article:publisher\" content=\"https:\/\/www.facebook.com\/luchonoticiasneiva\" \/>\n<meta property=\"article:published_time\" content=\"2024-07-10T17:06:29+00:00\" \/>\n<meta property=\"og:image\" content=\"https:\/\/luchonoticias.com\/editor\/wp-content\/uploads\/2024\/07\/cifras-preucupacion.jpg\" \/>\n\t<meta property=\"og:image:width\" content=\"700\" \/>\n\t<meta property=\"og:image:height\" content=\"400\" \/>\n\t<meta property=\"og:image:type\" content=\"image\/jpeg\" \/>\n<meta name=\"author\" content=\"Editor General\" \/>\n<meta name=\"twitter:card\" content=\"summary_large_image\" \/>\n<meta name=\"twitter:label1\" content=\"Escrito por\" \/>\n\t<meta name=\"twitter:data1\" content=\"Editor General\" \/>\n\t<meta name=\"twitter:label2\" content=\"Tiempo de lectura\" \/>\n\t<meta name=\"twitter:data2\" content=\"3 minutos\" \/>\n<script type=\"application\/ld+json\" class=\"yoast-schema-graph\">{\"@context\":\"https:\/\/schema.org\",\"@graph\":[{\"@type\":\"Article\",\"@id\":\"https:\/\/luchonoticias.com\/editor\/alerta-por-cifras-de-maltrato-infantil-feminicidios-y-transfeminicidios\/#article\",\"isPartOf\":{\"@id\":\"https:\/\/luchonoticias.com\/editor\/alerta-por-cifras-de-maltrato-infantil-feminicidios-y-transfeminicidios\/\"},\"author\":{\"name\":\"Editor General\",\"@id\":\"https:\/\/luchonoticias.com\/editor\/#\/schema\/person\/29217990ddf6f14e35912b2866d591fb\"},\"headline\":\"Alerta por cifras de maltrato infantil, feminicidios y transfeminicidios\",\"datePublished\":\"2024-07-10T17:06:29+00:00\",\"mainEntityOfPage\":{\"@id\":\"https:\/\/luchonoticias.com\/editor\/alerta-por-cifras-de-maltrato-infantil-feminicidios-y-transfeminicidios\/\"},\"wordCount\":444,\"publisher\":{\"@id\":\"https:\/\/luchonoticias.com\/editor\/#\/schema\/person\/7a7fd911f58561fd056dbac7b55af9cd\"},\"image\":{\"@id\":\"https:\/\/luchonoticias.com\/editor\/alerta-por-cifras-de-maltrato-infantil-feminicidios-y-transfeminicidios\/#primaryimage\"},\"thumbnailUrl\":\"https:\/\/luchonoticias.com\/editor\/wp-content\/uploads\/2024\/07\/cifras-preucupacion.jpg\",\"articleSection\":[\"Actualidad\"],\"inLanguage\":\"es\"},{\"@type\":\"WebPage\",\"@id\":\"https:\/\/luchonoticias.com\/editor\/alerta-por-cifras-de-maltrato-infantil-feminicidios-y-transfeminicidios\/\",\"url\":\"https:\/\/luchonoticias.com\/editor\/alerta-por-cifras-de-maltrato-infantil-feminicidios-y-transfeminicidios\/\",\"name\":\"Alerta por cifras de maltrato infantil, feminicidios y transfeminicidios -\",\"isPartOf\":{\"@id\":\"https:\/\/luchonoticias.com\/editor\/#website\"},\"primaryImageOfPage\":{\"@id\":\"https:\/\/luchonoticias.com\/editor\/alerta-por-cifras-de-maltrato-infantil-feminicidios-y-transfeminicidios\/#primaryimage\"},\"image\":{\"@id\":\"https:\/\/luchonoticias.com\/editor\/alerta-por-cifras-de-maltrato-infantil-feminicidios-y-transfeminicidios\/#primaryimage\"},\"thumbnailUrl\":\"https:\/\/luchonoticias.com\/editor\/wp-content\/uploads\/2024\/07\/cifras-preucupacion.jpg\",\"datePublished\":\"2024-07-10T17:06:29+00:00\",\"description\":\"Alarmante panorama de cifras de maltrato infantil y violencia por razones de g\u00e9nero y sexo.\",\"breadcrumb\":{\"@id\":\"https:\/\/luchonoticias.com\/editor\/alerta-por-cifras-de-maltrato-infantil-feminicidios-y-transfeminicidios\/#breadcrumb\"},\"inLanguage\":\"es\",\"potentialAction\":[{\"@type\":\"ReadAction\",\"target\":[\"https:\/\/luchonoticias.com\/editor\/alerta-por-cifras-de-maltrato-infantil-feminicidios-y-transfeminicidios\/\"]}]},{\"@type\":\"ImageObject\",\"inLanguage\":\"es\",\"@id\":\"https:\/\/luchonoticias.com\/editor\/alerta-por-cifras-de-maltrato-infantil-feminicidios-y-transfeminicidios\/#primaryimage\",\"url\":\"https:\/\/luchonoticias.com\/editor\/wp-content\/uploads\/2024\/07\/cifras-preucupacion.jpg\",\"contentUrl\":\"https:\/\/luchonoticias.com\/editor\/wp-content\/uploads\/2024\/07\/cifras-preucupacion.jpg\",\"width\":700,\"height\":400},{\"@type\":\"BreadcrumbList\",\"@id\":\"https:\/\/luchonoticias.com\/editor\/alerta-por-cifras-de-maltrato-infantil-feminicidios-y-transfeminicidios\/#breadcrumb\",\"itemListElement\":[{\"@type\":\"ListItem\",\"position\":1,\"name\":\"Portada\",\"item\":\"https:\/\/luchonoticias.com\/editor\/\"},{\"@type\":\"ListItem\",\"position\":2,\"name\":\"Alerta por cifras de maltrato infantil, feminicidios y transfeminicidios\"}]},{\"@type\":\"WebSite\",\"@id\":\"https:\/\/luchonoticias.com\/editor\/#website\",\"url\":\"https:\/\/luchonoticias.com\/editor\/\",\"name\":\"\",\"description\":\"\",\"publisher\":{\"@id\":\"https:\/\/luchonoticias.com\/editor\/#\/schema\/person\/7a7fd911f58561fd056dbac7b55af9cd\"},\"potentialAction\":[{\"@type\":\"SearchAction\",\"target\":{\"@type\":\"EntryPoint\",\"urlTemplate\":\"https:\/\/luchonoticias.com\/editor\/?s={search_term_string}\"},\"query-input\":{\"@type\":\"PropertyValueSpecification\",\"valueRequired\":true,\"valueName\":\"search_term_string\"}}],\"inLanguage\":\"es\"},{\"@type\":[\"Person\",\"Organization\"],\"@id\":\"https:\/\/luchonoticias.com\/editor\/#\/schema\/person\/7a7fd911f58561fd056dbac7b55af9cd\",\"name\":\"admin\",\"image\":{\"@type\":\"ImageObject\",\"inLanguage\":\"es\",\"@id\":\"https:\/\/luchonoticias.com\/editor\/#\/schema\/person\/image\/\",\"url\":\"https:\/\/luchonoticias.com\/editor\/wp-content\/uploads\/2024\/02\/cropped-cropped-logolu.webp\",\"contentUrl\":\"https:\/\/luchonoticias.com\/editor\/wp-content\/uploads\/2024\/02\/cropped-cropped-logolu.webp\",\"width\":382,\"height\":170,\"caption\":\"admin\"},\"logo\":{\"@id\":\"https:\/\/luchonoticias.com\/editor\/#\/schema\/person\/image\/\"},\"sameAs\":[\"https:\/\/www.facebook.com\/luchonoticiasneiva\"]},{\"@type\":\"Person\",\"@id\":\"https:\/\/luchonoticias.com\/editor\/#\/schema\/person\/29217990ddf6f14e35912b2866d591fb\",\"name\":\"Editor General\",\"image\":{\"@type\":\"ImageObject\",\"inLanguage\":\"es\",\"@id\":\"https:\/\/luchonoticias.com\/editor\/#\/schema\/person\/image\/\",\"url\":\"https:\/\/luchonoticias.com\/editor\/wp-content\/uploads\/2024\/02\/cropped-cropped-logolu-150x150.webp\",\"contentUrl\":\"https:\/\/luchonoticias.com\/editor\/wp-content\/uploads\/2024\/02\/cropped-cropped-logolu-150x150.webp\",\"caption\":\"Editor General\"},\"sameAs\":[\"https:\/\/luchonoticias.com\/\"],\"url\":\"https:\/\/luchonoticias.com\/editor\/author\/editor-general\/\"}]}<\/script>\n<!-- \/ Yoast SEO plugin. -->","yoast_head_json":{"title":"Alerta por cifras de maltrato infantil, feminicidios y transfeminicidios -","description":"Alarmante panorama de cifras de maltrato infantil y violencia por razones de g\u00e9nero y sexo.","robots":{"index":"index","follow":"follow","max-snippet":"max-snippet:-1","max-image-preview":"max-image-preview:large","max-video-preview":"max-video-preview:-1"},"canonical":"https:\/\/luchonoticias.com\/editor\/alerta-por-cifras-de-maltrato-infantil-feminicidios-y-transfeminicidios\/","og_locale":"es_ES","og_type":"article","og_title":"Alerta por cifras de maltrato infantil, feminicidios y transfeminicidios -","og_description":"Alarmante panorama de cifras de maltrato infantil y violencia por razones de g\u00e9nero y sexo.","og_url":"https:\/\/luchonoticias.com\/editor\/alerta-por-cifras-de-maltrato-infantil-feminicidios-y-transfeminicidios\/","article_publisher":"https:\/\/www.facebook.com\/luchonoticiasneiva","article_published_time":"2024-07-10T17:06:29+00:00","og_image":[{"width":700,"height":400,"url":"https:\/\/luchonoticias.com\/editor\/wp-content\/uploads\/2024\/07\/cifras-preucupacion.jpg","type":"image\/jpeg"}],"author":"Editor General","twitter_card":"summary_large_image","twitter_misc":{"Escrito por":"Editor General","Tiempo de lectura":"3 minutos"},"schema":{"@context":"https:\/\/schema.org","@graph":[{"@type":"Article","@id":"https:\/\/luchonoticias.com\/editor\/alerta-por-cifras-de-maltrato-infantil-feminicidios-y-transfeminicidios\/#article","isPartOf":{"@id":"https:\/\/luchonoticias.com\/editor\/alerta-por-cifras-de-maltrato-infantil-feminicidios-y-transfeminicidios\/"},"author":{"name":"Editor General","@id":"https:\/\/luchonoticias.com\/editor\/#\/schema\/person\/29217990ddf6f14e35912b2866d591fb"},"headline":"Alerta por cifras de maltrato infantil, feminicidios y transfeminicidios","datePublished":"2024-07-10T17:06:29+00:00","mainEntityOfPage":{"@id":"https:\/\/luchonoticias.com\/editor\/alerta-por-cifras-de-maltrato-infantil-feminicidios-y-transfeminicidios\/"},"wordCount":444,"publisher":{"@id":"https:\/\/luchonoticias.com\/editor\/#\/schema\/person\/7a7fd911f58561fd056dbac7b55af9cd"},"image":{"@id":"https:\/\/luchonoticias.com\/editor\/alerta-por-cifras-de-maltrato-infantil-feminicidios-y-transfeminicidios\/#primaryimage"},"thumbnailUrl":"https:\/\/luchonoticias.com\/editor\/wp-content\/uploads\/2024\/07\/cifras-preucupacion.jpg","articleSection":["Actualidad"],"inLanguage":"es"},{"@type":"WebPage","@id":"https:\/\/luchonoticias.com\/editor\/alerta-por-cifras-de-maltrato-infantil-feminicidios-y-transfeminicidios\/","url":"https:\/\/luchonoticias.com\/editor\/alerta-por-cifras-de-maltrato-infantil-feminicidios-y-transfeminicidios\/","name":"Alerta por cifras de maltrato infantil, feminicidios y transfeminicidios -","isPartOf":{"@id":"https:\/\/luchonoticias.com\/editor\/#website"},"primaryImageOfPage":{"@id":"https:\/\/luchonoticias.com\/editor\/alerta-por-cifras-de-maltrato-infantil-feminicidios-y-transfeminicidios\/#primaryimage"},"image":{"@id":"https:\/\/luchonoticias.com\/editor\/alerta-por-cifras-de-maltrato-infantil-feminicidios-y-transfeminicidios\/#primaryimage"},"thumbnailUrl":"https:\/\/luchonoticias.com\/editor\/wp-content\/uploads\/2024\/07\/cifras-preucupacion.jpg","datePublished":"2024-07-10T17:06:29+00:00","description":"Alarmante panorama de cifras de maltrato infantil y violencia por razones de g\u00e9nero y sexo.","breadcrumb":{"@id":"https:\/\/luchonoticias.com\/editor\/alerta-por-cifras-de-maltrato-infantil-feminicidios-y-transfeminicidios\/#breadcrumb"},"inLanguage":"es","potentialAction":[{"@type":"ReadAction","target":["https:\/\/luchonoticias.com\/editor\/alerta-por-cifras-de-maltrato-infantil-feminicidios-y-transfeminicidios\/"]}]},{"@type":"ImageObject","inLanguage":"es","@id":"https:\/\/luchonoticias.com\/editor\/alerta-por-cifras-de-maltrato-infantil-feminicidios-y-transfeminicidios\/#primaryimage","url":"https:\/\/luchonoticias.com\/editor\/wp-content\/uploads\/2024\/07\/cifras-preucupacion.jpg","contentUrl":"https:\/\/luchonoticias.com\/editor\/wp-content\/uploads\/2024\/07\/cifras-preucupacion.jpg","width":700,"height":400},{"@type":"BreadcrumbList","@id":"https:\/\/luchonoticias.com\/editor\/alerta-por-cifras-de-maltrato-infantil-feminicidios-y-transfeminicidios\/#breadcrumb","itemListElement":[{"@type":"ListItem","position":1,"name":"Portada","item":"https:\/\/luchonoticias.com\/editor\/"},{"@type":"ListItem","position":2,"name":"Alerta por cifras de maltrato infantil, feminicidios y transfeminicidios"}]},{"@type":"WebSite","@id":"https:\/\/luchonoticias.com\/editor\/#website","url":"https:\/\/luchonoticias.com\/editor\/","name":"","description":"","publisher":{"@id":"https:\/\/luchonoticias.com\/editor\/#\/schema\/person\/7a7fd911f58561fd056dbac7b55af9cd"},"potentialAction":[{"@type":"SearchAction","target":{"@type":"EntryPoint","urlTemplate":"https:\/\/luchonoticias.com\/editor\/?s={search_term_string}"},"query-input":{"@type":"PropertyValueSpecification","valueRequired":true,"valueName":"search_term_string"}}],"inLanguage":"es"},{"@type":["Person","Organization"],"@id":"https:\/\/luchonoticias.com\/editor\/#\/schema\/person\/7a7fd911f58561fd056dbac7b55af9cd","name":"admin","image":{"@type":"ImageObject","inLanguage":"es","@id":"https:\/\/luchonoticias.com\/editor\/#\/schema\/person\/image\/","url":"https:\/\/luchonoticias.com\/editor\/wp-content\/uploads\/2024\/02\/cropped-cropped-logolu.webp","contentUrl":"https:\/\/luchonoticias.com\/editor\/wp-content\/uploads\/2024\/02\/cropped-cropped-logolu.webp","width":382,"height":170,"caption":"admin"},"logo":{"@id":"https:\/\/luchonoticias.com\/editor\/#\/schema\/person\/image\/"},"sameAs":["https:\/\/www.facebook.com\/luchonoticiasneiva"]},{"@type":"Person","@id":"https:\/\/luchonoticias.com\/editor\/#\/schema\/person\/29217990ddf6f14e35912b2866d591fb","name":"Editor General","image":{"@type":"ImageObject","inLanguage":"es","@id":"https:\/\/luchonoticias.com\/editor\/#\/schema\/person\/image\/","url":"https:\/\/luchonoticias.com\/editor\/wp-content\/uploads\/2024\/02\/cropped-cropped-logolu-150x150.webp","contentUrl":"https:\/\/luchonoticias.com\/editor\/wp-content\/uploads\/2024\/02\/cropped-cropped-logolu-150x150.webp","caption":"Editor General"},"sameAs":["https:\/\/luchonoticias.com\/"],"url":"https:\/\/luchonoticias.com\/editor\/author\/editor-general\/"}]}},"_links":{"self":[{"href":"https:\/\/luchonoticias.com\/editor\/wp-json\/wp\/v2\/posts\/74842","targetHints":{"allow":["GET"]}}],"collection":[{"href":"https:\/\/luchonoticias.com\/editor\/wp-json\/wp\/v2\/posts"}],"about":[{"href":"https:\/\/luchonoticias.com\/editor\/wp-json\/wp\/v2\/types\/post"}],"author":[{"embeddable":true,"href":"https:\/\/luchonoticias.com\/editor\/wp-json\/wp\/v2\/users\/2"}],"replies":[{"embeddable":true,"href":"https:\/\/luchonoticias.com\/editor\/wp-json\/wp\/v2\/comments?post=74842"}],"version-history":[{"count":1,"href":"https:\/\/luchonoticias.com\/editor\/wp-json\/wp\/v2\/posts\/74842\/revisions"}],"predecessor-version":[{"id":74844,"href":"https:\/\/luchonoticias.com\/editor\/wp-json\/wp\/v2\/posts\/74842\/revisions\/74844"}],"wp:featuredmedia":[{"embeddable":true,"href":"https:\/\/luchonoticias.com\/editor\/wp-json\/wp\/v2\/media\/74843"}],"wp:attachment":[{"href":"https:\/\/luchonoticias.com\/editor\/wp-json\/wp\/v2\/media?parent=74842"}],"wp:term":[{"taxonomy":"category","embeddable":true,"href":"https:\/\/luchonoticias.com\/editor\/wp-json\/wp\/v2\/categories?post=74842"},{"taxonomy":"post_tag","embeddable":true,"href":"https:\/\/luchonoticias.com\/editor\/wp-json\/wp\/v2\/tags?post=74842"}],"curies":[{"name":"wp","href":"https:\/\/api.w.org\/{rel}","templated":true}]}}