{"id":74849,"date":"2024-07-10T17:58:36","date_gmt":"2024-07-10T22:58:36","guid":{"rendered":"https:\/\/luchonoticias.com\/?p=74849"},"modified":"2024-07-10T17:58:36","modified_gmt":"2024-07-10T22:58:36","slug":"universidad-surcolombiana-con-nuevos-laboratorios","status":"publish","type":"post","link":"https:\/\/luchonoticias.com\/editor\/universidad-surcolombiana-con-nuevos-laboratorios\/","title":{"rendered":"Universidad Surcolombiana con nuevos laboratorios"},"content":{"rendered":"<p>La Universidad Surcolombiana, en colaboraci\u00f3n con diversos actores del gobierno y el sector productivo, inaugur\u00f3 nuevos equipos y laboratorios adquiridos mediante recursos del Sistema General de Regal\u00edas.<\/p>\n<p>Se trata de dos laboratorios, el de Diagn\u00f3stico Molecular en MolecularVet Neiva y el Laboratorio de Aislamiento Viral en la Estaci\u00f3n de Recursos Hidrobiol\u00f3gicos de la Universidad Surcolombiana. Estas instalaciones permiten un diagn\u00f3stico preciso y la implementaci\u00f3n r\u00e1pida de medidas sanitarias, adem\u00e1s que tienen la capacidad de aislar el virus.<\/p>\n<p>Estos avances son parte del proyecto \u00abFortalecimiento del estatus sanitario y de bioseguridad de la producci\u00f3n de tilapia (Oreochromis sp.)\u00bb, el cual busca mejorar la vigilancia epidemiol\u00f3gica y la competitividad acu\u00edcola en el Departamento del Huila.<\/p>\n<p>Este proyecto responde a la necesidad urgente de mitigar las amenazas sanitarias que afectan la producci\u00f3n de tilapia en la regi\u00f3n, particularmente en un contexto donde el Huila es el principal productor del pa\u00eds, responsable de m\u00e1s del 70% de las exportaciones globales de filete fresco de tilapia.<\/p>\n<p>Entre los logros destacados de este proyecto se encuentran:<\/p>\n<p>* Acompa\u00f1amiento a Productores: 104 granjas han sido beneficiadas con programas de bioseguridad y planes sanitarios personalizados, incluyendo an\u00e1lisis de laboratorio para monitorear y controlar la situaci\u00f3n sanitaria.<\/p>\n<p>* Formaci\u00f3n de Talento Humano: Estudiantes universitarios han participado activamente, enfocando sus trabajos de grado en temas relacionados con el proyecto de regal\u00edas, contribuyendo as\u00ed al desarrollo acad\u00e9mico y profesional en el campo de la acuicultura.<\/p>\n<p>* Investigaci\u00f3n y Desarrollo: Se ha realizado la caracterizaci\u00f3n molecular y gen\u00f3mica del virus de tilapia de lago, una enfermedad cr\u00edtica para la salud acu\u00edcola que afecta la exportaci\u00f3n y la barrera sanitaria comercial del pa\u00eds.<\/p>\n<p>Este esfuerzo conjunto entre la Gobernaci\u00f3n del Huila, la Universidad Surcolombiana, la Universidad Corhuila, la Federaci\u00f3n Colombiana de Acuicultores, CorpaVet y MolecularVet ha permitido acceder a recursos significativos del Sistema General de Regal\u00edas para implementar soluciones innovadoras y sostenibles en el sector acu\u00edcola del departamento.<br \/>\nDesde su inicio en 2022, el proyecto ha demostrado su relevancia estrat\u00e9gica, especialmente durante la emergencia sanitaria de marzo de 2023, cuando la r\u00e1pida detecci\u00f3n del Streptococcus agalactiae permiti\u00f3 implementar medidas preventivas efectivas en colaboraci\u00f3n con la industria farmac\u00e9utica y el gobierno. Este \u00e9xito se tradujo en un incremento notable en las exportaciones, destacando el impacto positivo de los laboratorios de diagn\u00f3stico en la toma de decisiones tempranas frente a desaf\u00edos sanitarios.<\/p>\n","protected":false},"excerpt":{"rendered":"<p>Los laboratorios permitir\u00e1n fortalecer la sanida acu\u00edcola en el departamento y fueron financiados con recursos de regal\u00edas.<\/p>\n","protected":false},"author":2,"featured_media":74850,"comment_status":"closed","ping_status":"open","sticky":false,"template":"","format":"standard","meta":{"footnotes":""},"categories":[33],"tags":[],"class_list":["post-74849","post","type-post","status-publish","format-standard","has-post-thumbnail","hentry","category-huila"],"yoast_head":"<!-- This site is optimized with the Yoast SEO plugin v26.6 - https:\/\/yoast.com\/wordpress\/plugins\/seo\/ -->\n<title>Universidad Surcolombiana con nuevos laboratorios -<\/title>\n<meta name=\"description\" content=\"Los laboratorios permitir\u00e1n fortalecer la sanida acu\u00edcola en el departamento y fueron financiados con recursos de regal\u00edas.\" \/>\n<meta name=\"robots\" content=\"index, follow, max-snippet:-1, max-image-preview:large, max-video-preview:-1\" \/>\n<link rel=\"canonical\" href=\"https:\/\/luchonoticias.com\/editor\/universidad-surcolombiana-con-nuevos-laboratorios\/\" \/>\n<meta property=\"og:locale\" content=\"es_ES\" \/>\n<meta property=\"og:type\" content=\"article\" \/>\n<meta property=\"og:title\" content=\"Universidad Surcolombiana con nuevos laboratorios -\" \/>\n<meta property=\"og:description\" content=\"Los laboratorios permitir\u00e1n fortalecer la sanida acu\u00edcola en el departamento y fueron financiados con recursos de regal\u00edas.\" \/>\n<meta property=\"og:url\" content=\"https:\/\/luchonoticias.com\/editor\/universidad-surcolombiana-con-nuevos-laboratorios\/\" \/>\n<meta property=\"article:publisher\" content=\"https:\/\/www.facebook.com\/luchonoticiasneiva\" \/>\n<meta property=\"article:published_time\" content=\"2024-07-10T22:58:36+00:00\" \/>\n<meta property=\"og:image\" content=\"https:\/\/luchonoticias.com\/editor\/wp-content\/uploads\/2024\/07\/laboratorios-usco.jpg\" \/>\n\t<meta property=\"og:image:width\" content=\"700\" \/>\n\t<meta property=\"og:image:height\" content=\"400\" \/>\n\t<meta property=\"og:image:type\" content=\"image\/jpeg\" \/>\n<meta name=\"author\" content=\"Editor General\" \/>\n<meta name=\"twitter:card\" content=\"summary_large_image\" \/>\n<meta name=\"twitter:label1\" content=\"Escrito por\" \/>\n\t<meta name=\"twitter:data1\" content=\"Editor General\" \/>\n\t<meta name=\"twitter:label2\" content=\"Tiempo de lectura\" \/>\n\t<meta name=\"twitter:data2\" content=\"2 minutos\" \/>\n<script type=\"application\/ld+json\" class=\"yoast-schema-graph\">{\"@context\":\"https:\/\/schema.org\",\"@graph\":[{\"@type\":\"Article\",\"@id\":\"https:\/\/luchonoticias.com\/editor\/universidad-surcolombiana-con-nuevos-laboratorios\/#article\",\"isPartOf\":{\"@id\":\"https:\/\/luchonoticias.com\/editor\/universidad-surcolombiana-con-nuevos-laboratorios\/\"},\"author\":{\"name\":\"Editor General\",\"@id\":\"https:\/\/luchonoticias.com\/editor\/#\/schema\/person\/29217990ddf6f14e35912b2866d591fb\"},\"headline\":\"Universidad Surcolombiana con nuevos laboratorios\",\"datePublished\":\"2024-07-10T22:58:36+00:00\",\"mainEntityOfPage\":{\"@id\":\"https:\/\/luchonoticias.com\/editor\/universidad-surcolombiana-con-nuevos-laboratorios\/\"},\"wordCount\":425,\"publisher\":{\"@id\":\"https:\/\/luchonoticias.com\/editor\/#\/schema\/person\/7a7fd911f58561fd056dbac7b55af9cd\"},\"image\":{\"@id\":\"https:\/\/luchonoticias.com\/editor\/universidad-surcolombiana-con-nuevos-laboratorios\/#primaryimage\"},\"thumbnailUrl\":\"https:\/\/luchonoticias.com\/editor\/wp-content\/uploads\/2024\/07\/laboratorios-usco.jpg\",\"articleSection\":[\"Huila\"],\"inLanguage\":\"es\"},{\"@type\":\"WebPage\",\"@id\":\"https:\/\/luchonoticias.com\/editor\/universidad-surcolombiana-con-nuevos-laboratorios\/\",\"url\":\"https:\/\/luchonoticias.com\/editor\/universidad-surcolombiana-con-nuevos-laboratorios\/\",\"name\":\"Universidad Surcolombiana con nuevos laboratorios -\",\"isPartOf\":{\"@id\":\"https:\/\/luchonoticias.com\/editor\/#website\"},\"primaryImageOfPage\":{\"@id\":\"https:\/\/luchonoticias.com\/editor\/universidad-surcolombiana-con-nuevos-laboratorios\/#primaryimage\"},\"image\":{\"@id\":\"https:\/\/luchonoticias.com\/editor\/universidad-surcolombiana-con-nuevos-laboratorios\/#primaryimage\"},\"thumbnailUrl\":\"https:\/\/luchonoticias.com\/editor\/wp-content\/uploads\/2024\/07\/laboratorios-usco.jpg\",\"datePublished\":\"2024-07-10T22:58:36+00:00\",\"description\":\"Los laboratorios permitir\u00e1n fortalecer la sanida acu\u00edcola en el departamento y fueron financiados con recursos de regal\u00edas.\",\"breadcrumb\":{\"@id\":\"https:\/\/luchonoticias.com\/editor\/universidad-surcolombiana-con-nuevos-laboratorios\/#breadcrumb\"},\"inLanguage\":\"es\",\"potentialAction\":[{\"@type\":\"ReadAction\",\"target\":[\"https:\/\/luchonoticias.com\/editor\/universidad-surcolombiana-con-nuevos-laboratorios\/\"]}]},{\"@type\":\"ImageObject\",\"inLanguage\":\"es\",\"@id\":\"https:\/\/luchonoticias.com\/editor\/universidad-surcolombiana-con-nuevos-laboratorios\/#primaryimage\",\"url\":\"https:\/\/luchonoticias.com\/editor\/wp-content\/uploads\/2024\/07\/laboratorios-usco.jpg\",\"contentUrl\":\"https:\/\/luchonoticias.com\/editor\/wp-content\/uploads\/2024\/07\/laboratorios-usco.jpg\",\"width\":700,\"height\":400},{\"@type\":\"BreadcrumbList\",\"@id\":\"https:\/\/luchonoticias.com\/editor\/universidad-surcolombiana-con-nuevos-laboratorios\/#breadcrumb\",\"itemListElement\":[{\"@type\":\"ListItem\",\"position\":1,\"name\":\"Portada\",\"item\":\"https:\/\/luchonoticias.com\/editor\/\"},{\"@type\":\"ListItem\",\"position\":2,\"name\":\"Universidad Surcolombiana con nuevos laboratorios\"}]},{\"@type\":\"WebSite\",\"@id\":\"https:\/\/luchonoticias.com\/editor\/#website\",\"url\":\"https:\/\/luchonoticias.com\/editor\/\",\"name\":\"\",\"description\":\"\",\"publisher\":{\"@id\":\"https:\/\/luchonoticias.com\/editor\/#\/schema\/person\/7a7fd911f58561fd056dbac7b55af9cd\"},\"potentialAction\":[{\"@type\":\"SearchAction\",\"target\":{\"@type\":\"EntryPoint\",\"urlTemplate\":\"https:\/\/luchonoticias.com\/editor\/?s={search_term_string}\"},\"query-input\":{\"@type\":\"PropertyValueSpecification\",\"valueRequired\":true,\"valueName\":\"search_term_string\"}}],\"inLanguage\":\"es\"},{\"@type\":[\"Person\",\"Organization\"],\"@id\":\"https:\/\/luchonoticias.com\/editor\/#\/schema\/person\/7a7fd911f58561fd056dbac7b55af9cd\",\"name\":\"admin\",\"image\":{\"@type\":\"ImageObject\",\"inLanguage\":\"es\",\"@id\":\"https:\/\/luchonoticias.com\/editor\/#\/schema\/person\/image\/\",\"url\":\"https:\/\/luchonoticias.com\/editor\/wp-content\/uploads\/2024\/02\/cropped-cropped-logolu.webp\",\"contentUrl\":\"https:\/\/luchonoticias.com\/editor\/wp-content\/uploads\/2024\/02\/cropped-cropped-logolu.webp\",\"width\":382,\"height\":170,\"caption\":\"admin\"},\"logo\":{\"@id\":\"https:\/\/luchonoticias.com\/editor\/#\/schema\/person\/image\/\"},\"sameAs\":[\"https:\/\/www.facebook.com\/luchonoticiasneiva\"]},{\"@type\":\"Person\",\"@id\":\"https:\/\/luchonoticias.com\/editor\/#\/schema\/person\/29217990ddf6f14e35912b2866d591fb\",\"name\":\"Editor General\",\"image\":{\"@type\":\"ImageObject\",\"inLanguage\":\"es\",\"@id\":\"https:\/\/luchonoticias.com\/editor\/#\/schema\/person\/image\/\",\"url\":\"https:\/\/luchonoticias.com\/editor\/wp-content\/uploads\/2024\/02\/cropped-cropped-logolu-150x150.webp\",\"contentUrl\":\"https:\/\/luchonoticias.com\/editor\/wp-content\/uploads\/2024\/02\/cropped-cropped-logolu-150x150.webp\",\"caption\":\"Editor General\"},\"sameAs\":[\"https:\/\/luchonoticias.com\/\"],\"url\":\"https:\/\/luchonoticias.com\/editor\/author\/editor-general\/\"}]}<\/script>\n<!-- \/ Yoast SEO plugin. -->","yoast_head_json":{"title":"Universidad Surcolombiana con nuevos laboratorios -","description":"Los laboratorios permitir\u00e1n fortalecer la sanida acu\u00edcola en el departamento y fueron financiados con recursos de regal\u00edas.","robots":{"index":"index","follow":"follow","max-snippet":"max-snippet:-1","max-image-preview":"max-image-preview:large","max-video-preview":"max-video-preview:-1"},"canonical":"https:\/\/luchonoticias.com\/editor\/universidad-surcolombiana-con-nuevos-laboratorios\/","og_locale":"es_ES","og_type":"article","og_title":"Universidad Surcolombiana con nuevos laboratorios -","og_description":"Los laboratorios permitir\u00e1n fortalecer la sanida acu\u00edcola en el departamento y fueron financiados con recursos de regal\u00edas.","og_url":"https:\/\/luchonoticias.com\/editor\/universidad-surcolombiana-con-nuevos-laboratorios\/","article_publisher":"https:\/\/www.facebook.com\/luchonoticiasneiva","article_published_time":"2024-07-10T22:58:36+00:00","og_image":[{"width":700,"height":400,"url":"https:\/\/luchonoticias.com\/editor\/wp-content\/uploads\/2024\/07\/laboratorios-usco.jpg","type":"image\/jpeg"}],"author":"Editor General","twitter_card":"summary_large_image","twitter_misc":{"Escrito por":"Editor General","Tiempo de lectura":"2 minutos"},"schema":{"@context":"https:\/\/schema.org","@graph":[{"@type":"Article","@id":"https:\/\/luchonoticias.com\/editor\/universidad-surcolombiana-con-nuevos-laboratorios\/#article","isPartOf":{"@id":"https:\/\/luchonoticias.com\/editor\/universidad-surcolombiana-con-nuevos-laboratorios\/"},"author":{"name":"Editor General","@id":"https:\/\/luchonoticias.com\/editor\/#\/schema\/person\/29217990ddf6f14e35912b2866d591fb"},"headline":"Universidad Surcolombiana con nuevos laboratorios","datePublished":"2024-07-10T22:58:36+00:00","mainEntityOfPage":{"@id":"https:\/\/luchonoticias.com\/editor\/universidad-surcolombiana-con-nuevos-laboratorios\/"},"wordCount":425,"publisher":{"@id":"https:\/\/luchonoticias.com\/editor\/#\/schema\/person\/7a7fd911f58561fd056dbac7b55af9cd"},"image":{"@id":"https:\/\/luchonoticias.com\/editor\/universidad-surcolombiana-con-nuevos-laboratorios\/#primaryimage"},"thumbnailUrl":"https:\/\/luchonoticias.com\/editor\/wp-content\/uploads\/2024\/07\/laboratorios-usco.jpg","articleSection":["Huila"],"inLanguage":"es"},{"@type":"WebPage","@id":"https:\/\/luchonoticias.com\/editor\/universidad-surcolombiana-con-nuevos-laboratorios\/","url":"https:\/\/luchonoticias.com\/editor\/universidad-surcolombiana-con-nuevos-laboratorios\/","name":"Universidad Surcolombiana con nuevos laboratorios -","isPartOf":{"@id":"https:\/\/luchonoticias.com\/editor\/#website"},"primaryImageOfPage":{"@id":"https:\/\/luchonoticias.com\/editor\/universidad-surcolombiana-con-nuevos-laboratorios\/#primaryimage"},"image":{"@id":"https:\/\/luchonoticias.com\/editor\/universidad-surcolombiana-con-nuevos-laboratorios\/#primaryimage"},"thumbnailUrl":"https:\/\/luchonoticias.com\/editor\/wp-content\/uploads\/2024\/07\/laboratorios-usco.jpg","datePublished":"2024-07-10T22:58:36+00:00","description":"Los laboratorios permitir\u00e1n fortalecer la sanida acu\u00edcola en el departamento y fueron financiados con recursos de regal\u00edas.","breadcrumb":{"@id":"https:\/\/luchonoticias.com\/editor\/universidad-surcolombiana-con-nuevos-laboratorios\/#breadcrumb"},"inLanguage":"es","potentialAction":[{"@type":"ReadAction","target":["https:\/\/luchonoticias.com\/editor\/universidad-surcolombiana-con-nuevos-laboratorios\/"]}]},{"@type":"ImageObject","inLanguage":"es","@id":"https:\/\/luchonoticias.com\/editor\/universidad-surcolombiana-con-nuevos-laboratorios\/#primaryimage","url":"https:\/\/luchonoticias.com\/editor\/wp-content\/uploads\/2024\/07\/laboratorios-usco.jpg","contentUrl":"https:\/\/luchonoticias.com\/editor\/wp-content\/uploads\/2024\/07\/laboratorios-usco.jpg","width":700,"height":400},{"@type":"BreadcrumbList","@id":"https:\/\/luchonoticias.com\/editor\/universidad-surcolombiana-con-nuevos-laboratorios\/#breadcrumb","itemListElement":[{"@type":"ListItem","position":1,"name":"Portada","item":"https:\/\/luchonoticias.com\/editor\/"},{"@type":"ListItem","position":2,"name":"Universidad Surcolombiana con nuevos laboratorios"}]},{"@type":"WebSite","@id":"https:\/\/luchonoticias.com\/editor\/#website","url":"https:\/\/luchonoticias.com\/editor\/","name":"","description":"","publisher":{"@id":"https:\/\/luchonoticias.com\/editor\/#\/schema\/person\/7a7fd911f58561fd056dbac7b55af9cd"},"potentialAction":[{"@type":"SearchAction","target":{"@type":"EntryPoint","urlTemplate":"https:\/\/luchonoticias.com\/editor\/?s={search_term_string}"},"query-input":{"@type":"PropertyValueSpecification","valueRequired":true,"valueName":"search_term_string"}}],"inLanguage":"es"},{"@type":["Person","Organization"],"@id":"https:\/\/luchonoticias.com\/editor\/#\/schema\/person\/7a7fd911f58561fd056dbac7b55af9cd","name":"admin","image":{"@type":"ImageObject","inLanguage":"es","@id":"https:\/\/luchonoticias.com\/editor\/#\/schema\/person\/image\/","url":"https:\/\/luchonoticias.com\/editor\/wp-content\/uploads\/2024\/02\/cropped-cropped-logolu.webp","contentUrl":"https:\/\/luchonoticias.com\/editor\/wp-content\/uploads\/2024\/02\/cropped-cropped-logolu.webp","width":382,"height":170,"caption":"admin"},"logo":{"@id":"https:\/\/luchonoticias.com\/editor\/#\/schema\/person\/image\/"},"sameAs":["https:\/\/www.facebook.com\/luchonoticiasneiva"]},{"@type":"Person","@id":"https:\/\/luchonoticias.com\/editor\/#\/schema\/person\/29217990ddf6f14e35912b2866d591fb","name":"Editor General","image":{"@type":"ImageObject","inLanguage":"es","@id":"https:\/\/luchonoticias.com\/editor\/#\/schema\/person\/image\/","url":"https:\/\/luchonoticias.com\/editor\/wp-content\/uploads\/2024\/02\/cropped-cropped-logolu-150x150.webp","contentUrl":"https:\/\/luchonoticias.com\/editor\/wp-content\/uploads\/2024\/02\/cropped-cropped-logolu-150x150.webp","caption":"Editor General"},"sameAs":["https:\/\/luchonoticias.com\/"],"url":"https:\/\/luchonoticias.com\/editor\/author\/editor-general\/"}]}},"_links":{"self":[{"href":"https:\/\/luchonoticias.com\/editor\/wp-json\/wp\/v2\/posts\/74849","targetHints":{"allow":["GET"]}}],"collection":[{"href":"https:\/\/luchonoticias.com\/editor\/wp-json\/wp\/v2\/posts"}],"about":[{"href":"https:\/\/luchonoticias.com\/editor\/wp-json\/wp\/v2\/types\/post"}],"author":[{"embeddable":true,"href":"https:\/\/luchonoticias.com\/editor\/wp-json\/wp\/v2\/users\/2"}],"replies":[{"embeddable":true,"href":"https:\/\/luchonoticias.com\/editor\/wp-json\/wp\/v2\/comments?post=74849"}],"version-history":[{"count":1,"href":"https:\/\/luchonoticias.com\/editor\/wp-json\/wp\/v2\/posts\/74849\/revisions"}],"predecessor-version":[{"id":74851,"href":"https:\/\/luchonoticias.com\/editor\/wp-json\/wp\/v2\/posts\/74849\/revisions\/74851"}],"wp:featuredmedia":[{"embeddable":true,"href":"https:\/\/luchonoticias.com\/editor\/wp-json\/wp\/v2\/media\/74850"}],"wp:attachment":[{"href":"https:\/\/luchonoticias.com\/editor\/wp-json\/wp\/v2\/media?parent=74849"}],"wp:term":[{"taxonomy":"category","embeddable":true,"href":"https:\/\/luchonoticias.com\/editor\/wp-json\/wp\/v2\/categories?post=74849"},{"taxonomy":"post_tag","embeddable":true,"href":"https:\/\/luchonoticias.com\/editor\/wp-json\/wp\/v2\/tags?post=74849"}],"curies":[{"name":"wp","href":"https:\/\/api.w.org\/{rel}","templated":true}]}}