{"id":74852,"date":"2024-07-10T18:03:27","date_gmt":"2024-07-10T23:03:27","guid":{"rendered":"https:\/\/luchonoticias.com\/?p=74852"},"modified":"2024-07-10T18:03:27","modified_gmt":"2024-07-10T23:03:27","slug":"municipios-a-prepararse-para-la-nina","status":"publish","type":"post","link":"https:\/\/luchonoticias.com\/editor\/municipios-a-prepararse-para-la-nina\/","title":{"rendered":"Municipios, a prepararse para La Ni\u00f1a"},"content":{"rendered":"<p>La directora de la Oficina de Gesti\u00f3n del Riesgo del Huila, Isabel Hern\u00e1ndez, ha hecho un en\u00e9rgico llamado a todos los municipios del departamento para que se preparen de manera oportuna ante la inminencia del fen\u00f3meno de La Ni\u00f1a. Se requiere que los municipios elaboren y activen sus planes de contingencia para proteger a las poblaciones vulnerables y minimizar los posibles impactos.<\/p>\n<p>\u201cEs crucial que cada municipio asuma la responsabilidad de proteger a sus comunidades,\u201d expres\u00f3 Hern\u00e1ndez. \u201cLa naturaleza nos avisa y no podemos esperar a que sea demasiado tarde. La preparaci\u00f3n anticipada es clave para mitigar los efectos adversos de este fen\u00f3meno clim\u00e1tico.\u201d, indic\u00f3 la directora de la Oficina de Gesti\u00f3n del Riesgo del Huila.<\/p>\n<p>La Oficina de Gesti\u00f3n del Riesgo de Desastres del Huila, ya ha emitido un comunicado oficial por escrito a las alcald\u00edas, pero recalca la importancia de que tomen acci\u00f3n inmediata y concreta. Los planes de contingencia deben estar plenamente activos antes de que finalice el mes de julio y deben ser presentados ante el gobierno departamental para su revisi\u00f3n.<\/p>\n<p>Hern\u00e1ndez subray\u00f3 la necesidad de actuar con prontitud: \u201cEl tiempo es esencial. Los municipios deben tener sus planes listos y operativos para enfrentar cualquier eventualidad que pueda surgir con la llegada de La Ni\u00f1a.\u201d Se\u00f1al\u00f3 Isabel Hern\u00e1ndez \u00c1vila, coordinadora de la Oficina para la Gesti\u00f3n del Riesgo de Desastres.<\/p>\n<p>Planes de contingencia<\/p>\n<p>Los planes de contingencia son herramientas fundamentales que incluyen una serie de acciones y procedimientos a seguir antes, durante y despu\u00e9s de un evento natural adverso. Estos planes deben contener, entre otros aspectos, las siguientes medidas:<\/p>\n<p>Evaluaci\u00f3n de Riesgos: Identificaci\u00f3n de las \u00e1reas m\u00e1s vulnerables y los posibles escenarios de afectaci\u00f3n.<\/p>\n<p>Preparaci\u00f3n y Respuesta: Definici\u00f3n de recursos humanos, log\u00edsticos y materiales necesarios para enfrentar el fen\u00f3meno.<\/p>\n<p>Evacuaci\u00f3n y Refugio: Establecimiento de rutas de evacuaci\u00f3n seguras y ubicaciones de refugios temporales.<\/p>\n<p>Comunicaci\u00f3n: Desarrollo de estrategias de comunicaci\u00f3n efectiva para informar a la poblaci\u00f3n y coordinar con las autoridades.<\/p>\n<p>La Oficina de Gesti\u00f3n del Riesgo del Huila se compromete a brindar el apoyo necesario para la elaboraci\u00f3n y activaci\u00f3n de estos planes, asegurando que cada municipio est\u00e9 preparado para proteger a su poblaci\u00f3n y minimizar los riesgos asociados con este fen\u00f3meno.<\/p>\n","protected":false},"excerpt":{"rendered":"<p>Ante la inminencia del fen\u00f3meno de La Ni\u00f1a, la directora de la Oficina de Gesti\u00f3n del Riesgo del Huila, Isabel Hern\u00e1ndez, urge a todos los municipios del departamento a activar sus planes de contingencia antes de que finalice julio.<\/p>\n","protected":false},"author":2,"featured_media":74853,"comment_status":"closed","ping_status":"open","sticky":false,"template":"","format":"standard","meta":{"footnotes":""},"categories":[33],"tags":[],"class_list":["post-74852","post","type-post","status-publish","format-standard","has-post-thumbnail","hentry","category-huila"],"yoast_head":"<!-- This site is optimized with the Yoast SEO plugin v26.6 - https:\/\/yoast.com\/wordpress\/plugins\/seo\/ -->\n<title>Municipios, a prepararse para La Ni\u00f1a -<\/title>\n<meta name=\"description\" content=\"Ante la inminencia del fen\u00f3meno de La Ni\u00f1a, la directora de la Oficina de Gesti\u00f3n del Riesgo del Huila, Isabel Hern\u00e1ndez, urge a todos los municipios del departamento a activar sus planes de contingencia antes de que finalice julio.\" \/>\n<meta name=\"robots\" content=\"index, follow, max-snippet:-1, max-image-preview:large, max-video-preview:-1\" \/>\n<link rel=\"canonical\" href=\"https:\/\/luchonoticias.com\/editor\/municipios-a-prepararse-para-la-nina\/\" \/>\n<meta property=\"og:locale\" content=\"es_ES\" \/>\n<meta property=\"og:type\" content=\"article\" \/>\n<meta property=\"og:title\" content=\"Municipios, a prepararse para La Ni\u00f1a -\" \/>\n<meta property=\"og:description\" content=\"Ante la inminencia del fen\u00f3meno de La Ni\u00f1a, la directora de la Oficina de Gesti\u00f3n del Riesgo del Huila, Isabel Hern\u00e1ndez, urge a todos los municipios del departamento a activar sus planes de contingencia antes de que finalice julio.\" \/>\n<meta property=\"og:url\" content=\"https:\/\/luchonoticias.com\/editor\/municipios-a-prepararse-para-la-nina\/\" \/>\n<meta property=\"article:publisher\" content=\"https:\/\/www.facebook.com\/luchonoticiasneiva\" \/>\n<meta property=\"article:published_time\" content=\"2024-07-10T23:03:27+00:00\" \/>\n<meta property=\"og:image\" content=\"https:\/\/luchonoticias.com\/editor\/wp-content\/uploads\/2024\/07\/GESTION-DEL-RIESGO.jpg\" \/>\n\t<meta property=\"og:image:width\" content=\"700\" \/>\n\t<meta property=\"og:image:height\" content=\"400\" \/>\n\t<meta property=\"og:image:type\" content=\"image\/jpeg\" \/>\n<meta name=\"author\" content=\"Editor General\" \/>\n<meta name=\"twitter:card\" content=\"summary_large_image\" \/>\n<meta name=\"twitter:label1\" content=\"Escrito por\" \/>\n\t<meta name=\"twitter:data1\" content=\"Editor General\" \/>\n\t<meta name=\"twitter:label2\" content=\"Tiempo de lectura\" \/>\n\t<meta name=\"twitter:data2\" content=\"2 minutos\" \/>\n<script type=\"application\/ld+json\" class=\"yoast-schema-graph\">{\"@context\":\"https:\/\/schema.org\",\"@graph\":[{\"@type\":\"Article\",\"@id\":\"https:\/\/luchonoticias.com\/editor\/municipios-a-prepararse-para-la-nina\/#article\",\"isPartOf\":{\"@id\":\"https:\/\/luchonoticias.com\/editor\/municipios-a-prepararse-para-la-nina\/\"},\"author\":{\"name\":\"Editor General\",\"@id\":\"https:\/\/luchonoticias.com\/editor\/#\/schema\/person\/29217990ddf6f14e35912b2866d591fb\"},\"headline\":\"Municipios, a prepararse para La Ni\u00f1a\",\"datePublished\":\"2024-07-10T23:03:27+00:00\",\"mainEntityOfPage\":{\"@id\":\"https:\/\/luchonoticias.com\/editor\/municipios-a-prepararse-para-la-nina\/\"},\"wordCount\":411,\"publisher\":{\"@id\":\"https:\/\/luchonoticias.com\/editor\/#\/schema\/person\/7a7fd911f58561fd056dbac7b55af9cd\"},\"image\":{\"@id\":\"https:\/\/luchonoticias.com\/editor\/municipios-a-prepararse-para-la-nina\/#primaryimage\"},\"thumbnailUrl\":\"https:\/\/luchonoticias.com\/editor\/wp-content\/uploads\/2024\/07\/GESTION-DEL-RIESGO.jpg\",\"articleSection\":[\"Huila\"],\"inLanguage\":\"es\"},{\"@type\":\"WebPage\",\"@id\":\"https:\/\/luchonoticias.com\/editor\/municipios-a-prepararse-para-la-nina\/\",\"url\":\"https:\/\/luchonoticias.com\/editor\/municipios-a-prepararse-para-la-nina\/\",\"name\":\"Municipios, a prepararse para La Ni\u00f1a -\",\"isPartOf\":{\"@id\":\"https:\/\/luchonoticias.com\/editor\/#website\"},\"primaryImageOfPage\":{\"@id\":\"https:\/\/luchonoticias.com\/editor\/municipios-a-prepararse-para-la-nina\/#primaryimage\"},\"image\":{\"@id\":\"https:\/\/luchonoticias.com\/editor\/municipios-a-prepararse-para-la-nina\/#primaryimage\"},\"thumbnailUrl\":\"https:\/\/luchonoticias.com\/editor\/wp-content\/uploads\/2024\/07\/GESTION-DEL-RIESGO.jpg\",\"datePublished\":\"2024-07-10T23:03:27+00:00\",\"description\":\"Ante la inminencia del fen\u00f3meno de La Ni\u00f1a, la directora de la Oficina de Gesti\u00f3n del Riesgo del Huila, Isabel Hern\u00e1ndez, urge a todos los municipios del departamento a activar sus planes de contingencia antes de que finalice julio.\",\"breadcrumb\":{\"@id\":\"https:\/\/luchonoticias.com\/editor\/municipios-a-prepararse-para-la-nina\/#breadcrumb\"},\"inLanguage\":\"es\",\"potentialAction\":[{\"@type\":\"ReadAction\",\"target\":[\"https:\/\/luchonoticias.com\/editor\/municipios-a-prepararse-para-la-nina\/\"]}]},{\"@type\":\"ImageObject\",\"inLanguage\":\"es\",\"@id\":\"https:\/\/luchonoticias.com\/editor\/municipios-a-prepararse-para-la-nina\/#primaryimage\",\"url\":\"https:\/\/luchonoticias.com\/editor\/wp-content\/uploads\/2024\/07\/GESTION-DEL-RIESGO.jpg\",\"contentUrl\":\"https:\/\/luchonoticias.com\/editor\/wp-content\/uploads\/2024\/07\/GESTION-DEL-RIESGO.jpg\",\"width\":700,\"height\":400},{\"@type\":\"BreadcrumbList\",\"@id\":\"https:\/\/luchonoticias.com\/editor\/municipios-a-prepararse-para-la-nina\/#breadcrumb\",\"itemListElement\":[{\"@type\":\"ListItem\",\"position\":1,\"name\":\"Portada\",\"item\":\"https:\/\/luchonoticias.com\/editor\/\"},{\"@type\":\"ListItem\",\"position\":2,\"name\":\"Municipios, a prepararse para La Ni\u00f1a\"}]},{\"@type\":\"WebSite\",\"@id\":\"https:\/\/luchonoticias.com\/editor\/#website\",\"url\":\"https:\/\/luchonoticias.com\/editor\/\",\"name\":\"\",\"description\":\"\",\"publisher\":{\"@id\":\"https:\/\/luchonoticias.com\/editor\/#\/schema\/person\/7a7fd911f58561fd056dbac7b55af9cd\"},\"potentialAction\":[{\"@type\":\"SearchAction\",\"target\":{\"@type\":\"EntryPoint\",\"urlTemplate\":\"https:\/\/luchonoticias.com\/editor\/?s={search_term_string}\"},\"query-input\":{\"@type\":\"PropertyValueSpecification\",\"valueRequired\":true,\"valueName\":\"search_term_string\"}}],\"inLanguage\":\"es\"},{\"@type\":[\"Person\",\"Organization\"],\"@id\":\"https:\/\/luchonoticias.com\/editor\/#\/schema\/person\/7a7fd911f58561fd056dbac7b55af9cd\",\"name\":\"admin\",\"image\":{\"@type\":\"ImageObject\",\"inLanguage\":\"es\",\"@id\":\"https:\/\/luchonoticias.com\/editor\/#\/schema\/person\/image\/\",\"url\":\"https:\/\/luchonoticias.com\/editor\/wp-content\/uploads\/2024\/02\/cropped-cropped-logolu.webp\",\"contentUrl\":\"https:\/\/luchonoticias.com\/editor\/wp-content\/uploads\/2024\/02\/cropped-cropped-logolu.webp\",\"width\":382,\"height\":170,\"caption\":\"admin\"},\"logo\":{\"@id\":\"https:\/\/luchonoticias.com\/editor\/#\/schema\/person\/image\/\"},\"sameAs\":[\"https:\/\/www.facebook.com\/luchonoticiasneiva\"]},{\"@type\":\"Person\",\"@id\":\"https:\/\/luchonoticias.com\/editor\/#\/schema\/person\/29217990ddf6f14e35912b2866d591fb\",\"name\":\"Editor General\",\"image\":{\"@type\":\"ImageObject\",\"inLanguage\":\"es\",\"@id\":\"https:\/\/luchonoticias.com\/editor\/#\/schema\/person\/image\/\",\"url\":\"https:\/\/luchonoticias.com\/editor\/wp-content\/uploads\/2024\/02\/cropped-cropped-logolu-150x150.webp\",\"contentUrl\":\"https:\/\/luchonoticias.com\/editor\/wp-content\/uploads\/2024\/02\/cropped-cropped-logolu-150x150.webp\",\"caption\":\"Editor General\"},\"sameAs\":[\"https:\/\/luchonoticias.com\/\"],\"url\":\"https:\/\/luchonoticias.com\/editor\/author\/editor-general\/\"}]}<\/script>\n<!-- \/ Yoast SEO plugin. -->","yoast_head_json":{"title":"Municipios, a prepararse para La Ni\u00f1a -","description":"Ante la inminencia del fen\u00f3meno de La Ni\u00f1a, la directora de la Oficina de Gesti\u00f3n del Riesgo del Huila, Isabel Hern\u00e1ndez, urge a todos los municipios del departamento a activar sus planes de contingencia antes de que finalice julio.","robots":{"index":"index","follow":"follow","max-snippet":"max-snippet:-1","max-image-preview":"max-image-preview:large","max-video-preview":"max-video-preview:-1"},"canonical":"https:\/\/luchonoticias.com\/editor\/municipios-a-prepararse-para-la-nina\/","og_locale":"es_ES","og_type":"article","og_title":"Municipios, a prepararse para La Ni\u00f1a -","og_description":"Ante la inminencia del fen\u00f3meno de La Ni\u00f1a, la directora de la Oficina de Gesti\u00f3n del Riesgo del Huila, Isabel Hern\u00e1ndez, urge a todos los municipios del departamento a activar sus planes de contingencia antes de que finalice julio.","og_url":"https:\/\/luchonoticias.com\/editor\/municipios-a-prepararse-para-la-nina\/","article_publisher":"https:\/\/www.facebook.com\/luchonoticiasneiva","article_published_time":"2024-07-10T23:03:27+00:00","og_image":[{"width":700,"height":400,"url":"https:\/\/luchonoticias.com\/editor\/wp-content\/uploads\/2024\/07\/GESTION-DEL-RIESGO.jpg","type":"image\/jpeg"}],"author":"Editor General","twitter_card":"summary_large_image","twitter_misc":{"Escrito por":"Editor General","Tiempo de lectura":"2 minutos"},"schema":{"@context":"https:\/\/schema.org","@graph":[{"@type":"Article","@id":"https:\/\/luchonoticias.com\/editor\/municipios-a-prepararse-para-la-nina\/#article","isPartOf":{"@id":"https:\/\/luchonoticias.com\/editor\/municipios-a-prepararse-para-la-nina\/"},"author":{"name":"Editor General","@id":"https:\/\/luchonoticias.com\/editor\/#\/schema\/person\/29217990ddf6f14e35912b2866d591fb"},"headline":"Municipios, a prepararse para La Ni\u00f1a","datePublished":"2024-07-10T23:03:27+00:00","mainEntityOfPage":{"@id":"https:\/\/luchonoticias.com\/editor\/municipios-a-prepararse-para-la-nina\/"},"wordCount":411,"publisher":{"@id":"https:\/\/luchonoticias.com\/editor\/#\/schema\/person\/7a7fd911f58561fd056dbac7b55af9cd"},"image":{"@id":"https:\/\/luchonoticias.com\/editor\/municipios-a-prepararse-para-la-nina\/#primaryimage"},"thumbnailUrl":"https:\/\/luchonoticias.com\/editor\/wp-content\/uploads\/2024\/07\/GESTION-DEL-RIESGO.jpg","articleSection":["Huila"],"inLanguage":"es"},{"@type":"WebPage","@id":"https:\/\/luchonoticias.com\/editor\/municipios-a-prepararse-para-la-nina\/","url":"https:\/\/luchonoticias.com\/editor\/municipios-a-prepararse-para-la-nina\/","name":"Municipios, a prepararse para La Ni\u00f1a -","isPartOf":{"@id":"https:\/\/luchonoticias.com\/editor\/#website"},"primaryImageOfPage":{"@id":"https:\/\/luchonoticias.com\/editor\/municipios-a-prepararse-para-la-nina\/#primaryimage"},"image":{"@id":"https:\/\/luchonoticias.com\/editor\/municipios-a-prepararse-para-la-nina\/#primaryimage"},"thumbnailUrl":"https:\/\/luchonoticias.com\/editor\/wp-content\/uploads\/2024\/07\/GESTION-DEL-RIESGO.jpg","datePublished":"2024-07-10T23:03:27+00:00","description":"Ante la inminencia del fen\u00f3meno de La Ni\u00f1a, la directora de la Oficina de Gesti\u00f3n del Riesgo del Huila, Isabel Hern\u00e1ndez, urge a todos los municipios del departamento a activar sus planes de contingencia antes de que finalice julio.","breadcrumb":{"@id":"https:\/\/luchonoticias.com\/editor\/municipios-a-prepararse-para-la-nina\/#breadcrumb"},"inLanguage":"es","potentialAction":[{"@type":"ReadAction","target":["https:\/\/luchonoticias.com\/editor\/municipios-a-prepararse-para-la-nina\/"]}]},{"@type":"ImageObject","inLanguage":"es","@id":"https:\/\/luchonoticias.com\/editor\/municipios-a-prepararse-para-la-nina\/#primaryimage","url":"https:\/\/luchonoticias.com\/editor\/wp-content\/uploads\/2024\/07\/GESTION-DEL-RIESGO.jpg","contentUrl":"https:\/\/luchonoticias.com\/editor\/wp-content\/uploads\/2024\/07\/GESTION-DEL-RIESGO.jpg","width":700,"height":400},{"@type":"BreadcrumbList","@id":"https:\/\/luchonoticias.com\/editor\/municipios-a-prepararse-para-la-nina\/#breadcrumb","itemListElement":[{"@type":"ListItem","position":1,"name":"Portada","item":"https:\/\/luchonoticias.com\/editor\/"},{"@type":"ListItem","position":2,"name":"Municipios, a prepararse para La Ni\u00f1a"}]},{"@type":"WebSite","@id":"https:\/\/luchonoticias.com\/editor\/#website","url":"https:\/\/luchonoticias.com\/editor\/","name":"","description":"","publisher":{"@id":"https:\/\/luchonoticias.com\/editor\/#\/schema\/person\/7a7fd911f58561fd056dbac7b55af9cd"},"potentialAction":[{"@type":"SearchAction","target":{"@type":"EntryPoint","urlTemplate":"https:\/\/luchonoticias.com\/editor\/?s={search_term_string}"},"query-input":{"@type":"PropertyValueSpecification","valueRequired":true,"valueName":"search_term_string"}}],"inLanguage":"es"},{"@type":["Person","Organization"],"@id":"https:\/\/luchonoticias.com\/editor\/#\/schema\/person\/7a7fd911f58561fd056dbac7b55af9cd","name":"admin","image":{"@type":"ImageObject","inLanguage":"es","@id":"https:\/\/luchonoticias.com\/editor\/#\/schema\/person\/image\/","url":"https:\/\/luchonoticias.com\/editor\/wp-content\/uploads\/2024\/02\/cropped-cropped-logolu.webp","contentUrl":"https:\/\/luchonoticias.com\/editor\/wp-content\/uploads\/2024\/02\/cropped-cropped-logolu.webp","width":382,"height":170,"caption":"admin"},"logo":{"@id":"https:\/\/luchonoticias.com\/editor\/#\/schema\/person\/image\/"},"sameAs":["https:\/\/www.facebook.com\/luchonoticiasneiva"]},{"@type":"Person","@id":"https:\/\/luchonoticias.com\/editor\/#\/schema\/person\/29217990ddf6f14e35912b2866d591fb","name":"Editor General","image":{"@type":"ImageObject","inLanguage":"es","@id":"https:\/\/luchonoticias.com\/editor\/#\/schema\/person\/image\/","url":"https:\/\/luchonoticias.com\/editor\/wp-content\/uploads\/2024\/02\/cropped-cropped-logolu-150x150.webp","contentUrl":"https:\/\/luchonoticias.com\/editor\/wp-content\/uploads\/2024\/02\/cropped-cropped-logolu-150x150.webp","caption":"Editor General"},"sameAs":["https:\/\/luchonoticias.com\/"],"url":"https:\/\/luchonoticias.com\/editor\/author\/editor-general\/"}]}},"_links":{"self":[{"href":"https:\/\/luchonoticias.com\/editor\/wp-json\/wp\/v2\/posts\/74852","targetHints":{"allow":["GET"]}}],"collection":[{"href":"https:\/\/luchonoticias.com\/editor\/wp-json\/wp\/v2\/posts"}],"about":[{"href":"https:\/\/luchonoticias.com\/editor\/wp-json\/wp\/v2\/types\/post"}],"author":[{"embeddable":true,"href":"https:\/\/luchonoticias.com\/editor\/wp-json\/wp\/v2\/users\/2"}],"replies":[{"embeddable":true,"href":"https:\/\/luchonoticias.com\/editor\/wp-json\/wp\/v2\/comments?post=74852"}],"version-history":[{"count":1,"href":"https:\/\/luchonoticias.com\/editor\/wp-json\/wp\/v2\/posts\/74852\/revisions"}],"predecessor-version":[{"id":74854,"href":"https:\/\/luchonoticias.com\/editor\/wp-json\/wp\/v2\/posts\/74852\/revisions\/74854"}],"wp:featuredmedia":[{"embeddable":true,"href":"https:\/\/luchonoticias.com\/editor\/wp-json\/wp\/v2\/media\/74853"}],"wp:attachment":[{"href":"https:\/\/luchonoticias.com\/editor\/wp-json\/wp\/v2\/media?parent=74852"}],"wp:term":[{"taxonomy":"category","embeddable":true,"href":"https:\/\/luchonoticias.com\/editor\/wp-json\/wp\/v2\/categories?post=74852"},{"taxonomy":"post_tag","embeddable":true,"href":"https:\/\/luchonoticias.com\/editor\/wp-json\/wp\/v2\/tags?post=74852"}],"curies":[{"name":"wp","href":"https:\/\/api.w.org\/{rel}","templated":true}]}}