{"id":74855,"date":"2024-07-10T18:13:30","date_gmt":"2024-07-10T23:13:30","guid":{"rendered":"https:\/\/luchonoticias.com\/?p=74855"},"modified":"2024-07-10T18:13:30","modified_gmt":"2024-07-10T23:13:30","slug":"alianza-en-neiva-por-la-educacion-complementaria","status":"publish","type":"post","link":"https:\/\/luchonoticias.com\/editor\/alianza-en-neiva-por-la-educacion-complementaria\/","title":{"rendered":"Alianza en Neiva por la educaci\u00f3n complementaria"},"content":{"rendered":"<p>Mejorar los entornos escolares y motivar a los ni\u00f1os y ni\u00f1as en las aulas de clase, es el prop\u00f3sito del convenio generado entre la Alcald\u00eda de Neiva y la Caja de Compensaci\u00f3n Familiar del Huila, Comfamiliar, con el que se pretende beneficiar a 1.200 estudiantes de las comunas Seis, Ocho, Nueve y Diez de la ciudad.<\/p>\n<p>El objetivo principal es atacar directamente los problemas sociales con la oferta institucional de educaci\u00f3n complementaria atractiva para los peque\u00f1os; por lo anterior, se tendr\u00e1n variadas clases en ocho instituciones educativas, para fomentar en los ni\u00f1os amor por el proceso escolar.<\/p>\n<p>\u201cSin duda alguna con este convenio, hemos focalizado una de las comunas con mayor problema social como lo es la comuna n\u00famero Seis, la Ocho, la Nueve y la Diez; estamos convencidos que a trav\u00e9s de la inversi\u00f3n en educaci\u00f3n es la mejor manera para darles esas opciones de vida a nuestros ni\u00f1os, ni\u00f1as y adolescentes\u201d, sostuvo el Alcalde de Neiva Germ\u00e1n Casagua.<\/p>\n<p>Clases complementarias<\/p>\n<p>El aporte econ\u00f3mico de la Comfamiliar posibilitar\u00e1 que en las instituciones educativas focalizadas, los ni\u00f1os y ni\u00f1as encuentren una oferta institucional de calidad y que aporte directamente en sus proyectos de vida.<\/p>\n<p>Las clases ir\u00e1n encaminadas a:<\/p>\n<p>\u2705 Emprendimiento.<br \/>\n\u2705 Escuelas de formaci\u00f3n deportiva.<br \/>\n\u2705 M\u00fasica.<br \/>\n\u2705 Lectura cr\u00edtica y refuerzo en Saber 11.<\/p>\n<p>\u201cRealizaremos procesos de emprendimiento en las ocho instituciones educativas seleccionadas en las comunas Seis, Ocho, Nueve y Diez. Este proceso de emprendimiento tendr\u00e1 formaci\u00f3n en bisuter\u00eda, manicure, pedicure, corte, barber\u00eda y se le entregar\u00e1 a los j\u00f3venes que accedan a este proceso complementario de formaci\u00f3n, los kits para que inicien su proceso de emprendimiento\u201d, explic\u00f3 Natalia Rodr\u00edguez jefe de la cartera de Educaci\u00f3n.<\/p>\n<p>Por su parte, el director de la Caja de Compensaci\u00f3n Comfamiliar, Juan Carlos Carvajal, expres\u00f3 su agradecimiento por el trabajo articulado en el prop\u00f3sito de mejorar la calidad de vida de los peque\u00f1os y las peque\u00f1as.<\/p>\n<p>\u201cMuy complacido de firmar este convenio o esta alianza con la Administraci\u00f3n Municipal de Neiva, en cabeza del ingeniero Germ\u00e1n Casagua. Es una alianza cuyo prop\u00f3sito busca ejecutar el programa de jornada complementaria con recursos de Foni\u00f1ez, donde la Caja la de Compensaci\u00f3n Familiar del Huila, aporta 1.025 millones para el desarrollo de esta actividad\u201d.<\/p>\n<p>El convenio adem\u00e1s, mejorar\u00e1 la calidad de vida de muchos ni\u00f1os y ni\u00f1as de zonas con problem\u00e1ticas sociales que afectan directamente a la ni\u00f1ez del Municipio.<\/p>\n","protected":false},"excerpt":{"rendered":"<p>En un trabajo articulado entre la Administraci\u00f3n Municipal y Comfamiliar del Huila, se posibilitar\u00e1 que m\u00e1s de 1.200 ni\u00f1os y ni\u00f1as, reciban clases extra.<\/p>\n","protected":false},"author":2,"featured_media":74856,"comment_status":"closed","ping_status":"open","sticky":false,"template":"","format":"standard","meta":{"footnotes":""},"categories":[31],"tags":[],"class_list":["post-74855","post","type-post","status-publish","format-standard","has-post-thumbnail","hentry","category-local"],"yoast_head":"<!-- This site is optimized with the Yoast SEO plugin v26.6 - https:\/\/yoast.com\/wordpress\/plugins\/seo\/ -->\n<title>Alianza en Neiva por la educaci\u00f3n complementaria -<\/title>\n<meta name=\"description\" content=\"En un trabajo articulado entre la Administraci\u00f3n Municipal y Comfamiliar del Huila, se posibilitar\u00e1 que m\u00e1s de 1.200 ni\u00f1os y ni\u00f1as, reciban clases extra.\" \/>\n<meta name=\"robots\" content=\"index, follow, max-snippet:-1, max-image-preview:large, max-video-preview:-1\" \/>\n<link rel=\"canonical\" href=\"https:\/\/luchonoticias.com\/editor\/alianza-en-neiva-por-la-educacion-complementaria\/\" \/>\n<meta property=\"og:locale\" content=\"es_ES\" \/>\n<meta property=\"og:type\" content=\"article\" \/>\n<meta property=\"og:title\" content=\"Alianza en Neiva por la educaci\u00f3n complementaria -\" \/>\n<meta property=\"og:description\" content=\"En un trabajo articulado entre la Administraci\u00f3n Municipal y Comfamiliar del Huila, se posibilitar\u00e1 que m\u00e1s de 1.200 ni\u00f1os y ni\u00f1as, reciban clases extra.\" \/>\n<meta property=\"og:url\" content=\"https:\/\/luchonoticias.com\/editor\/alianza-en-neiva-por-la-educacion-complementaria\/\" \/>\n<meta property=\"article:publisher\" content=\"https:\/\/www.facebook.com\/luchonoticiasneiva\" \/>\n<meta property=\"article:published_time\" content=\"2024-07-10T23:13:30+00:00\" \/>\n<meta property=\"og:image\" content=\"https:\/\/luchonoticias.com\/editor\/wp-content\/uploads\/2024\/07\/educacion-complementaria.jpg\" \/>\n\t<meta property=\"og:image:width\" content=\"700\" \/>\n\t<meta property=\"og:image:height\" content=\"400\" \/>\n\t<meta property=\"og:image:type\" content=\"image\/jpeg\" \/>\n<meta name=\"author\" content=\"Editor General\" \/>\n<meta name=\"twitter:card\" content=\"summary_large_image\" \/>\n<meta name=\"twitter:label1\" content=\"Escrito por\" \/>\n\t<meta name=\"twitter:data1\" content=\"Editor General\" \/>\n\t<meta name=\"twitter:label2\" content=\"Tiempo de lectura\" \/>\n\t<meta name=\"twitter:data2\" content=\"3 minutos\" \/>\n<script type=\"application\/ld+json\" class=\"yoast-schema-graph\">{\"@context\":\"https:\/\/schema.org\",\"@graph\":[{\"@type\":\"Article\",\"@id\":\"https:\/\/luchonoticias.com\/editor\/alianza-en-neiva-por-la-educacion-complementaria\/#article\",\"isPartOf\":{\"@id\":\"https:\/\/luchonoticias.com\/editor\/alianza-en-neiva-por-la-educacion-complementaria\/\"},\"author\":{\"name\":\"Editor General\",\"@id\":\"https:\/\/luchonoticias.com\/editor\/#\/schema\/person\/29217990ddf6f14e35912b2866d591fb\"},\"headline\":\"Alianza en Neiva por la educaci\u00f3n complementaria\",\"datePublished\":\"2024-07-10T23:13:30+00:00\",\"mainEntityOfPage\":{\"@id\":\"https:\/\/luchonoticias.com\/editor\/alianza-en-neiva-por-la-educacion-complementaria\/\"},\"wordCount\":441,\"publisher\":{\"@id\":\"https:\/\/luchonoticias.com\/editor\/#\/schema\/person\/7a7fd911f58561fd056dbac7b55af9cd\"},\"image\":{\"@id\":\"https:\/\/luchonoticias.com\/editor\/alianza-en-neiva-por-la-educacion-complementaria\/#primaryimage\"},\"thumbnailUrl\":\"https:\/\/luchonoticias.com\/editor\/wp-content\/uploads\/2024\/07\/educacion-complementaria.jpg\",\"articleSection\":[\"Local\"],\"inLanguage\":\"es\"},{\"@type\":\"WebPage\",\"@id\":\"https:\/\/luchonoticias.com\/editor\/alianza-en-neiva-por-la-educacion-complementaria\/\",\"url\":\"https:\/\/luchonoticias.com\/editor\/alianza-en-neiva-por-la-educacion-complementaria\/\",\"name\":\"Alianza en Neiva por la educaci\u00f3n complementaria -\",\"isPartOf\":{\"@id\":\"https:\/\/luchonoticias.com\/editor\/#website\"},\"primaryImageOfPage\":{\"@id\":\"https:\/\/luchonoticias.com\/editor\/alianza-en-neiva-por-la-educacion-complementaria\/#primaryimage\"},\"image\":{\"@id\":\"https:\/\/luchonoticias.com\/editor\/alianza-en-neiva-por-la-educacion-complementaria\/#primaryimage\"},\"thumbnailUrl\":\"https:\/\/luchonoticias.com\/editor\/wp-content\/uploads\/2024\/07\/educacion-complementaria.jpg\",\"datePublished\":\"2024-07-10T23:13:30+00:00\",\"description\":\"En un trabajo articulado entre la Administraci\u00f3n Municipal y Comfamiliar del Huila, se posibilitar\u00e1 que m\u00e1s de 1.200 ni\u00f1os y ni\u00f1as, reciban clases extra.\",\"breadcrumb\":{\"@id\":\"https:\/\/luchonoticias.com\/editor\/alianza-en-neiva-por-la-educacion-complementaria\/#breadcrumb\"},\"inLanguage\":\"es\",\"potentialAction\":[{\"@type\":\"ReadAction\",\"target\":[\"https:\/\/luchonoticias.com\/editor\/alianza-en-neiva-por-la-educacion-complementaria\/\"]}]},{\"@type\":\"ImageObject\",\"inLanguage\":\"es\",\"@id\":\"https:\/\/luchonoticias.com\/editor\/alianza-en-neiva-por-la-educacion-complementaria\/#primaryimage\",\"url\":\"https:\/\/luchonoticias.com\/editor\/wp-content\/uploads\/2024\/07\/educacion-complementaria.jpg\",\"contentUrl\":\"https:\/\/luchonoticias.com\/editor\/wp-content\/uploads\/2024\/07\/educacion-complementaria.jpg\",\"width\":700,\"height\":400},{\"@type\":\"BreadcrumbList\",\"@id\":\"https:\/\/luchonoticias.com\/editor\/alianza-en-neiva-por-la-educacion-complementaria\/#breadcrumb\",\"itemListElement\":[{\"@type\":\"ListItem\",\"position\":1,\"name\":\"Portada\",\"item\":\"https:\/\/luchonoticias.com\/editor\/\"},{\"@type\":\"ListItem\",\"position\":2,\"name\":\"Alianza en Neiva por la educaci\u00f3n complementaria\"}]},{\"@type\":\"WebSite\",\"@id\":\"https:\/\/luchonoticias.com\/editor\/#website\",\"url\":\"https:\/\/luchonoticias.com\/editor\/\",\"name\":\"\",\"description\":\"\",\"publisher\":{\"@id\":\"https:\/\/luchonoticias.com\/editor\/#\/schema\/person\/7a7fd911f58561fd056dbac7b55af9cd\"},\"potentialAction\":[{\"@type\":\"SearchAction\",\"target\":{\"@type\":\"EntryPoint\",\"urlTemplate\":\"https:\/\/luchonoticias.com\/editor\/?s={search_term_string}\"},\"query-input\":{\"@type\":\"PropertyValueSpecification\",\"valueRequired\":true,\"valueName\":\"search_term_string\"}}],\"inLanguage\":\"es\"},{\"@type\":[\"Person\",\"Organization\"],\"@id\":\"https:\/\/luchonoticias.com\/editor\/#\/schema\/person\/7a7fd911f58561fd056dbac7b55af9cd\",\"name\":\"admin\",\"image\":{\"@type\":\"ImageObject\",\"inLanguage\":\"es\",\"@id\":\"https:\/\/luchonoticias.com\/editor\/#\/schema\/person\/image\/\",\"url\":\"https:\/\/luchonoticias.com\/editor\/wp-content\/uploads\/2024\/02\/cropped-cropped-logolu.webp\",\"contentUrl\":\"https:\/\/luchonoticias.com\/editor\/wp-content\/uploads\/2024\/02\/cropped-cropped-logolu.webp\",\"width\":382,\"height\":170,\"caption\":\"admin\"},\"logo\":{\"@id\":\"https:\/\/luchonoticias.com\/editor\/#\/schema\/person\/image\/\"},\"sameAs\":[\"https:\/\/www.facebook.com\/luchonoticiasneiva\"]},{\"@type\":\"Person\",\"@id\":\"https:\/\/luchonoticias.com\/editor\/#\/schema\/person\/29217990ddf6f14e35912b2866d591fb\",\"name\":\"Editor General\",\"image\":{\"@type\":\"ImageObject\",\"inLanguage\":\"es\",\"@id\":\"https:\/\/luchonoticias.com\/editor\/#\/schema\/person\/image\/\",\"url\":\"https:\/\/luchonoticias.com\/editor\/wp-content\/uploads\/2024\/02\/cropped-cropped-logolu-150x150.webp\",\"contentUrl\":\"https:\/\/luchonoticias.com\/editor\/wp-content\/uploads\/2024\/02\/cropped-cropped-logolu-150x150.webp\",\"caption\":\"Editor General\"},\"sameAs\":[\"https:\/\/luchonoticias.com\/\"],\"url\":\"https:\/\/luchonoticias.com\/editor\/author\/editor-general\/\"}]}<\/script>\n<!-- \/ Yoast SEO plugin. -->","yoast_head_json":{"title":"Alianza en Neiva por la educaci\u00f3n complementaria -","description":"En un trabajo articulado entre la Administraci\u00f3n Municipal y Comfamiliar del Huila, se posibilitar\u00e1 que m\u00e1s de 1.200 ni\u00f1os y ni\u00f1as, reciban clases extra.","robots":{"index":"index","follow":"follow","max-snippet":"max-snippet:-1","max-image-preview":"max-image-preview:large","max-video-preview":"max-video-preview:-1"},"canonical":"https:\/\/luchonoticias.com\/editor\/alianza-en-neiva-por-la-educacion-complementaria\/","og_locale":"es_ES","og_type":"article","og_title":"Alianza en Neiva por la educaci\u00f3n complementaria -","og_description":"En un trabajo articulado entre la Administraci\u00f3n Municipal y Comfamiliar del Huila, se posibilitar\u00e1 que m\u00e1s de 1.200 ni\u00f1os y ni\u00f1as, reciban clases extra.","og_url":"https:\/\/luchonoticias.com\/editor\/alianza-en-neiva-por-la-educacion-complementaria\/","article_publisher":"https:\/\/www.facebook.com\/luchonoticiasneiva","article_published_time":"2024-07-10T23:13:30+00:00","og_image":[{"width":700,"height":400,"url":"https:\/\/luchonoticias.com\/editor\/wp-content\/uploads\/2024\/07\/educacion-complementaria.jpg","type":"image\/jpeg"}],"author":"Editor General","twitter_card":"summary_large_image","twitter_misc":{"Escrito por":"Editor General","Tiempo de lectura":"3 minutos"},"schema":{"@context":"https:\/\/schema.org","@graph":[{"@type":"Article","@id":"https:\/\/luchonoticias.com\/editor\/alianza-en-neiva-por-la-educacion-complementaria\/#article","isPartOf":{"@id":"https:\/\/luchonoticias.com\/editor\/alianza-en-neiva-por-la-educacion-complementaria\/"},"author":{"name":"Editor General","@id":"https:\/\/luchonoticias.com\/editor\/#\/schema\/person\/29217990ddf6f14e35912b2866d591fb"},"headline":"Alianza en Neiva por la educaci\u00f3n complementaria","datePublished":"2024-07-10T23:13:30+00:00","mainEntityOfPage":{"@id":"https:\/\/luchonoticias.com\/editor\/alianza-en-neiva-por-la-educacion-complementaria\/"},"wordCount":441,"publisher":{"@id":"https:\/\/luchonoticias.com\/editor\/#\/schema\/person\/7a7fd911f58561fd056dbac7b55af9cd"},"image":{"@id":"https:\/\/luchonoticias.com\/editor\/alianza-en-neiva-por-la-educacion-complementaria\/#primaryimage"},"thumbnailUrl":"https:\/\/luchonoticias.com\/editor\/wp-content\/uploads\/2024\/07\/educacion-complementaria.jpg","articleSection":["Local"],"inLanguage":"es"},{"@type":"WebPage","@id":"https:\/\/luchonoticias.com\/editor\/alianza-en-neiva-por-la-educacion-complementaria\/","url":"https:\/\/luchonoticias.com\/editor\/alianza-en-neiva-por-la-educacion-complementaria\/","name":"Alianza en Neiva por la educaci\u00f3n complementaria -","isPartOf":{"@id":"https:\/\/luchonoticias.com\/editor\/#website"},"primaryImageOfPage":{"@id":"https:\/\/luchonoticias.com\/editor\/alianza-en-neiva-por-la-educacion-complementaria\/#primaryimage"},"image":{"@id":"https:\/\/luchonoticias.com\/editor\/alianza-en-neiva-por-la-educacion-complementaria\/#primaryimage"},"thumbnailUrl":"https:\/\/luchonoticias.com\/editor\/wp-content\/uploads\/2024\/07\/educacion-complementaria.jpg","datePublished":"2024-07-10T23:13:30+00:00","description":"En un trabajo articulado entre la Administraci\u00f3n Municipal y Comfamiliar del Huila, se posibilitar\u00e1 que m\u00e1s de 1.200 ni\u00f1os y ni\u00f1as, reciban clases extra.","breadcrumb":{"@id":"https:\/\/luchonoticias.com\/editor\/alianza-en-neiva-por-la-educacion-complementaria\/#breadcrumb"},"inLanguage":"es","potentialAction":[{"@type":"ReadAction","target":["https:\/\/luchonoticias.com\/editor\/alianza-en-neiva-por-la-educacion-complementaria\/"]}]},{"@type":"ImageObject","inLanguage":"es","@id":"https:\/\/luchonoticias.com\/editor\/alianza-en-neiva-por-la-educacion-complementaria\/#primaryimage","url":"https:\/\/luchonoticias.com\/editor\/wp-content\/uploads\/2024\/07\/educacion-complementaria.jpg","contentUrl":"https:\/\/luchonoticias.com\/editor\/wp-content\/uploads\/2024\/07\/educacion-complementaria.jpg","width":700,"height":400},{"@type":"BreadcrumbList","@id":"https:\/\/luchonoticias.com\/editor\/alianza-en-neiva-por-la-educacion-complementaria\/#breadcrumb","itemListElement":[{"@type":"ListItem","position":1,"name":"Portada","item":"https:\/\/luchonoticias.com\/editor\/"},{"@type":"ListItem","position":2,"name":"Alianza en Neiva por la educaci\u00f3n complementaria"}]},{"@type":"WebSite","@id":"https:\/\/luchonoticias.com\/editor\/#website","url":"https:\/\/luchonoticias.com\/editor\/","name":"","description":"","publisher":{"@id":"https:\/\/luchonoticias.com\/editor\/#\/schema\/person\/7a7fd911f58561fd056dbac7b55af9cd"},"potentialAction":[{"@type":"SearchAction","target":{"@type":"EntryPoint","urlTemplate":"https:\/\/luchonoticias.com\/editor\/?s={search_term_string}"},"query-input":{"@type":"PropertyValueSpecification","valueRequired":true,"valueName":"search_term_string"}}],"inLanguage":"es"},{"@type":["Person","Organization"],"@id":"https:\/\/luchonoticias.com\/editor\/#\/schema\/person\/7a7fd911f58561fd056dbac7b55af9cd","name":"admin","image":{"@type":"ImageObject","inLanguage":"es","@id":"https:\/\/luchonoticias.com\/editor\/#\/schema\/person\/image\/","url":"https:\/\/luchonoticias.com\/editor\/wp-content\/uploads\/2024\/02\/cropped-cropped-logolu.webp","contentUrl":"https:\/\/luchonoticias.com\/editor\/wp-content\/uploads\/2024\/02\/cropped-cropped-logolu.webp","width":382,"height":170,"caption":"admin"},"logo":{"@id":"https:\/\/luchonoticias.com\/editor\/#\/schema\/person\/image\/"},"sameAs":["https:\/\/www.facebook.com\/luchonoticiasneiva"]},{"@type":"Person","@id":"https:\/\/luchonoticias.com\/editor\/#\/schema\/person\/29217990ddf6f14e35912b2866d591fb","name":"Editor General","image":{"@type":"ImageObject","inLanguage":"es","@id":"https:\/\/luchonoticias.com\/editor\/#\/schema\/person\/image\/","url":"https:\/\/luchonoticias.com\/editor\/wp-content\/uploads\/2024\/02\/cropped-cropped-logolu-150x150.webp","contentUrl":"https:\/\/luchonoticias.com\/editor\/wp-content\/uploads\/2024\/02\/cropped-cropped-logolu-150x150.webp","caption":"Editor General"},"sameAs":["https:\/\/luchonoticias.com\/"],"url":"https:\/\/luchonoticias.com\/editor\/author\/editor-general\/"}]}},"_links":{"self":[{"href":"https:\/\/luchonoticias.com\/editor\/wp-json\/wp\/v2\/posts\/74855","targetHints":{"allow":["GET"]}}],"collection":[{"href":"https:\/\/luchonoticias.com\/editor\/wp-json\/wp\/v2\/posts"}],"about":[{"href":"https:\/\/luchonoticias.com\/editor\/wp-json\/wp\/v2\/types\/post"}],"author":[{"embeddable":true,"href":"https:\/\/luchonoticias.com\/editor\/wp-json\/wp\/v2\/users\/2"}],"replies":[{"embeddable":true,"href":"https:\/\/luchonoticias.com\/editor\/wp-json\/wp\/v2\/comments?post=74855"}],"version-history":[{"count":1,"href":"https:\/\/luchonoticias.com\/editor\/wp-json\/wp\/v2\/posts\/74855\/revisions"}],"predecessor-version":[{"id":74857,"href":"https:\/\/luchonoticias.com\/editor\/wp-json\/wp\/v2\/posts\/74855\/revisions\/74857"}],"wp:featuredmedia":[{"embeddable":true,"href":"https:\/\/luchonoticias.com\/editor\/wp-json\/wp\/v2\/media\/74856"}],"wp:attachment":[{"href":"https:\/\/luchonoticias.com\/editor\/wp-json\/wp\/v2\/media?parent=74855"}],"wp:term":[{"taxonomy":"category","embeddable":true,"href":"https:\/\/luchonoticias.com\/editor\/wp-json\/wp\/v2\/categories?post=74855"},{"taxonomy":"post_tag","embeddable":true,"href":"https:\/\/luchonoticias.com\/editor\/wp-json\/wp\/v2\/tags?post=74855"}],"curies":[{"name":"wp","href":"https:\/\/api.w.org\/{rel}","templated":true}]}}