{"id":74858,"date":"2024-07-10T18:19:03","date_gmt":"2024-07-10T23:19:03","guid":{"rendered":"https:\/\/luchonoticias.com\/?p=74858"},"modified":"2024-07-10T18:19:03","modified_gmt":"2024-07-10T23:19:03","slug":"detenido-presunto-integrante-de-las-banda-los-satanas","status":"publish","type":"post","link":"https:\/\/luchonoticias.com\/editor\/detenido-presunto-integrante-de-las-banda-los-satanas\/","title":{"rendered":"Detenido presunto integrante de las banda Los Satan\u00e1s"},"content":{"rendered":"<p>Un juez de control de garant\u00edas impuso medida de aseguramiento en centro carcelario a Carlos Alberto Casta\u00f1o Rueda, alias Andr\u00e9s, presuntamente responsable de los delitos homicidio agravado, desplazamiento forzado; tr\u00e1fico, fabricaci\u00f3n o porte de estupefacientes y; fabricaci\u00f3n, tr\u00e1fico, porte o tenencia de armas de fuego, accesorios, partes o municiones, en Huila.<\/p>\n<p>De acuerdo con la investigaci\u00f3n, los hechos por los que Casta\u00f1o Rueda fue judicializado ocurrieron en el centro poblado de Silvania, zona rural de Gigante. \u2018Andr\u00e9s\u2019, quien har\u00eda parte del grupo delincuencial Los Satan\u00e1s, a mando de Janer Iv\u00e1n Morales Poveda, alias Porcelana o Satan\u00e1s, ser\u00eda el presunto autor de varios homicidios cometidos en este departamento.<\/p>\n<p>Entre las v\u00edctimas figuran presuntos consumidores de estupefacientes y trabajadores de fincas cafeteras, a quienes obligaban a vincularse a su grupo delincuencial, a fin de tomar el control de la regi\u00f3n. En caso de negarse a ingresar eran asesinados, desmembrados y enterrados en fosas comunes en zonas boscosas de ese municipio.<\/p>\n<p>Labores adelantadas por servidores del Cuerpo T\u00e9cnico de Investigaci\u00f3n (CTI) en apoyo con la Polic\u00eda Nacional, permitieron la captura de Casta\u00f1o Rueda en v\u00eda p\u00fablica de Gigante (Huila).<\/p>\n<p>El procesado no se allan\u00f3 a los cargos imputados por un fiscal especializado de la seccional Huila.<\/p>\n","protected":false},"excerpt":{"rendered":"<p>El procesado habr\u00eda participado, junto a alias Porcelana o Satan\u00e1s, en el asesinato de varias personas, enterradas en fosas comunes en el sector de Silvania en Gigante (Huila).<\/p>\n","protected":false},"author":2,"featured_media":74859,"comment_status":"closed","ping_status":"open","sticky":false,"template":"","format":"standard","meta":{"footnotes":""},"categories":[29],"tags":[],"class_list":["post-74858","post","type-post","status-publish","format-standard","has-post-thumbnail","hentry","category-judicial"],"yoast_head":"<!-- This site is optimized with the Yoast SEO plugin v26.6 - https:\/\/yoast.com\/wordpress\/plugins\/seo\/ -->\n<title>Detenido presunto integrante de las banda Los Satan\u00e1s -<\/title>\n<meta name=\"description\" content=\"El procesado habr\u00eda participado, junto a alias Porcelana o Satan\u00e1s, en el asesinato de varias personas, enterradas en fosas comunes en el sector de Silvania en Gigante (Huila).\" \/>\n<meta name=\"robots\" content=\"index, follow, max-snippet:-1, max-image-preview:large, max-video-preview:-1\" \/>\n<link rel=\"canonical\" href=\"https:\/\/luchonoticias.com\/editor\/detenido-presunto-integrante-de-las-banda-los-satanas\/\" \/>\n<meta property=\"og:locale\" content=\"es_ES\" \/>\n<meta property=\"og:type\" content=\"article\" \/>\n<meta property=\"og:title\" content=\"Detenido presunto integrante de las banda Los Satan\u00e1s -\" \/>\n<meta property=\"og:description\" content=\"El procesado habr\u00eda participado, junto a alias Porcelana o Satan\u00e1s, en el asesinato de varias personas, enterradas en fosas comunes en el sector de Silvania en Gigante (Huila).\" \/>\n<meta property=\"og:url\" content=\"https:\/\/luchonoticias.com\/editor\/detenido-presunto-integrante-de-las-banda-los-satanas\/\" \/>\n<meta property=\"article:publisher\" content=\"https:\/\/www.facebook.com\/luchonoticiasneiva\" \/>\n<meta property=\"article:published_time\" content=\"2024-07-10T23:19:03+00:00\" \/>\n<meta property=\"og:image\" content=\"https:\/\/luchonoticias.com\/editor\/wp-content\/uploads\/2024\/07\/detenidos-1.jpg\" \/>\n\t<meta property=\"og:image:width\" content=\"700\" \/>\n\t<meta property=\"og:image:height\" content=\"400\" \/>\n\t<meta property=\"og:image:type\" content=\"image\/jpeg\" \/>\n<meta name=\"author\" content=\"Editor General\" \/>\n<meta name=\"twitter:card\" content=\"summary_large_image\" \/>\n<meta name=\"twitter:label1\" content=\"Escrito por\" \/>\n\t<meta name=\"twitter:data1\" content=\"Editor General\" \/>\n\t<meta name=\"twitter:label2\" content=\"Tiempo de lectura\" \/>\n\t<meta name=\"twitter:data2\" content=\"2 minutos\" \/>\n<script type=\"application\/ld+json\" class=\"yoast-schema-graph\">{\"@context\":\"https:\/\/schema.org\",\"@graph\":[{\"@type\":\"Article\",\"@id\":\"https:\/\/luchonoticias.com\/editor\/detenido-presunto-integrante-de-las-banda-los-satanas\/#article\",\"isPartOf\":{\"@id\":\"https:\/\/luchonoticias.com\/editor\/detenido-presunto-integrante-de-las-banda-los-satanas\/\"},\"author\":{\"name\":\"Editor General\",\"@id\":\"https:\/\/luchonoticias.com\/editor\/#\/schema\/person\/29217990ddf6f14e35912b2866d591fb\"},\"headline\":\"Detenido presunto integrante de las banda Los Satan\u00e1s\",\"datePublished\":\"2024-07-10T23:19:03+00:00\",\"mainEntityOfPage\":{\"@id\":\"https:\/\/luchonoticias.com\/editor\/detenido-presunto-integrante-de-las-banda-los-satanas\/\"},\"wordCount\":235,\"publisher\":{\"@id\":\"https:\/\/luchonoticias.com\/editor\/#\/schema\/person\/7a7fd911f58561fd056dbac7b55af9cd\"},\"image\":{\"@id\":\"https:\/\/luchonoticias.com\/editor\/detenido-presunto-integrante-de-las-banda-los-satanas\/#primaryimage\"},\"thumbnailUrl\":\"https:\/\/luchonoticias.com\/editor\/wp-content\/uploads\/2024\/07\/detenidos-1.jpg\",\"articleSection\":[\"Judicial\"],\"inLanguage\":\"es\"},{\"@type\":\"WebPage\",\"@id\":\"https:\/\/luchonoticias.com\/editor\/detenido-presunto-integrante-de-las-banda-los-satanas\/\",\"url\":\"https:\/\/luchonoticias.com\/editor\/detenido-presunto-integrante-de-las-banda-los-satanas\/\",\"name\":\"Detenido presunto integrante de las banda Los Satan\u00e1s -\",\"isPartOf\":{\"@id\":\"https:\/\/luchonoticias.com\/editor\/#website\"},\"primaryImageOfPage\":{\"@id\":\"https:\/\/luchonoticias.com\/editor\/detenido-presunto-integrante-de-las-banda-los-satanas\/#primaryimage\"},\"image\":{\"@id\":\"https:\/\/luchonoticias.com\/editor\/detenido-presunto-integrante-de-las-banda-los-satanas\/#primaryimage\"},\"thumbnailUrl\":\"https:\/\/luchonoticias.com\/editor\/wp-content\/uploads\/2024\/07\/detenidos-1.jpg\",\"datePublished\":\"2024-07-10T23:19:03+00:00\",\"description\":\"El procesado habr\u00eda participado, junto a alias Porcelana o Satan\u00e1s, en el asesinato de varias personas, enterradas en fosas comunes en el sector de Silvania en Gigante (Huila).\",\"breadcrumb\":{\"@id\":\"https:\/\/luchonoticias.com\/editor\/detenido-presunto-integrante-de-las-banda-los-satanas\/#breadcrumb\"},\"inLanguage\":\"es\",\"potentialAction\":[{\"@type\":\"ReadAction\",\"target\":[\"https:\/\/luchonoticias.com\/editor\/detenido-presunto-integrante-de-las-banda-los-satanas\/\"]}]},{\"@type\":\"ImageObject\",\"inLanguage\":\"es\",\"@id\":\"https:\/\/luchonoticias.com\/editor\/detenido-presunto-integrante-de-las-banda-los-satanas\/#primaryimage\",\"url\":\"https:\/\/luchonoticias.com\/editor\/wp-content\/uploads\/2024\/07\/detenidos-1.jpg\",\"contentUrl\":\"https:\/\/luchonoticias.com\/editor\/wp-content\/uploads\/2024\/07\/detenidos-1.jpg\",\"width\":700,\"height\":400},{\"@type\":\"BreadcrumbList\",\"@id\":\"https:\/\/luchonoticias.com\/editor\/detenido-presunto-integrante-de-las-banda-los-satanas\/#breadcrumb\",\"itemListElement\":[{\"@type\":\"ListItem\",\"position\":1,\"name\":\"Portada\",\"item\":\"https:\/\/luchonoticias.com\/editor\/\"},{\"@type\":\"ListItem\",\"position\":2,\"name\":\"Detenido presunto integrante de las banda Los Satan\u00e1s\"}]},{\"@type\":\"WebSite\",\"@id\":\"https:\/\/luchonoticias.com\/editor\/#website\",\"url\":\"https:\/\/luchonoticias.com\/editor\/\",\"name\":\"\",\"description\":\"\",\"publisher\":{\"@id\":\"https:\/\/luchonoticias.com\/editor\/#\/schema\/person\/7a7fd911f58561fd056dbac7b55af9cd\"},\"potentialAction\":[{\"@type\":\"SearchAction\",\"target\":{\"@type\":\"EntryPoint\",\"urlTemplate\":\"https:\/\/luchonoticias.com\/editor\/?s={search_term_string}\"},\"query-input\":{\"@type\":\"PropertyValueSpecification\",\"valueRequired\":true,\"valueName\":\"search_term_string\"}}],\"inLanguage\":\"es\"},{\"@type\":[\"Person\",\"Organization\"],\"@id\":\"https:\/\/luchonoticias.com\/editor\/#\/schema\/person\/7a7fd911f58561fd056dbac7b55af9cd\",\"name\":\"admin\",\"image\":{\"@type\":\"ImageObject\",\"inLanguage\":\"es\",\"@id\":\"https:\/\/luchonoticias.com\/editor\/#\/schema\/person\/image\/\",\"url\":\"https:\/\/luchonoticias.com\/editor\/wp-content\/uploads\/2024\/02\/cropped-cropped-logolu.webp\",\"contentUrl\":\"https:\/\/luchonoticias.com\/editor\/wp-content\/uploads\/2024\/02\/cropped-cropped-logolu.webp\",\"width\":382,\"height\":170,\"caption\":\"admin\"},\"logo\":{\"@id\":\"https:\/\/luchonoticias.com\/editor\/#\/schema\/person\/image\/\"},\"sameAs\":[\"https:\/\/www.facebook.com\/luchonoticiasneiva\"]},{\"@type\":\"Person\",\"@id\":\"https:\/\/luchonoticias.com\/editor\/#\/schema\/person\/29217990ddf6f14e35912b2866d591fb\",\"name\":\"Editor General\",\"image\":{\"@type\":\"ImageObject\",\"inLanguage\":\"es\",\"@id\":\"https:\/\/luchonoticias.com\/editor\/#\/schema\/person\/image\/\",\"url\":\"https:\/\/luchonoticias.com\/editor\/wp-content\/uploads\/2024\/02\/cropped-cropped-logolu-150x150.webp\",\"contentUrl\":\"https:\/\/luchonoticias.com\/editor\/wp-content\/uploads\/2024\/02\/cropped-cropped-logolu-150x150.webp\",\"caption\":\"Editor General\"},\"sameAs\":[\"https:\/\/luchonoticias.com\/\"],\"url\":\"https:\/\/luchonoticias.com\/editor\/author\/editor-general\/\"}]}<\/script>\n<!-- \/ Yoast SEO plugin. -->","yoast_head_json":{"title":"Detenido presunto integrante de las banda Los Satan\u00e1s -","description":"El procesado habr\u00eda participado, junto a alias Porcelana o Satan\u00e1s, en el asesinato de varias personas, enterradas en fosas comunes en el sector de Silvania en Gigante (Huila).","robots":{"index":"index","follow":"follow","max-snippet":"max-snippet:-1","max-image-preview":"max-image-preview:large","max-video-preview":"max-video-preview:-1"},"canonical":"https:\/\/luchonoticias.com\/editor\/detenido-presunto-integrante-de-las-banda-los-satanas\/","og_locale":"es_ES","og_type":"article","og_title":"Detenido presunto integrante de las banda Los Satan\u00e1s -","og_description":"El procesado habr\u00eda participado, junto a alias Porcelana o Satan\u00e1s, en el asesinato de varias personas, enterradas en fosas comunes en el sector de Silvania en Gigante (Huila).","og_url":"https:\/\/luchonoticias.com\/editor\/detenido-presunto-integrante-de-las-banda-los-satanas\/","article_publisher":"https:\/\/www.facebook.com\/luchonoticiasneiva","article_published_time":"2024-07-10T23:19:03+00:00","og_image":[{"width":700,"height":400,"url":"https:\/\/luchonoticias.com\/editor\/wp-content\/uploads\/2024\/07\/detenidos-1.jpg","type":"image\/jpeg"}],"author":"Editor General","twitter_card":"summary_large_image","twitter_misc":{"Escrito por":"Editor General","Tiempo de lectura":"2 minutos"},"schema":{"@context":"https:\/\/schema.org","@graph":[{"@type":"Article","@id":"https:\/\/luchonoticias.com\/editor\/detenido-presunto-integrante-de-las-banda-los-satanas\/#article","isPartOf":{"@id":"https:\/\/luchonoticias.com\/editor\/detenido-presunto-integrante-de-las-banda-los-satanas\/"},"author":{"name":"Editor General","@id":"https:\/\/luchonoticias.com\/editor\/#\/schema\/person\/29217990ddf6f14e35912b2866d591fb"},"headline":"Detenido presunto integrante de las banda Los Satan\u00e1s","datePublished":"2024-07-10T23:19:03+00:00","mainEntityOfPage":{"@id":"https:\/\/luchonoticias.com\/editor\/detenido-presunto-integrante-de-las-banda-los-satanas\/"},"wordCount":235,"publisher":{"@id":"https:\/\/luchonoticias.com\/editor\/#\/schema\/person\/7a7fd911f58561fd056dbac7b55af9cd"},"image":{"@id":"https:\/\/luchonoticias.com\/editor\/detenido-presunto-integrante-de-las-banda-los-satanas\/#primaryimage"},"thumbnailUrl":"https:\/\/luchonoticias.com\/editor\/wp-content\/uploads\/2024\/07\/detenidos-1.jpg","articleSection":["Judicial"],"inLanguage":"es"},{"@type":"WebPage","@id":"https:\/\/luchonoticias.com\/editor\/detenido-presunto-integrante-de-las-banda-los-satanas\/","url":"https:\/\/luchonoticias.com\/editor\/detenido-presunto-integrante-de-las-banda-los-satanas\/","name":"Detenido presunto integrante de las banda Los Satan\u00e1s -","isPartOf":{"@id":"https:\/\/luchonoticias.com\/editor\/#website"},"primaryImageOfPage":{"@id":"https:\/\/luchonoticias.com\/editor\/detenido-presunto-integrante-de-las-banda-los-satanas\/#primaryimage"},"image":{"@id":"https:\/\/luchonoticias.com\/editor\/detenido-presunto-integrante-de-las-banda-los-satanas\/#primaryimage"},"thumbnailUrl":"https:\/\/luchonoticias.com\/editor\/wp-content\/uploads\/2024\/07\/detenidos-1.jpg","datePublished":"2024-07-10T23:19:03+00:00","description":"El procesado habr\u00eda participado, junto a alias Porcelana o Satan\u00e1s, en el asesinato de varias personas, enterradas en fosas comunes en el sector de Silvania en Gigante (Huila).","breadcrumb":{"@id":"https:\/\/luchonoticias.com\/editor\/detenido-presunto-integrante-de-las-banda-los-satanas\/#breadcrumb"},"inLanguage":"es","potentialAction":[{"@type":"ReadAction","target":["https:\/\/luchonoticias.com\/editor\/detenido-presunto-integrante-de-las-banda-los-satanas\/"]}]},{"@type":"ImageObject","inLanguage":"es","@id":"https:\/\/luchonoticias.com\/editor\/detenido-presunto-integrante-de-las-banda-los-satanas\/#primaryimage","url":"https:\/\/luchonoticias.com\/editor\/wp-content\/uploads\/2024\/07\/detenidos-1.jpg","contentUrl":"https:\/\/luchonoticias.com\/editor\/wp-content\/uploads\/2024\/07\/detenidos-1.jpg","width":700,"height":400},{"@type":"BreadcrumbList","@id":"https:\/\/luchonoticias.com\/editor\/detenido-presunto-integrante-de-las-banda-los-satanas\/#breadcrumb","itemListElement":[{"@type":"ListItem","position":1,"name":"Portada","item":"https:\/\/luchonoticias.com\/editor\/"},{"@type":"ListItem","position":2,"name":"Detenido presunto integrante de las banda Los Satan\u00e1s"}]},{"@type":"WebSite","@id":"https:\/\/luchonoticias.com\/editor\/#website","url":"https:\/\/luchonoticias.com\/editor\/","name":"","description":"","publisher":{"@id":"https:\/\/luchonoticias.com\/editor\/#\/schema\/person\/7a7fd911f58561fd056dbac7b55af9cd"},"potentialAction":[{"@type":"SearchAction","target":{"@type":"EntryPoint","urlTemplate":"https:\/\/luchonoticias.com\/editor\/?s={search_term_string}"},"query-input":{"@type":"PropertyValueSpecification","valueRequired":true,"valueName":"search_term_string"}}],"inLanguage":"es"},{"@type":["Person","Organization"],"@id":"https:\/\/luchonoticias.com\/editor\/#\/schema\/person\/7a7fd911f58561fd056dbac7b55af9cd","name":"admin","image":{"@type":"ImageObject","inLanguage":"es","@id":"https:\/\/luchonoticias.com\/editor\/#\/schema\/person\/image\/","url":"https:\/\/luchonoticias.com\/editor\/wp-content\/uploads\/2024\/02\/cropped-cropped-logolu.webp","contentUrl":"https:\/\/luchonoticias.com\/editor\/wp-content\/uploads\/2024\/02\/cropped-cropped-logolu.webp","width":382,"height":170,"caption":"admin"},"logo":{"@id":"https:\/\/luchonoticias.com\/editor\/#\/schema\/person\/image\/"},"sameAs":["https:\/\/www.facebook.com\/luchonoticiasneiva"]},{"@type":"Person","@id":"https:\/\/luchonoticias.com\/editor\/#\/schema\/person\/29217990ddf6f14e35912b2866d591fb","name":"Editor General","image":{"@type":"ImageObject","inLanguage":"es","@id":"https:\/\/luchonoticias.com\/editor\/#\/schema\/person\/image\/","url":"https:\/\/luchonoticias.com\/editor\/wp-content\/uploads\/2024\/02\/cropped-cropped-logolu-150x150.webp","contentUrl":"https:\/\/luchonoticias.com\/editor\/wp-content\/uploads\/2024\/02\/cropped-cropped-logolu-150x150.webp","caption":"Editor General"},"sameAs":["https:\/\/luchonoticias.com\/"],"url":"https:\/\/luchonoticias.com\/editor\/author\/editor-general\/"}]}},"_links":{"self":[{"href":"https:\/\/luchonoticias.com\/editor\/wp-json\/wp\/v2\/posts\/74858","targetHints":{"allow":["GET"]}}],"collection":[{"href":"https:\/\/luchonoticias.com\/editor\/wp-json\/wp\/v2\/posts"}],"about":[{"href":"https:\/\/luchonoticias.com\/editor\/wp-json\/wp\/v2\/types\/post"}],"author":[{"embeddable":true,"href":"https:\/\/luchonoticias.com\/editor\/wp-json\/wp\/v2\/users\/2"}],"replies":[{"embeddable":true,"href":"https:\/\/luchonoticias.com\/editor\/wp-json\/wp\/v2\/comments?post=74858"}],"version-history":[{"count":1,"href":"https:\/\/luchonoticias.com\/editor\/wp-json\/wp\/v2\/posts\/74858\/revisions"}],"predecessor-version":[{"id":74860,"href":"https:\/\/luchonoticias.com\/editor\/wp-json\/wp\/v2\/posts\/74858\/revisions\/74860"}],"wp:featuredmedia":[{"embeddable":true,"href":"https:\/\/luchonoticias.com\/editor\/wp-json\/wp\/v2\/media\/74859"}],"wp:attachment":[{"href":"https:\/\/luchonoticias.com\/editor\/wp-json\/wp\/v2\/media?parent=74858"}],"wp:term":[{"taxonomy":"category","embeddable":true,"href":"https:\/\/luchonoticias.com\/editor\/wp-json\/wp\/v2\/categories?post=74858"},{"taxonomy":"post_tag","embeddable":true,"href":"https:\/\/luchonoticias.com\/editor\/wp-json\/wp\/v2\/tags?post=74858"}],"curies":[{"name":"wp","href":"https:\/\/api.w.org\/{rel}","templated":true}]}}