{"id":74865,"date":"2024-07-11T07:10:23","date_gmt":"2024-07-11T12:10:23","guid":{"rendered":"https:\/\/luchonoticias.com\/?p=74865"},"modified":"2024-07-11T07:10:23","modified_gmt":"2024-07-11T12:10:23","slug":"gobierno-alista-proyecto-de-reforma-a-la-ley-de-servicios-publicos","status":"publish","type":"post","link":"https:\/\/luchonoticias.com\/editor\/gobierno-alista-proyecto-de-reforma-a-la-ley-de-servicios-publicos\/","title":{"rendered":"Gobierno alista proyecto de reforma a la Ley de Servicios P\u00fablicos"},"content":{"rendered":"<div>El proyecto de reforma a la Ley de Servicios P\u00fablicos estar\u00e1 centrado en el ciudadano y en buscar la justicia tarifaria, seg\u00fan lo anunciado por el Gobierno del Cambio.<\/div>\n<div><\/div>\n<div>Liderada por los Ministerios de Minas, Ambiente, Vivienda, TIC, la Superintendencia de Servicios P\u00fablicos y el Departamento Nacional de Planeaci\u00f3n (DNP), la reforma busca mejorar la prestaci\u00f3n de servicios p\u00fablicos domiciliarios con justicia tarifaria.<\/div>\n<div><\/div>\n<div>\u201cHan sido acciones concretas las que hemos llevado a cabo junto con el ministro de Minas, Andr\u00e9s Camacho, para que en el Congreso sea discutida pr\u00f3ximamente la reforma a los servicios p\u00fablicos que hoy dejan por fuera de la cobertura a los sectores populares y m\u00e1s vulnerables del pa\u00eds\u00bb, indic\u00f3 el director del DNP, Alexander L\u00f3pez Maya.<\/div>\n<div><\/div>\n<div>Durante el encuentro se traz\u00f3 el cronograma de trabajo y la estrategia con usuarios, prestadores y sectores sociales. El ministro Camacho destac\u00f3 el trabajo articulado entre los distintos Ministerios y entidades. \u201cTendremos una ruta de trabajo para garantizar que el texto incluya todos los comentarios y todas las sugerencias desde los diferentes sectores, Ministerios, dependencias y entidades para lograr que la reforma sea estructural\u201d, dijo.<\/div>\n<div><\/div>\n<div>Dagoberto Quiroga, Superintendente de Servicios P\u00fablicos Domiciliarios, enfatiz\u00f3 en la importancia de llegar a acuerdos claros para el beneficio de la ciudadan\u00eda: \u201cConsenso y usuario, que el centro de la reforma sea el usuario y que se tenga un consenso de todas las partes, Ministerios y prestadores de servicio para el bien com\u00fan y no el particular\u201d, explic\u00f3,<\/div>\n<div><\/div>\n<div>De acuerdo con el Departamento Nacional de Planeaci\u00f3n, se han adelantado seis ejes tem\u00e1ticos en los que girar\u00e1 la propuesta de la reforma de la Ley de Servicios P\u00fablicos:<\/div>\n<div><\/div>\n<div>1. Justicia tarifaria<\/div>\n<div><\/div>\n<div>2. Universalizaci\u00f3n en la prestaci\u00f3n del servicio<\/div>\n<div><\/div>\n<div>3. Usuario como el centro de la regulaci\u00f3n<\/div>\n<div><\/div>\n<div>4. Fortalecimiento institucional y gobernanza<\/div>\n<div><\/div>\n<div>5. Focalizaci\u00f3n de subsidios<\/div>\n<div><\/div>\n<div>6. Participaci\u00f3n comunitaria en la prestaci\u00f3n del servicio.<\/div>\n<div><\/div>\n<div>El presidente Gustavo Petro ha impulsado la idea de establecer un modelo de regulaci\u00f3n enfocado en las necesidades de los usuarios y en la universalizaci\u00f3n de la cobertura. \u201cLas leyes hoy vigentes de servicios p\u00fablicos pusieron en un lugar privilegiado a los empresarios, pero dejaron a los usuarios en la calle\u201d, dijo el mandatario en la movilizaci\u00f3n por la vida de septiembre de 2023.<\/div>\n<div><\/div>\n<div>Seg\u00fan una radiograf\u00eda de la prestaci\u00f3n del servicio p\u00fablico en Colombia realizada por el DNP, 12,8 millones de personas no tienen acceso a un servicio de acueducto de calidad, y 3,2 millones carecen completamente de acceso al agua potable.<\/div>\n<div><\/div>\n<div>En el pasado Congreso de Andesco, el director del DNP destac\u00f3 que \u201cen pleno siglo XXI hay 2,6 millones de compatriotas de las zonas rurales sin agua y 600 mil ciudadanos de las periferias que no pueden abrir una llave\u201d.<\/div>\n<div><\/div>\n<div>En t\u00e9rminos de energ\u00eda el\u00e9ctrica, la cobertura alcanza el 94,9%, pero cerca de 818 mil viviendas (cerca de 4 millones de personas) no tienen acceso al servicio, especialmente en las regiones m\u00e1s vulnerables. Adem\u00e1s, la calidad del servicio presenta disparidades significativas, siendo cinco veces mejor en Bogot\u00e1 en comparaci\u00f3n con el departamento de Caquet\u00e1.<\/div>\n","protected":false},"excerpt":{"rendered":"<p>La propuesta que ser\u00e1 presentada al Congreso de la Rep\u00fablica busca dejar a los ciudadanos como el eje central de la regulaci\u00f3n, y establecer una nueva relaci\u00f3n con los prestadores de los servicios.<\/p>\n","protected":false},"author":2,"featured_media":74866,"comment_status":"closed","ping_status":"open","sticky":false,"template":"","format":"standard","meta":{"footnotes":""},"categories":[28],"tags":[],"class_list":["post-74865","post","type-post","status-publish","format-standard","has-post-thumbnail","hentry","category-actualidad"],"yoast_head":"<!-- This site is optimized with the Yoast SEO plugin v26.6 - https:\/\/yoast.com\/wordpress\/plugins\/seo\/ -->\n<title>Gobierno alista proyecto de reforma a la Ley de Servicios P\u00fablicos -<\/title>\n<meta name=\"description\" content=\"La propuesta que ser\u00e1 presentada al Congreso de la Rep\u00fablica busca dejar a los ciudadanos como el eje central de la regulaci\u00f3n, y establecer una nueva relaci\u00f3n con los prestadores de los servicios.\" \/>\n<meta name=\"robots\" content=\"index, follow, max-snippet:-1, max-image-preview:large, max-video-preview:-1\" \/>\n<link rel=\"canonical\" href=\"https:\/\/luchonoticias.com\/editor\/gobierno-alista-proyecto-de-reforma-a-la-ley-de-servicios-publicos\/\" \/>\n<meta property=\"og:locale\" content=\"es_ES\" \/>\n<meta property=\"og:type\" content=\"article\" \/>\n<meta property=\"og:title\" content=\"Gobierno alista proyecto de reforma a la Ley de Servicios P\u00fablicos -\" \/>\n<meta property=\"og:description\" content=\"La propuesta que ser\u00e1 presentada al Congreso de la Rep\u00fablica busca dejar a los ciudadanos como el eje central de la regulaci\u00f3n, y establecer una nueva relaci\u00f3n con los prestadores de los servicios.\" \/>\n<meta property=\"og:url\" content=\"https:\/\/luchonoticias.com\/editor\/gobierno-alista-proyecto-de-reforma-a-la-ley-de-servicios-publicos\/\" \/>\n<meta property=\"article:publisher\" content=\"https:\/\/www.facebook.com\/luchonoticiasneiva\" \/>\n<meta property=\"article:published_time\" content=\"2024-07-11T12:10:23+00:00\" \/>\n<meta property=\"og:image\" content=\"https:\/\/luchonoticias.com\/editor\/wp-content\/uploads\/2024\/07\/ley.jpg\" \/>\n\t<meta property=\"og:image:width\" content=\"700\" \/>\n\t<meta property=\"og:image:height\" content=\"400\" \/>\n\t<meta property=\"og:image:type\" content=\"image\/jpeg\" \/>\n<meta name=\"author\" content=\"Editor General\" \/>\n<meta name=\"twitter:card\" content=\"summary_large_image\" \/>\n<meta name=\"twitter:label1\" content=\"Escrito por\" \/>\n\t<meta name=\"twitter:data1\" content=\"Editor General\" \/>\n\t<meta name=\"twitter:label2\" content=\"Tiempo de lectura\" \/>\n\t<meta name=\"twitter:data2\" content=\"3 minutos\" \/>\n<script type=\"application\/ld+json\" class=\"yoast-schema-graph\">{\"@context\":\"https:\/\/schema.org\",\"@graph\":[{\"@type\":\"Article\",\"@id\":\"https:\/\/luchonoticias.com\/editor\/gobierno-alista-proyecto-de-reforma-a-la-ley-de-servicios-publicos\/#article\",\"isPartOf\":{\"@id\":\"https:\/\/luchonoticias.com\/editor\/gobierno-alista-proyecto-de-reforma-a-la-ley-de-servicios-publicos\/\"},\"author\":{\"name\":\"Editor General\",\"@id\":\"https:\/\/luchonoticias.com\/editor\/#\/schema\/person\/29217990ddf6f14e35912b2866d591fb\"},\"headline\":\"Gobierno alista proyecto de reforma a la Ley de Servicios P\u00fablicos\",\"datePublished\":\"2024-07-11T12:10:23+00:00\",\"mainEntityOfPage\":{\"@id\":\"https:\/\/luchonoticias.com\/editor\/gobierno-alista-proyecto-de-reforma-a-la-ley-de-servicios-publicos\/\"},\"wordCount\":540,\"publisher\":{\"@id\":\"https:\/\/luchonoticias.com\/editor\/#\/schema\/person\/7a7fd911f58561fd056dbac7b55af9cd\"},\"image\":{\"@id\":\"https:\/\/luchonoticias.com\/editor\/gobierno-alista-proyecto-de-reforma-a-la-ley-de-servicios-publicos\/#primaryimage\"},\"thumbnailUrl\":\"https:\/\/luchonoticias.com\/editor\/wp-content\/uploads\/2024\/07\/ley.jpg\",\"articleSection\":[\"Actualidad\"],\"inLanguage\":\"es\"},{\"@type\":\"WebPage\",\"@id\":\"https:\/\/luchonoticias.com\/editor\/gobierno-alista-proyecto-de-reforma-a-la-ley-de-servicios-publicos\/\",\"url\":\"https:\/\/luchonoticias.com\/editor\/gobierno-alista-proyecto-de-reforma-a-la-ley-de-servicios-publicos\/\",\"name\":\"Gobierno alista proyecto de reforma a la Ley de Servicios P\u00fablicos -\",\"isPartOf\":{\"@id\":\"https:\/\/luchonoticias.com\/editor\/#website\"},\"primaryImageOfPage\":{\"@id\":\"https:\/\/luchonoticias.com\/editor\/gobierno-alista-proyecto-de-reforma-a-la-ley-de-servicios-publicos\/#primaryimage\"},\"image\":{\"@id\":\"https:\/\/luchonoticias.com\/editor\/gobierno-alista-proyecto-de-reforma-a-la-ley-de-servicios-publicos\/#primaryimage\"},\"thumbnailUrl\":\"https:\/\/luchonoticias.com\/editor\/wp-content\/uploads\/2024\/07\/ley.jpg\",\"datePublished\":\"2024-07-11T12:10:23+00:00\",\"description\":\"La propuesta que ser\u00e1 presentada al Congreso de la Rep\u00fablica busca dejar a los ciudadanos como el eje central de la regulaci\u00f3n, y establecer una nueva relaci\u00f3n con los prestadores de los servicios.\",\"breadcrumb\":{\"@id\":\"https:\/\/luchonoticias.com\/editor\/gobierno-alista-proyecto-de-reforma-a-la-ley-de-servicios-publicos\/#breadcrumb\"},\"inLanguage\":\"es\",\"potentialAction\":[{\"@type\":\"ReadAction\",\"target\":[\"https:\/\/luchonoticias.com\/editor\/gobierno-alista-proyecto-de-reforma-a-la-ley-de-servicios-publicos\/\"]}]},{\"@type\":\"ImageObject\",\"inLanguage\":\"es\",\"@id\":\"https:\/\/luchonoticias.com\/editor\/gobierno-alista-proyecto-de-reforma-a-la-ley-de-servicios-publicos\/#primaryimage\",\"url\":\"https:\/\/luchonoticias.com\/editor\/wp-content\/uploads\/2024\/07\/ley.jpg\",\"contentUrl\":\"https:\/\/luchonoticias.com\/editor\/wp-content\/uploads\/2024\/07\/ley.jpg\",\"width\":700,\"height\":400},{\"@type\":\"BreadcrumbList\",\"@id\":\"https:\/\/luchonoticias.com\/editor\/gobierno-alista-proyecto-de-reforma-a-la-ley-de-servicios-publicos\/#breadcrumb\",\"itemListElement\":[{\"@type\":\"ListItem\",\"position\":1,\"name\":\"Portada\",\"item\":\"https:\/\/luchonoticias.com\/editor\/\"},{\"@type\":\"ListItem\",\"position\":2,\"name\":\"Gobierno alista proyecto de reforma a la Ley de Servicios P\u00fablicos\"}]},{\"@type\":\"WebSite\",\"@id\":\"https:\/\/luchonoticias.com\/editor\/#website\",\"url\":\"https:\/\/luchonoticias.com\/editor\/\",\"name\":\"\",\"description\":\"\",\"publisher\":{\"@id\":\"https:\/\/luchonoticias.com\/editor\/#\/schema\/person\/7a7fd911f58561fd056dbac7b55af9cd\"},\"potentialAction\":[{\"@type\":\"SearchAction\",\"target\":{\"@type\":\"EntryPoint\",\"urlTemplate\":\"https:\/\/luchonoticias.com\/editor\/?s={search_term_string}\"},\"query-input\":{\"@type\":\"PropertyValueSpecification\",\"valueRequired\":true,\"valueName\":\"search_term_string\"}}],\"inLanguage\":\"es\"},{\"@type\":[\"Person\",\"Organization\"],\"@id\":\"https:\/\/luchonoticias.com\/editor\/#\/schema\/person\/7a7fd911f58561fd056dbac7b55af9cd\",\"name\":\"admin\",\"image\":{\"@type\":\"ImageObject\",\"inLanguage\":\"es\",\"@id\":\"https:\/\/luchonoticias.com\/editor\/#\/schema\/person\/image\/\",\"url\":\"https:\/\/luchonoticias.com\/editor\/wp-content\/uploads\/2024\/02\/cropped-cropped-logolu.webp\",\"contentUrl\":\"https:\/\/luchonoticias.com\/editor\/wp-content\/uploads\/2024\/02\/cropped-cropped-logolu.webp\",\"width\":382,\"height\":170,\"caption\":\"admin\"},\"logo\":{\"@id\":\"https:\/\/luchonoticias.com\/editor\/#\/schema\/person\/image\/\"},\"sameAs\":[\"https:\/\/www.facebook.com\/luchonoticiasneiva\"]},{\"@type\":\"Person\",\"@id\":\"https:\/\/luchonoticias.com\/editor\/#\/schema\/person\/29217990ddf6f14e35912b2866d591fb\",\"name\":\"Editor General\",\"image\":{\"@type\":\"ImageObject\",\"inLanguage\":\"es\",\"@id\":\"https:\/\/luchonoticias.com\/editor\/#\/schema\/person\/image\/\",\"url\":\"https:\/\/luchonoticias.com\/editor\/wp-content\/uploads\/2024\/02\/cropped-cropped-logolu-150x150.webp\",\"contentUrl\":\"https:\/\/luchonoticias.com\/editor\/wp-content\/uploads\/2024\/02\/cropped-cropped-logolu-150x150.webp\",\"caption\":\"Editor General\"},\"sameAs\":[\"https:\/\/luchonoticias.com\/\"],\"url\":\"https:\/\/luchonoticias.com\/editor\/author\/editor-general\/\"}]}<\/script>\n<!-- \/ Yoast SEO plugin. -->","yoast_head_json":{"title":"Gobierno alista proyecto de reforma a la Ley de Servicios P\u00fablicos -","description":"La propuesta que ser\u00e1 presentada al Congreso de la Rep\u00fablica busca dejar a los ciudadanos como el eje central de la regulaci\u00f3n, y establecer una nueva relaci\u00f3n con los prestadores de los servicios.","robots":{"index":"index","follow":"follow","max-snippet":"max-snippet:-1","max-image-preview":"max-image-preview:large","max-video-preview":"max-video-preview:-1"},"canonical":"https:\/\/luchonoticias.com\/editor\/gobierno-alista-proyecto-de-reforma-a-la-ley-de-servicios-publicos\/","og_locale":"es_ES","og_type":"article","og_title":"Gobierno alista proyecto de reforma a la Ley de Servicios P\u00fablicos -","og_description":"La propuesta que ser\u00e1 presentada al Congreso de la Rep\u00fablica busca dejar a los ciudadanos como el eje central de la regulaci\u00f3n, y establecer una nueva relaci\u00f3n con los prestadores de los servicios.","og_url":"https:\/\/luchonoticias.com\/editor\/gobierno-alista-proyecto-de-reforma-a-la-ley-de-servicios-publicos\/","article_publisher":"https:\/\/www.facebook.com\/luchonoticiasneiva","article_published_time":"2024-07-11T12:10:23+00:00","og_image":[{"width":700,"height":400,"url":"https:\/\/luchonoticias.com\/editor\/wp-content\/uploads\/2024\/07\/ley.jpg","type":"image\/jpeg"}],"author":"Editor General","twitter_card":"summary_large_image","twitter_misc":{"Escrito por":"Editor General","Tiempo de lectura":"3 minutos"},"schema":{"@context":"https:\/\/schema.org","@graph":[{"@type":"Article","@id":"https:\/\/luchonoticias.com\/editor\/gobierno-alista-proyecto-de-reforma-a-la-ley-de-servicios-publicos\/#article","isPartOf":{"@id":"https:\/\/luchonoticias.com\/editor\/gobierno-alista-proyecto-de-reforma-a-la-ley-de-servicios-publicos\/"},"author":{"name":"Editor General","@id":"https:\/\/luchonoticias.com\/editor\/#\/schema\/person\/29217990ddf6f14e35912b2866d591fb"},"headline":"Gobierno alista proyecto de reforma a la Ley de Servicios P\u00fablicos","datePublished":"2024-07-11T12:10:23+00:00","mainEntityOfPage":{"@id":"https:\/\/luchonoticias.com\/editor\/gobierno-alista-proyecto-de-reforma-a-la-ley-de-servicios-publicos\/"},"wordCount":540,"publisher":{"@id":"https:\/\/luchonoticias.com\/editor\/#\/schema\/person\/7a7fd911f58561fd056dbac7b55af9cd"},"image":{"@id":"https:\/\/luchonoticias.com\/editor\/gobierno-alista-proyecto-de-reforma-a-la-ley-de-servicios-publicos\/#primaryimage"},"thumbnailUrl":"https:\/\/luchonoticias.com\/editor\/wp-content\/uploads\/2024\/07\/ley.jpg","articleSection":["Actualidad"],"inLanguage":"es"},{"@type":"WebPage","@id":"https:\/\/luchonoticias.com\/editor\/gobierno-alista-proyecto-de-reforma-a-la-ley-de-servicios-publicos\/","url":"https:\/\/luchonoticias.com\/editor\/gobierno-alista-proyecto-de-reforma-a-la-ley-de-servicios-publicos\/","name":"Gobierno alista proyecto de reforma a la Ley de Servicios P\u00fablicos -","isPartOf":{"@id":"https:\/\/luchonoticias.com\/editor\/#website"},"primaryImageOfPage":{"@id":"https:\/\/luchonoticias.com\/editor\/gobierno-alista-proyecto-de-reforma-a-la-ley-de-servicios-publicos\/#primaryimage"},"image":{"@id":"https:\/\/luchonoticias.com\/editor\/gobierno-alista-proyecto-de-reforma-a-la-ley-de-servicios-publicos\/#primaryimage"},"thumbnailUrl":"https:\/\/luchonoticias.com\/editor\/wp-content\/uploads\/2024\/07\/ley.jpg","datePublished":"2024-07-11T12:10:23+00:00","description":"La propuesta que ser\u00e1 presentada al Congreso de la Rep\u00fablica busca dejar a los ciudadanos como el eje central de la regulaci\u00f3n, y establecer una nueva relaci\u00f3n con los prestadores de los servicios.","breadcrumb":{"@id":"https:\/\/luchonoticias.com\/editor\/gobierno-alista-proyecto-de-reforma-a-la-ley-de-servicios-publicos\/#breadcrumb"},"inLanguage":"es","potentialAction":[{"@type":"ReadAction","target":["https:\/\/luchonoticias.com\/editor\/gobierno-alista-proyecto-de-reforma-a-la-ley-de-servicios-publicos\/"]}]},{"@type":"ImageObject","inLanguage":"es","@id":"https:\/\/luchonoticias.com\/editor\/gobierno-alista-proyecto-de-reforma-a-la-ley-de-servicios-publicos\/#primaryimage","url":"https:\/\/luchonoticias.com\/editor\/wp-content\/uploads\/2024\/07\/ley.jpg","contentUrl":"https:\/\/luchonoticias.com\/editor\/wp-content\/uploads\/2024\/07\/ley.jpg","width":700,"height":400},{"@type":"BreadcrumbList","@id":"https:\/\/luchonoticias.com\/editor\/gobierno-alista-proyecto-de-reforma-a-la-ley-de-servicios-publicos\/#breadcrumb","itemListElement":[{"@type":"ListItem","position":1,"name":"Portada","item":"https:\/\/luchonoticias.com\/editor\/"},{"@type":"ListItem","position":2,"name":"Gobierno alista proyecto de reforma a la Ley de Servicios P\u00fablicos"}]},{"@type":"WebSite","@id":"https:\/\/luchonoticias.com\/editor\/#website","url":"https:\/\/luchonoticias.com\/editor\/","name":"","description":"","publisher":{"@id":"https:\/\/luchonoticias.com\/editor\/#\/schema\/person\/7a7fd911f58561fd056dbac7b55af9cd"},"potentialAction":[{"@type":"SearchAction","target":{"@type":"EntryPoint","urlTemplate":"https:\/\/luchonoticias.com\/editor\/?s={search_term_string}"},"query-input":{"@type":"PropertyValueSpecification","valueRequired":true,"valueName":"search_term_string"}}],"inLanguage":"es"},{"@type":["Person","Organization"],"@id":"https:\/\/luchonoticias.com\/editor\/#\/schema\/person\/7a7fd911f58561fd056dbac7b55af9cd","name":"admin","image":{"@type":"ImageObject","inLanguage":"es","@id":"https:\/\/luchonoticias.com\/editor\/#\/schema\/person\/image\/","url":"https:\/\/luchonoticias.com\/editor\/wp-content\/uploads\/2024\/02\/cropped-cropped-logolu.webp","contentUrl":"https:\/\/luchonoticias.com\/editor\/wp-content\/uploads\/2024\/02\/cropped-cropped-logolu.webp","width":382,"height":170,"caption":"admin"},"logo":{"@id":"https:\/\/luchonoticias.com\/editor\/#\/schema\/person\/image\/"},"sameAs":["https:\/\/www.facebook.com\/luchonoticiasneiva"]},{"@type":"Person","@id":"https:\/\/luchonoticias.com\/editor\/#\/schema\/person\/29217990ddf6f14e35912b2866d591fb","name":"Editor General","image":{"@type":"ImageObject","inLanguage":"es","@id":"https:\/\/luchonoticias.com\/editor\/#\/schema\/person\/image\/","url":"https:\/\/luchonoticias.com\/editor\/wp-content\/uploads\/2024\/02\/cropped-cropped-logolu-150x150.webp","contentUrl":"https:\/\/luchonoticias.com\/editor\/wp-content\/uploads\/2024\/02\/cropped-cropped-logolu-150x150.webp","caption":"Editor General"},"sameAs":["https:\/\/luchonoticias.com\/"],"url":"https:\/\/luchonoticias.com\/editor\/author\/editor-general\/"}]}},"_links":{"self":[{"href":"https:\/\/luchonoticias.com\/editor\/wp-json\/wp\/v2\/posts\/74865","targetHints":{"allow":["GET"]}}],"collection":[{"href":"https:\/\/luchonoticias.com\/editor\/wp-json\/wp\/v2\/posts"}],"about":[{"href":"https:\/\/luchonoticias.com\/editor\/wp-json\/wp\/v2\/types\/post"}],"author":[{"embeddable":true,"href":"https:\/\/luchonoticias.com\/editor\/wp-json\/wp\/v2\/users\/2"}],"replies":[{"embeddable":true,"href":"https:\/\/luchonoticias.com\/editor\/wp-json\/wp\/v2\/comments?post=74865"}],"version-history":[{"count":1,"href":"https:\/\/luchonoticias.com\/editor\/wp-json\/wp\/v2\/posts\/74865\/revisions"}],"predecessor-version":[{"id":74867,"href":"https:\/\/luchonoticias.com\/editor\/wp-json\/wp\/v2\/posts\/74865\/revisions\/74867"}],"wp:featuredmedia":[{"embeddable":true,"href":"https:\/\/luchonoticias.com\/editor\/wp-json\/wp\/v2\/media\/74866"}],"wp:attachment":[{"href":"https:\/\/luchonoticias.com\/editor\/wp-json\/wp\/v2\/media?parent=74865"}],"wp:term":[{"taxonomy":"category","embeddable":true,"href":"https:\/\/luchonoticias.com\/editor\/wp-json\/wp\/v2\/categories?post=74865"},{"taxonomy":"post_tag","embeddable":true,"href":"https:\/\/luchonoticias.com\/editor\/wp-json\/wp\/v2\/tags?post=74865"}],"curies":[{"name":"wp","href":"https:\/\/api.w.org\/{rel}","templated":true}]}}