{"id":74868,"date":"2024-07-11T07:17:20","date_gmt":"2024-07-11T12:17:20","guid":{"rendered":"https:\/\/luchonoticias.com\/?p=74868"},"modified":"2024-07-11T07:17:20","modified_gmt":"2024-07-11T12:17:20","slug":"presidente-considera-indispensable-la-reforma-a-la-ley-100","status":"publish","type":"post","link":"https:\/\/luchonoticias.com\/editor\/presidente-considera-indispensable-la-reforma-a-la-ley-100\/","title":{"rendered":"Presidente considera indispensable la reforma a la Ley 100"},"content":{"rendered":"<p>El presidente Gustavo Petro defendi\u00f3 nuevamente el proyecto de reforma a la salud que se radicar\u00e1 ante el Congreso de la Rep\u00fablica el pr\u00f3ximo 20 de julio.<\/p>\n<p>Al intervenir este mi\u00e9rcoles ante el XV Congreso Internacional de Hospitales y Cl\u00ednicas, en el complejo empresarial de Corferias, en la capital del pa\u00eds, el mandatario reiter\u00f3 la necesidad de reformar la Ley 100 de 1993 de Seguridad Social, para disminuir la desigualdad de la protecci\u00f3n de los derechos fundamentales.<\/p>\n<p>\u201cUna sociedad desigual per se, no garantiza los derechos de la mayor\u00eda de su poblaci\u00f3n ni cumple el cometido del Estado, que es el fin esencial del Estado, de acuerdo con la Constituci\u00f3n del 91&#8243;, dijo.<\/p>\n<p>Explic\u00f3 que, si no se garantizan los derechos fundamentales b\u00e1sicos o esenciales, simplemente el Estado no sirve.<\/p>\n<p>\u201cEntonces, reformar la ley s\u00ed es indispensable, y el camino que yo creo deber\u00eda ser el de la garant\u00eda del derecho: garantizar el derecho universal a la salud, a la pensi\u00f3n, a la educaci\u00f3n\u00bb, sostuvo el jefe de Estado.<\/p>\n<p>El presidente plante\u00f3 que, justamente, la protecci\u00f3n universal de todos los derechos fundamentales de los y las colombianas es la discusi\u00f3n de las reformas sociales.<\/p>\n<p>\u201cEso es lo interesante del momento, poner a un Congreso de la Rep\u00fablica a discutir sobre los derechos fundamentales de la sociedad colombiana. Adem\u00e1s, podr\u00eda decir que desde 1993 el Congreso no lo hace. No hab\u00eda discutido c\u00f3mo se llega al derecho universal en una sociedad como la colombiana\u00bb, manifest\u00f3.<\/p>\n<p>Record\u00f3 que no se trata de cambiar un texto por otro, pues la Constituci\u00f3n de 1991 ya dice esto, \u201cpero han pasado 33 a\u00f1os y no alcanzamos esos derechos progresivamente, y no hay ninguno cumplido\u00bb.<\/p>\n<p>Agreg\u00f3 que \u201chablar de reformas hoy no es un capricho del Presidente, o de los mamertos o de los ambientalistas o los radicales, es una necesidad\u00bb.<\/p>\n","protected":false},"excerpt":{"rendered":"<p>El mandatario asegur\u00f3 que \u201clo interesante del momento\u00bb es abrir en el Congreso de la Rep\u00fablica la discusi\u00f3n sobre los derechos fundamentales, algo que no hace desde 1993.<\/p>\n","protected":false},"author":2,"featured_media":74869,"comment_status":"closed","ping_status":"open","sticky":false,"template":"","format":"standard","meta":{"footnotes":""},"categories":[28],"tags":[],"class_list":["post-74868","post","type-post","status-publish","format-standard","has-post-thumbnail","hentry","category-actualidad"],"yoast_head":"<!-- This site is optimized with the Yoast SEO plugin v26.6 - https:\/\/yoast.com\/wordpress\/plugins\/seo\/ -->\n<title>Presidente considera indispensable la reforma a la Ley 100 -<\/title>\n<meta name=\"description\" content=\"El mandatario asegur\u00f3 que \u201clo interesante del momento&quot; es abrir en el Congreso de la Rep\u00fablica la discusi\u00f3n sobre los derechos fundamentales, algo que no hace desde 1993.\" \/>\n<meta name=\"robots\" content=\"index, follow, max-snippet:-1, max-image-preview:large, max-video-preview:-1\" \/>\n<link rel=\"canonical\" href=\"https:\/\/luchonoticias.com\/editor\/presidente-considera-indispensable-la-reforma-a-la-ley-100\/\" \/>\n<meta property=\"og:locale\" content=\"es_ES\" \/>\n<meta property=\"og:type\" content=\"article\" \/>\n<meta property=\"og:title\" content=\"Presidente considera indispensable la reforma a la Ley 100 -\" \/>\n<meta property=\"og:description\" content=\"El mandatario asegur\u00f3 que \u201clo interesante del momento&quot; es abrir en el Congreso de la Rep\u00fablica la discusi\u00f3n sobre los derechos fundamentales, algo que no hace desde 1993.\" \/>\n<meta property=\"og:url\" content=\"https:\/\/luchonoticias.com\/editor\/presidente-considera-indispensable-la-reforma-a-la-ley-100\/\" \/>\n<meta property=\"article:publisher\" content=\"https:\/\/www.facebook.com\/luchonoticiasneiva\" \/>\n<meta property=\"article:published_time\" content=\"2024-07-11T12:17:20+00:00\" \/>\n<meta property=\"og:image\" content=\"https:\/\/luchonoticias.com\/editor\/wp-content\/uploads\/2024\/07\/petro.jpg\" \/>\n\t<meta property=\"og:image:width\" content=\"700\" \/>\n\t<meta property=\"og:image:height\" content=\"400\" \/>\n\t<meta property=\"og:image:type\" content=\"image\/jpeg\" \/>\n<meta name=\"author\" content=\"Editor General\" \/>\n<meta name=\"twitter:card\" content=\"summary_large_image\" \/>\n<meta name=\"twitter:label1\" content=\"Escrito por\" \/>\n\t<meta name=\"twitter:data1\" content=\"Editor General\" \/>\n\t<meta name=\"twitter:label2\" content=\"Tiempo de lectura\" \/>\n\t<meta name=\"twitter:data2\" content=\"2 minutos\" \/>\n<script type=\"application\/ld+json\" class=\"yoast-schema-graph\">{\"@context\":\"https:\/\/schema.org\",\"@graph\":[{\"@type\":\"Article\",\"@id\":\"https:\/\/luchonoticias.com\/editor\/presidente-considera-indispensable-la-reforma-a-la-ley-100\/#article\",\"isPartOf\":{\"@id\":\"https:\/\/luchonoticias.com\/editor\/presidente-considera-indispensable-la-reforma-a-la-ley-100\/\"},\"author\":{\"name\":\"Editor General\",\"@id\":\"https:\/\/luchonoticias.com\/editor\/#\/schema\/person\/29217990ddf6f14e35912b2866d591fb\"},\"headline\":\"Presidente considera indispensable la reforma a la Ley 100\",\"datePublished\":\"2024-07-11T12:17:20+00:00\",\"mainEntityOfPage\":{\"@id\":\"https:\/\/luchonoticias.com\/editor\/presidente-considera-indispensable-la-reforma-a-la-ley-100\/\"},\"wordCount\":329,\"publisher\":{\"@id\":\"https:\/\/luchonoticias.com\/editor\/#\/schema\/person\/7a7fd911f58561fd056dbac7b55af9cd\"},\"image\":{\"@id\":\"https:\/\/luchonoticias.com\/editor\/presidente-considera-indispensable-la-reforma-a-la-ley-100\/#primaryimage\"},\"thumbnailUrl\":\"https:\/\/luchonoticias.com\/editor\/wp-content\/uploads\/2024\/07\/petro.jpg\",\"articleSection\":[\"Actualidad\"],\"inLanguage\":\"es\"},{\"@type\":\"WebPage\",\"@id\":\"https:\/\/luchonoticias.com\/editor\/presidente-considera-indispensable-la-reforma-a-la-ley-100\/\",\"url\":\"https:\/\/luchonoticias.com\/editor\/presidente-considera-indispensable-la-reforma-a-la-ley-100\/\",\"name\":\"Presidente considera indispensable la reforma a la Ley 100 -\",\"isPartOf\":{\"@id\":\"https:\/\/luchonoticias.com\/editor\/#website\"},\"primaryImageOfPage\":{\"@id\":\"https:\/\/luchonoticias.com\/editor\/presidente-considera-indispensable-la-reforma-a-la-ley-100\/#primaryimage\"},\"image\":{\"@id\":\"https:\/\/luchonoticias.com\/editor\/presidente-considera-indispensable-la-reforma-a-la-ley-100\/#primaryimage\"},\"thumbnailUrl\":\"https:\/\/luchonoticias.com\/editor\/wp-content\/uploads\/2024\/07\/petro.jpg\",\"datePublished\":\"2024-07-11T12:17:20+00:00\",\"description\":\"El mandatario asegur\u00f3 que \u201clo interesante del momento\\\" es abrir en el Congreso de la Rep\u00fablica la discusi\u00f3n sobre los derechos fundamentales, algo que no hace desde 1993.\",\"breadcrumb\":{\"@id\":\"https:\/\/luchonoticias.com\/editor\/presidente-considera-indispensable-la-reforma-a-la-ley-100\/#breadcrumb\"},\"inLanguage\":\"es\",\"potentialAction\":[{\"@type\":\"ReadAction\",\"target\":[\"https:\/\/luchonoticias.com\/editor\/presidente-considera-indispensable-la-reforma-a-la-ley-100\/\"]}]},{\"@type\":\"ImageObject\",\"inLanguage\":\"es\",\"@id\":\"https:\/\/luchonoticias.com\/editor\/presidente-considera-indispensable-la-reforma-a-la-ley-100\/#primaryimage\",\"url\":\"https:\/\/luchonoticias.com\/editor\/wp-content\/uploads\/2024\/07\/petro.jpg\",\"contentUrl\":\"https:\/\/luchonoticias.com\/editor\/wp-content\/uploads\/2024\/07\/petro.jpg\",\"width\":700,\"height\":400},{\"@type\":\"BreadcrumbList\",\"@id\":\"https:\/\/luchonoticias.com\/editor\/presidente-considera-indispensable-la-reforma-a-la-ley-100\/#breadcrumb\",\"itemListElement\":[{\"@type\":\"ListItem\",\"position\":1,\"name\":\"Portada\",\"item\":\"https:\/\/luchonoticias.com\/editor\/\"},{\"@type\":\"ListItem\",\"position\":2,\"name\":\"Presidente considera indispensable la reforma a la Ley 100\"}]},{\"@type\":\"WebSite\",\"@id\":\"https:\/\/luchonoticias.com\/editor\/#website\",\"url\":\"https:\/\/luchonoticias.com\/editor\/\",\"name\":\"\",\"description\":\"\",\"publisher\":{\"@id\":\"https:\/\/luchonoticias.com\/editor\/#\/schema\/person\/7a7fd911f58561fd056dbac7b55af9cd\"},\"potentialAction\":[{\"@type\":\"SearchAction\",\"target\":{\"@type\":\"EntryPoint\",\"urlTemplate\":\"https:\/\/luchonoticias.com\/editor\/?s={search_term_string}\"},\"query-input\":{\"@type\":\"PropertyValueSpecification\",\"valueRequired\":true,\"valueName\":\"search_term_string\"}}],\"inLanguage\":\"es\"},{\"@type\":[\"Person\",\"Organization\"],\"@id\":\"https:\/\/luchonoticias.com\/editor\/#\/schema\/person\/7a7fd911f58561fd056dbac7b55af9cd\",\"name\":\"admin\",\"image\":{\"@type\":\"ImageObject\",\"inLanguage\":\"es\",\"@id\":\"https:\/\/luchonoticias.com\/editor\/#\/schema\/person\/image\/\",\"url\":\"https:\/\/luchonoticias.com\/editor\/wp-content\/uploads\/2024\/02\/cropped-cropped-logolu.webp\",\"contentUrl\":\"https:\/\/luchonoticias.com\/editor\/wp-content\/uploads\/2024\/02\/cropped-cropped-logolu.webp\",\"width\":382,\"height\":170,\"caption\":\"admin\"},\"logo\":{\"@id\":\"https:\/\/luchonoticias.com\/editor\/#\/schema\/person\/image\/\"},\"sameAs\":[\"https:\/\/www.facebook.com\/luchonoticiasneiva\"]},{\"@type\":\"Person\",\"@id\":\"https:\/\/luchonoticias.com\/editor\/#\/schema\/person\/29217990ddf6f14e35912b2866d591fb\",\"name\":\"Editor General\",\"image\":{\"@type\":\"ImageObject\",\"inLanguage\":\"es\",\"@id\":\"https:\/\/luchonoticias.com\/editor\/#\/schema\/person\/image\/\",\"url\":\"https:\/\/luchonoticias.com\/editor\/wp-content\/uploads\/2024\/02\/cropped-cropped-logolu-150x150.webp\",\"contentUrl\":\"https:\/\/luchonoticias.com\/editor\/wp-content\/uploads\/2024\/02\/cropped-cropped-logolu-150x150.webp\",\"caption\":\"Editor General\"},\"sameAs\":[\"https:\/\/luchonoticias.com\/\"],\"url\":\"https:\/\/luchonoticias.com\/editor\/author\/editor-general\/\"}]}<\/script>\n<!-- \/ Yoast SEO plugin. -->","yoast_head_json":{"title":"Presidente considera indispensable la reforma a la Ley 100 -","description":"El mandatario asegur\u00f3 que \u201clo interesante del momento\" es abrir en el Congreso de la Rep\u00fablica la discusi\u00f3n sobre los derechos fundamentales, algo que no hace desde 1993.","robots":{"index":"index","follow":"follow","max-snippet":"max-snippet:-1","max-image-preview":"max-image-preview:large","max-video-preview":"max-video-preview:-1"},"canonical":"https:\/\/luchonoticias.com\/editor\/presidente-considera-indispensable-la-reforma-a-la-ley-100\/","og_locale":"es_ES","og_type":"article","og_title":"Presidente considera indispensable la reforma a la Ley 100 -","og_description":"El mandatario asegur\u00f3 que \u201clo interesante del momento\" es abrir en el Congreso de la Rep\u00fablica la discusi\u00f3n sobre los derechos fundamentales, algo que no hace desde 1993.","og_url":"https:\/\/luchonoticias.com\/editor\/presidente-considera-indispensable-la-reforma-a-la-ley-100\/","article_publisher":"https:\/\/www.facebook.com\/luchonoticiasneiva","article_published_time":"2024-07-11T12:17:20+00:00","og_image":[{"width":700,"height":400,"url":"https:\/\/luchonoticias.com\/editor\/wp-content\/uploads\/2024\/07\/petro.jpg","type":"image\/jpeg"}],"author":"Editor General","twitter_card":"summary_large_image","twitter_misc":{"Escrito por":"Editor General","Tiempo de lectura":"2 minutos"},"schema":{"@context":"https:\/\/schema.org","@graph":[{"@type":"Article","@id":"https:\/\/luchonoticias.com\/editor\/presidente-considera-indispensable-la-reforma-a-la-ley-100\/#article","isPartOf":{"@id":"https:\/\/luchonoticias.com\/editor\/presidente-considera-indispensable-la-reforma-a-la-ley-100\/"},"author":{"name":"Editor General","@id":"https:\/\/luchonoticias.com\/editor\/#\/schema\/person\/29217990ddf6f14e35912b2866d591fb"},"headline":"Presidente considera indispensable la reforma a la Ley 100","datePublished":"2024-07-11T12:17:20+00:00","mainEntityOfPage":{"@id":"https:\/\/luchonoticias.com\/editor\/presidente-considera-indispensable-la-reforma-a-la-ley-100\/"},"wordCount":329,"publisher":{"@id":"https:\/\/luchonoticias.com\/editor\/#\/schema\/person\/7a7fd911f58561fd056dbac7b55af9cd"},"image":{"@id":"https:\/\/luchonoticias.com\/editor\/presidente-considera-indispensable-la-reforma-a-la-ley-100\/#primaryimage"},"thumbnailUrl":"https:\/\/luchonoticias.com\/editor\/wp-content\/uploads\/2024\/07\/petro.jpg","articleSection":["Actualidad"],"inLanguage":"es"},{"@type":"WebPage","@id":"https:\/\/luchonoticias.com\/editor\/presidente-considera-indispensable-la-reforma-a-la-ley-100\/","url":"https:\/\/luchonoticias.com\/editor\/presidente-considera-indispensable-la-reforma-a-la-ley-100\/","name":"Presidente considera indispensable la reforma a la Ley 100 -","isPartOf":{"@id":"https:\/\/luchonoticias.com\/editor\/#website"},"primaryImageOfPage":{"@id":"https:\/\/luchonoticias.com\/editor\/presidente-considera-indispensable-la-reforma-a-la-ley-100\/#primaryimage"},"image":{"@id":"https:\/\/luchonoticias.com\/editor\/presidente-considera-indispensable-la-reforma-a-la-ley-100\/#primaryimage"},"thumbnailUrl":"https:\/\/luchonoticias.com\/editor\/wp-content\/uploads\/2024\/07\/petro.jpg","datePublished":"2024-07-11T12:17:20+00:00","description":"El mandatario asegur\u00f3 que \u201clo interesante del momento\" es abrir en el Congreso de la Rep\u00fablica la discusi\u00f3n sobre los derechos fundamentales, algo que no hace desde 1993.","breadcrumb":{"@id":"https:\/\/luchonoticias.com\/editor\/presidente-considera-indispensable-la-reforma-a-la-ley-100\/#breadcrumb"},"inLanguage":"es","potentialAction":[{"@type":"ReadAction","target":["https:\/\/luchonoticias.com\/editor\/presidente-considera-indispensable-la-reforma-a-la-ley-100\/"]}]},{"@type":"ImageObject","inLanguage":"es","@id":"https:\/\/luchonoticias.com\/editor\/presidente-considera-indispensable-la-reforma-a-la-ley-100\/#primaryimage","url":"https:\/\/luchonoticias.com\/editor\/wp-content\/uploads\/2024\/07\/petro.jpg","contentUrl":"https:\/\/luchonoticias.com\/editor\/wp-content\/uploads\/2024\/07\/petro.jpg","width":700,"height":400},{"@type":"BreadcrumbList","@id":"https:\/\/luchonoticias.com\/editor\/presidente-considera-indispensable-la-reforma-a-la-ley-100\/#breadcrumb","itemListElement":[{"@type":"ListItem","position":1,"name":"Portada","item":"https:\/\/luchonoticias.com\/editor\/"},{"@type":"ListItem","position":2,"name":"Presidente considera indispensable la reforma a la Ley 100"}]},{"@type":"WebSite","@id":"https:\/\/luchonoticias.com\/editor\/#website","url":"https:\/\/luchonoticias.com\/editor\/","name":"","description":"","publisher":{"@id":"https:\/\/luchonoticias.com\/editor\/#\/schema\/person\/7a7fd911f58561fd056dbac7b55af9cd"},"potentialAction":[{"@type":"SearchAction","target":{"@type":"EntryPoint","urlTemplate":"https:\/\/luchonoticias.com\/editor\/?s={search_term_string}"},"query-input":{"@type":"PropertyValueSpecification","valueRequired":true,"valueName":"search_term_string"}}],"inLanguage":"es"},{"@type":["Person","Organization"],"@id":"https:\/\/luchonoticias.com\/editor\/#\/schema\/person\/7a7fd911f58561fd056dbac7b55af9cd","name":"admin","image":{"@type":"ImageObject","inLanguage":"es","@id":"https:\/\/luchonoticias.com\/editor\/#\/schema\/person\/image\/","url":"https:\/\/luchonoticias.com\/editor\/wp-content\/uploads\/2024\/02\/cropped-cropped-logolu.webp","contentUrl":"https:\/\/luchonoticias.com\/editor\/wp-content\/uploads\/2024\/02\/cropped-cropped-logolu.webp","width":382,"height":170,"caption":"admin"},"logo":{"@id":"https:\/\/luchonoticias.com\/editor\/#\/schema\/person\/image\/"},"sameAs":["https:\/\/www.facebook.com\/luchonoticiasneiva"]},{"@type":"Person","@id":"https:\/\/luchonoticias.com\/editor\/#\/schema\/person\/29217990ddf6f14e35912b2866d591fb","name":"Editor General","image":{"@type":"ImageObject","inLanguage":"es","@id":"https:\/\/luchonoticias.com\/editor\/#\/schema\/person\/image\/","url":"https:\/\/luchonoticias.com\/editor\/wp-content\/uploads\/2024\/02\/cropped-cropped-logolu-150x150.webp","contentUrl":"https:\/\/luchonoticias.com\/editor\/wp-content\/uploads\/2024\/02\/cropped-cropped-logolu-150x150.webp","caption":"Editor General"},"sameAs":["https:\/\/luchonoticias.com\/"],"url":"https:\/\/luchonoticias.com\/editor\/author\/editor-general\/"}]}},"_links":{"self":[{"href":"https:\/\/luchonoticias.com\/editor\/wp-json\/wp\/v2\/posts\/74868","targetHints":{"allow":["GET"]}}],"collection":[{"href":"https:\/\/luchonoticias.com\/editor\/wp-json\/wp\/v2\/posts"}],"about":[{"href":"https:\/\/luchonoticias.com\/editor\/wp-json\/wp\/v2\/types\/post"}],"author":[{"embeddable":true,"href":"https:\/\/luchonoticias.com\/editor\/wp-json\/wp\/v2\/users\/2"}],"replies":[{"embeddable":true,"href":"https:\/\/luchonoticias.com\/editor\/wp-json\/wp\/v2\/comments?post=74868"}],"version-history":[{"count":2,"href":"https:\/\/luchonoticias.com\/editor\/wp-json\/wp\/v2\/posts\/74868\/revisions"}],"predecessor-version":[{"id":74871,"href":"https:\/\/luchonoticias.com\/editor\/wp-json\/wp\/v2\/posts\/74868\/revisions\/74871"}],"wp:featuredmedia":[{"embeddable":true,"href":"https:\/\/luchonoticias.com\/editor\/wp-json\/wp\/v2\/media\/74869"}],"wp:attachment":[{"href":"https:\/\/luchonoticias.com\/editor\/wp-json\/wp\/v2\/media?parent=74868"}],"wp:term":[{"taxonomy":"category","embeddable":true,"href":"https:\/\/luchonoticias.com\/editor\/wp-json\/wp\/v2\/categories?post=74868"},{"taxonomy":"post_tag","embeddable":true,"href":"https:\/\/luchonoticias.com\/editor\/wp-json\/wp\/v2\/tags?post=74868"}],"curies":[{"name":"wp","href":"https:\/\/api.w.org\/{rel}","templated":true}]}}