{"id":74873,"date":"2024-07-11T07:24:29","date_gmt":"2024-07-11T12:24:29","guid":{"rendered":"https:\/\/luchonoticias.com\/?p=74873"},"modified":"2024-07-11T07:24:29","modified_gmt":"2024-07-11T12:24:29","slug":"nuevo-ministro-del-interior-alista-agenda-legislativa","status":"publish","type":"post","link":"https:\/\/luchonoticias.com\/editor\/nuevo-ministro-del-interior-alista-agenda-legislativa\/","title":{"rendered":"Nuevo ministro del Interior alista agenda legislativa"},"content":{"rendered":"<p>Tras el encuentro en la Casa de Nari\u00f1o con varios representantes del partido Alianza Verde, el ministro del Interior, Juan Fernando Cristo, destac\u00f3 los objetivos y compromisos del Gobierno para la presente legislatura.<\/p>\n<p>\u201cHoy iniciamos una jornada de conversaciones con todas las bancadas en el Congreso, comenzando con los partidos de Gobierno y continuaremos con los partidos independientes\u00bb, afirm\u00f3 el jefe de la cartera al t\u00e9rmino de la reuni\u00f3n.<\/p>\n<p>El ministro Cristo subray\u00f3 que el compromiso del Gobierno en esta legislatura es impulsar reformas con concertaci\u00f3n. \u201cVamos a ir discutiendo con las bancadas las reformas y, a medida que avancemos en acuerdos, se ir\u00e1n presentando al Congreso de la Rep\u00fablica. Ser\u00e1 una agenda legislativa muy s\u00f3lida y ambiciosa\u00bb, a\u00f1adi\u00f3.<\/p>\n<p>Cristo destac\u00f3 la participaci\u00f3n de ocho representantes de la bancada de Alianza Verde que acompa\u00f1an al Gobierno. \u201cLos otros miembros del Partido Verde, que no est\u00e1n acompa\u00f1ando al Gobierno, se invitar\u00e1n despu\u00e9s como sectores independientes o de oposici\u00f3n\u00bb, explic\u00f3. \u201cVamos a concertar con todas las bancadas. Lo m\u00e1s importante es que estuvimos dos horas discutiendo a fondo sobre reformas a servicios p\u00fablicos, el plan de reactivaci\u00f3n econ\u00f3mica, la reforma laboral, la reforma a la salud y el tema del c\u00f3digo de minas\u00bb, agreg\u00f3.<\/p>\n<p><strong>Agenda Legislativa Am\u200bbiciosa<\/strong><\/p>\n<p>El ministro explic\u00f3 que la presentaci\u00f3n de estas reformas no se har\u00e1 de manera inmediata. \u201cVa a haber una agenda muy ambiciosa, pero no vamos a presentar todo el 20 de julio. Vamos a ir conversando con todas las bancadas para explorar consensos\u00bb, dijo tras destacar la importancia de trabajar articuladamente durante todo este semestre y el pr\u00f3ximo.<\/p>\n<p><strong>Di\u00e1logo Nacional sobre \u200bReformas<\/strong><\/p>\n<p>Sobre el tema de una posible constituyente, el Ministro del Interior mencion\u00f3 que se discuti\u00f3 ampliamente a petici\u00f3n de un representante. \u201cHicimos reflexiones y una discusi\u00f3n muy amplia sobre la posici\u00f3n del Gobierno. Vamos a empezar un di\u00e1logo nacional. Hoy mismo me reunir\u00e9 con los Gobernadores de Colombia y la pr\u00f3xima semana con el sector privado. Una vez vuelvan las bancadas el 20 de julio, buscaremos un acuerdo de m\u00ednimos en las reformas que necesita Colombia\u00bb, asegur\u00f3.<\/p>\n<p>Cristo explic\u00f3 que el Gobierno est\u00e1 abierto a diferentes v\u00edas para aprobar las reformas necesarias. \u201cM\u00e1s all\u00e1 de lo que se ha discutido hoy, hablamos de reformas institucionales. En la medida en que avancemos en un Acuerdo Nacional, despu\u00e9s definiremos si la manera de aprobarlas es por la v\u00eda del Congreso, un referendo o una constituyente\u00bb, coment\u00f3.<\/p>\n<p>El ministro Cristo tambi\u00e9n transmiti\u00f3 la posici\u00f3n del presidente Gustavo Petro sobre el poder constituyente. \u201cEl presidente reiter\u00f3 que una cosa es el poder constituyente, que funciona diariamente en la democracia colombiana, y otra cosa es la formalidad de una constituyente que est\u00e1 empezando a discutirse con todos los sectores\u00bb, concluy\u00f3.<\/p>\n","protected":false},"excerpt":{"rendered":"<p>\u200b\u00bbHoy iniciamos una jornada de conversaciones con todas las bancadas en el Congreso, comenzando con los partidos de Gobierno y continuando con los partidos independientes\u00bb, afirm\u00f3 el jefe de la cartera.<\/p>\n","protected":false},"author":2,"featured_media":74874,"comment_status":"closed","ping_status":"open","sticky":false,"template":"","format":"standard","meta":{"footnotes":""},"categories":[28],"tags":[],"class_list":["post-74873","post","type-post","status-publish","format-standard","has-post-thumbnail","hentry","category-actualidad"],"yoast_head":"<!-- This site is optimized with the Yoast SEO plugin v26.6 - https:\/\/yoast.com\/wordpress\/plugins\/seo\/ -->\n<title>Nuevo ministro del Interior alista agenda legislativa -<\/title>\n<meta name=\"description\" content=\"\u200b&quot;Hoy iniciamos una jornada de conversaciones con todas las bancadas en el Congreso, comenzando con los partidos de Gobierno y continuando con los partidos independientes&quot;, afirm\u00f3 el jefe de la cartera.\" \/>\n<meta name=\"robots\" content=\"index, follow, max-snippet:-1, max-image-preview:large, max-video-preview:-1\" \/>\n<link rel=\"canonical\" href=\"https:\/\/luchonoticias.com\/editor\/nuevo-ministro-del-interior-alista-agenda-legislativa\/\" \/>\n<meta property=\"og:locale\" content=\"es_ES\" \/>\n<meta property=\"og:type\" content=\"article\" \/>\n<meta property=\"og:title\" content=\"Nuevo ministro del Interior alista agenda legislativa -\" \/>\n<meta property=\"og:description\" content=\"\u200b&quot;Hoy iniciamos una jornada de conversaciones con todas las bancadas en el Congreso, comenzando con los partidos de Gobierno y continuando con los partidos independientes&quot;, afirm\u00f3 el jefe de la cartera.\" \/>\n<meta property=\"og:url\" content=\"https:\/\/luchonoticias.com\/editor\/nuevo-ministro-del-interior-alista-agenda-legislativa\/\" \/>\n<meta property=\"article:publisher\" content=\"https:\/\/www.facebook.com\/luchonoticiasneiva\" \/>\n<meta property=\"article:published_time\" content=\"2024-07-11T12:24:29+00:00\" \/>\n<meta property=\"og:image\" content=\"https:\/\/luchonoticias.com\/editor\/wp-content\/uploads\/2024\/07\/mininterior-agenda.jpg\" \/>\n\t<meta property=\"og:image:width\" content=\"700\" \/>\n\t<meta property=\"og:image:height\" content=\"400\" \/>\n\t<meta property=\"og:image:type\" content=\"image\/jpeg\" \/>\n<meta name=\"author\" content=\"Editor General\" \/>\n<meta name=\"twitter:card\" content=\"summary_large_image\" \/>\n<meta name=\"twitter:label1\" content=\"Escrito por\" \/>\n\t<meta name=\"twitter:data1\" content=\"Editor General\" \/>\n\t<meta name=\"twitter:label2\" content=\"Tiempo de lectura\" \/>\n\t<meta name=\"twitter:data2\" content=\"3 minutos\" \/>\n<script type=\"application\/ld+json\" class=\"yoast-schema-graph\">{\"@context\":\"https:\/\/schema.org\",\"@graph\":[{\"@type\":\"Article\",\"@id\":\"https:\/\/luchonoticias.com\/editor\/nuevo-ministro-del-interior-alista-agenda-legislativa\/#article\",\"isPartOf\":{\"@id\":\"https:\/\/luchonoticias.com\/editor\/nuevo-ministro-del-interior-alista-agenda-legislativa\/\"},\"author\":{\"name\":\"Editor General\",\"@id\":\"https:\/\/luchonoticias.com\/editor\/#\/schema\/person\/29217990ddf6f14e35912b2866d591fb\"},\"headline\":\"Nuevo ministro del Interior alista agenda legislativa\",\"datePublished\":\"2024-07-11T12:24:29+00:00\",\"mainEntityOfPage\":{\"@id\":\"https:\/\/luchonoticias.com\/editor\/nuevo-ministro-del-interior-alista-agenda-legislativa\/\"},\"wordCount\":493,\"publisher\":{\"@id\":\"https:\/\/luchonoticias.com\/editor\/#\/schema\/person\/7a7fd911f58561fd056dbac7b55af9cd\"},\"image\":{\"@id\":\"https:\/\/luchonoticias.com\/editor\/nuevo-ministro-del-interior-alista-agenda-legislativa\/#primaryimage\"},\"thumbnailUrl\":\"https:\/\/luchonoticias.com\/editor\/wp-content\/uploads\/2024\/07\/mininterior-agenda.jpg\",\"articleSection\":[\"Actualidad\"],\"inLanguage\":\"es\"},{\"@type\":\"WebPage\",\"@id\":\"https:\/\/luchonoticias.com\/editor\/nuevo-ministro-del-interior-alista-agenda-legislativa\/\",\"url\":\"https:\/\/luchonoticias.com\/editor\/nuevo-ministro-del-interior-alista-agenda-legislativa\/\",\"name\":\"Nuevo ministro del Interior alista agenda legislativa -\",\"isPartOf\":{\"@id\":\"https:\/\/luchonoticias.com\/editor\/#website\"},\"primaryImageOfPage\":{\"@id\":\"https:\/\/luchonoticias.com\/editor\/nuevo-ministro-del-interior-alista-agenda-legislativa\/#primaryimage\"},\"image\":{\"@id\":\"https:\/\/luchonoticias.com\/editor\/nuevo-ministro-del-interior-alista-agenda-legislativa\/#primaryimage\"},\"thumbnailUrl\":\"https:\/\/luchonoticias.com\/editor\/wp-content\/uploads\/2024\/07\/mininterior-agenda.jpg\",\"datePublished\":\"2024-07-11T12:24:29+00:00\",\"description\":\"\u200b\\\"Hoy iniciamos una jornada de conversaciones con todas las bancadas en el Congreso, comenzando con los partidos de Gobierno y continuando con los partidos independientes\\\", afirm\u00f3 el jefe de la cartera.\",\"breadcrumb\":{\"@id\":\"https:\/\/luchonoticias.com\/editor\/nuevo-ministro-del-interior-alista-agenda-legislativa\/#breadcrumb\"},\"inLanguage\":\"es\",\"potentialAction\":[{\"@type\":\"ReadAction\",\"target\":[\"https:\/\/luchonoticias.com\/editor\/nuevo-ministro-del-interior-alista-agenda-legislativa\/\"]}]},{\"@type\":\"ImageObject\",\"inLanguage\":\"es\",\"@id\":\"https:\/\/luchonoticias.com\/editor\/nuevo-ministro-del-interior-alista-agenda-legislativa\/#primaryimage\",\"url\":\"https:\/\/luchonoticias.com\/editor\/wp-content\/uploads\/2024\/07\/mininterior-agenda.jpg\",\"contentUrl\":\"https:\/\/luchonoticias.com\/editor\/wp-content\/uploads\/2024\/07\/mininterior-agenda.jpg\",\"width\":700,\"height\":400},{\"@type\":\"BreadcrumbList\",\"@id\":\"https:\/\/luchonoticias.com\/editor\/nuevo-ministro-del-interior-alista-agenda-legislativa\/#breadcrumb\",\"itemListElement\":[{\"@type\":\"ListItem\",\"position\":1,\"name\":\"Portada\",\"item\":\"https:\/\/luchonoticias.com\/editor\/\"},{\"@type\":\"ListItem\",\"position\":2,\"name\":\"Nuevo ministro del Interior alista agenda legislativa\"}]},{\"@type\":\"WebSite\",\"@id\":\"https:\/\/luchonoticias.com\/editor\/#website\",\"url\":\"https:\/\/luchonoticias.com\/editor\/\",\"name\":\"\",\"description\":\"\",\"publisher\":{\"@id\":\"https:\/\/luchonoticias.com\/editor\/#\/schema\/person\/7a7fd911f58561fd056dbac7b55af9cd\"},\"potentialAction\":[{\"@type\":\"SearchAction\",\"target\":{\"@type\":\"EntryPoint\",\"urlTemplate\":\"https:\/\/luchonoticias.com\/editor\/?s={search_term_string}\"},\"query-input\":{\"@type\":\"PropertyValueSpecification\",\"valueRequired\":true,\"valueName\":\"search_term_string\"}}],\"inLanguage\":\"es\"},{\"@type\":[\"Person\",\"Organization\"],\"@id\":\"https:\/\/luchonoticias.com\/editor\/#\/schema\/person\/7a7fd911f58561fd056dbac7b55af9cd\",\"name\":\"admin\",\"image\":{\"@type\":\"ImageObject\",\"inLanguage\":\"es\",\"@id\":\"https:\/\/luchonoticias.com\/editor\/#\/schema\/person\/image\/\",\"url\":\"https:\/\/luchonoticias.com\/editor\/wp-content\/uploads\/2024\/02\/cropped-cropped-logolu.webp\",\"contentUrl\":\"https:\/\/luchonoticias.com\/editor\/wp-content\/uploads\/2024\/02\/cropped-cropped-logolu.webp\",\"width\":382,\"height\":170,\"caption\":\"admin\"},\"logo\":{\"@id\":\"https:\/\/luchonoticias.com\/editor\/#\/schema\/person\/image\/\"},\"sameAs\":[\"https:\/\/www.facebook.com\/luchonoticiasneiva\"]},{\"@type\":\"Person\",\"@id\":\"https:\/\/luchonoticias.com\/editor\/#\/schema\/person\/29217990ddf6f14e35912b2866d591fb\",\"name\":\"Editor General\",\"image\":{\"@type\":\"ImageObject\",\"inLanguage\":\"es\",\"@id\":\"https:\/\/luchonoticias.com\/editor\/#\/schema\/person\/image\/\",\"url\":\"https:\/\/luchonoticias.com\/editor\/wp-content\/uploads\/2024\/02\/cropped-cropped-logolu-150x150.webp\",\"contentUrl\":\"https:\/\/luchonoticias.com\/editor\/wp-content\/uploads\/2024\/02\/cropped-cropped-logolu-150x150.webp\",\"caption\":\"Editor General\"},\"sameAs\":[\"https:\/\/luchonoticias.com\/\"],\"url\":\"https:\/\/luchonoticias.com\/editor\/author\/editor-general\/\"}]}<\/script>\n<!-- \/ Yoast SEO plugin. -->","yoast_head_json":{"title":"Nuevo ministro del Interior alista agenda legislativa -","description":"\u200b\"Hoy iniciamos una jornada de conversaciones con todas las bancadas en el Congreso, comenzando con los partidos de Gobierno y continuando con los partidos independientes\", afirm\u00f3 el jefe de la cartera.","robots":{"index":"index","follow":"follow","max-snippet":"max-snippet:-1","max-image-preview":"max-image-preview:large","max-video-preview":"max-video-preview:-1"},"canonical":"https:\/\/luchonoticias.com\/editor\/nuevo-ministro-del-interior-alista-agenda-legislativa\/","og_locale":"es_ES","og_type":"article","og_title":"Nuevo ministro del Interior alista agenda legislativa -","og_description":"\u200b\"Hoy iniciamos una jornada de conversaciones con todas las bancadas en el Congreso, comenzando con los partidos de Gobierno y continuando con los partidos independientes\", afirm\u00f3 el jefe de la cartera.","og_url":"https:\/\/luchonoticias.com\/editor\/nuevo-ministro-del-interior-alista-agenda-legislativa\/","article_publisher":"https:\/\/www.facebook.com\/luchonoticiasneiva","article_published_time":"2024-07-11T12:24:29+00:00","og_image":[{"width":700,"height":400,"url":"https:\/\/luchonoticias.com\/editor\/wp-content\/uploads\/2024\/07\/mininterior-agenda.jpg","type":"image\/jpeg"}],"author":"Editor General","twitter_card":"summary_large_image","twitter_misc":{"Escrito por":"Editor General","Tiempo de lectura":"3 minutos"},"schema":{"@context":"https:\/\/schema.org","@graph":[{"@type":"Article","@id":"https:\/\/luchonoticias.com\/editor\/nuevo-ministro-del-interior-alista-agenda-legislativa\/#article","isPartOf":{"@id":"https:\/\/luchonoticias.com\/editor\/nuevo-ministro-del-interior-alista-agenda-legislativa\/"},"author":{"name":"Editor General","@id":"https:\/\/luchonoticias.com\/editor\/#\/schema\/person\/29217990ddf6f14e35912b2866d591fb"},"headline":"Nuevo ministro del Interior alista agenda legislativa","datePublished":"2024-07-11T12:24:29+00:00","mainEntityOfPage":{"@id":"https:\/\/luchonoticias.com\/editor\/nuevo-ministro-del-interior-alista-agenda-legislativa\/"},"wordCount":493,"publisher":{"@id":"https:\/\/luchonoticias.com\/editor\/#\/schema\/person\/7a7fd911f58561fd056dbac7b55af9cd"},"image":{"@id":"https:\/\/luchonoticias.com\/editor\/nuevo-ministro-del-interior-alista-agenda-legislativa\/#primaryimage"},"thumbnailUrl":"https:\/\/luchonoticias.com\/editor\/wp-content\/uploads\/2024\/07\/mininterior-agenda.jpg","articleSection":["Actualidad"],"inLanguage":"es"},{"@type":"WebPage","@id":"https:\/\/luchonoticias.com\/editor\/nuevo-ministro-del-interior-alista-agenda-legislativa\/","url":"https:\/\/luchonoticias.com\/editor\/nuevo-ministro-del-interior-alista-agenda-legislativa\/","name":"Nuevo ministro del Interior alista agenda legislativa -","isPartOf":{"@id":"https:\/\/luchonoticias.com\/editor\/#website"},"primaryImageOfPage":{"@id":"https:\/\/luchonoticias.com\/editor\/nuevo-ministro-del-interior-alista-agenda-legislativa\/#primaryimage"},"image":{"@id":"https:\/\/luchonoticias.com\/editor\/nuevo-ministro-del-interior-alista-agenda-legislativa\/#primaryimage"},"thumbnailUrl":"https:\/\/luchonoticias.com\/editor\/wp-content\/uploads\/2024\/07\/mininterior-agenda.jpg","datePublished":"2024-07-11T12:24:29+00:00","description":"\u200b\"Hoy iniciamos una jornada de conversaciones con todas las bancadas en el Congreso, comenzando con los partidos de Gobierno y continuando con los partidos independientes\", afirm\u00f3 el jefe de la cartera.","breadcrumb":{"@id":"https:\/\/luchonoticias.com\/editor\/nuevo-ministro-del-interior-alista-agenda-legislativa\/#breadcrumb"},"inLanguage":"es","potentialAction":[{"@type":"ReadAction","target":["https:\/\/luchonoticias.com\/editor\/nuevo-ministro-del-interior-alista-agenda-legislativa\/"]}]},{"@type":"ImageObject","inLanguage":"es","@id":"https:\/\/luchonoticias.com\/editor\/nuevo-ministro-del-interior-alista-agenda-legislativa\/#primaryimage","url":"https:\/\/luchonoticias.com\/editor\/wp-content\/uploads\/2024\/07\/mininterior-agenda.jpg","contentUrl":"https:\/\/luchonoticias.com\/editor\/wp-content\/uploads\/2024\/07\/mininterior-agenda.jpg","width":700,"height":400},{"@type":"BreadcrumbList","@id":"https:\/\/luchonoticias.com\/editor\/nuevo-ministro-del-interior-alista-agenda-legislativa\/#breadcrumb","itemListElement":[{"@type":"ListItem","position":1,"name":"Portada","item":"https:\/\/luchonoticias.com\/editor\/"},{"@type":"ListItem","position":2,"name":"Nuevo ministro del Interior alista agenda legislativa"}]},{"@type":"WebSite","@id":"https:\/\/luchonoticias.com\/editor\/#website","url":"https:\/\/luchonoticias.com\/editor\/","name":"","description":"","publisher":{"@id":"https:\/\/luchonoticias.com\/editor\/#\/schema\/person\/7a7fd911f58561fd056dbac7b55af9cd"},"potentialAction":[{"@type":"SearchAction","target":{"@type":"EntryPoint","urlTemplate":"https:\/\/luchonoticias.com\/editor\/?s={search_term_string}"},"query-input":{"@type":"PropertyValueSpecification","valueRequired":true,"valueName":"search_term_string"}}],"inLanguage":"es"},{"@type":["Person","Organization"],"@id":"https:\/\/luchonoticias.com\/editor\/#\/schema\/person\/7a7fd911f58561fd056dbac7b55af9cd","name":"admin","image":{"@type":"ImageObject","inLanguage":"es","@id":"https:\/\/luchonoticias.com\/editor\/#\/schema\/person\/image\/","url":"https:\/\/luchonoticias.com\/editor\/wp-content\/uploads\/2024\/02\/cropped-cropped-logolu.webp","contentUrl":"https:\/\/luchonoticias.com\/editor\/wp-content\/uploads\/2024\/02\/cropped-cropped-logolu.webp","width":382,"height":170,"caption":"admin"},"logo":{"@id":"https:\/\/luchonoticias.com\/editor\/#\/schema\/person\/image\/"},"sameAs":["https:\/\/www.facebook.com\/luchonoticiasneiva"]},{"@type":"Person","@id":"https:\/\/luchonoticias.com\/editor\/#\/schema\/person\/29217990ddf6f14e35912b2866d591fb","name":"Editor General","image":{"@type":"ImageObject","inLanguage":"es","@id":"https:\/\/luchonoticias.com\/editor\/#\/schema\/person\/image\/","url":"https:\/\/luchonoticias.com\/editor\/wp-content\/uploads\/2024\/02\/cropped-cropped-logolu-150x150.webp","contentUrl":"https:\/\/luchonoticias.com\/editor\/wp-content\/uploads\/2024\/02\/cropped-cropped-logolu-150x150.webp","caption":"Editor General"},"sameAs":["https:\/\/luchonoticias.com\/"],"url":"https:\/\/luchonoticias.com\/editor\/author\/editor-general\/"}]}},"_links":{"self":[{"href":"https:\/\/luchonoticias.com\/editor\/wp-json\/wp\/v2\/posts\/74873","targetHints":{"allow":["GET"]}}],"collection":[{"href":"https:\/\/luchonoticias.com\/editor\/wp-json\/wp\/v2\/posts"}],"about":[{"href":"https:\/\/luchonoticias.com\/editor\/wp-json\/wp\/v2\/types\/post"}],"author":[{"embeddable":true,"href":"https:\/\/luchonoticias.com\/editor\/wp-json\/wp\/v2\/users\/2"}],"replies":[{"embeddable":true,"href":"https:\/\/luchonoticias.com\/editor\/wp-json\/wp\/v2\/comments?post=74873"}],"version-history":[{"count":1,"href":"https:\/\/luchonoticias.com\/editor\/wp-json\/wp\/v2\/posts\/74873\/revisions"}],"predecessor-version":[{"id":74875,"href":"https:\/\/luchonoticias.com\/editor\/wp-json\/wp\/v2\/posts\/74873\/revisions\/74875"}],"wp:featuredmedia":[{"embeddable":true,"href":"https:\/\/luchonoticias.com\/editor\/wp-json\/wp\/v2\/media\/74874"}],"wp:attachment":[{"href":"https:\/\/luchonoticias.com\/editor\/wp-json\/wp\/v2\/media?parent=74873"}],"wp:term":[{"taxonomy":"category","embeddable":true,"href":"https:\/\/luchonoticias.com\/editor\/wp-json\/wp\/v2\/categories?post=74873"},{"taxonomy":"post_tag","embeddable":true,"href":"https:\/\/luchonoticias.com\/editor\/wp-json\/wp\/v2\/tags?post=74873"}],"curies":[{"name":"wp","href":"https:\/\/api.w.org\/{rel}","templated":true}]}}