{"id":74883,"date":"2024-07-11T16:20:49","date_gmt":"2024-07-11T21:20:49","guid":{"rendered":"https:\/\/luchonoticias.com\/?p=74883"},"modified":"2024-07-11T16:20:49","modified_gmt":"2024-07-11T21:20:49","slug":"liberados-animales-en-reserva-natural-de-iquira","status":"publish","type":"post","link":"https:\/\/luchonoticias.com\/editor\/liberados-animales-en-reserva-natural-de-iquira\/","title":{"rendered":"Liberados animales en reserva natural de \u00cdquira"},"content":{"rendered":"<p>Despu\u00e9s de realizar los procesos de recuperaci\u00f3n y rehabilitaci\u00f3n, la Corporaci\u00f3n Aut\u00f3noma Regional del Alto Magdalena &#8211; CAM con el acompa\u00f1amiento de Parques Nacionales, liber\u00f3 en su h\u00e1bitat natural a cinco mam\u00edferos de fauna silvestre en una reserva natural del municipio de \u00cdquira.<\/p>\n<p>La liberaci\u00f3n de los animales se llev\u00f3 a cabo en la reserva natural Tarpeya, \u00e1rea que hace parte de la zona amortiguadora del Distrito Regional de Manejo Integrado DRMI Cerro banderas Ojo Blanco y el Parque Nacional Natural Nevado del Huila, noroccidente del departamento, en donde los animales encontrar\u00e1n su h\u00e1bitat adecuado para continuar su ciclo de vida.<\/p>\n<p>\u201cLogramos la liberaci\u00f3n de cinco ejemplares de fauna silvestre entre ellos dos gatos de monte (Puma yaguoaroundi), un cusumbo (Nasua nasua), un perro de monte (Potos flavus) y un perezoso de dos dedos (Choloepus hoffmanni) que hab\u00edan ingresado en modalidad de decomiso y rescate\u201d, asegur\u00f3 Edward Su\u00e1rez veterinario del Hogar de Paso de Neiva de la CAM.<\/p>\n<p>La entidad ambiental dio a conocer que el perezoso fue rescatado por la comunidad tras ser encontrado en la avalancha que se registr\u00f3 en d\u00edas pasado en el municipio de Santa Mar\u00eda.<\/p>\n<p>A su vez se indic\u00f3 que los dos yaguarund\u00eds eran hermanos hu\u00e9rfanos, que perdieron a su madre tras ser atacada por unos perros dom\u00e9sticos y posteriormente fueron entregados por la comunidad del municipio de Campoalegre.<\/p>\n<p><strong>Tratamiento de recuperaci\u00f3n<\/strong><\/p>\n<p>La liberaci\u00f3n se realiz\u00f3 despu\u00e9s de concluir con \u00e9xito el proceso de rehabilitaci\u00f3n de los espec\u00edmenes que adelantaron bi\u00f3logos, veterinarios, y dem\u00e1s profesionales del Centro de Atenci\u00f3n y Valoraci\u00f3n CAV Teruel y el Hogar de Paso de la CAM.<\/p>\n<p>\u201cEl proceso de rehabilitaci\u00f3n de estos animales dio inicio cuando ingresaron al Hogar de Paso de Neiva donde hicimos la respectiva valoraci\u00f3n, para luego ser trasladados al Centro de Atenci\u00f3n y Valoraci\u00f3n de Teruel donde fueron reinstalados y reubicados en recintos debidamente adecuados con ambiente natural y una temperatura conforme a su especie\u201d explic\u00f3 Any Katherine Alape, m\u00e9dica veterinaria de la CAM.<\/p>\n<p>Adem\u00e1s, se realiz\u00f3 un proceso de rehabilitaci\u00f3n acorde a los comportamientos de cada individuo con un enriquecimiento diferente para cada una de las especies, prepar\u00e1ndolos para su proceso de sobrevivir en un ambiente natural.<\/p>\n<p><strong>Reserva natural Tarpeya<\/strong><\/p>\n<p>Durante la liberaci\u00f3n, Ronald Leandro Aragon\u00e9s, funcionario del Parque Nacional Nevado del Huila, dio a conocer que la reserva natural Tarpeya, se ha convertido en un lugar estrat\u00e9gico para las liberaciones<\/p>\n<p>\u201cEn conjunto con la CAM, comunidad y funcionarios de la alcald\u00eda de \u00cdquira se ha venido trabajando en la liberaci\u00f3n de especies en este espacio que debe ser conservado y hemos sensibilizando a las comunidades de las veredas vecinas en el cuidado del recurso h\u00eddrico, la protecci\u00f3n de la fauna y flora y la prohibici\u00f3n de la caza\u201d, asegur\u00f3 el funcionario del Parque Nacional.<\/p>\n<p>Finalmente fue la misma comunidad que acompa\u00f1\u00f3 la liberaci\u00f3n, la que hizo un llamado para mantener la calma en caso de encontrarse con un animal silvestre, evitar manipularlo, no cogerlo como mascota y avisar de inmediato a las autoridades.<\/p>\n<p>\u201cLa idea es conservar los recursos naturales, concientizar desde el hogar y cuidar la naturaleza para que m\u00e1s adelante nuestros hijos puedan decir que lo que estaba en v\u00eda de extinci\u00f3n cuando eran ni\u00f1os, en el momento que son adultos lo pueden ver libres en diferentes lugares\u201d, puntualiz\u00f3 Heriberto Ospina, habitante del municipio de \u00cdquira.<\/p>\n","protected":false},"excerpt":{"rendered":"<p>Cinco ejemplares de fauna silvestre fueron retornados a su h\u00e1bitat natural, luego de concluir con \u00e9xito su proceso de rehabilitaci\u00f3n en el Centro de Atenci\u00f3n y Valoraci\u00f3n de la CAM.<\/p>\n","protected":false},"author":2,"featured_media":74884,"comment_status":"closed","ping_status":"open","sticky":false,"template":"","format":"standard","meta":{"footnotes":""},"categories":[33],"tags":[],"class_list":["post-74883","post","type-post","status-publish","format-standard","has-post-thumbnail","hentry","category-huila"],"yoast_head":"<!-- This site is optimized with the Yoast SEO plugin v26.6 - https:\/\/yoast.com\/wordpress\/plugins\/seo\/ -->\n<title>Liberados animales en reserva natural de \u00cdquira -<\/title>\n<meta name=\"description\" content=\"Cinco ejemplares de fauna silvestre fueron retornados a su h\u00e1bitat natural, luego de concluir con \u00e9xito su proceso de rehabilitaci\u00f3n en el Centro de Atenci\u00f3n y Valoraci\u00f3n de la CAM.\" \/>\n<meta name=\"robots\" content=\"index, follow, max-snippet:-1, max-image-preview:large, max-video-preview:-1\" \/>\n<link rel=\"canonical\" href=\"https:\/\/luchonoticias.com\/editor\/liberados-animales-en-reserva-natural-de-iquira\/\" \/>\n<meta property=\"og:locale\" content=\"es_ES\" \/>\n<meta property=\"og:type\" content=\"article\" \/>\n<meta property=\"og:title\" content=\"Liberados animales en reserva natural de \u00cdquira -\" \/>\n<meta property=\"og:description\" content=\"Cinco ejemplares de fauna silvestre fueron retornados a su h\u00e1bitat natural, luego de concluir con \u00e9xito su proceso de rehabilitaci\u00f3n en el Centro de Atenci\u00f3n y Valoraci\u00f3n de la CAM.\" \/>\n<meta property=\"og:url\" content=\"https:\/\/luchonoticias.com\/editor\/liberados-animales-en-reserva-natural-de-iquira\/\" \/>\n<meta property=\"article:publisher\" content=\"https:\/\/www.facebook.com\/luchonoticiasneiva\" \/>\n<meta property=\"article:published_time\" content=\"2024-07-11T21:20:49+00:00\" \/>\n<meta property=\"og:image\" content=\"https:\/\/luchonoticias.com\/editor\/wp-content\/uploads\/2024\/07\/animales.jpg\" \/>\n\t<meta property=\"og:image:width\" content=\"700\" \/>\n\t<meta property=\"og:image:height\" content=\"400\" \/>\n\t<meta property=\"og:image:type\" content=\"image\/jpeg\" \/>\n<meta name=\"author\" content=\"Editor General\" \/>\n<meta name=\"twitter:card\" content=\"summary_large_image\" \/>\n<meta name=\"twitter:label1\" content=\"Escrito por\" \/>\n\t<meta name=\"twitter:data1\" content=\"Editor General\" \/>\n\t<meta name=\"twitter:label2\" content=\"Tiempo de lectura\" \/>\n\t<meta name=\"twitter:data2\" content=\"3 minutos\" \/>\n<script type=\"application\/ld+json\" class=\"yoast-schema-graph\">{\"@context\":\"https:\/\/schema.org\",\"@graph\":[{\"@type\":\"Article\",\"@id\":\"https:\/\/luchonoticias.com\/editor\/liberados-animales-en-reserva-natural-de-iquira\/#article\",\"isPartOf\":{\"@id\":\"https:\/\/luchonoticias.com\/editor\/liberados-animales-en-reserva-natural-de-iquira\/\"},\"author\":{\"name\":\"Editor General\",\"@id\":\"https:\/\/luchonoticias.com\/editor\/#\/schema\/person\/29217990ddf6f14e35912b2866d591fb\"},\"headline\":\"Liberados animales en reserva natural de \u00cdquira\",\"datePublished\":\"2024-07-11T21:20:49+00:00\",\"mainEntityOfPage\":{\"@id\":\"https:\/\/luchonoticias.com\/editor\/liberados-animales-en-reserva-natural-de-iquira\/\"},\"wordCount\":611,\"publisher\":{\"@id\":\"https:\/\/luchonoticias.com\/editor\/#\/schema\/person\/7a7fd911f58561fd056dbac7b55af9cd\"},\"image\":{\"@id\":\"https:\/\/luchonoticias.com\/editor\/liberados-animales-en-reserva-natural-de-iquira\/#primaryimage\"},\"thumbnailUrl\":\"https:\/\/luchonoticias.com\/editor\/wp-content\/uploads\/2024\/07\/animales.jpg\",\"articleSection\":[\"Huila\"],\"inLanguage\":\"es\"},{\"@type\":\"WebPage\",\"@id\":\"https:\/\/luchonoticias.com\/editor\/liberados-animales-en-reserva-natural-de-iquira\/\",\"url\":\"https:\/\/luchonoticias.com\/editor\/liberados-animales-en-reserva-natural-de-iquira\/\",\"name\":\"Liberados animales en reserva natural de \u00cdquira -\",\"isPartOf\":{\"@id\":\"https:\/\/luchonoticias.com\/editor\/#website\"},\"primaryImageOfPage\":{\"@id\":\"https:\/\/luchonoticias.com\/editor\/liberados-animales-en-reserva-natural-de-iquira\/#primaryimage\"},\"image\":{\"@id\":\"https:\/\/luchonoticias.com\/editor\/liberados-animales-en-reserva-natural-de-iquira\/#primaryimage\"},\"thumbnailUrl\":\"https:\/\/luchonoticias.com\/editor\/wp-content\/uploads\/2024\/07\/animales.jpg\",\"datePublished\":\"2024-07-11T21:20:49+00:00\",\"description\":\"Cinco ejemplares de fauna silvestre fueron retornados a su h\u00e1bitat natural, luego de concluir con \u00e9xito su proceso de rehabilitaci\u00f3n en el Centro de Atenci\u00f3n y Valoraci\u00f3n de la CAM.\",\"breadcrumb\":{\"@id\":\"https:\/\/luchonoticias.com\/editor\/liberados-animales-en-reserva-natural-de-iquira\/#breadcrumb\"},\"inLanguage\":\"es\",\"potentialAction\":[{\"@type\":\"ReadAction\",\"target\":[\"https:\/\/luchonoticias.com\/editor\/liberados-animales-en-reserva-natural-de-iquira\/\"]}]},{\"@type\":\"ImageObject\",\"inLanguage\":\"es\",\"@id\":\"https:\/\/luchonoticias.com\/editor\/liberados-animales-en-reserva-natural-de-iquira\/#primaryimage\",\"url\":\"https:\/\/luchonoticias.com\/editor\/wp-content\/uploads\/2024\/07\/animales.jpg\",\"contentUrl\":\"https:\/\/luchonoticias.com\/editor\/wp-content\/uploads\/2024\/07\/animales.jpg\",\"width\":700,\"height\":400},{\"@type\":\"BreadcrumbList\",\"@id\":\"https:\/\/luchonoticias.com\/editor\/liberados-animales-en-reserva-natural-de-iquira\/#breadcrumb\",\"itemListElement\":[{\"@type\":\"ListItem\",\"position\":1,\"name\":\"Portada\",\"item\":\"https:\/\/luchonoticias.com\/editor\/\"},{\"@type\":\"ListItem\",\"position\":2,\"name\":\"Liberados animales en reserva natural de \u00cdquira\"}]},{\"@type\":\"WebSite\",\"@id\":\"https:\/\/luchonoticias.com\/editor\/#website\",\"url\":\"https:\/\/luchonoticias.com\/editor\/\",\"name\":\"\",\"description\":\"\",\"publisher\":{\"@id\":\"https:\/\/luchonoticias.com\/editor\/#\/schema\/person\/7a7fd911f58561fd056dbac7b55af9cd\"},\"potentialAction\":[{\"@type\":\"SearchAction\",\"target\":{\"@type\":\"EntryPoint\",\"urlTemplate\":\"https:\/\/luchonoticias.com\/editor\/?s={search_term_string}\"},\"query-input\":{\"@type\":\"PropertyValueSpecification\",\"valueRequired\":true,\"valueName\":\"search_term_string\"}}],\"inLanguage\":\"es\"},{\"@type\":[\"Person\",\"Organization\"],\"@id\":\"https:\/\/luchonoticias.com\/editor\/#\/schema\/person\/7a7fd911f58561fd056dbac7b55af9cd\",\"name\":\"admin\",\"image\":{\"@type\":\"ImageObject\",\"inLanguage\":\"es\",\"@id\":\"https:\/\/luchonoticias.com\/editor\/#\/schema\/person\/image\/\",\"url\":\"https:\/\/luchonoticias.com\/editor\/wp-content\/uploads\/2024\/02\/cropped-cropped-logolu.webp\",\"contentUrl\":\"https:\/\/luchonoticias.com\/editor\/wp-content\/uploads\/2024\/02\/cropped-cropped-logolu.webp\",\"width\":382,\"height\":170,\"caption\":\"admin\"},\"logo\":{\"@id\":\"https:\/\/luchonoticias.com\/editor\/#\/schema\/person\/image\/\"},\"sameAs\":[\"https:\/\/www.facebook.com\/luchonoticiasneiva\"]},{\"@type\":\"Person\",\"@id\":\"https:\/\/luchonoticias.com\/editor\/#\/schema\/person\/29217990ddf6f14e35912b2866d591fb\",\"name\":\"Editor General\",\"image\":{\"@type\":\"ImageObject\",\"inLanguage\":\"es\",\"@id\":\"https:\/\/luchonoticias.com\/editor\/#\/schema\/person\/image\/\",\"url\":\"https:\/\/luchonoticias.com\/editor\/wp-content\/uploads\/2024\/02\/cropped-cropped-logolu-150x150.webp\",\"contentUrl\":\"https:\/\/luchonoticias.com\/editor\/wp-content\/uploads\/2024\/02\/cropped-cropped-logolu-150x150.webp\",\"caption\":\"Editor General\"},\"sameAs\":[\"https:\/\/luchonoticias.com\/\"],\"url\":\"https:\/\/luchonoticias.com\/editor\/author\/editor-general\/\"}]}<\/script>\n<!-- \/ Yoast SEO plugin. -->","yoast_head_json":{"title":"Liberados animales en reserva natural de \u00cdquira -","description":"Cinco ejemplares de fauna silvestre fueron retornados a su h\u00e1bitat natural, luego de concluir con \u00e9xito su proceso de rehabilitaci\u00f3n en el Centro de Atenci\u00f3n y Valoraci\u00f3n de la CAM.","robots":{"index":"index","follow":"follow","max-snippet":"max-snippet:-1","max-image-preview":"max-image-preview:large","max-video-preview":"max-video-preview:-1"},"canonical":"https:\/\/luchonoticias.com\/editor\/liberados-animales-en-reserva-natural-de-iquira\/","og_locale":"es_ES","og_type":"article","og_title":"Liberados animales en reserva natural de \u00cdquira -","og_description":"Cinco ejemplares de fauna silvestre fueron retornados a su h\u00e1bitat natural, luego de concluir con \u00e9xito su proceso de rehabilitaci\u00f3n en el Centro de Atenci\u00f3n y Valoraci\u00f3n de la CAM.","og_url":"https:\/\/luchonoticias.com\/editor\/liberados-animales-en-reserva-natural-de-iquira\/","article_publisher":"https:\/\/www.facebook.com\/luchonoticiasneiva","article_published_time":"2024-07-11T21:20:49+00:00","og_image":[{"width":700,"height":400,"url":"https:\/\/luchonoticias.com\/editor\/wp-content\/uploads\/2024\/07\/animales.jpg","type":"image\/jpeg"}],"author":"Editor General","twitter_card":"summary_large_image","twitter_misc":{"Escrito por":"Editor General","Tiempo de lectura":"3 minutos"},"schema":{"@context":"https:\/\/schema.org","@graph":[{"@type":"Article","@id":"https:\/\/luchonoticias.com\/editor\/liberados-animales-en-reserva-natural-de-iquira\/#article","isPartOf":{"@id":"https:\/\/luchonoticias.com\/editor\/liberados-animales-en-reserva-natural-de-iquira\/"},"author":{"name":"Editor General","@id":"https:\/\/luchonoticias.com\/editor\/#\/schema\/person\/29217990ddf6f14e35912b2866d591fb"},"headline":"Liberados animales en reserva natural de \u00cdquira","datePublished":"2024-07-11T21:20:49+00:00","mainEntityOfPage":{"@id":"https:\/\/luchonoticias.com\/editor\/liberados-animales-en-reserva-natural-de-iquira\/"},"wordCount":611,"publisher":{"@id":"https:\/\/luchonoticias.com\/editor\/#\/schema\/person\/7a7fd911f58561fd056dbac7b55af9cd"},"image":{"@id":"https:\/\/luchonoticias.com\/editor\/liberados-animales-en-reserva-natural-de-iquira\/#primaryimage"},"thumbnailUrl":"https:\/\/luchonoticias.com\/editor\/wp-content\/uploads\/2024\/07\/animales.jpg","articleSection":["Huila"],"inLanguage":"es"},{"@type":"WebPage","@id":"https:\/\/luchonoticias.com\/editor\/liberados-animales-en-reserva-natural-de-iquira\/","url":"https:\/\/luchonoticias.com\/editor\/liberados-animales-en-reserva-natural-de-iquira\/","name":"Liberados animales en reserva natural de \u00cdquira -","isPartOf":{"@id":"https:\/\/luchonoticias.com\/editor\/#website"},"primaryImageOfPage":{"@id":"https:\/\/luchonoticias.com\/editor\/liberados-animales-en-reserva-natural-de-iquira\/#primaryimage"},"image":{"@id":"https:\/\/luchonoticias.com\/editor\/liberados-animales-en-reserva-natural-de-iquira\/#primaryimage"},"thumbnailUrl":"https:\/\/luchonoticias.com\/editor\/wp-content\/uploads\/2024\/07\/animales.jpg","datePublished":"2024-07-11T21:20:49+00:00","description":"Cinco ejemplares de fauna silvestre fueron retornados a su h\u00e1bitat natural, luego de concluir con \u00e9xito su proceso de rehabilitaci\u00f3n en el Centro de Atenci\u00f3n y Valoraci\u00f3n de la CAM.","breadcrumb":{"@id":"https:\/\/luchonoticias.com\/editor\/liberados-animales-en-reserva-natural-de-iquira\/#breadcrumb"},"inLanguage":"es","potentialAction":[{"@type":"ReadAction","target":["https:\/\/luchonoticias.com\/editor\/liberados-animales-en-reserva-natural-de-iquira\/"]}]},{"@type":"ImageObject","inLanguage":"es","@id":"https:\/\/luchonoticias.com\/editor\/liberados-animales-en-reserva-natural-de-iquira\/#primaryimage","url":"https:\/\/luchonoticias.com\/editor\/wp-content\/uploads\/2024\/07\/animales.jpg","contentUrl":"https:\/\/luchonoticias.com\/editor\/wp-content\/uploads\/2024\/07\/animales.jpg","width":700,"height":400},{"@type":"BreadcrumbList","@id":"https:\/\/luchonoticias.com\/editor\/liberados-animales-en-reserva-natural-de-iquira\/#breadcrumb","itemListElement":[{"@type":"ListItem","position":1,"name":"Portada","item":"https:\/\/luchonoticias.com\/editor\/"},{"@type":"ListItem","position":2,"name":"Liberados animales en reserva natural de \u00cdquira"}]},{"@type":"WebSite","@id":"https:\/\/luchonoticias.com\/editor\/#website","url":"https:\/\/luchonoticias.com\/editor\/","name":"","description":"","publisher":{"@id":"https:\/\/luchonoticias.com\/editor\/#\/schema\/person\/7a7fd911f58561fd056dbac7b55af9cd"},"potentialAction":[{"@type":"SearchAction","target":{"@type":"EntryPoint","urlTemplate":"https:\/\/luchonoticias.com\/editor\/?s={search_term_string}"},"query-input":{"@type":"PropertyValueSpecification","valueRequired":true,"valueName":"search_term_string"}}],"inLanguage":"es"},{"@type":["Person","Organization"],"@id":"https:\/\/luchonoticias.com\/editor\/#\/schema\/person\/7a7fd911f58561fd056dbac7b55af9cd","name":"admin","image":{"@type":"ImageObject","inLanguage":"es","@id":"https:\/\/luchonoticias.com\/editor\/#\/schema\/person\/image\/","url":"https:\/\/luchonoticias.com\/editor\/wp-content\/uploads\/2024\/02\/cropped-cropped-logolu.webp","contentUrl":"https:\/\/luchonoticias.com\/editor\/wp-content\/uploads\/2024\/02\/cropped-cropped-logolu.webp","width":382,"height":170,"caption":"admin"},"logo":{"@id":"https:\/\/luchonoticias.com\/editor\/#\/schema\/person\/image\/"},"sameAs":["https:\/\/www.facebook.com\/luchonoticiasneiva"]},{"@type":"Person","@id":"https:\/\/luchonoticias.com\/editor\/#\/schema\/person\/29217990ddf6f14e35912b2866d591fb","name":"Editor General","image":{"@type":"ImageObject","inLanguage":"es","@id":"https:\/\/luchonoticias.com\/editor\/#\/schema\/person\/image\/","url":"https:\/\/luchonoticias.com\/editor\/wp-content\/uploads\/2024\/02\/cropped-cropped-logolu-150x150.webp","contentUrl":"https:\/\/luchonoticias.com\/editor\/wp-content\/uploads\/2024\/02\/cropped-cropped-logolu-150x150.webp","caption":"Editor General"},"sameAs":["https:\/\/luchonoticias.com\/"],"url":"https:\/\/luchonoticias.com\/editor\/author\/editor-general\/"}]}},"_links":{"self":[{"href":"https:\/\/luchonoticias.com\/editor\/wp-json\/wp\/v2\/posts\/74883","targetHints":{"allow":["GET"]}}],"collection":[{"href":"https:\/\/luchonoticias.com\/editor\/wp-json\/wp\/v2\/posts"}],"about":[{"href":"https:\/\/luchonoticias.com\/editor\/wp-json\/wp\/v2\/types\/post"}],"author":[{"embeddable":true,"href":"https:\/\/luchonoticias.com\/editor\/wp-json\/wp\/v2\/users\/2"}],"replies":[{"embeddable":true,"href":"https:\/\/luchonoticias.com\/editor\/wp-json\/wp\/v2\/comments?post=74883"}],"version-history":[{"count":1,"href":"https:\/\/luchonoticias.com\/editor\/wp-json\/wp\/v2\/posts\/74883\/revisions"}],"predecessor-version":[{"id":74885,"href":"https:\/\/luchonoticias.com\/editor\/wp-json\/wp\/v2\/posts\/74883\/revisions\/74885"}],"wp:featuredmedia":[{"embeddable":true,"href":"https:\/\/luchonoticias.com\/editor\/wp-json\/wp\/v2\/media\/74884"}],"wp:attachment":[{"href":"https:\/\/luchonoticias.com\/editor\/wp-json\/wp\/v2\/media?parent=74883"}],"wp:term":[{"taxonomy":"category","embeddable":true,"href":"https:\/\/luchonoticias.com\/editor\/wp-json\/wp\/v2\/categories?post=74883"},{"taxonomy":"post_tag","embeddable":true,"href":"https:\/\/luchonoticias.com\/editor\/wp-json\/wp\/v2\/tags?post=74883"}],"curies":[{"name":"wp","href":"https:\/\/api.w.org\/{rel}","templated":true}]}}