{"id":74886,"date":"2024-07-11T16:52:55","date_gmt":"2024-07-11T21:52:55","guid":{"rendered":"https:\/\/luchonoticias.com\/?p=74886"},"modified":"2024-07-11T16:52:55","modified_gmt":"2024-07-11T21:52:55","slug":"listo-plan-contra-la-desnutricion-infantil","status":"publish","type":"post","link":"https:\/\/luchonoticias.com\/editor\/listo-plan-contra-la-desnutricion-infantil\/","title":{"rendered":"Listo plan contra la desnutrici\u00f3n infantil"},"content":{"rendered":"<p>Con la decisi\u00f3n plena de hacerle frente a la desnutrici\u00f3n infantil, procurar atenci\u00f3n para la poblaci\u00f3n afectada y desarrollar planes y programas en materia de seguridad alimentaria, culmin\u00f3 la sesi\u00f3n del Consejo de Pol\u00edtica Social que se reuni\u00f3 este mi\u00e9rcoles y que fue liderada por el Secretario de Salud del Huila, Sergio Mauricio Zu\u00f1iga.<\/p>\n<p>El funcionario expres\u00f3 que el Gobierno Departamental no es ajeno a las problem\u00e1ticas que afectan a la poblaci\u00f3n y que por ello ya se han activado acciones y planes concretos para verificar los posibles casos reportados por las autoridades de la salud en los distintos municipios.<\/p>\n<p>\u201cHablamos de un tema que nos preocupa y son los casos de desnutrici\u00f3n grave que se han reportado en nuestro departamento. El informe a la semana 26 nos indica que tenemos 346 casos de desnutrici\u00f3n en ni\u00f1os menores de cinco a\u00f1os y ello implica que debemos actuar con prontitud y hacer un trabajo mancomunado. Hay una directriz muy clara por parte de nuestro gobernador, Rodrigo Villalba Mosquera, de generar las acciones en materia de salud para intervenir de una manera clara y eficiente en estas situaciones que afectan a nuestra ni\u00f1ez. Hay un compromiso claro de entidades como el ICBF, el Sena, la Secretar\u00eda de Educaci\u00f3n, tambi\u00e9n la de Agricultura para conformar una mesa t\u00e9cnica desde la cual se establezcan medidas de acci\u00f3n enfocadas a atender de la mejor manera la poblaci\u00f3n afectada por desnutrici\u00f3n\u201d, explic\u00f3 el funcionario del Gobierno Departamental.<\/p>\n<p>Sergio Mauricio Zu\u00f1iga, se\u00f1al\u00f3 adem\u00e1s que la dependencia a su cargo trabaja en el seguimiento y verificaci\u00f3n de los casos que se han reportado en municipios como Neiva y Colombia en el norte del departamento y que por ello se adelantar\u00e1 un monitoreo permanente para establecer el impacto y la intervenci\u00f3n que materia de salud se debe adelantar con la poblaci\u00f3n afectada.<\/p>\n<p><strong>El papel del Sena<\/strong><\/p>\n<p>La directora regional del Sena, Adriana Gasca, dijo que la entidad a su cargo trabaja en un ambicioso proyecto de seguridad alimentaria, que el compromiso es pleno y absoluto en la idea de apoyar a las comunidades con estas dificultades para su poblaci\u00f3n m\u00e1s vulnerable.<\/p>\n<p>\u201cNuestra entidad est\u00e1 comprometida en los procesos de trabajo comunitario y ya estamos impactando en formaci\u00f3n a las comunidades de los diferentes municipios del departamento del Huila en fortalecimiento de seguridad alimentaria y adicionalmente en temas relacionados con producci\u00f3n de alimentos. La idea es avanzar en aspectos de asociatividad, intercambio de productos entre comunidades. Ya hemos llegado a la vereda Nazareth en el municipio de Colombia a trav\u00e9s de nuestro programa Sena Emprende Rural y trabajamos de forma coordinada con la Secretar\u00eda de Salud para apoyar sus intervenciones de campo donde exista el requerimiento\u201d, manifest\u00f3 la directora regional del Servicio Nacional de Aprendizaje.<\/p>\n<p><strong>El ICBF<\/strong><\/p>\n<p>Por su parte la directora de la regional del Instituto Colombiano de Bienestar Familiar Luz Helena Guti\u00e9rrez, manifest\u00f3 que para hacerle frente a los problemas de desnutrici\u00f3n es fundamental la suma de esfuerzos institucionales y que la entidad a su cargo tiene un compromiso claro con la ni\u00f1ez de la regi\u00f3n.<\/p>\n<p>\u201cEstos temas de prevenci\u00f3n de la desnutrici\u00f3n principalmente en ni\u00f1os menores de cinco a\u00f1os y de seguridad alimentaria de la poblaci\u00f3n deben ser atendidos con prontitud y generar las soluciones y en ello estamos plenamente comprometidos. Nos vamos a unir todas las entidades en la idea de buscar las causas, pero tambi\u00e9n para generar las soluciones. Haremos una mesa t\u00e9cnica para analizar los \u00edndices de desnutrici\u00f3n y plantear las estrategias de intervenci\u00f3n. Hoy la Secretar\u00eda de Salud nos ha puesto sobre la mesa un plan para la implementaci\u00f3n de huertas caseras urbanas y rurales para contribuir en temas de alimentaci\u00f3n y seguridad alimentaria\u201d, dijo la directora del ICBF.<\/p>\n<p>Seg\u00fan se\u00f1al\u00f3 Luz Helena Guti\u00e9rrez, la entidad que dirige tiene un reporte de 443 casos de ni\u00f1os en riesgo de desnutrici\u00f3n y esa es una alerta que los pone a trabajar a todas las entidades de acuerdo a sus competencias para atender estos casos y situaciones.<\/p>\n<p>Tambi\u00e9n dijo que los casos reportados tiene incidencia en 15 municipios del departamento del Huila.<\/p>\n","protected":false},"excerpt":{"rendered":"<p>El Consejo de Pol\u00edtica Social, fue liderado por la Secretar\u00eda de Salud. Las entidades se comprometieron a implementar un plan especial para hacerle frente a la desnutrici\u00f3n infantil. Cerca de 350 casos reporta la Secretar\u00eda de Salud en todo el departamento. ICBF celebra implementaci\u00f3n de huertas caseras y urbanas. Sena jugar\u00e1 papel especial para procurar la seguridad alimentaria.<\/p>\n","protected":false},"author":2,"featured_media":74887,"comment_status":"closed","ping_status":"open","sticky":false,"template":"","format":"standard","meta":{"footnotes":""},"categories":[33],"tags":[],"class_list":["post-74886","post","type-post","status-publish","format-standard","has-post-thumbnail","hentry","category-huila"],"yoast_head":"<!-- This site is optimized with the Yoast SEO plugin v26.6 - https:\/\/yoast.com\/wordpress\/plugins\/seo\/ -->\n<title>Listo plan contra la desnutrici\u00f3n infantil -<\/title>\n<meta name=\"description\" content=\"El Consejo de Pol\u00edtica Social, fue liderado por la Secretar\u00eda de Salud. Las entidades se comprometieron a implementar un plan especial para hacerle frente a la desnutrici\u00f3n infantil. Cerca de 350 casos reporta la Secretar\u00eda de Salud en todo el departamento. ICBF celebra implementaci\u00f3n de huertas caseras y urbanas. Sena jugar\u00e1 papel especial para procurar la seguridad alimentaria.\" \/>\n<meta name=\"robots\" content=\"index, follow, max-snippet:-1, max-image-preview:large, max-video-preview:-1\" \/>\n<link rel=\"canonical\" href=\"https:\/\/luchonoticias.com\/editor\/listo-plan-contra-la-desnutricion-infantil\/\" \/>\n<meta property=\"og:locale\" content=\"es_ES\" \/>\n<meta property=\"og:type\" content=\"article\" \/>\n<meta property=\"og:title\" content=\"Listo plan contra la desnutrici\u00f3n infantil -\" \/>\n<meta property=\"og:description\" content=\"El Consejo de Pol\u00edtica Social, fue liderado por la Secretar\u00eda de Salud. Las entidades se comprometieron a implementar un plan especial para hacerle frente a la desnutrici\u00f3n infantil. Cerca de 350 casos reporta la Secretar\u00eda de Salud en todo el departamento. ICBF celebra implementaci\u00f3n de huertas caseras y urbanas. Sena jugar\u00e1 papel especial para procurar la seguridad alimentaria.\" \/>\n<meta property=\"og:url\" content=\"https:\/\/luchonoticias.com\/editor\/listo-plan-contra-la-desnutricion-infantil\/\" \/>\n<meta property=\"article:publisher\" content=\"https:\/\/www.facebook.com\/luchonoticiasneiva\" \/>\n<meta property=\"article:published_time\" content=\"2024-07-11T21:52:55+00:00\" \/>\n<meta property=\"og:image\" content=\"https:\/\/luchonoticias.com\/editor\/wp-content\/uploads\/2024\/07\/gobernacion-plan-hambre.jpg\" \/>\n\t<meta property=\"og:image:width\" content=\"700\" \/>\n\t<meta property=\"og:image:height\" content=\"400\" \/>\n\t<meta property=\"og:image:type\" content=\"image\/jpeg\" \/>\n<meta name=\"author\" content=\"Editor General\" \/>\n<meta name=\"twitter:card\" content=\"summary_large_image\" \/>\n<meta name=\"twitter:label1\" content=\"Escrito por\" \/>\n\t<meta name=\"twitter:data1\" content=\"Editor General\" \/>\n\t<meta name=\"twitter:label2\" content=\"Tiempo de lectura\" \/>\n\t<meta name=\"twitter:data2\" content=\"4 minutos\" \/>\n<script type=\"application\/ld+json\" class=\"yoast-schema-graph\">{\"@context\":\"https:\/\/schema.org\",\"@graph\":[{\"@type\":\"Article\",\"@id\":\"https:\/\/luchonoticias.com\/editor\/listo-plan-contra-la-desnutricion-infantil\/#article\",\"isPartOf\":{\"@id\":\"https:\/\/luchonoticias.com\/editor\/listo-plan-contra-la-desnutricion-infantil\/\"},\"author\":{\"name\":\"Editor General\",\"@id\":\"https:\/\/luchonoticias.com\/editor\/#\/schema\/person\/29217990ddf6f14e35912b2866d591fb\"},\"headline\":\"Listo plan contra la desnutrici\u00f3n infantil\",\"datePublished\":\"2024-07-11T21:52:55+00:00\",\"mainEntityOfPage\":{\"@id\":\"https:\/\/luchonoticias.com\/editor\/listo-plan-contra-la-desnutricion-infantil\/\"},\"wordCount\":736,\"publisher\":{\"@id\":\"https:\/\/luchonoticias.com\/editor\/#\/schema\/person\/7a7fd911f58561fd056dbac7b55af9cd\"},\"image\":{\"@id\":\"https:\/\/luchonoticias.com\/editor\/listo-plan-contra-la-desnutricion-infantil\/#primaryimage\"},\"thumbnailUrl\":\"https:\/\/luchonoticias.com\/editor\/wp-content\/uploads\/2024\/07\/gobernacion-plan-hambre.jpg\",\"articleSection\":[\"Huila\"],\"inLanguage\":\"es\"},{\"@type\":\"WebPage\",\"@id\":\"https:\/\/luchonoticias.com\/editor\/listo-plan-contra-la-desnutricion-infantil\/\",\"url\":\"https:\/\/luchonoticias.com\/editor\/listo-plan-contra-la-desnutricion-infantil\/\",\"name\":\"Listo plan contra la desnutrici\u00f3n infantil -\",\"isPartOf\":{\"@id\":\"https:\/\/luchonoticias.com\/editor\/#website\"},\"primaryImageOfPage\":{\"@id\":\"https:\/\/luchonoticias.com\/editor\/listo-plan-contra-la-desnutricion-infantil\/#primaryimage\"},\"image\":{\"@id\":\"https:\/\/luchonoticias.com\/editor\/listo-plan-contra-la-desnutricion-infantil\/#primaryimage\"},\"thumbnailUrl\":\"https:\/\/luchonoticias.com\/editor\/wp-content\/uploads\/2024\/07\/gobernacion-plan-hambre.jpg\",\"datePublished\":\"2024-07-11T21:52:55+00:00\",\"description\":\"El Consejo de Pol\u00edtica Social, fue liderado por la Secretar\u00eda de Salud. Las entidades se comprometieron a implementar un plan especial para hacerle frente a la desnutrici\u00f3n infantil. Cerca de 350 casos reporta la Secretar\u00eda de Salud en todo el departamento. ICBF celebra implementaci\u00f3n de huertas caseras y urbanas. Sena jugar\u00e1 papel especial para procurar la seguridad alimentaria.\",\"breadcrumb\":{\"@id\":\"https:\/\/luchonoticias.com\/editor\/listo-plan-contra-la-desnutricion-infantil\/#breadcrumb\"},\"inLanguage\":\"es\",\"potentialAction\":[{\"@type\":\"ReadAction\",\"target\":[\"https:\/\/luchonoticias.com\/editor\/listo-plan-contra-la-desnutricion-infantil\/\"]}]},{\"@type\":\"ImageObject\",\"inLanguage\":\"es\",\"@id\":\"https:\/\/luchonoticias.com\/editor\/listo-plan-contra-la-desnutricion-infantil\/#primaryimage\",\"url\":\"https:\/\/luchonoticias.com\/editor\/wp-content\/uploads\/2024\/07\/gobernacion-plan-hambre.jpg\",\"contentUrl\":\"https:\/\/luchonoticias.com\/editor\/wp-content\/uploads\/2024\/07\/gobernacion-plan-hambre.jpg\",\"width\":700,\"height\":400},{\"@type\":\"BreadcrumbList\",\"@id\":\"https:\/\/luchonoticias.com\/editor\/listo-plan-contra-la-desnutricion-infantil\/#breadcrumb\",\"itemListElement\":[{\"@type\":\"ListItem\",\"position\":1,\"name\":\"Portada\",\"item\":\"https:\/\/luchonoticias.com\/editor\/\"},{\"@type\":\"ListItem\",\"position\":2,\"name\":\"Listo plan contra la desnutrici\u00f3n infantil\"}]},{\"@type\":\"WebSite\",\"@id\":\"https:\/\/luchonoticias.com\/editor\/#website\",\"url\":\"https:\/\/luchonoticias.com\/editor\/\",\"name\":\"\",\"description\":\"\",\"publisher\":{\"@id\":\"https:\/\/luchonoticias.com\/editor\/#\/schema\/person\/7a7fd911f58561fd056dbac7b55af9cd\"},\"potentialAction\":[{\"@type\":\"SearchAction\",\"target\":{\"@type\":\"EntryPoint\",\"urlTemplate\":\"https:\/\/luchonoticias.com\/editor\/?s={search_term_string}\"},\"query-input\":{\"@type\":\"PropertyValueSpecification\",\"valueRequired\":true,\"valueName\":\"search_term_string\"}}],\"inLanguage\":\"es\"},{\"@type\":[\"Person\",\"Organization\"],\"@id\":\"https:\/\/luchonoticias.com\/editor\/#\/schema\/person\/7a7fd911f58561fd056dbac7b55af9cd\",\"name\":\"admin\",\"image\":{\"@type\":\"ImageObject\",\"inLanguage\":\"es\",\"@id\":\"https:\/\/luchonoticias.com\/editor\/#\/schema\/person\/image\/\",\"url\":\"https:\/\/luchonoticias.com\/editor\/wp-content\/uploads\/2024\/02\/cropped-cropped-logolu.webp\",\"contentUrl\":\"https:\/\/luchonoticias.com\/editor\/wp-content\/uploads\/2024\/02\/cropped-cropped-logolu.webp\",\"width\":382,\"height\":170,\"caption\":\"admin\"},\"logo\":{\"@id\":\"https:\/\/luchonoticias.com\/editor\/#\/schema\/person\/image\/\"},\"sameAs\":[\"https:\/\/www.facebook.com\/luchonoticiasneiva\"]},{\"@type\":\"Person\",\"@id\":\"https:\/\/luchonoticias.com\/editor\/#\/schema\/person\/29217990ddf6f14e35912b2866d591fb\",\"name\":\"Editor General\",\"image\":{\"@type\":\"ImageObject\",\"inLanguage\":\"es\",\"@id\":\"https:\/\/luchonoticias.com\/editor\/#\/schema\/person\/image\/\",\"url\":\"https:\/\/luchonoticias.com\/editor\/wp-content\/uploads\/2024\/02\/cropped-cropped-logolu-150x150.webp\",\"contentUrl\":\"https:\/\/luchonoticias.com\/editor\/wp-content\/uploads\/2024\/02\/cropped-cropped-logolu-150x150.webp\",\"caption\":\"Editor General\"},\"sameAs\":[\"https:\/\/luchonoticias.com\/\"],\"url\":\"https:\/\/luchonoticias.com\/editor\/author\/editor-general\/\"}]}<\/script>\n<!-- \/ Yoast SEO plugin. -->","yoast_head_json":{"title":"Listo plan contra la desnutrici\u00f3n infantil -","description":"El Consejo de Pol\u00edtica Social, fue liderado por la Secretar\u00eda de Salud. Las entidades se comprometieron a implementar un plan especial para hacerle frente a la desnutrici\u00f3n infantil. Cerca de 350 casos reporta la Secretar\u00eda de Salud en todo el departamento. ICBF celebra implementaci\u00f3n de huertas caseras y urbanas. Sena jugar\u00e1 papel especial para procurar la seguridad alimentaria.","robots":{"index":"index","follow":"follow","max-snippet":"max-snippet:-1","max-image-preview":"max-image-preview:large","max-video-preview":"max-video-preview:-1"},"canonical":"https:\/\/luchonoticias.com\/editor\/listo-plan-contra-la-desnutricion-infantil\/","og_locale":"es_ES","og_type":"article","og_title":"Listo plan contra la desnutrici\u00f3n infantil -","og_description":"El Consejo de Pol\u00edtica Social, fue liderado por la Secretar\u00eda de Salud. Las entidades se comprometieron a implementar un plan especial para hacerle frente a la desnutrici\u00f3n infantil. Cerca de 350 casos reporta la Secretar\u00eda de Salud en todo el departamento. ICBF celebra implementaci\u00f3n de huertas caseras y urbanas. Sena jugar\u00e1 papel especial para procurar la seguridad alimentaria.","og_url":"https:\/\/luchonoticias.com\/editor\/listo-plan-contra-la-desnutricion-infantil\/","article_publisher":"https:\/\/www.facebook.com\/luchonoticiasneiva","article_published_time":"2024-07-11T21:52:55+00:00","og_image":[{"width":700,"height":400,"url":"https:\/\/luchonoticias.com\/editor\/wp-content\/uploads\/2024\/07\/gobernacion-plan-hambre.jpg","type":"image\/jpeg"}],"author":"Editor General","twitter_card":"summary_large_image","twitter_misc":{"Escrito por":"Editor General","Tiempo de lectura":"4 minutos"},"schema":{"@context":"https:\/\/schema.org","@graph":[{"@type":"Article","@id":"https:\/\/luchonoticias.com\/editor\/listo-plan-contra-la-desnutricion-infantil\/#article","isPartOf":{"@id":"https:\/\/luchonoticias.com\/editor\/listo-plan-contra-la-desnutricion-infantil\/"},"author":{"name":"Editor General","@id":"https:\/\/luchonoticias.com\/editor\/#\/schema\/person\/29217990ddf6f14e35912b2866d591fb"},"headline":"Listo plan contra la desnutrici\u00f3n infantil","datePublished":"2024-07-11T21:52:55+00:00","mainEntityOfPage":{"@id":"https:\/\/luchonoticias.com\/editor\/listo-plan-contra-la-desnutricion-infantil\/"},"wordCount":736,"publisher":{"@id":"https:\/\/luchonoticias.com\/editor\/#\/schema\/person\/7a7fd911f58561fd056dbac7b55af9cd"},"image":{"@id":"https:\/\/luchonoticias.com\/editor\/listo-plan-contra-la-desnutricion-infantil\/#primaryimage"},"thumbnailUrl":"https:\/\/luchonoticias.com\/editor\/wp-content\/uploads\/2024\/07\/gobernacion-plan-hambre.jpg","articleSection":["Huila"],"inLanguage":"es"},{"@type":"WebPage","@id":"https:\/\/luchonoticias.com\/editor\/listo-plan-contra-la-desnutricion-infantil\/","url":"https:\/\/luchonoticias.com\/editor\/listo-plan-contra-la-desnutricion-infantil\/","name":"Listo plan contra la desnutrici\u00f3n infantil -","isPartOf":{"@id":"https:\/\/luchonoticias.com\/editor\/#website"},"primaryImageOfPage":{"@id":"https:\/\/luchonoticias.com\/editor\/listo-plan-contra-la-desnutricion-infantil\/#primaryimage"},"image":{"@id":"https:\/\/luchonoticias.com\/editor\/listo-plan-contra-la-desnutricion-infantil\/#primaryimage"},"thumbnailUrl":"https:\/\/luchonoticias.com\/editor\/wp-content\/uploads\/2024\/07\/gobernacion-plan-hambre.jpg","datePublished":"2024-07-11T21:52:55+00:00","description":"El Consejo de Pol\u00edtica Social, fue liderado por la Secretar\u00eda de Salud. Las entidades se comprometieron a implementar un plan especial para hacerle frente a la desnutrici\u00f3n infantil. Cerca de 350 casos reporta la Secretar\u00eda de Salud en todo el departamento. ICBF celebra implementaci\u00f3n de huertas caseras y urbanas. Sena jugar\u00e1 papel especial para procurar la seguridad alimentaria.","breadcrumb":{"@id":"https:\/\/luchonoticias.com\/editor\/listo-plan-contra-la-desnutricion-infantil\/#breadcrumb"},"inLanguage":"es","potentialAction":[{"@type":"ReadAction","target":["https:\/\/luchonoticias.com\/editor\/listo-plan-contra-la-desnutricion-infantil\/"]}]},{"@type":"ImageObject","inLanguage":"es","@id":"https:\/\/luchonoticias.com\/editor\/listo-plan-contra-la-desnutricion-infantil\/#primaryimage","url":"https:\/\/luchonoticias.com\/editor\/wp-content\/uploads\/2024\/07\/gobernacion-plan-hambre.jpg","contentUrl":"https:\/\/luchonoticias.com\/editor\/wp-content\/uploads\/2024\/07\/gobernacion-plan-hambre.jpg","width":700,"height":400},{"@type":"BreadcrumbList","@id":"https:\/\/luchonoticias.com\/editor\/listo-plan-contra-la-desnutricion-infantil\/#breadcrumb","itemListElement":[{"@type":"ListItem","position":1,"name":"Portada","item":"https:\/\/luchonoticias.com\/editor\/"},{"@type":"ListItem","position":2,"name":"Listo plan contra la desnutrici\u00f3n infantil"}]},{"@type":"WebSite","@id":"https:\/\/luchonoticias.com\/editor\/#website","url":"https:\/\/luchonoticias.com\/editor\/","name":"","description":"","publisher":{"@id":"https:\/\/luchonoticias.com\/editor\/#\/schema\/person\/7a7fd911f58561fd056dbac7b55af9cd"},"potentialAction":[{"@type":"SearchAction","target":{"@type":"EntryPoint","urlTemplate":"https:\/\/luchonoticias.com\/editor\/?s={search_term_string}"},"query-input":{"@type":"PropertyValueSpecification","valueRequired":true,"valueName":"search_term_string"}}],"inLanguage":"es"},{"@type":["Person","Organization"],"@id":"https:\/\/luchonoticias.com\/editor\/#\/schema\/person\/7a7fd911f58561fd056dbac7b55af9cd","name":"admin","image":{"@type":"ImageObject","inLanguage":"es","@id":"https:\/\/luchonoticias.com\/editor\/#\/schema\/person\/image\/","url":"https:\/\/luchonoticias.com\/editor\/wp-content\/uploads\/2024\/02\/cropped-cropped-logolu.webp","contentUrl":"https:\/\/luchonoticias.com\/editor\/wp-content\/uploads\/2024\/02\/cropped-cropped-logolu.webp","width":382,"height":170,"caption":"admin"},"logo":{"@id":"https:\/\/luchonoticias.com\/editor\/#\/schema\/person\/image\/"},"sameAs":["https:\/\/www.facebook.com\/luchonoticiasneiva"]},{"@type":"Person","@id":"https:\/\/luchonoticias.com\/editor\/#\/schema\/person\/29217990ddf6f14e35912b2866d591fb","name":"Editor General","image":{"@type":"ImageObject","inLanguage":"es","@id":"https:\/\/luchonoticias.com\/editor\/#\/schema\/person\/image\/","url":"https:\/\/luchonoticias.com\/editor\/wp-content\/uploads\/2024\/02\/cropped-cropped-logolu-150x150.webp","contentUrl":"https:\/\/luchonoticias.com\/editor\/wp-content\/uploads\/2024\/02\/cropped-cropped-logolu-150x150.webp","caption":"Editor General"},"sameAs":["https:\/\/luchonoticias.com\/"],"url":"https:\/\/luchonoticias.com\/editor\/author\/editor-general\/"}]}},"_links":{"self":[{"href":"https:\/\/luchonoticias.com\/editor\/wp-json\/wp\/v2\/posts\/74886","targetHints":{"allow":["GET"]}}],"collection":[{"href":"https:\/\/luchonoticias.com\/editor\/wp-json\/wp\/v2\/posts"}],"about":[{"href":"https:\/\/luchonoticias.com\/editor\/wp-json\/wp\/v2\/types\/post"}],"author":[{"embeddable":true,"href":"https:\/\/luchonoticias.com\/editor\/wp-json\/wp\/v2\/users\/2"}],"replies":[{"embeddable":true,"href":"https:\/\/luchonoticias.com\/editor\/wp-json\/wp\/v2\/comments?post=74886"}],"version-history":[{"count":1,"href":"https:\/\/luchonoticias.com\/editor\/wp-json\/wp\/v2\/posts\/74886\/revisions"}],"predecessor-version":[{"id":74888,"href":"https:\/\/luchonoticias.com\/editor\/wp-json\/wp\/v2\/posts\/74886\/revisions\/74888"}],"wp:featuredmedia":[{"embeddable":true,"href":"https:\/\/luchonoticias.com\/editor\/wp-json\/wp\/v2\/media\/74887"}],"wp:attachment":[{"href":"https:\/\/luchonoticias.com\/editor\/wp-json\/wp\/v2\/media?parent=74886"}],"wp:term":[{"taxonomy":"category","embeddable":true,"href":"https:\/\/luchonoticias.com\/editor\/wp-json\/wp\/v2\/categories?post=74886"},{"taxonomy":"post_tag","embeddable":true,"href":"https:\/\/luchonoticias.com\/editor\/wp-json\/wp\/v2\/tags?post=74886"}],"curies":[{"name":"wp","href":"https:\/\/api.w.org\/{rel}","templated":true}]}}