{"id":74889,"date":"2024-07-11T19:34:15","date_gmt":"2024-07-12T00:34:15","guid":{"rendered":"https:\/\/luchonoticias.com\/?p=74889"},"modified":"2024-07-11T19:34:15","modified_gmt":"2024-07-12T00:34:15","slug":"instalada-mesa-de-dialogo-interreligioso","status":"publish","type":"post","link":"https:\/\/luchonoticias.com\/editor\/instalada-mesa-de-dialogo-interreligioso\/","title":{"rendered":"Instalada mesa de di\u00e1logo interreligioso"},"content":{"rendered":"<p>En un esfuerzo por promover la libertad religiosa y fortalecer el di\u00e1logo social, el Gobierno \u201cPor un Huila Grande\u201d que lidera Rodrigo Villalba Mosquera instal\u00f3 la Mesa Departamental de Di\u00e1logo Interreligioso. Este espacio, establecido en cumplimiento de la Pol\u00edtica P\u00fablica Integral de Libertad Religiosa, Cultos y Conciencia, tiene como objetivo facilitar la colaboraci\u00f3n entre entidades religiosas y diversas instituciones p\u00fablicas, privadas y acad\u00e9micas.<\/p>\n<p>\u201cEste espacio es de gran importancia, ya que congrega las diferentes denominaciones, confesiones o iglesias presentes en el departamento del Huila, que trabajar\u00e1 en el fortalecimiento de la Pol\u00edtica P\u00fablica, de acuerdo a la Ordenanza 016 de 2023, que permitir\u00e1n a futuro formular proyectos que resalten la labor de las comunidades\u201d destac\u00f3 Juan Leonardo Barrios, l\u00edder de la oficina de Asuntos Comunitarios.<\/p>\n<p>Presidida por Edgar Mart\u00edn Lara como responsable de la Secretar\u00eda de Gobierno, Seguridad y Asuntos Comunitarios, la Mesa qued\u00f3 conformada por representantes de las diferentes dependencias gubernamentales, tambi\u00e9n por las entidades religiosas reconocidas a nivel departamental, incluyendo iglesias, denominaciones, confesiones, federaciones, confederaciones y asociaciones de ministros, as\u00ed como organizaciones basadas en la fe que representen la diversidad religiosa del Huila.<\/p>\n<p>\u201cEn esta primera sesi\u00f3n establecimos el plan de acci\u00f3n, definimos los roles de los integrantes de la Mesa, los espacios de representaci\u00f3n ante el Consejo Departamental de Planeaci\u00f3n, ante el Consejo Departamental de Participaci\u00f3n Ciudadana, entre otros\u201d agreg\u00f3 el funcionario.<\/p>\n<p>La Mesa tambi\u00e9n contar\u00e1 con representaci\u00f3n del sector acad\u00e9mico, con la participaci\u00f3n de universidades con programas relacionados con la libertad religiosa y organizaciones sociales basadas en la fe que contribuyan al estudio y promoci\u00f3n de estos derechos.<\/p>\n<p>\u00abEste espacio nos ayuda a tener mayor visibilidad e injerencia ante la comunidad, en la diversidad de creencias podemos realizar un trabajo articulado, es importante reconocer la unidad para crear una mejor sociedad\u00bb, afirm\u00f3 Robinson Cruz Medina, sacerdote de la Iglesia Cat\u00f3lica.<\/p>\n<p>Los representantes de las entidades religiosas y organizaciones fueron seleccionados mediante una convocatoria p\u00fablica, evaluando su experiencia y conocimientos en la materia. Esto garantizar\u00e1 un di\u00e1logo constructivo y la promoci\u00f3n activa de los derechos relacionados con la libertad religiosa y los cultos en el departamento del Huila.<\/p>\n","protected":false},"excerpt":{"rendered":"<p>Esta iniciativa congrega a las diferentes denominaciones e iglesias del departamento para fortalecer la implementaci\u00f3n de la Ordenanza 016 de 2023 y formular proyectos que beneficien a las comunidades en el futuro.<\/p>\n","protected":false},"author":2,"featured_media":74890,"comment_status":"closed","ping_status":"open","sticky":false,"template":"","format":"standard","meta":{"footnotes":""},"categories":[33],"tags":[],"class_list":["post-74889","post","type-post","status-publish","format-standard","has-post-thumbnail","hentry","category-huila"],"yoast_head":"<!-- This site is optimized with the Yoast SEO plugin v26.6 - https:\/\/yoast.com\/wordpress\/plugins\/seo\/ -->\n<title>Instalada mesa de di\u00e1logo interreligioso -<\/title>\n<meta name=\"description\" content=\"Esta iniciativa congrega a las diferentes denominaciones e iglesias del departamento para fortalecer la implementaci\u00f3n de la Ordenanza 016 de 2023 y formular proyectos que beneficien a las comunidades en el futuro.\" \/>\n<meta name=\"robots\" content=\"index, follow, max-snippet:-1, max-image-preview:large, max-video-preview:-1\" \/>\n<link rel=\"canonical\" href=\"https:\/\/luchonoticias.com\/editor\/instalada-mesa-de-dialogo-interreligioso\/\" \/>\n<meta property=\"og:locale\" content=\"es_ES\" \/>\n<meta property=\"og:type\" content=\"article\" \/>\n<meta property=\"og:title\" content=\"Instalada mesa de di\u00e1logo interreligioso -\" \/>\n<meta property=\"og:description\" content=\"Esta iniciativa congrega a las diferentes denominaciones e iglesias del departamento para fortalecer la implementaci\u00f3n de la Ordenanza 016 de 2023 y formular proyectos que beneficien a las comunidades en el futuro.\" \/>\n<meta property=\"og:url\" content=\"https:\/\/luchonoticias.com\/editor\/instalada-mesa-de-dialogo-interreligioso\/\" \/>\n<meta property=\"article:publisher\" content=\"https:\/\/www.facebook.com\/luchonoticiasneiva\" \/>\n<meta property=\"article:published_time\" content=\"2024-07-12T00:34:15+00:00\" \/>\n<meta property=\"og:image\" content=\"https:\/\/luchonoticias.com\/editor\/wp-content\/uploads\/2024\/07\/mesade-dialogo.jpg\" \/>\n\t<meta property=\"og:image:width\" content=\"700\" \/>\n\t<meta property=\"og:image:height\" content=\"400\" \/>\n\t<meta property=\"og:image:type\" content=\"image\/jpeg\" \/>\n<meta name=\"author\" content=\"Editor General\" \/>\n<meta name=\"twitter:card\" content=\"summary_large_image\" \/>\n<meta name=\"twitter:label1\" content=\"Escrito por\" \/>\n\t<meta name=\"twitter:data1\" content=\"Editor General\" \/>\n\t<meta name=\"twitter:label2\" content=\"Tiempo de lectura\" \/>\n\t<meta name=\"twitter:data2\" content=\"2 minutos\" \/>\n<script type=\"application\/ld+json\" class=\"yoast-schema-graph\">{\"@context\":\"https:\/\/schema.org\",\"@graph\":[{\"@type\":\"Article\",\"@id\":\"https:\/\/luchonoticias.com\/editor\/instalada-mesa-de-dialogo-interreligioso\/#article\",\"isPartOf\":{\"@id\":\"https:\/\/luchonoticias.com\/editor\/instalada-mesa-de-dialogo-interreligioso\/\"},\"author\":{\"name\":\"Editor General\",\"@id\":\"https:\/\/luchonoticias.com\/editor\/#\/schema\/person\/29217990ddf6f14e35912b2866d591fb\"},\"headline\":\"Instalada mesa de di\u00e1logo interreligioso\",\"datePublished\":\"2024-07-12T00:34:15+00:00\",\"mainEntityOfPage\":{\"@id\":\"https:\/\/luchonoticias.com\/editor\/instalada-mesa-de-dialogo-interreligioso\/\"},\"wordCount\":383,\"publisher\":{\"@id\":\"https:\/\/luchonoticias.com\/editor\/#\/schema\/person\/7a7fd911f58561fd056dbac7b55af9cd\"},\"image\":{\"@id\":\"https:\/\/luchonoticias.com\/editor\/instalada-mesa-de-dialogo-interreligioso\/#primaryimage\"},\"thumbnailUrl\":\"https:\/\/luchonoticias.com\/editor\/wp-content\/uploads\/2024\/07\/mesade-dialogo.jpg\",\"articleSection\":[\"Huila\"],\"inLanguage\":\"es\"},{\"@type\":\"WebPage\",\"@id\":\"https:\/\/luchonoticias.com\/editor\/instalada-mesa-de-dialogo-interreligioso\/\",\"url\":\"https:\/\/luchonoticias.com\/editor\/instalada-mesa-de-dialogo-interreligioso\/\",\"name\":\"Instalada mesa de di\u00e1logo interreligioso -\",\"isPartOf\":{\"@id\":\"https:\/\/luchonoticias.com\/editor\/#website\"},\"primaryImageOfPage\":{\"@id\":\"https:\/\/luchonoticias.com\/editor\/instalada-mesa-de-dialogo-interreligioso\/#primaryimage\"},\"image\":{\"@id\":\"https:\/\/luchonoticias.com\/editor\/instalada-mesa-de-dialogo-interreligioso\/#primaryimage\"},\"thumbnailUrl\":\"https:\/\/luchonoticias.com\/editor\/wp-content\/uploads\/2024\/07\/mesade-dialogo.jpg\",\"datePublished\":\"2024-07-12T00:34:15+00:00\",\"description\":\"Esta iniciativa congrega a las diferentes denominaciones e iglesias del departamento para fortalecer la implementaci\u00f3n de la Ordenanza 016 de 2023 y formular proyectos que beneficien a las comunidades en el futuro.\",\"breadcrumb\":{\"@id\":\"https:\/\/luchonoticias.com\/editor\/instalada-mesa-de-dialogo-interreligioso\/#breadcrumb\"},\"inLanguage\":\"es\",\"potentialAction\":[{\"@type\":\"ReadAction\",\"target\":[\"https:\/\/luchonoticias.com\/editor\/instalada-mesa-de-dialogo-interreligioso\/\"]}]},{\"@type\":\"ImageObject\",\"inLanguage\":\"es\",\"@id\":\"https:\/\/luchonoticias.com\/editor\/instalada-mesa-de-dialogo-interreligioso\/#primaryimage\",\"url\":\"https:\/\/luchonoticias.com\/editor\/wp-content\/uploads\/2024\/07\/mesade-dialogo.jpg\",\"contentUrl\":\"https:\/\/luchonoticias.com\/editor\/wp-content\/uploads\/2024\/07\/mesade-dialogo.jpg\",\"width\":700,\"height\":400},{\"@type\":\"BreadcrumbList\",\"@id\":\"https:\/\/luchonoticias.com\/editor\/instalada-mesa-de-dialogo-interreligioso\/#breadcrumb\",\"itemListElement\":[{\"@type\":\"ListItem\",\"position\":1,\"name\":\"Portada\",\"item\":\"https:\/\/luchonoticias.com\/editor\/\"},{\"@type\":\"ListItem\",\"position\":2,\"name\":\"Instalada mesa de di\u00e1logo interreligioso\"}]},{\"@type\":\"WebSite\",\"@id\":\"https:\/\/luchonoticias.com\/editor\/#website\",\"url\":\"https:\/\/luchonoticias.com\/editor\/\",\"name\":\"\",\"description\":\"\",\"publisher\":{\"@id\":\"https:\/\/luchonoticias.com\/editor\/#\/schema\/person\/7a7fd911f58561fd056dbac7b55af9cd\"},\"potentialAction\":[{\"@type\":\"SearchAction\",\"target\":{\"@type\":\"EntryPoint\",\"urlTemplate\":\"https:\/\/luchonoticias.com\/editor\/?s={search_term_string}\"},\"query-input\":{\"@type\":\"PropertyValueSpecification\",\"valueRequired\":true,\"valueName\":\"search_term_string\"}}],\"inLanguage\":\"es\"},{\"@type\":[\"Person\",\"Organization\"],\"@id\":\"https:\/\/luchonoticias.com\/editor\/#\/schema\/person\/7a7fd911f58561fd056dbac7b55af9cd\",\"name\":\"admin\",\"image\":{\"@type\":\"ImageObject\",\"inLanguage\":\"es\",\"@id\":\"https:\/\/luchonoticias.com\/editor\/#\/schema\/person\/image\/\",\"url\":\"https:\/\/luchonoticias.com\/editor\/wp-content\/uploads\/2024\/02\/cropped-cropped-logolu.webp\",\"contentUrl\":\"https:\/\/luchonoticias.com\/editor\/wp-content\/uploads\/2024\/02\/cropped-cropped-logolu.webp\",\"width\":382,\"height\":170,\"caption\":\"admin\"},\"logo\":{\"@id\":\"https:\/\/luchonoticias.com\/editor\/#\/schema\/person\/image\/\"},\"sameAs\":[\"https:\/\/www.facebook.com\/luchonoticiasneiva\"]},{\"@type\":\"Person\",\"@id\":\"https:\/\/luchonoticias.com\/editor\/#\/schema\/person\/29217990ddf6f14e35912b2866d591fb\",\"name\":\"Editor General\",\"image\":{\"@type\":\"ImageObject\",\"inLanguage\":\"es\",\"@id\":\"https:\/\/luchonoticias.com\/editor\/#\/schema\/person\/image\/\",\"url\":\"https:\/\/luchonoticias.com\/editor\/wp-content\/uploads\/2024\/02\/cropped-cropped-logolu-150x150.webp\",\"contentUrl\":\"https:\/\/luchonoticias.com\/editor\/wp-content\/uploads\/2024\/02\/cropped-cropped-logolu-150x150.webp\",\"caption\":\"Editor General\"},\"sameAs\":[\"https:\/\/luchonoticias.com\/\"],\"url\":\"https:\/\/luchonoticias.com\/editor\/author\/editor-general\/\"}]}<\/script>\n<!-- \/ Yoast SEO plugin. -->","yoast_head_json":{"title":"Instalada mesa de di\u00e1logo interreligioso -","description":"Esta iniciativa congrega a las diferentes denominaciones e iglesias del departamento para fortalecer la implementaci\u00f3n de la Ordenanza 016 de 2023 y formular proyectos que beneficien a las comunidades en el futuro.","robots":{"index":"index","follow":"follow","max-snippet":"max-snippet:-1","max-image-preview":"max-image-preview:large","max-video-preview":"max-video-preview:-1"},"canonical":"https:\/\/luchonoticias.com\/editor\/instalada-mesa-de-dialogo-interreligioso\/","og_locale":"es_ES","og_type":"article","og_title":"Instalada mesa de di\u00e1logo interreligioso -","og_description":"Esta iniciativa congrega a las diferentes denominaciones e iglesias del departamento para fortalecer la implementaci\u00f3n de la Ordenanza 016 de 2023 y formular proyectos que beneficien a las comunidades en el futuro.","og_url":"https:\/\/luchonoticias.com\/editor\/instalada-mesa-de-dialogo-interreligioso\/","article_publisher":"https:\/\/www.facebook.com\/luchonoticiasneiva","article_published_time":"2024-07-12T00:34:15+00:00","og_image":[{"width":700,"height":400,"url":"https:\/\/luchonoticias.com\/editor\/wp-content\/uploads\/2024\/07\/mesade-dialogo.jpg","type":"image\/jpeg"}],"author":"Editor General","twitter_card":"summary_large_image","twitter_misc":{"Escrito por":"Editor General","Tiempo de lectura":"2 minutos"},"schema":{"@context":"https:\/\/schema.org","@graph":[{"@type":"Article","@id":"https:\/\/luchonoticias.com\/editor\/instalada-mesa-de-dialogo-interreligioso\/#article","isPartOf":{"@id":"https:\/\/luchonoticias.com\/editor\/instalada-mesa-de-dialogo-interreligioso\/"},"author":{"name":"Editor General","@id":"https:\/\/luchonoticias.com\/editor\/#\/schema\/person\/29217990ddf6f14e35912b2866d591fb"},"headline":"Instalada mesa de di\u00e1logo interreligioso","datePublished":"2024-07-12T00:34:15+00:00","mainEntityOfPage":{"@id":"https:\/\/luchonoticias.com\/editor\/instalada-mesa-de-dialogo-interreligioso\/"},"wordCount":383,"publisher":{"@id":"https:\/\/luchonoticias.com\/editor\/#\/schema\/person\/7a7fd911f58561fd056dbac7b55af9cd"},"image":{"@id":"https:\/\/luchonoticias.com\/editor\/instalada-mesa-de-dialogo-interreligioso\/#primaryimage"},"thumbnailUrl":"https:\/\/luchonoticias.com\/editor\/wp-content\/uploads\/2024\/07\/mesade-dialogo.jpg","articleSection":["Huila"],"inLanguage":"es"},{"@type":"WebPage","@id":"https:\/\/luchonoticias.com\/editor\/instalada-mesa-de-dialogo-interreligioso\/","url":"https:\/\/luchonoticias.com\/editor\/instalada-mesa-de-dialogo-interreligioso\/","name":"Instalada mesa de di\u00e1logo interreligioso -","isPartOf":{"@id":"https:\/\/luchonoticias.com\/editor\/#website"},"primaryImageOfPage":{"@id":"https:\/\/luchonoticias.com\/editor\/instalada-mesa-de-dialogo-interreligioso\/#primaryimage"},"image":{"@id":"https:\/\/luchonoticias.com\/editor\/instalada-mesa-de-dialogo-interreligioso\/#primaryimage"},"thumbnailUrl":"https:\/\/luchonoticias.com\/editor\/wp-content\/uploads\/2024\/07\/mesade-dialogo.jpg","datePublished":"2024-07-12T00:34:15+00:00","description":"Esta iniciativa congrega a las diferentes denominaciones e iglesias del departamento para fortalecer la implementaci\u00f3n de la Ordenanza 016 de 2023 y formular proyectos que beneficien a las comunidades en el futuro.","breadcrumb":{"@id":"https:\/\/luchonoticias.com\/editor\/instalada-mesa-de-dialogo-interreligioso\/#breadcrumb"},"inLanguage":"es","potentialAction":[{"@type":"ReadAction","target":["https:\/\/luchonoticias.com\/editor\/instalada-mesa-de-dialogo-interreligioso\/"]}]},{"@type":"ImageObject","inLanguage":"es","@id":"https:\/\/luchonoticias.com\/editor\/instalada-mesa-de-dialogo-interreligioso\/#primaryimage","url":"https:\/\/luchonoticias.com\/editor\/wp-content\/uploads\/2024\/07\/mesade-dialogo.jpg","contentUrl":"https:\/\/luchonoticias.com\/editor\/wp-content\/uploads\/2024\/07\/mesade-dialogo.jpg","width":700,"height":400},{"@type":"BreadcrumbList","@id":"https:\/\/luchonoticias.com\/editor\/instalada-mesa-de-dialogo-interreligioso\/#breadcrumb","itemListElement":[{"@type":"ListItem","position":1,"name":"Portada","item":"https:\/\/luchonoticias.com\/editor\/"},{"@type":"ListItem","position":2,"name":"Instalada mesa de di\u00e1logo interreligioso"}]},{"@type":"WebSite","@id":"https:\/\/luchonoticias.com\/editor\/#website","url":"https:\/\/luchonoticias.com\/editor\/","name":"","description":"","publisher":{"@id":"https:\/\/luchonoticias.com\/editor\/#\/schema\/person\/7a7fd911f58561fd056dbac7b55af9cd"},"potentialAction":[{"@type":"SearchAction","target":{"@type":"EntryPoint","urlTemplate":"https:\/\/luchonoticias.com\/editor\/?s={search_term_string}"},"query-input":{"@type":"PropertyValueSpecification","valueRequired":true,"valueName":"search_term_string"}}],"inLanguage":"es"},{"@type":["Person","Organization"],"@id":"https:\/\/luchonoticias.com\/editor\/#\/schema\/person\/7a7fd911f58561fd056dbac7b55af9cd","name":"admin","image":{"@type":"ImageObject","inLanguage":"es","@id":"https:\/\/luchonoticias.com\/editor\/#\/schema\/person\/image\/","url":"https:\/\/luchonoticias.com\/editor\/wp-content\/uploads\/2024\/02\/cropped-cropped-logolu.webp","contentUrl":"https:\/\/luchonoticias.com\/editor\/wp-content\/uploads\/2024\/02\/cropped-cropped-logolu.webp","width":382,"height":170,"caption":"admin"},"logo":{"@id":"https:\/\/luchonoticias.com\/editor\/#\/schema\/person\/image\/"},"sameAs":["https:\/\/www.facebook.com\/luchonoticiasneiva"]},{"@type":"Person","@id":"https:\/\/luchonoticias.com\/editor\/#\/schema\/person\/29217990ddf6f14e35912b2866d591fb","name":"Editor General","image":{"@type":"ImageObject","inLanguage":"es","@id":"https:\/\/luchonoticias.com\/editor\/#\/schema\/person\/image\/","url":"https:\/\/luchonoticias.com\/editor\/wp-content\/uploads\/2024\/02\/cropped-cropped-logolu-150x150.webp","contentUrl":"https:\/\/luchonoticias.com\/editor\/wp-content\/uploads\/2024\/02\/cropped-cropped-logolu-150x150.webp","caption":"Editor General"},"sameAs":["https:\/\/luchonoticias.com\/"],"url":"https:\/\/luchonoticias.com\/editor\/author\/editor-general\/"}]}},"_links":{"self":[{"href":"https:\/\/luchonoticias.com\/editor\/wp-json\/wp\/v2\/posts\/74889","targetHints":{"allow":["GET"]}}],"collection":[{"href":"https:\/\/luchonoticias.com\/editor\/wp-json\/wp\/v2\/posts"}],"about":[{"href":"https:\/\/luchonoticias.com\/editor\/wp-json\/wp\/v2\/types\/post"}],"author":[{"embeddable":true,"href":"https:\/\/luchonoticias.com\/editor\/wp-json\/wp\/v2\/users\/2"}],"replies":[{"embeddable":true,"href":"https:\/\/luchonoticias.com\/editor\/wp-json\/wp\/v2\/comments?post=74889"}],"version-history":[{"count":1,"href":"https:\/\/luchonoticias.com\/editor\/wp-json\/wp\/v2\/posts\/74889\/revisions"}],"predecessor-version":[{"id":74891,"href":"https:\/\/luchonoticias.com\/editor\/wp-json\/wp\/v2\/posts\/74889\/revisions\/74891"}],"wp:featuredmedia":[{"embeddable":true,"href":"https:\/\/luchonoticias.com\/editor\/wp-json\/wp\/v2\/media\/74890"}],"wp:attachment":[{"href":"https:\/\/luchonoticias.com\/editor\/wp-json\/wp\/v2\/media?parent=74889"}],"wp:term":[{"taxonomy":"category","embeddable":true,"href":"https:\/\/luchonoticias.com\/editor\/wp-json\/wp\/v2\/categories?post=74889"},{"taxonomy":"post_tag","embeddable":true,"href":"https:\/\/luchonoticias.com\/editor\/wp-json\/wp\/v2\/tags?post=74889"}],"curies":[{"name":"wp","href":"https:\/\/api.w.org\/{rel}","templated":true}]}}