{"id":74895,"date":"2024-07-12T06:40:55","date_gmt":"2024-07-12T11:40:55","guid":{"rendered":"https:\/\/luchonoticias.com\/?p=74895"},"modified":"2024-07-12T06:40:55","modified_gmt":"2024-07-12T11:40:55","slug":"huila-se-consolida-como-departamento-exportador","status":"publish","type":"post","link":"https:\/\/luchonoticias.com\/editor\/huila-se-consolida-como-departamento-exportador\/","title":{"rendered":"Huila se consolida como departamento exportador"},"content":{"rendered":"<p>Risaralda, Nari\u00f1o, Huila y Magdalena, departamentos que integran el top 16 de los que mayor contribuci\u00f3n hacen a las exportaciones de la canasta no minero energ\u00e9tica de Colombia, registraron un aumento a doble d\u00edgito en esa clase de ventas entre enero y mayo.<\/p>\n<p>El an\u00e1lisis del Ministerio de Comercio, Industria y Turismo, con base en las cifras del DANE, se\u00f1ala que esos cuatro departamentos le vendieron al mundo US$1.047 millones en productos del agro, la agroindustria y la industria en los cinco primeros meses del a\u00f1o. Esta cifra representa un crecimiento del 26,6 % frente al mismo periodo del 2023, cuando exportaron US$827 millones en conjunto.<\/p>\n<p>Y es que entre enero y mayo de este a\u00f1o las ventas al exterior de bienes agropecuarios,\u00a0 agroindustriales e industriales (no minero energ\u00e9ticos) llegaron a los US$8.810,1 millones, alcanzando un aumento del 6 % frente a los US$8.310,4 millones de igual periodo del 2023.<\/p>\n<p>Al evaluar el comportamiento individual de los cuatro departamentos, el que mayor crecimiento registr\u00f3 en sus ventas externas de bienes no mineros en el periodo de an\u00e1lisis fue Risaralda, con una variaci\u00f3n de 60,5 %. Este departamento le vendi\u00f3 al mundo US$344,1 millones, mientras que un a\u00f1o atr\u00e1s fueron US$214,4 millones.<\/p>\n<p>En el caso concreto del Huila, sus exportaciones no mineras al mundo crecieron 15,2 %. Mientras que entre enero y mayo de este a\u00f1o export\u00f3 US$317,4 millones, un a\u00f1o atr\u00e1s fueron US$275,4 millones.<\/p>\n<p>Productos como caf\u00e9 (4,9 %), tilapia, incluidos filetes (38,4 %) y cacao en grano (281,9 %), impulsaron las ventas huilenses. Estados Unidos, Canad\u00e1, B\u00e9lgica y Jap\u00f3n fueron sus principales destinos.<\/p>\n","protected":false},"excerpt":{"rendered":"<p>El Huila figura dentro de los cinco departamentos que m\u00e1s ha exportado, concretamente en bienes no minero energ\u00e9ticos. <\/p>\n","protected":false},"author":2,"featured_media":71457,"comment_status":"closed","ping_status":"open","sticky":false,"template":"","format":"standard","meta":{"footnotes":""},"categories":[33],"tags":[],"class_list":["post-74895","post","type-post","status-publish","format-standard","has-post-thumbnail","hentry","category-huila"],"yoast_head":"<!-- This site is optimized with the Yoast SEO plugin v26.6 - https:\/\/yoast.com\/wordpress\/plugins\/seo\/ -->\n<title>Huila se consolida como departamento exportador -<\/title>\n<meta name=\"description\" content=\"El Huila figura dentro de los cinco departamentos que m\u00e1s ha exportado, concretamente en bienes no minero energ\u00e9ticos.\" \/>\n<meta name=\"robots\" content=\"index, follow, max-snippet:-1, max-image-preview:large, max-video-preview:-1\" \/>\n<link rel=\"canonical\" href=\"https:\/\/luchonoticias.com\/editor\/huila-se-consolida-como-departamento-exportador\/\" \/>\n<meta property=\"og:locale\" content=\"es_ES\" \/>\n<meta property=\"og:type\" content=\"article\" \/>\n<meta property=\"og:title\" content=\"Huila se consolida como departamento exportador -\" \/>\n<meta property=\"og:description\" content=\"El Huila figura dentro de los cinco departamentos que m\u00e1s ha exportado, concretamente en bienes no minero energ\u00e9ticos.\" \/>\n<meta property=\"og:url\" content=\"https:\/\/luchonoticias.com\/editor\/huila-se-consolida-como-departamento-exportador\/\" \/>\n<meta property=\"article:publisher\" content=\"https:\/\/www.facebook.com\/luchonoticiasneiva\" \/>\n<meta property=\"article:published_time\" content=\"2024-07-12T11:40:55+00:00\" \/>\n<meta property=\"og:image\" content=\"https:\/\/luchonoticias.com\/editor\/wp-content\/uploads\/2024\/03\/cafe.jpg\" \/>\n\t<meta property=\"og:image:width\" content=\"700\" \/>\n\t<meta property=\"og:image:height\" content=\"400\" \/>\n\t<meta property=\"og:image:type\" content=\"image\/jpeg\" \/>\n<meta name=\"author\" content=\"Editor General\" \/>\n<meta name=\"twitter:card\" content=\"summary_large_image\" \/>\n<meta name=\"twitter:label1\" content=\"Escrito por\" \/>\n\t<meta name=\"twitter:data1\" content=\"Editor General\" \/>\n\t<meta name=\"twitter:label2\" content=\"Tiempo de lectura\" \/>\n\t<meta name=\"twitter:data2\" content=\"2 minutos\" \/>\n<script type=\"application\/ld+json\" class=\"yoast-schema-graph\">{\"@context\":\"https:\/\/schema.org\",\"@graph\":[{\"@type\":\"Article\",\"@id\":\"https:\/\/luchonoticias.com\/editor\/huila-se-consolida-como-departamento-exportador\/#article\",\"isPartOf\":{\"@id\":\"https:\/\/luchonoticias.com\/editor\/huila-se-consolida-como-departamento-exportador\/\"},\"author\":{\"name\":\"Editor General\",\"@id\":\"https:\/\/luchonoticias.com\/editor\/#\/schema\/person\/29217990ddf6f14e35912b2866d591fb\"},\"headline\":\"Huila se consolida como departamento exportador\",\"datePublished\":\"2024-07-12T11:40:55+00:00\",\"mainEntityOfPage\":{\"@id\":\"https:\/\/luchonoticias.com\/editor\/huila-se-consolida-como-departamento-exportador\/\"},\"wordCount\":271,\"publisher\":{\"@id\":\"https:\/\/luchonoticias.com\/editor\/#\/schema\/person\/7a7fd911f58561fd056dbac7b55af9cd\"},\"image\":{\"@id\":\"https:\/\/luchonoticias.com\/editor\/huila-se-consolida-como-departamento-exportador\/#primaryimage\"},\"thumbnailUrl\":\"https:\/\/luchonoticias.com\/editor\/wp-content\/uploads\/2024\/03\/cafe.jpg\",\"articleSection\":[\"Huila\"],\"inLanguage\":\"es\"},{\"@type\":\"WebPage\",\"@id\":\"https:\/\/luchonoticias.com\/editor\/huila-se-consolida-como-departamento-exportador\/\",\"url\":\"https:\/\/luchonoticias.com\/editor\/huila-se-consolida-como-departamento-exportador\/\",\"name\":\"Huila se consolida como departamento exportador -\",\"isPartOf\":{\"@id\":\"https:\/\/luchonoticias.com\/editor\/#website\"},\"primaryImageOfPage\":{\"@id\":\"https:\/\/luchonoticias.com\/editor\/huila-se-consolida-como-departamento-exportador\/#primaryimage\"},\"image\":{\"@id\":\"https:\/\/luchonoticias.com\/editor\/huila-se-consolida-como-departamento-exportador\/#primaryimage\"},\"thumbnailUrl\":\"https:\/\/luchonoticias.com\/editor\/wp-content\/uploads\/2024\/03\/cafe.jpg\",\"datePublished\":\"2024-07-12T11:40:55+00:00\",\"description\":\"El Huila figura dentro de los cinco departamentos que m\u00e1s ha exportado, concretamente en bienes no minero energ\u00e9ticos.\",\"breadcrumb\":{\"@id\":\"https:\/\/luchonoticias.com\/editor\/huila-se-consolida-como-departamento-exportador\/#breadcrumb\"},\"inLanguage\":\"es\",\"potentialAction\":[{\"@type\":\"ReadAction\",\"target\":[\"https:\/\/luchonoticias.com\/editor\/huila-se-consolida-como-departamento-exportador\/\"]}]},{\"@type\":\"ImageObject\",\"inLanguage\":\"es\",\"@id\":\"https:\/\/luchonoticias.com\/editor\/huila-se-consolida-como-departamento-exportador\/#primaryimage\",\"url\":\"https:\/\/luchonoticias.com\/editor\/wp-content\/uploads\/2024\/03\/cafe.jpg\",\"contentUrl\":\"https:\/\/luchonoticias.com\/editor\/wp-content\/uploads\/2024\/03\/cafe.jpg\",\"width\":700,\"height\":400},{\"@type\":\"BreadcrumbList\",\"@id\":\"https:\/\/luchonoticias.com\/editor\/huila-se-consolida-como-departamento-exportador\/#breadcrumb\",\"itemListElement\":[{\"@type\":\"ListItem\",\"position\":1,\"name\":\"Portada\",\"item\":\"https:\/\/luchonoticias.com\/editor\/\"},{\"@type\":\"ListItem\",\"position\":2,\"name\":\"Huila se consolida como departamento exportador\"}]},{\"@type\":\"WebSite\",\"@id\":\"https:\/\/luchonoticias.com\/editor\/#website\",\"url\":\"https:\/\/luchonoticias.com\/editor\/\",\"name\":\"\",\"description\":\"\",\"publisher\":{\"@id\":\"https:\/\/luchonoticias.com\/editor\/#\/schema\/person\/7a7fd911f58561fd056dbac7b55af9cd\"},\"potentialAction\":[{\"@type\":\"SearchAction\",\"target\":{\"@type\":\"EntryPoint\",\"urlTemplate\":\"https:\/\/luchonoticias.com\/editor\/?s={search_term_string}\"},\"query-input\":{\"@type\":\"PropertyValueSpecification\",\"valueRequired\":true,\"valueName\":\"search_term_string\"}}],\"inLanguage\":\"es\"},{\"@type\":[\"Person\",\"Organization\"],\"@id\":\"https:\/\/luchonoticias.com\/editor\/#\/schema\/person\/7a7fd911f58561fd056dbac7b55af9cd\",\"name\":\"admin\",\"image\":{\"@type\":\"ImageObject\",\"inLanguage\":\"es\",\"@id\":\"https:\/\/luchonoticias.com\/editor\/#\/schema\/person\/image\/\",\"url\":\"https:\/\/luchonoticias.com\/editor\/wp-content\/uploads\/2024\/02\/cropped-cropped-logolu.webp\",\"contentUrl\":\"https:\/\/luchonoticias.com\/editor\/wp-content\/uploads\/2024\/02\/cropped-cropped-logolu.webp\",\"width\":382,\"height\":170,\"caption\":\"admin\"},\"logo\":{\"@id\":\"https:\/\/luchonoticias.com\/editor\/#\/schema\/person\/image\/\"},\"sameAs\":[\"https:\/\/www.facebook.com\/luchonoticiasneiva\"]},{\"@type\":\"Person\",\"@id\":\"https:\/\/luchonoticias.com\/editor\/#\/schema\/person\/29217990ddf6f14e35912b2866d591fb\",\"name\":\"Editor General\",\"image\":{\"@type\":\"ImageObject\",\"inLanguage\":\"es\",\"@id\":\"https:\/\/luchonoticias.com\/editor\/#\/schema\/person\/image\/\",\"url\":\"https:\/\/luchonoticias.com\/editor\/wp-content\/uploads\/2024\/02\/cropped-cropped-logolu-150x150.webp\",\"contentUrl\":\"https:\/\/luchonoticias.com\/editor\/wp-content\/uploads\/2024\/02\/cropped-cropped-logolu-150x150.webp\",\"caption\":\"Editor General\"},\"sameAs\":[\"https:\/\/luchonoticias.com\/\"],\"url\":\"https:\/\/luchonoticias.com\/editor\/author\/editor-general\/\"}]}<\/script>\n<!-- \/ Yoast SEO plugin. -->","yoast_head_json":{"title":"Huila se consolida como departamento exportador -","description":"El Huila figura dentro de los cinco departamentos que m\u00e1s ha exportado, concretamente en bienes no minero energ\u00e9ticos.","robots":{"index":"index","follow":"follow","max-snippet":"max-snippet:-1","max-image-preview":"max-image-preview:large","max-video-preview":"max-video-preview:-1"},"canonical":"https:\/\/luchonoticias.com\/editor\/huila-se-consolida-como-departamento-exportador\/","og_locale":"es_ES","og_type":"article","og_title":"Huila se consolida como departamento exportador -","og_description":"El Huila figura dentro de los cinco departamentos que m\u00e1s ha exportado, concretamente en bienes no minero energ\u00e9ticos.","og_url":"https:\/\/luchonoticias.com\/editor\/huila-se-consolida-como-departamento-exportador\/","article_publisher":"https:\/\/www.facebook.com\/luchonoticiasneiva","article_published_time":"2024-07-12T11:40:55+00:00","og_image":[{"width":700,"height":400,"url":"https:\/\/luchonoticias.com\/editor\/wp-content\/uploads\/2024\/03\/cafe.jpg","type":"image\/jpeg"}],"author":"Editor General","twitter_card":"summary_large_image","twitter_misc":{"Escrito por":"Editor General","Tiempo de lectura":"2 minutos"},"schema":{"@context":"https:\/\/schema.org","@graph":[{"@type":"Article","@id":"https:\/\/luchonoticias.com\/editor\/huila-se-consolida-como-departamento-exportador\/#article","isPartOf":{"@id":"https:\/\/luchonoticias.com\/editor\/huila-se-consolida-como-departamento-exportador\/"},"author":{"name":"Editor General","@id":"https:\/\/luchonoticias.com\/editor\/#\/schema\/person\/29217990ddf6f14e35912b2866d591fb"},"headline":"Huila se consolida como departamento exportador","datePublished":"2024-07-12T11:40:55+00:00","mainEntityOfPage":{"@id":"https:\/\/luchonoticias.com\/editor\/huila-se-consolida-como-departamento-exportador\/"},"wordCount":271,"publisher":{"@id":"https:\/\/luchonoticias.com\/editor\/#\/schema\/person\/7a7fd911f58561fd056dbac7b55af9cd"},"image":{"@id":"https:\/\/luchonoticias.com\/editor\/huila-se-consolida-como-departamento-exportador\/#primaryimage"},"thumbnailUrl":"https:\/\/luchonoticias.com\/editor\/wp-content\/uploads\/2024\/03\/cafe.jpg","articleSection":["Huila"],"inLanguage":"es"},{"@type":"WebPage","@id":"https:\/\/luchonoticias.com\/editor\/huila-se-consolida-como-departamento-exportador\/","url":"https:\/\/luchonoticias.com\/editor\/huila-se-consolida-como-departamento-exportador\/","name":"Huila se consolida como departamento exportador -","isPartOf":{"@id":"https:\/\/luchonoticias.com\/editor\/#website"},"primaryImageOfPage":{"@id":"https:\/\/luchonoticias.com\/editor\/huila-se-consolida-como-departamento-exportador\/#primaryimage"},"image":{"@id":"https:\/\/luchonoticias.com\/editor\/huila-se-consolida-como-departamento-exportador\/#primaryimage"},"thumbnailUrl":"https:\/\/luchonoticias.com\/editor\/wp-content\/uploads\/2024\/03\/cafe.jpg","datePublished":"2024-07-12T11:40:55+00:00","description":"El Huila figura dentro de los cinco departamentos que m\u00e1s ha exportado, concretamente en bienes no minero energ\u00e9ticos.","breadcrumb":{"@id":"https:\/\/luchonoticias.com\/editor\/huila-se-consolida-como-departamento-exportador\/#breadcrumb"},"inLanguage":"es","potentialAction":[{"@type":"ReadAction","target":["https:\/\/luchonoticias.com\/editor\/huila-se-consolida-como-departamento-exportador\/"]}]},{"@type":"ImageObject","inLanguage":"es","@id":"https:\/\/luchonoticias.com\/editor\/huila-se-consolida-como-departamento-exportador\/#primaryimage","url":"https:\/\/luchonoticias.com\/editor\/wp-content\/uploads\/2024\/03\/cafe.jpg","contentUrl":"https:\/\/luchonoticias.com\/editor\/wp-content\/uploads\/2024\/03\/cafe.jpg","width":700,"height":400},{"@type":"BreadcrumbList","@id":"https:\/\/luchonoticias.com\/editor\/huila-se-consolida-como-departamento-exportador\/#breadcrumb","itemListElement":[{"@type":"ListItem","position":1,"name":"Portada","item":"https:\/\/luchonoticias.com\/editor\/"},{"@type":"ListItem","position":2,"name":"Huila se consolida como departamento exportador"}]},{"@type":"WebSite","@id":"https:\/\/luchonoticias.com\/editor\/#website","url":"https:\/\/luchonoticias.com\/editor\/","name":"","description":"","publisher":{"@id":"https:\/\/luchonoticias.com\/editor\/#\/schema\/person\/7a7fd911f58561fd056dbac7b55af9cd"},"potentialAction":[{"@type":"SearchAction","target":{"@type":"EntryPoint","urlTemplate":"https:\/\/luchonoticias.com\/editor\/?s={search_term_string}"},"query-input":{"@type":"PropertyValueSpecification","valueRequired":true,"valueName":"search_term_string"}}],"inLanguage":"es"},{"@type":["Person","Organization"],"@id":"https:\/\/luchonoticias.com\/editor\/#\/schema\/person\/7a7fd911f58561fd056dbac7b55af9cd","name":"admin","image":{"@type":"ImageObject","inLanguage":"es","@id":"https:\/\/luchonoticias.com\/editor\/#\/schema\/person\/image\/","url":"https:\/\/luchonoticias.com\/editor\/wp-content\/uploads\/2024\/02\/cropped-cropped-logolu.webp","contentUrl":"https:\/\/luchonoticias.com\/editor\/wp-content\/uploads\/2024\/02\/cropped-cropped-logolu.webp","width":382,"height":170,"caption":"admin"},"logo":{"@id":"https:\/\/luchonoticias.com\/editor\/#\/schema\/person\/image\/"},"sameAs":["https:\/\/www.facebook.com\/luchonoticiasneiva"]},{"@type":"Person","@id":"https:\/\/luchonoticias.com\/editor\/#\/schema\/person\/29217990ddf6f14e35912b2866d591fb","name":"Editor General","image":{"@type":"ImageObject","inLanguage":"es","@id":"https:\/\/luchonoticias.com\/editor\/#\/schema\/person\/image\/","url":"https:\/\/luchonoticias.com\/editor\/wp-content\/uploads\/2024\/02\/cropped-cropped-logolu-150x150.webp","contentUrl":"https:\/\/luchonoticias.com\/editor\/wp-content\/uploads\/2024\/02\/cropped-cropped-logolu-150x150.webp","caption":"Editor General"},"sameAs":["https:\/\/luchonoticias.com\/"],"url":"https:\/\/luchonoticias.com\/editor\/author\/editor-general\/"}]}},"_links":{"self":[{"href":"https:\/\/luchonoticias.com\/editor\/wp-json\/wp\/v2\/posts\/74895","targetHints":{"allow":["GET"]}}],"collection":[{"href":"https:\/\/luchonoticias.com\/editor\/wp-json\/wp\/v2\/posts"}],"about":[{"href":"https:\/\/luchonoticias.com\/editor\/wp-json\/wp\/v2\/types\/post"}],"author":[{"embeddable":true,"href":"https:\/\/luchonoticias.com\/editor\/wp-json\/wp\/v2\/users\/2"}],"replies":[{"embeddable":true,"href":"https:\/\/luchonoticias.com\/editor\/wp-json\/wp\/v2\/comments?post=74895"}],"version-history":[{"count":1,"href":"https:\/\/luchonoticias.com\/editor\/wp-json\/wp\/v2\/posts\/74895\/revisions"}],"predecessor-version":[{"id":74896,"href":"https:\/\/luchonoticias.com\/editor\/wp-json\/wp\/v2\/posts\/74895\/revisions\/74896"}],"wp:featuredmedia":[{"embeddable":true,"href":"https:\/\/luchonoticias.com\/editor\/wp-json\/wp\/v2\/media\/71457"}],"wp:attachment":[{"href":"https:\/\/luchonoticias.com\/editor\/wp-json\/wp\/v2\/media?parent=74895"}],"wp:term":[{"taxonomy":"category","embeddable":true,"href":"https:\/\/luchonoticias.com\/editor\/wp-json\/wp\/v2\/categories?post=74895"},{"taxonomy":"post_tag","embeddable":true,"href":"https:\/\/luchonoticias.com\/editor\/wp-json\/wp\/v2\/tags?post=74895"}],"curies":[{"name":"wp","href":"https:\/\/api.w.org\/{rel}","templated":true}]}}