{"id":74897,"date":"2024-07-12T06:46:06","date_gmt":"2024-07-12T11:46:06","guid":{"rendered":"https:\/\/luchonoticias.com\/?p=74897"},"modified":"2024-07-12T06:46:06","modified_gmt":"2024-07-12T11:46:06","slug":"mision-de-la-onu-confia-en-colombia","status":"publish","type":"post","link":"https:\/\/luchonoticias.com\/editor\/mision-de-la-onu-confia-en-colombia\/","title":{"rendered":"Misi\u00f3n de la ONU conf\u00eda en Colombia"},"content":{"rendered":"<p>\u201cYo tengo la confianza de que el Gobierno dirigido por el presidente Petro va a lograr sus metas. Este Consejo (de Seguridad de la ONU) se va a encargar de que ustedes s\u00ed puedan lograr la paz en su pa\u00eds, porque Colombia es un ejemplo al mundo de lo que est\u00e1 haciendo\u00bb.<\/p>\n<p>As\u00ed lo afirm\u00f3 este jueves el jefe de la Misi\u00f3n de Verificaci\u00f3n de las Naciones Unidas en Colombia, Carlos Ruiz Massieu, durante la sesi\u00f3n del Consejo de Seguridad de la ONU, en la que present\u00f3 los resultados del informe de la Misi\u00f3n sobre la implementaci\u00f3n del Acuerdo de Paz correspondiente al segundo trimestre de 2024.<\/p>\n<p>Ruiz Massieu expres\u00f3: \u201cNosotros vamos a hacer todo lo que sea legalmente constituido para ayudar al proceso de paz en Colombia. Nosotros podemos atestiguar de que Colombia est\u00e1 haciendo un esfuerzo enorme para lograr su proceso de paz\u00bb.<\/p>\n<p>Al presidente Gustavo Petro, el jefe de la Misi\u00f3n de la ONU le manifest\u00f3: \u201cQuisiera reconocer, una vez m\u00e1s, su compromiso con la consolidaci\u00f3n de la paz en Colombia, a pesar de los m\u00faltiples retos y dificultades que a\u00fan enfrenta. Su visi\u00f3n sobre la paz total, situando la implementaci\u00f3n del Acuerdo de Paz en el centro de los esfuerzos y promoviendo di\u00e1logos con otros grupos, es una respuesta realista frente al complejo contexto que a\u00fan enfrenta Colombia\u00bb.<\/p>\n<p><strong>Plan de choque<\/strong><\/p>\n<p>Indic\u00f3 que \u201cresulta alentadora la intenci\u00f3n de las partes de formular un plan de choque para acelerar la implementaci\u00f3n del Acuerdo y valoro tambi\u00e9n las nuevas funciones asignadas al nuevo Ministro del Interior para articular los esfuerzos de implementaci\u00f3n por parte del Gobierno\u00bb.<\/p>\n<p>Igualmente, destac\u00f3 que esta es la primera vez que ambas partes (Gobierno y antiguas Farc) participan de manera presencial ante el Consejo de Seguridad, \u201clo cual constituye un claro recordatorio de la naturaleza bilateral del Acuerdo de Paz. La cooperaci\u00f3n entre las partes, haciendo uso de la arquitectura establecida por el Acuerdo, sigue siendo esencial para avanzar en su implementaci\u00f3n\u00bb.<\/p>\n<p><strong>Informe trim\u200b\u200bestral<\/strong><\/p>\n<p>En el informe trimestral de la Misi\u00f3n de la ONU en Colombia sobre los avances del Acuerdo de Paz, la organizaci\u00f3n resalt\u00f3 que, por primera vez desde su firma, las partes iniciaron el proceso de revisi\u00f3n del Plan Marco de Implementaci\u00f3n para acelerar resultados.<\/p>\n<p>Seg\u00fan el informe, firmado por el Secretario General de las Naciones Unidas, Ant\u00f3nio Guterres, \u201cel proceso de paz colombiano ha dado resultados significativos y ha sentado las bases para seguir avanzando. Los colombianos y colombianas tienen ahora la oportunidad de consolidar y ampliar el alcance de la paz en el pa\u00eds. Esto requerir\u00e1 voluntad pol\u00edtica, la participaci\u00f3n activa de todos los sectores de la sociedad y acciones concretas\u00bb.<\/p>\n<p><strong>Garant\u00edas para comun\u200b\u200b\u200bidades y excombatientes<\/strong><\/p>\n<p>En el periodo reportado, que cubre del 27 de marzo al 26 de junio de 2024, la Misi\u00f3n reconoce un avance notorio respecto a las garant\u00edas de seguridad para comunidades y excombatientes, ya que en el segundo trimestre de 2024, en comparaci\u00f3n con el trimestre anterior, se present\u00f3 una reducci\u00f3n en las cifras de homicidios contra excombatientes de las Farc-EP (pasando de 11 a 5) y de asesinatos reportados de defensores de derechos humanos y l\u00edderes sociales (de 42 a 25).<\/p>\n<p>El informe salud\u00f3 la emisi\u00f3n del decreto que adopta formalmente la pol\u00edtica p\u00fablica para el desmantelamiento de grupos armados ilegales y organizaciones criminales, as\u00ed como su plan de acci\u00f3n.<\/p>\n<p>\u201cSe trata de un importante compromiso pendiente del Acuerdo Final para abordar los factores estructurales de la persistencia de la violencia\u00bb, precis\u00f3.<\/p>\n<p>De igual manera, resalt\u00f3 la instalaci\u00f3n del Sistema Nacional de B\u00fasqueda de Personas dadas por Desaparecidas, previsto en el Plan Nacional de Desarrollo.<\/p>\n<p>Destac\u00f3 que todos estos son desarrollos que alientan la aceleraci\u00f3n de la implementaci\u00f3n del Acuerdo.<\/p>\n<p>\u201cEs imperativo que haya un compromiso inequ\u00edvoco de todas las entidades gubernamentales para dirigir esfuerzos y recursos hacia la implementaci\u00f3n del Acuerdo\u00bb, subray\u00f3 el informe.<\/p>\n<p>Resalt\u00f3 el avance en la estrategia de reincorporaci\u00f3n comunitaria, al haberse definido planes de acci\u00f3n conjuntos entre firmantes de paz y miembros de la comunidad en 66 municipios.<\/p>\n<p>\u201cLa implementaci\u00f3n continua de la estrategia ayudar\u00e1 a prevenir la estigmatizaci\u00f3n de los excombatientes y a reforzar los procesos de reconciliaci\u00f3n\u00bb, puntualiz\u00f3 el informe de la Misi\u00f3n de Verificaci\u00f3n de la ONU en Colombia.<\/p>\n","protected":false},"excerpt":{"rendered":"<p>\u201cNosotros vamos a hacer todo lo que sea legalmente constituido para ayudar al proceso de paz en Colombia\u00bb, afirm\u00f3 el representante de la ONU en Colombia y pidi\u00f3 \u201ca los autores del conflicto\u00bb extender el cese al fuego.<\/p>\n","protected":false},"author":2,"featured_media":74898,"comment_status":"closed","ping_status":"open","sticky":false,"template":"","format":"standard","meta":{"footnotes":""},"categories":[28],"tags":[],"class_list":["post-74897","post","type-post","status-publish","format-standard","has-post-thumbnail","hentry","category-actualidad"],"yoast_head":"<!-- This site is optimized with the Yoast SEO plugin v26.6 - https:\/\/yoast.com\/wordpress\/plugins\/seo\/ -->\n<title>Misi\u00f3n de la ONU conf\u00eda en Colombia -<\/title>\n<meta name=\"description\" content=\"\u201cNosotros vamos a hacer todo lo que sea legalmente constituido para ayudar al proceso de paz en Colombia&quot;, afirm\u00f3 el representante de la ONU en Colombia y pidi\u00f3 \u201ca los autores del conflicto&quot; extender el cese al fuego.\" \/>\n<meta name=\"robots\" content=\"index, follow, max-snippet:-1, max-image-preview:large, max-video-preview:-1\" \/>\n<link rel=\"canonical\" href=\"https:\/\/luchonoticias.com\/editor\/mision-de-la-onu-confia-en-colombia\/\" \/>\n<meta property=\"og:locale\" content=\"es_ES\" \/>\n<meta property=\"og:type\" content=\"article\" \/>\n<meta property=\"og:title\" content=\"Misi\u00f3n de la ONU conf\u00eda en Colombia -\" \/>\n<meta property=\"og:description\" content=\"\u201cNosotros vamos a hacer todo lo que sea legalmente constituido para ayudar al proceso de paz en Colombia&quot;, afirm\u00f3 el representante de la ONU en Colombia y pidi\u00f3 \u201ca los autores del conflicto&quot; extender el cese al fuego.\" \/>\n<meta property=\"og:url\" content=\"https:\/\/luchonoticias.com\/editor\/mision-de-la-onu-confia-en-colombia\/\" \/>\n<meta property=\"article:publisher\" content=\"https:\/\/www.facebook.com\/luchonoticiasneiva\" \/>\n<meta property=\"article:published_time\" content=\"2024-07-12T11:46:06+00:00\" \/>\n<meta property=\"og:image\" content=\"https:\/\/luchonoticias.com\/editor\/wp-content\/uploads\/2024\/07\/mision-ONU.jpg\" \/>\n\t<meta property=\"og:image:width\" content=\"700\" \/>\n\t<meta property=\"og:image:height\" content=\"400\" \/>\n\t<meta property=\"og:image:type\" content=\"image\/jpeg\" \/>\n<meta name=\"author\" content=\"Editor General\" \/>\n<meta name=\"twitter:card\" content=\"summary_large_image\" \/>\n<meta name=\"twitter:label1\" content=\"Escrito por\" \/>\n\t<meta name=\"twitter:data1\" content=\"Editor General\" \/>\n\t<meta name=\"twitter:label2\" content=\"Tiempo de lectura\" \/>\n\t<meta name=\"twitter:data2\" content=\"4 minutos\" \/>\n<script type=\"application\/ld+json\" class=\"yoast-schema-graph\">{\"@context\":\"https:\/\/schema.org\",\"@graph\":[{\"@type\":\"Article\",\"@id\":\"https:\/\/luchonoticias.com\/editor\/mision-de-la-onu-confia-en-colombia\/#article\",\"isPartOf\":{\"@id\":\"https:\/\/luchonoticias.com\/editor\/mision-de-la-onu-confia-en-colombia\/\"},\"author\":{\"name\":\"Editor General\",\"@id\":\"https:\/\/luchonoticias.com\/editor\/#\/schema\/person\/29217990ddf6f14e35912b2866d591fb\"},\"headline\":\"Misi\u00f3n de la ONU conf\u00eda en Colombia\",\"datePublished\":\"2024-07-12T11:46:06+00:00\",\"mainEntityOfPage\":{\"@id\":\"https:\/\/luchonoticias.com\/editor\/mision-de-la-onu-confia-en-colombia\/\"},\"wordCount\":758,\"publisher\":{\"@id\":\"https:\/\/luchonoticias.com\/editor\/#\/schema\/person\/7a7fd911f58561fd056dbac7b55af9cd\"},\"image\":{\"@id\":\"https:\/\/luchonoticias.com\/editor\/mision-de-la-onu-confia-en-colombia\/#primaryimage\"},\"thumbnailUrl\":\"https:\/\/luchonoticias.com\/editor\/wp-content\/uploads\/2024\/07\/mision-ONU.jpg\",\"articleSection\":[\"Actualidad\"],\"inLanguage\":\"es\"},{\"@type\":\"WebPage\",\"@id\":\"https:\/\/luchonoticias.com\/editor\/mision-de-la-onu-confia-en-colombia\/\",\"url\":\"https:\/\/luchonoticias.com\/editor\/mision-de-la-onu-confia-en-colombia\/\",\"name\":\"Misi\u00f3n de la ONU conf\u00eda en Colombia -\",\"isPartOf\":{\"@id\":\"https:\/\/luchonoticias.com\/editor\/#website\"},\"primaryImageOfPage\":{\"@id\":\"https:\/\/luchonoticias.com\/editor\/mision-de-la-onu-confia-en-colombia\/#primaryimage\"},\"image\":{\"@id\":\"https:\/\/luchonoticias.com\/editor\/mision-de-la-onu-confia-en-colombia\/#primaryimage\"},\"thumbnailUrl\":\"https:\/\/luchonoticias.com\/editor\/wp-content\/uploads\/2024\/07\/mision-ONU.jpg\",\"datePublished\":\"2024-07-12T11:46:06+00:00\",\"description\":\"\u201cNosotros vamos a hacer todo lo que sea legalmente constituido para ayudar al proceso de paz en Colombia\\\", afirm\u00f3 el representante de la ONU en Colombia y pidi\u00f3 \u201ca los autores del conflicto\\\" extender el cese al fuego.\",\"breadcrumb\":{\"@id\":\"https:\/\/luchonoticias.com\/editor\/mision-de-la-onu-confia-en-colombia\/#breadcrumb\"},\"inLanguage\":\"es\",\"potentialAction\":[{\"@type\":\"ReadAction\",\"target\":[\"https:\/\/luchonoticias.com\/editor\/mision-de-la-onu-confia-en-colombia\/\"]}]},{\"@type\":\"ImageObject\",\"inLanguage\":\"es\",\"@id\":\"https:\/\/luchonoticias.com\/editor\/mision-de-la-onu-confia-en-colombia\/#primaryimage\",\"url\":\"https:\/\/luchonoticias.com\/editor\/wp-content\/uploads\/2024\/07\/mision-ONU.jpg\",\"contentUrl\":\"https:\/\/luchonoticias.com\/editor\/wp-content\/uploads\/2024\/07\/mision-ONU.jpg\",\"width\":700,\"height\":400},{\"@type\":\"BreadcrumbList\",\"@id\":\"https:\/\/luchonoticias.com\/editor\/mision-de-la-onu-confia-en-colombia\/#breadcrumb\",\"itemListElement\":[{\"@type\":\"ListItem\",\"position\":1,\"name\":\"Portada\",\"item\":\"https:\/\/luchonoticias.com\/editor\/\"},{\"@type\":\"ListItem\",\"position\":2,\"name\":\"Misi\u00f3n de la ONU conf\u00eda en Colombia\"}]},{\"@type\":\"WebSite\",\"@id\":\"https:\/\/luchonoticias.com\/editor\/#website\",\"url\":\"https:\/\/luchonoticias.com\/editor\/\",\"name\":\"\",\"description\":\"\",\"publisher\":{\"@id\":\"https:\/\/luchonoticias.com\/editor\/#\/schema\/person\/7a7fd911f58561fd056dbac7b55af9cd\"},\"potentialAction\":[{\"@type\":\"SearchAction\",\"target\":{\"@type\":\"EntryPoint\",\"urlTemplate\":\"https:\/\/luchonoticias.com\/editor\/?s={search_term_string}\"},\"query-input\":{\"@type\":\"PropertyValueSpecification\",\"valueRequired\":true,\"valueName\":\"search_term_string\"}}],\"inLanguage\":\"es\"},{\"@type\":[\"Person\",\"Organization\"],\"@id\":\"https:\/\/luchonoticias.com\/editor\/#\/schema\/person\/7a7fd911f58561fd056dbac7b55af9cd\",\"name\":\"admin\",\"image\":{\"@type\":\"ImageObject\",\"inLanguage\":\"es\",\"@id\":\"https:\/\/luchonoticias.com\/editor\/#\/schema\/person\/image\/\",\"url\":\"https:\/\/luchonoticias.com\/editor\/wp-content\/uploads\/2024\/02\/cropped-cropped-logolu.webp\",\"contentUrl\":\"https:\/\/luchonoticias.com\/editor\/wp-content\/uploads\/2024\/02\/cropped-cropped-logolu.webp\",\"width\":382,\"height\":170,\"caption\":\"admin\"},\"logo\":{\"@id\":\"https:\/\/luchonoticias.com\/editor\/#\/schema\/person\/image\/\"},\"sameAs\":[\"https:\/\/www.facebook.com\/luchonoticiasneiva\"]},{\"@type\":\"Person\",\"@id\":\"https:\/\/luchonoticias.com\/editor\/#\/schema\/person\/29217990ddf6f14e35912b2866d591fb\",\"name\":\"Editor General\",\"image\":{\"@type\":\"ImageObject\",\"inLanguage\":\"es\",\"@id\":\"https:\/\/luchonoticias.com\/editor\/#\/schema\/person\/image\/\",\"url\":\"https:\/\/luchonoticias.com\/editor\/wp-content\/uploads\/2024\/02\/cropped-cropped-logolu-150x150.webp\",\"contentUrl\":\"https:\/\/luchonoticias.com\/editor\/wp-content\/uploads\/2024\/02\/cropped-cropped-logolu-150x150.webp\",\"caption\":\"Editor General\"},\"sameAs\":[\"https:\/\/luchonoticias.com\/\"],\"url\":\"https:\/\/luchonoticias.com\/editor\/author\/editor-general\/\"}]}<\/script>\n<!-- \/ Yoast SEO plugin. -->","yoast_head_json":{"title":"Misi\u00f3n de la ONU conf\u00eda en Colombia -","description":"\u201cNosotros vamos a hacer todo lo que sea legalmente constituido para ayudar al proceso de paz en Colombia\", afirm\u00f3 el representante de la ONU en Colombia y pidi\u00f3 \u201ca los autores del conflicto\" extender el cese al fuego.","robots":{"index":"index","follow":"follow","max-snippet":"max-snippet:-1","max-image-preview":"max-image-preview:large","max-video-preview":"max-video-preview:-1"},"canonical":"https:\/\/luchonoticias.com\/editor\/mision-de-la-onu-confia-en-colombia\/","og_locale":"es_ES","og_type":"article","og_title":"Misi\u00f3n de la ONU conf\u00eda en Colombia -","og_description":"\u201cNosotros vamos a hacer todo lo que sea legalmente constituido para ayudar al proceso de paz en Colombia\", afirm\u00f3 el representante de la ONU en Colombia y pidi\u00f3 \u201ca los autores del conflicto\" extender el cese al fuego.","og_url":"https:\/\/luchonoticias.com\/editor\/mision-de-la-onu-confia-en-colombia\/","article_publisher":"https:\/\/www.facebook.com\/luchonoticiasneiva","article_published_time":"2024-07-12T11:46:06+00:00","og_image":[{"width":700,"height":400,"url":"https:\/\/luchonoticias.com\/editor\/wp-content\/uploads\/2024\/07\/mision-ONU.jpg","type":"image\/jpeg"}],"author":"Editor General","twitter_card":"summary_large_image","twitter_misc":{"Escrito por":"Editor General","Tiempo de lectura":"4 minutos"},"schema":{"@context":"https:\/\/schema.org","@graph":[{"@type":"Article","@id":"https:\/\/luchonoticias.com\/editor\/mision-de-la-onu-confia-en-colombia\/#article","isPartOf":{"@id":"https:\/\/luchonoticias.com\/editor\/mision-de-la-onu-confia-en-colombia\/"},"author":{"name":"Editor General","@id":"https:\/\/luchonoticias.com\/editor\/#\/schema\/person\/29217990ddf6f14e35912b2866d591fb"},"headline":"Misi\u00f3n de la ONU conf\u00eda en Colombia","datePublished":"2024-07-12T11:46:06+00:00","mainEntityOfPage":{"@id":"https:\/\/luchonoticias.com\/editor\/mision-de-la-onu-confia-en-colombia\/"},"wordCount":758,"publisher":{"@id":"https:\/\/luchonoticias.com\/editor\/#\/schema\/person\/7a7fd911f58561fd056dbac7b55af9cd"},"image":{"@id":"https:\/\/luchonoticias.com\/editor\/mision-de-la-onu-confia-en-colombia\/#primaryimage"},"thumbnailUrl":"https:\/\/luchonoticias.com\/editor\/wp-content\/uploads\/2024\/07\/mision-ONU.jpg","articleSection":["Actualidad"],"inLanguage":"es"},{"@type":"WebPage","@id":"https:\/\/luchonoticias.com\/editor\/mision-de-la-onu-confia-en-colombia\/","url":"https:\/\/luchonoticias.com\/editor\/mision-de-la-onu-confia-en-colombia\/","name":"Misi\u00f3n de la ONU conf\u00eda en Colombia -","isPartOf":{"@id":"https:\/\/luchonoticias.com\/editor\/#website"},"primaryImageOfPage":{"@id":"https:\/\/luchonoticias.com\/editor\/mision-de-la-onu-confia-en-colombia\/#primaryimage"},"image":{"@id":"https:\/\/luchonoticias.com\/editor\/mision-de-la-onu-confia-en-colombia\/#primaryimage"},"thumbnailUrl":"https:\/\/luchonoticias.com\/editor\/wp-content\/uploads\/2024\/07\/mision-ONU.jpg","datePublished":"2024-07-12T11:46:06+00:00","description":"\u201cNosotros vamos a hacer todo lo que sea legalmente constituido para ayudar al proceso de paz en Colombia\", afirm\u00f3 el representante de la ONU en Colombia y pidi\u00f3 \u201ca los autores del conflicto\" extender el cese al fuego.","breadcrumb":{"@id":"https:\/\/luchonoticias.com\/editor\/mision-de-la-onu-confia-en-colombia\/#breadcrumb"},"inLanguage":"es","potentialAction":[{"@type":"ReadAction","target":["https:\/\/luchonoticias.com\/editor\/mision-de-la-onu-confia-en-colombia\/"]}]},{"@type":"ImageObject","inLanguage":"es","@id":"https:\/\/luchonoticias.com\/editor\/mision-de-la-onu-confia-en-colombia\/#primaryimage","url":"https:\/\/luchonoticias.com\/editor\/wp-content\/uploads\/2024\/07\/mision-ONU.jpg","contentUrl":"https:\/\/luchonoticias.com\/editor\/wp-content\/uploads\/2024\/07\/mision-ONU.jpg","width":700,"height":400},{"@type":"BreadcrumbList","@id":"https:\/\/luchonoticias.com\/editor\/mision-de-la-onu-confia-en-colombia\/#breadcrumb","itemListElement":[{"@type":"ListItem","position":1,"name":"Portada","item":"https:\/\/luchonoticias.com\/editor\/"},{"@type":"ListItem","position":2,"name":"Misi\u00f3n de la ONU conf\u00eda en Colombia"}]},{"@type":"WebSite","@id":"https:\/\/luchonoticias.com\/editor\/#website","url":"https:\/\/luchonoticias.com\/editor\/","name":"","description":"","publisher":{"@id":"https:\/\/luchonoticias.com\/editor\/#\/schema\/person\/7a7fd911f58561fd056dbac7b55af9cd"},"potentialAction":[{"@type":"SearchAction","target":{"@type":"EntryPoint","urlTemplate":"https:\/\/luchonoticias.com\/editor\/?s={search_term_string}"},"query-input":{"@type":"PropertyValueSpecification","valueRequired":true,"valueName":"search_term_string"}}],"inLanguage":"es"},{"@type":["Person","Organization"],"@id":"https:\/\/luchonoticias.com\/editor\/#\/schema\/person\/7a7fd911f58561fd056dbac7b55af9cd","name":"admin","image":{"@type":"ImageObject","inLanguage":"es","@id":"https:\/\/luchonoticias.com\/editor\/#\/schema\/person\/image\/","url":"https:\/\/luchonoticias.com\/editor\/wp-content\/uploads\/2024\/02\/cropped-cropped-logolu.webp","contentUrl":"https:\/\/luchonoticias.com\/editor\/wp-content\/uploads\/2024\/02\/cropped-cropped-logolu.webp","width":382,"height":170,"caption":"admin"},"logo":{"@id":"https:\/\/luchonoticias.com\/editor\/#\/schema\/person\/image\/"},"sameAs":["https:\/\/www.facebook.com\/luchonoticiasneiva"]},{"@type":"Person","@id":"https:\/\/luchonoticias.com\/editor\/#\/schema\/person\/29217990ddf6f14e35912b2866d591fb","name":"Editor General","image":{"@type":"ImageObject","inLanguage":"es","@id":"https:\/\/luchonoticias.com\/editor\/#\/schema\/person\/image\/","url":"https:\/\/luchonoticias.com\/editor\/wp-content\/uploads\/2024\/02\/cropped-cropped-logolu-150x150.webp","contentUrl":"https:\/\/luchonoticias.com\/editor\/wp-content\/uploads\/2024\/02\/cropped-cropped-logolu-150x150.webp","caption":"Editor General"},"sameAs":["https:\/\/luchonoticias.com\/"],"url":"https:\/\/luchonoticias.com\/editor\/author\/editor-general\/"}]}},"_links":{"self":[{"href":"https:\/\/luchonoticias.com\/editor\/wp-json\/wp\/v2\/posts\/74897","targetHints":{"allow":["GET"]}}],"collection":[{"href":"https:\/\/luchonoticias.com\/editor\/wp-json\/wp\/v2\/posts"}],"about":[{"href":"https:\/\/luchonoticias.com\/editor\/wp-json\/wp\/v2\/types\/post"}],"author":[{"embeddable":true,"href":"https:\/\/luchonoticias.com\/editor\/wp-json\/wp\/v2\/users\/2"}],"replies":[{"embeddable":true,"href":"https:\/\/luchonoticias.com\/editor\/wp-json\/wp\/v2\/comments?post=74897"}],"version-history":[{"count":2,"href":"https:\/\/luchonoticias.com\/editor\/wp-json\/wp\/v2\/posts\/74897\/revisions"}],"predecessor-version":[{"id":74900,"href":"https:\/\/luchonoticias.com\/editor\/wp-json\/wp\/v2\/posts\/74897\/revisions\/74900"}],"wp:featuredmedia":[{"embeddable":true,"href":"https:\/\/luchonoticias.com\/editor\/wp-json\/wp\/v2\/media\/74898"}],"wp:attachment":[{"href":"https:\/\/luchonoticias.com\/editor\/wp-json\/wp\/v2\/media?parent=74897"}],"wp:term":[{"taxonomy":"category","embeddable":true,"href":"https:\/\/luchonoticias.com\/editor\/wp-json\/wp\/v2\/categories?post=74897"},{"taxonomy":"post_tag","embeddable":true,"href":"https:\/\/luchonoticias.com\/editor\/wp-json\/wp\/v2\/tags?post=74897"}],"curies":[{"name":"wp","href":"https:\/\/api.w.org\/{rel}","templated":true}]}}