{"id":74901,"date":"2024-07-12T06:55:05","date_gmt":"2024-07-12T11:55:05","guid":{"rendered":"https:\/\/luchonoticias.com\/?p=74901"},"modified":"2024-07-12T06:55:05","modified_gmt":"2024-07-12T11:55:05","slug":"gobierno-insiste-en-sacar-adelante-un-pacto-nacional","status":"publish","type":"post","link":"https:\/\/luchonoticias.com\/editor\/gobierno-insiste-en-sacar-adelante-un-pacto-nacional\/","title":{"rendered":"Gobierno insiste en sacar adelante un pacto nacional"},"content":{"rendered":"<p>El presidente Gustavo Petro sostuvo ante al Consejo de Seguridad de la ONU que para implementar el Acuerdo de Paz se requiere dialogo y consenso con todos los sectores de la poblaci\u00f3n, mediante un Acuerdo Nacional que incluya a la oposici\u00f3n.<\/p>\n<p>El mandatario explic\u00f3 que \u201cel Acuerdo de Paz propone un pacto pol\u00edtico de todas las fuerzas vivas del pa\u00eds, pol\u00edticas o sociales, para encontrar f\u00f3rmulas de cambio de normas, si las normas no posibilitan el Acuerdo\u00bb e insisti\u00f3 en la necesidad de este Acuerdo.<\/p>\n<p>\u201cTengo que perseverar en la idea de un pacto nacional, invitando al liderazgo pol\u00edtico, social y econ\u00f3mico de la mitad de la poblaci\u00f3n que se ha opuesto al Acuerdo de Paz, a la paz ya firmada y a la que a\u00fan queda por hacer\u00bb, subray\u00f3.<\/p>\n<p>Tambi\u00e9n precis\u00f3 que esto no ha sido posible porque la poblaci\u00f3n colombiana est\u00e1 dividida \u201cliteralmente en dos. Durante todo este siglo ha habido una parte que apuesta por una salida militar al conflicto, mientras otra le apuesta a una salida negociada\u00bb.<\/p>\n<p>Y agreg\u00f3: \u201cYo no he querido romper completamente los espacios que quedan con lo que hoy llamar\u00edamos nuestra oposici\u00f3n. La respetamos, hablamos con ella y la invitamos a que hagamos un acuerdo com\u00fan para el cambio de las normas\u00bb.<\/p>\n<p>El mandatario se\u00f1al\u00f3, as\u00ed mismo, que los resultados limitados en la implementaci\u00f3n del Acuerdo se deben, en parte, a la incomprensi\u00f3n de que se trata de compromisos de Estado y no de Gobierno, lo que implicaba superar las diferencias que dividen a la naci\u00f3n.<\/p>\n<p>\u201cEl Acuerdo de Paz no produjo un Acuerdo Nacional. No fue posible hacer el pacto nacional del que habla (el Acuerdo de 2016) y que se ha colocado ante ustedes como una Declaraci\u00f3n Unilateral de Estado, que es un compromiso de Colombia ante la humanidad\u00bb, concluy\u00f3.<\/p>\n","protected":false},"excerpt":{"rendered":"<p>\u200b\u201cTengo que perseverar en la idea de un pacto nacional, invitando al liderazgo pol\u00edtico, social y econ\u00f3mico de la mitad de la poblaci\u00f3n que se ha opuesto al Acuerdo de Paz, a la paz ya firmada y a la que a\u00fan queda por hacer\u00bb, sostuvo.<\/p>\n","protected":false},"author":2,"featured_media":74902,"comment_status":"closed","ping_status":"open","sticky":false,"template":"","format":"standard","meta":{"footnotes":""},"categories":[28],"tags":[],"class_list":["post-74901","post","type-post","status-publish","format-standard","has-post-thumbnail","hentry","category-actualidad"],"yoast_head":"<!-- This site is optimized with the Yoast SEO plugin v26.6 - https:\/\/yoast.com\/wordpress\/plugins\/seo\/ -->\n<title>Gobierno insiste en sacar adelante un pacto nacional -<\/title>\n<meta name=\"description\" content=\"\u200b\u201cTengo que perseverar en la idea de un pacto nacional, invitando al liderazgo pol\u00edtico, social y econ\u00f3mico de la mitad de la poblaci\u00f3n que se ha opuesto al Acuerdo de Paz, a la paz ya firmada y a la que a\u00fan queda por hacer&quot;, sostuvo.\" \/>\n<meta name=\"robots\" content=\"index, follow, max-snippet:-1, max-image-preview:large, max-video-preview:-1\" \/>\n<link rel=\"canonical\" href=\"https:\/\/luchonoticias.com\/editor\/gobierno-insiste-en-sacar-adelante-un-pacto-nacional\/\" \/>\n<meta property=\"og:locale\" content=\"es_ES\" \/>\n<meta property=\"og:type\" content=\"article\" \/>\n<meta property=\"og:title\" content=\"Gobierno insiste en sacar adelante un pacto nacional -\" \/>\n<meta property=\"og:description\" content=\"\u200b\u201cTengo que perseverar en la idea de un pacto nacional, invitando al liderazgo pol\u00edtico, social y econ\u00f3mico de la mitad de la poblaci\u00f3n que se ha opuesto al Acuerdo de Paz, a la paz ya firmada y a la que a\u00fan queda por hacer&quot;, sostuvo.\" \/>\n<meta property=\"og:url\" content=\"https:\/\/luchonoticias.com\/editor\/gobierno-insiste-en-sacar-adelante-un-pacto-nacional\/\" \/>\n<meta property=\"article:publisher\" content=\"https:\/\/www.facebook.com\/luchonoticiasneiva\" \/>\n<meta property=\"article:published_time\" content=\"2024-07-12T11:55:05+00:00\" \/>\n<meta property=\"og:image\" content=\"https:\/\/luchonoticias.com\/editor\/wp-content\/uploads\/2024\/07\/pacto-nacional.jpg\" \/>\n\t<meta property=\"og:image:width\" content=\"700\" \/>\n\t<meta property=\"og:image:height\" content=\"400\" \/>\n\t<meta property=\"og:image:type\" content=\"image\/jpeg\" \/>\n<meta name=\"author\" content=\"Editor General\" \/>\n<meta name=\"twitter:card\" content=\"summary_large_image\" \/>\n<meta name=\"twitter:label1\" content=\"Escrito por\" \/>\n\t<meta name=\"twitter:data1\" content=\"Editor General\" \/>\n\t<meta name=\"twitter:label2\" content=\"Tiempo de lectura\" \/>\n\t<meta name=\"twitter:data2\" content=\"2 minutos\" \/>\n<script type=\"application\/ld+json\" class=\"yoast-schema-graph\">{\"@context\":\"https:\/\/schema.org\",\"@graph\":[{\"@type\":\"Article\",\"@id\":\"https:\/\/luchonoticias.com\/editor\/gobierno-insiste-en-sacar-adelante-un-pacto-nacional\/#article\",\"isPartOf\":{\"@id\":\"https:\/\/luchonoticias.com\/editor\/gobierno-insiste-en-sacar-adelante-un-pacto-nacional\/\"},\"author\":{\"name\":\"Editor General\",\"@id\":\"https:\/\/luchonoticias.com\/editor\/#\/schema\/person\/29217990ddf6f14e35912b2866d591fb\"},\"headline\":\"Gobierno insiste en sacar adelante un pacto nacional\",\"datePublished\":\"2024-07-12T11:55:05+00:00\",\"mainEntityOfPage\":{\"@id\":\"https:\/\/luchonoticias.com\/editor\/gobierno-insiste-en-sacar-adelante-un-pacto-nacional\/\"},\"wordCount\":327,\"publisher\":{\"@id\":\"https:\/\/luchonoticias.com\/editor\/#\/schema\/person\/7a7fd911f58561fd056dbac7b55af9cd\"},\"image\":{\"@id\":\"https:\/\/luchonoticias.com\/editor\/gobierno-insiste-en-sacar-adelante-un-pacto-nacional\/#primaryimage\"},\"thumbnailUrl\":\"https:\/\/luchonoticias.com\/editor\/wp-content\/uploads\/2024\/07\/pacto-nacional.jpg\",\"articleSection\":[\"Actualidad\"],\"inLanguage\":\"es\"},{\"@type\":\"WebPage\",\"@id\":\"https:\/\/luchonoticias.com\/editor\/gobierno-insiste-en-sacar-adelante-un-pacto-nacional\/\",\"url\":\"https:\/\/luchonoticias.com\/editor\/gobierno-insiste-en-sacar-adelante-un-pacto-nacional\/\",\"name\":\"Gobierno insiste en sacar adelante un pacto nacional -\",\"isPartOf\":{\"@id\":\"https:\/\/luchonoticias.com\/editor\/#website\"},\"primaryImageOfPage\":{\"@id\":\"https:\/\/luchonoticias.com\/editor\/gobierno-insiste-en-sacar-adelante-un-pacto-nacional\/#primaryimage\"},\"image\":{\"@id\":\"https:\/\/luchonoticias.com\/editor\/gobierno-insiste-en-sacar-adelante-un-pacto-nacional\/#primaryimage\"},\"thumbnailUrl\":\"https:\/\/luchonoticias.com\/editor\/wp-content\/uploads\/2024\/07\/pacto-nacional.jpg\",\"datePublished\":\"2024-07-12T11:55:05+00:00\",\"description\":\"\u200b\u201cTengo que perseverar en la idea de un pacto nacional, invitando al liderazgo pol\u00edtico, social y econ\u00f3mico de la mitad de la poblaci\u00f3n que se ha opuesto al Acuerdo de Paz, a la paz ya firmada y a la que a\u00fan queda por hacer\\\", sostuvo.\",\"breadcrumb\":{\"@id\":\"https:\/\/luchonoticias.com\/editor\/gobierno-insiste-en-sacar-adelante-un-pacto-nacional\/#breadcrumb\"},\"inLanguage\":\"es\",\"potentialAction\":[{\"@type\":\"ReadAction\",\"target\":[\"https:\/\/luchonoticias.com\/editor\/gobierno-insiste-en-sacar-adelante-un-pacto-nacional\/\"]}]},{\"@type\":\"ImageObject\",\"inLanguage\":\"es\",\"@id\":\"https:\/\/luchonoticias.com\/editor\/gobierno-insiste-en-sacar-adelante-un-pacto-nacional\/#primaryimage\",\"url\":\"https:\/\/luchonoticias.com\/editor\/wp-content\/uploads\/2024\/07\/pacto-nacional.jpg\",\"contentUrl\":\"https:\/\/luchonoticias.com\/editor\/wp-content\/uploads\/2024\/07\/pacto-nacional.jpg\",\"width\":700,\"height\":400},{\"@type\":\"BreadcrumbList\",\"@id\":\"https:\/\/luchonoticias.com\/editor\/gobierno-insiste-en-sacar-adelante-un-pacto-nacional\/#breadcrumb\",\"itemListElement\":[{\"@type\":\"ListItem\",\"position\":1,\"name\":\"Portada\",\"item\":\"https:\/\/luchonoticias.com\/editor\/\"},{\"@type\":\"ListItem\",\"position\":2,\"name\":\"Gobierno insiste en sacar adelante un pacto nacional\"}]},{\"@type\":\"WebSite\",\"@id\":\"https:\/\/luchonoticias.com\/editor\/#website\",\"url\":\"https:\/\/luchonoticias.com\/editor\/\",\"name\":\"\",\"description\":\"\",\"publisher\":{\"@id\":\"https:\/\/luchonoticias.com\/editor\/#\/schema\/person\/7a7fd911f58561fd056dbac7b55af9cd\"},\"potentialAction\":[{\"@type\":\"SearchAction\",\"target\":{\"@type\":\"EntryPoint\",\"urlTemplate\":\"https:\/\/luchonoticias.com\/editor\/?s={search_term_string}\"},\"query-input\":{\"@type\":\"PropertyValueSpecification\",\"valueRequired\":true,\"valueName\":\"search_term_string\"}}],\"inLanguage\":\"es\"},{\"@type\":[\"Person\",\"Organization\"],\"@id\":\"https:\/\/luchonoticias.com\/editor\/#\/schema\/person\/7a7fd911f58561fd056dbac7b55af9cd\",\"name\":\"admin\",\"image\":{\"@type\":\"ImageObject\",\"inLanguage\":\"es\",\"@id\":\"https:\/\/luchonoticias.com\/editor\/#\/schema\/person\/image\/\",\"url\":\"https:\/\/luchonoticias.com\/editor\/wp-content\/uploads\/2024\/02\/cropped-cropped-logolu.webp\",\"contentUrl\":\"https:\/\/luchonoticias.com\/editor\/wp-content\/uploads\/2024\/02\/cropped-cropped-logolu.webp\",\"width\":382,\"height\":170,\"caption\":\"admin\"},\"logo\":{\"@id\":\"https:\/\/luchonoticias.com\/editor\/#\/schema\/person\/image\/\"},\"sameAs\":[\"https:\/\/www.facebook.com\/luchonoticiasneiva\"]},{\"@type\":\"Person\",\"@id\":\"https:\/\/luchonoticias.com\/editor\/#\/schema\/person\/29217990ddf6f14e35912b2866d591fb\",\"name\":\"Editor General\",\"image\":{\"@type\":\"ImageObject\",\"inLanguage\":\"es\",\"@id\":\"https:\/\/luchonoticias.com\/editor\/#\/schema\/person\/image\/\",\"url\":\"https:\/\/luchonoticias.com\/editor\/wp-content\/uploads\/2024\/02\/cropped-cropped-logolu-150x150.webp\",\"contentUrl\":\"https:\/\/luchonoticias.com\/editor\/wp-content\/uploads\/2024\/02\/cropped-cropped-logolu-150x150.webp\",\"caption\":\"Editor General\"},\"sameAs\":[\"https:\/\/luchonoticias.com\/\"],\"url\":\"https:\/\/luchonoticias.com\/editor\/author\/editor-general\/\"}]}<\/script>\n<!-- \/ Yoast SEO plugin. -->","yoast_head_json":{"title":"Gobierno insiste en sacar adelante un pacto nacional -","description":"\u200b\u201cTengo que perseverar en la idea de un pacto nacional, invitando al liderazgo pol\u00edtico, social y econ\u00f3mico de la mitad de la poblaci\u00f3n que se ha opuesto al Acuerdo de Paz, a la paz ya firmada y a la que a\u00fan queda por hacer\", sostuvo.","robots":{"index":"index","follow":"follow","max-snippet":"max-snippet:-1","max-image-preview":"max-image-preview:large","max-video-preview":"max-video-preview:-1"},"canonical":"https:\/\/luchonoticias.com\/editor\/gobierno-insiste-en-sacar-adelante-un-pacto-nacional\/","og_locale":"es_ES","og_type":"article","og_title":"Gobierno insiste en sacar adelante un pacto nacional -","og_description":"\u200b\u201cTengo que perseverar en la idea de un pacto nacional, invitando al liderazgo pol\u00edtico, social y econ\u00f3mico de la mitad de la poblaci\u00f3n que se ha opuesto al Acuerdo de Paz, a la paz ya firmada y a la que a\u00fan queda por hacer\", sostuvo.","og_url":"https:\/\/luchonoticias.com\/editor\/gobierno-insiste-en-sacar-adelante-un-pacto-nacional\/","article_publisher":"https:\/\/www.facebook.com\/luchonoticiasneiva","article_published_time":"2024-07-12T11:55:05+00:00","og_image":[{"width":700,"height":400,"url":"https:\/\/luchonoticias.com\/editor\/wp-content\/uploads\/2024\/07\/pacto-nacional.jpg","type":"image\/jpeg"}],"author":"Editor General","twitter_card":"summary_large_image","twitter_misc":{"Escrito por":"Editor General","Tiempo de lectura":"2 minutos"},"schema":{"@context":"https:\/\/schema.org","@graph":[{"@type":"Article","@id":"https:\/\/luchonoticias.com\/editor\/gobierno-insiste-en-sacar-adelante-un-pacto-nacional\/#article","isPartOf":{"@id":"https:\/\/luchonoticias.com\/editor\/gobierno-insiste-en-sacar-adelante-un-pacto-nacional\/"},"author":{"name":"Editor General","@id":"https:\/\/luchonoticias.com\/editor\/#\/schema\/person\/29217990ddf6f14e35912b2866d591fb"},"headline":"Gobierno insiste en sacar adelante un pacto nacional","datePublished":"2024-07-12T11:55:05+00:00","mainEntityOfPage":{"@id":"https:\/\/luchonoticias.com\/editor\/gobierno-insiste-en-sacar-adelante-un-pacto-nacional\/"},"wordCount":327,"publisher":{"@id":"https:\/\/luchonoticias.com\/editor\/#\/schema\/person\/7a7fd911f58561fd056dbac7b55af9cd"},"image":{"@id":"https:\/\/luchonoticias.com\/editor\/gobierno-insiste-en-sacar-adelante-un-pacto-nacional\/#primaryimage"},"thumbnailUrl":"https:\/\/luchonoticias.com\/editor\/wp-content\/uploads\/2024\/07\/pacto-nacional.jpg","articleSection":["Actualidad"],"inLanguage":"es"},{"@type":"WebPage","@id":"https:\/\/luchonoticias.com\/editor\/gobierno-insiste-en-sacar-adelante-un-pacto-nacional\/","url":"https:\/\/luchonoticias.com\/editor\/gobierno-insiste-en-sacar-adelante-un-pacto-nacional\/","name":"Gobierno insiste en sacar adelante un pacto nacional -","isPartOf":{"@id":"https:\/\/luchonoticias.com\/editor\/#website"},"primaryImageOfPage":{"@id":"https:\/\/luchonoticias.com\/editor\/gobierno-insiste-en-sacar-adelante-un-pacto-nacional\/#primaryimage"},"image":{"@id":"https:\/\/luchonoticias.com\/editor\/gobierno-insiste-en-sacar-adelante-un-pacto-nacional\/#primaryimage"},"thumbnailUrl":"https:\/\/luchonoticias.com\/editor\/wp-content\/uploads\/2024\/07\/pacto-nacional.jpg","datePublished":"2024-07-12T11:55:05+00:00","description":"\u200b\u201cTengo que perseverar en la idea de un pacto nacional, invitando al liderazgo pol\u00edtico, social y econ\u00f3mico de la mitad de la poblaci\u00f3n que se ha opuesto al Acuerdo de Paz, a la paz ya firmada y a la que a\u00fan queda por hacer\", sostuvo.","breadcrumb":{"@id":"https:\/\/luchonoticias.com\/editor\/gobierno-insiste-en-sacar-adelante-un-pacto-nacional\/#breadcrumb"},"inLanguage":"es","potentialAction":[{"@type":"ReadAction","target":["https:\/\/luchonoticias.com\/editor\/gobierno-insiste-en-sacar-adelante-un-pacto-nacional\/"]}]},{"@type":"ImageObject","inLanguage":"es","@id":"https:\/\/luchonoticias.com\/editor\/gobierno-insiste-en-sacar-adelante-un-pacto-nacional\/#primaryimage","url":"https:\/\/luchonoticias.com\/editor\/wp-content\/uploads\/2024\/07\/pacto-nacional.jpg","contentUrl":"https:\/\/luchonoticias.com\/editor\/wp-content\/uploads\/2024\/07\/pacto-nacional.jpg","width":700,"height":400},{"@type":"BreadcrumbList","@id":"https:\/\/luchonoticias.com\/editor\/gobierno-insiste-en-sacar-adelante-un-pacto-nacional\/#breadcrumb","itemListElement":[{"@type":"ListItem","position":1,"name":"Portada","item":"https:\/\/luchonoticias.com\/editor\/"},{"@type":"ListItem","position":2,"name":"Gobierno insiste en sacar adelante un pacto nacional"}]},{"@type":"WebSite","@id":"https:\/\/luchonoticias.com\/editor\/#website","url":"https:\/\/luchonoticias.com\/editor\/","name":"","description":"","publisher":{"@id":"https:\/\/luchonoticias.com\/editor\/#\/schema\/person\/7a7fd911f58561fd056dbac7b55af9cd"},"potentialAction":[{"@type":"SearchAction","target":{"@type":"EntryPoint","urlTemplate":"https:\/\/luchonoticias.com\/editor\/?s={search_term_string}"},"query-input":{"@type":"PropertyValueSpecification","valueRequired":true,"valueName":"search_term_string"}}],"inLanguage":"es"},{"@type":["Person","Organization"],"@id":"https:\/\/luchonoticias.com\/editor\/#\/schema\/person\/7a7fd911f58561fd056dbac7b55af9cd","name":"admin","image":{"@type":"ImageObject","inLanguage":"es","@id":"https:\/\/luchonoticias.com\/editor\/#\/schema\/person\/image\/","url":"https:\/\/luchonoticias.com\/editor\/wp-content\/uploads\/2024\/02\/cropped-cropped-logolu.webp","contentUrl":"https:\/\/luchonoticias.com\/editor\/wp-content\/uploads\/2024\/02\/cropped-cropped-logolu.webp","width":382,"height":170,"caption":"admin"},"logo":{"@id":"https:\/\/luchonoticias.com\/editor\/#\/schema\/person\/image\/"},"sameAs":["https:\/\/www.facebook.com\/luchonoticiasneiva"]},{"@type":"Person","@id":"https:\/\/luchonoticias.com\/editor\/#\/schema\/person\/29217990ddf6f14e35912b2866d591fb","name":"Editor General","image":{"@type":"ImageObject","inLanguage":"es","@id":"https:\/\/luchonoticias.com\/editor\/#\/schema\/person\/image\/","url":"https:\/\/luchonoticias.com\/editor\/wp-content\/uploads\/2024\/02\/cropped-cropped-logolu-150x150.webp","contentUrl":"https:\/\/luchonoticias.com\/editor\/wp-content\/uploads\/2024\/02\/cropped-cropped-logolu-150x150.webp","caption":"Editor General"},"sameAs":["https:\/\/luchonoticias.com\/"],"url":"https:\/\/luchonoticias.com\/editor\/author\/editor-general\/"}]}},"_links":{"self":[{"href":"https:\/\/luchonoticias.com\/editor\/wp-json\/wp\/v2\/posts\/74901","targetHints":{"allow":["GET"]}}],"collection":[{"href":"https:\/\/luchonoticias.com\/editor\/wp-json\/wp\/v2\/posts"}],"about":[{"href":"https:\/\/luchonoticias.com\/editor\/wp-json\/wp\/v2\/types\/post"}],"author":[{"embeddable":true,"href":"https:\/\/luchonoticias.com\/editor\/wp-json\/wp\/v2\/users\/2"}],"replies":[{"embeddable":true,"href":"https:\/\/luchonoticias.com\/editor\/wp-json\/wp\/v2\/comments?post=74901"}],"version-history":[{"count":1,"href":"https:\/\/luchonoticias.com\/editor\/wp-json\/wp\/v2\/posts\/74901\/revisions"}],"predecessor-version":[{"id":74903,"href":"https:\/\/luchonoticias.com\/editor\/wp-json\/wp\/v2\/posts\/74901\/revisions\/74903"}],"wp:featuredmedia":[{"embeddable":true,"href":"https:\/\/luchonoticias.com\/editor\/wp-json\/wp\/v2\/media\/74902"}],"wp:attachment":[{"href":"https:\/\/luchonoticias.com\/editor\/wp-json\/wp\/v2\/media?parent=74901"}],"wp:term":[{"taxonomy":"category","embeddable":true,"href":"https:\/\/luchonoticias.com\/editor\/wp-json\/wp\/v2\/categories?post=74901"},{"taxonomy":"post_tag","embeddable":true,"href":"https:\/\/luchonoticias.com\/editor\/wp-json\/wp\/v2\/tags?post=74901"}],"curies":[{"name":"wp","href":"https:\/\/api.w.org\/{rel}","templated":true}]}}