{"id":74904,"date":"2024-07-12T07:06:56","date_gmt":"2024-07-12T12:06:56","guid":{"rendered":"https:\/\/luchonoticias.com\/?p=74904"},"modified":"2024-07-12T07:06:56","modified_gmt":"2024-07-12T12:06:56","slug":"mas-acuerdos-para-acelerar-la-reforma-agraria","status":"publish","type":"post","link":"https:\/\/luchonoticias.com\/editor\/mas-acuerdos-para-acelerar-la-reforma-agraria\/","title":{"rendered":"M\u00e1s acuerdos para acelerar la reforma agraria"},"content":{"rendered":"<div>Luego de tres d\u00edas de di\u00e1logos y concertaci\u00f3n constructiva entre delegados del Gobierno y la Agenda Nacional Campesina, en cabeza de los ministerios de Agricultura y Desarrollo Rural e Interior, se lograron acuerdos en 31 puntos clave que permitir\u00e1n continuar con la ruta de implementaci\u00f3n de la Reforma Agraria y la Reforma Rural Integral. Con este gran acuerdo se ratifica que el movimiento campesino colombiano y el Gobierno del Cambio cuentan con la voluntad pol\u00edtica y capacidad t\u00e9cnica para seguir labrando el camino que llevar\u00e1 a que Colombia implemente una Reforma Agraria que brinde mejores condiciones de vida y dignidad al campesinado.<\/div>\n<div><\/div>\n<div>Uno de los puntos est\u00e1 a cargo de los ministerios de Agricultura y Ambiente, que iniciar\u00e1n el proceso de estudios y materializaci\u00f3n de sustracci\u00f3n de Ley Segunda para Zonas de Reserva Campesina. Es decir, se modificar\u00eda el decreto 1777 de 1996 para constituir Zonas de Reserva Campesina en \u00e1reas de reservas forestales.<\/div>\n<div><\/div>\n<div>Por su parte, la Agencia Nacional de Tierras priorizar\u00e1 el presupuesto para facilitar el acceso a tierras, logrando la compra de un piso de 18.000 hect\u00e1reas para la vigencia 2024.<\/div>\n<div><\/div>\n<div>En lo que respecta a la Agencia de Desarrollo Rural, se acordaron acciones centradas en la reactivaci\u00f3n econ\u00f3mica, la ampliaci\u00f3n de proyectos de mercados campesinos, proyectos productivos, comercializaci\u00f3n y la cofinanciaci\u00f3n de proyectos sostenibles para las y los campesinos adjudicatarios de predios de la Agencia Nacional de Tierras.<\/div>\n<div><\/div>\n<div>Se acord\u00f3, adem\u00e1s, que el Ministerio del Interior y el Departamento Nacional de Planeaci\u00f3n realizar\u00e1n una mesa de trabajo para revisar el presupuesto de 2025 con el prop\u00f3sito de garantizar esa cofinanciaci\u00f3n de proyectos productivos y agroindustriales de las organizaciones de la Agenda Nacional Campesina.<\/div>\n<div><\/div>\n<div>Por su parte, la Unidad de Restituci\u00f3n de Tierras, el Ministerio de Justicia y la Direcci\u00f3n de Sustituci\u00f3n de Cultivos Il\u00edcitos concretar\u00e1n la ruta de un programa piloto de sustituci\u00f3n de los cultivos de coca en el sur de Bol\u00edvar.<\/div>\n<div><\/div>\n<div>Cabe recordar que esta mesa fue integrada por delegados de los Ministerios de Agricultura, Interior, Ambiente, Vivienda y Educaci\u00f3n. Tambi\u00e9n hicieron parte representantes del Departamento Administrativo de la Presidencia de la Rep\u00fablica, Agencia de Desarrollo Rural, Agencia Nacional de Tierras, Instituto Colombiano Agropecuario, Unidad de Restituci\u00f3n de Tierras, Direcci\u00f3n de Sustituci\u00f3n de Cultivos Il\u00edcitos, Departamento Nacional de Planeaci\u00f3n y Sociedad de Activos Especiales.<\/div>\n<div><\/div>\n","protected":false},"excerpt":{"rendered":"<p>Junto con las organizaciones campesinas se concertaron puntos clave en torno a tierras, proyectos productivos y reactivaci\u00f3n econ\u00f3mica para que la Reforma Agraria del Gobierno del Cambio siga avanzando.<\/p>\n","protected":false},"author":2,"featured_media":74905,"comment_status":"closed","ping_status":"open","sticky":false,"template":"","format":"standard","meta":{"footnotes":""},"categories":[28],"tags":[],"class_list":["post-74904","post","type-post","status-publish","format-standard","has-post-thumbnail","hentry","category-actualidad"],"yoast_head":"<!-- This site is optimized with the Yoast SEO plugin v26.6 - https:\/\/yoast.com\/wordpress\/plugins\/seo\/ -->\n<title>M\u00e1s acuerdos para acelerar la reforma agraria -<\/title>\n<meta name=\"description\" content=\"Junto con las organizaciones campesinas se concertaron puntos clave en torno a tierras, proyectos productivos y reactivaci\u00f3n econ\u00f3mica para que la Reforma Agraria del Gobierno del Cambio siga avanzando.\" \/>\n<meta name=\"robots\" content=\"index, follow, max-snippet:-1, max-image-preview:large, max-video-preview:-1\" \/>\n<link rel=\"canonical\" href=\"https:\/\/luchonoticias.com\/editor\/mas-acuerdos-para-acelerar-la-reforma-agraria\/\" \/>\n<meta property=\"og:locale\" content=\"es_ES\" \/>\n<meta property=\"og:type\" content=\"article\" \/>\n<meta property=\"og:title\" content=\"M\u00e1s acuerdos para acelerar la reforma agraria -\" \/>\n<meta property=\"og:description\" content=\"Junto con las organizaciones campesinas se concertaron puntos clave en torno a tierras, proyectos productivos y reactivaci\u00f3n econ\u00f3mica para que la Reforma Agraria del Gobierno del Cambio siga avanzando.\" \/>\n<meta property=\"og:url\" content=\"https:\/\/luchonoticias.com\/editor\/mas-acuerdos-para-acelerar-la-reforma-agraria\/\" \/>\n<meta property=\"article:publisher\" content=\"https:\/\/www.facebook.com\/luchonoticiasneiva\" \/>\n<meta property=\"article:published_time\" content=\"2024-07-12T12:06:56+00:00\" \/>\n<meta property=\"og:image\" content=\"https:\/\/luchonoticias.com\/editor\/wp-content\/uploads\/2024\/07\/campo-1.jpg\" \/>\n\t<meta property=\"og:image:width\" content=\"700\" \/>\n\t<meta property=\"og:image:height\" content=\"400\" \/>\n\t<meta property=\"og:image:type\" content=\"image\/jpeg\" \/>\n<meta name=\"author\" content=\"Editor General\" \/>\n<meta name=\"twitter:card\" content=\"summary_large_image\" \/>\n<meta name=\"twitter:label1\" content=\"Escrito por\" \/>\n\t<meta name=\"twitter:data1\" content=\"Editor General\" \/>\n\t<meta name=\"twitter:label2\" content=\"Tiempo de lectura\" \/>\n\t<meta name=\"twitter:data2\" content=\"2 minutos\" \/>\n<script type=\"application\/ld+json\" class=\"yoast-schema-graph\">{\"@context\":\"https:\/\/schema.org\",\"@graph\":[{\"@type\":\"Article\",\"@id\":\"https:\/\/luchonoticias.com\/editor\/mas-acuerdos-para-acelerar-la-reforma-agraria\/#article\",\"isPartOf\":{\"@id\":\"https:\/\/luchonoticias.com\/editor\/mas-acuerdos-para-acelerar-la-reforma-agraria\/\"},\"author\":{\"name\":\"Editor General\",\"@id\":\"https:\/\/luchonoticias.com\/editor\/#\/schema\/person\/29217990ddf6f14e35912b2866d591fb\"},\"headline\":\"M\u00e1s acuerdos para acelerar la reforma agraria\",\"datePublished\":\"2024-07-12T12:06:56+00:00\",\"mainEntityOfPage\":{\"@id\":\"https:\/\/luchonoticias.com\/editor\/mas-acuerdos-para-acelerar-la-reforma-agraria\/\"},\"wordCount\":419,\"publisher\":{\"@id\":\"https:\/\/luchonoticias.com\/editor\/#\/schema\/person\/7a7fd911f58561fd056dbac7b55af9cd\"},\"image\":{\"@id\":\"https:\/\/luchonoticias.com\/editor\/mas-acuerdos-para-acelerar-la-reforma-agraria\/#primaryimage\"},\"thumbnailUrl\":\"https:\/\/luchonoticias.com\/editor\/wp-content\/uploads\/2024\/07\/campo-1.jpg\",\"articleSection\":[\"Actualidad\"],\"inLanguage\":\"es\"},{\"@type\":\"WebPage\",\"@id\":\"https:\/\/luchonoticias.com\/editor\/mas-acuerdos-para-acelerar-la-reforma-agraria\/\",\"url\":\"https:\/\/luchonoticias.com\/editor\/mas-acuerdos-para-acelerar-la-reforma-agraria\/\",\"name\":\"M\u00e1s acuerdos para acelerar la reforma agraria -\",\"isPartOf\":{\"@id\":\"https:\/\/luchonoticias.com\/editor\/#website\"},\"primaryImageOfPage\":{\"@id\":\"https:\/\/luchonoticias.com\/editor\/mas-acuerdos-para-acelerar-la-reforma-agraria\/#primaryimage\"},\"image\":{\"@id\":\"https:\/\/luchonoticias.com\/editor\/mas-acuerdos-para-acelerar-la-reforma-agraria\/#primaryimage\"},\"thumbnailUrl\":\"https:\/\/luchonoticias.com\/editor\/wp-content\/uploads\/2024\/07\/campo-1.jpg\",\"datePublished\":\"2024-07-12T12:06:56+00:00\",\"description\":\"Junto con las organizaciones campesinas se concertaron puntos clave en torno a tierras, proyectos productivos y reactivaci\u00f3n econ\u00f3mica para que la Reforma Agraria del Gobierno del Cambio siga avanzando.\",\"breadcrumb\":{\"@id\":\"https:\/\/luchonoticias.com\/editor\/mas-acuerdos-para-acelerar-la-reforma-agraria\/#breadcrumb\"},\"inLanguage\":\"es\",\"potentialAction\":[{\"@type\":\"ReadAction\",\"target\":[\"https:\/\/luchonoticias.com\/editor\/mas-acuerdos-para-acelerar-la-reforma-agraria\/\"]}]},{\"@type\":\"ImageObject\",\"inLanguage\":\"es\",\"@id\":\"https:\/\/luchonoticias.com\/editor\/mas-acuerdos-para-acelerar-la-reforma-agraria\/#primaryimage\",\"url\":\"https:\/\/luchonoticias.com\/editor\/wp-content\/uploads\/2024\/07\/campo-1.jpg\",\"contentUrl\":\"https:\/\/luchonoticias.com\/editor\/wp-content\/uploads\/2024\/07\/campo-1.jpg\",\"width\":700,\"height\":400},{\"@type\":\"BreadcrumbList\",\"@id\":\"https:\/\/luchonoticias.com\/editor\/mas-acuerdos-para-acelerar-la-reforma-agraria\/#breadcrumb\",\"itemListElement\":[{\"@type\":\"ListItem\",\"position\":1,\"name\":\"Portada\",\"item\":\"https:\/\/luchonoticias.com\/editor\/\"},{\"@type\":\"ListItem\",\"position\":2,\"name\":\"M\u00e1s acuerdos para acelerar la reforma agraria\"}]},{\"@type\":\"WebSite\",\"@id\":\"https:\/\/luchonoticias.com\/editor\/#website\",\"url\":\"https:\/\/luchonoticias.com\/editor\/\",\"name\":\"\",\"description\":\"\",\"publisher\":{\"@id\":\"https:\/\/luchonoticias.com\/editor\/#\/schema\/person\/7a7fd911f58561fd056dbac7b55af9cd\"},\"potentialAction\":[{\"@type\":\"SearchAction\",\"target\":{\"@type\":\"EntryPoint\",\"urlTemplate\":\"https:\/\/luchonoticias.com\/editor\/?s={search_term_string}\"},\"query-input\":{\"@type\":\"PropertyValueSpecification\",\"valueRequired\":true,\"valueName\":\"search_term_string\"}}],\"inLanguage\":\"es\"},{\"@type\":[\"Person\",\"Organization\"],\"@id\":\"https:\/\/luchonoticias.com\/editor\/#\/schema\/person\/7a7fd911f58561fd056dbac7b55af9cd\",\"name\":\"admin\",\"image\":{\"@type\":\"ImageObject\",\"inLanguage\":\"es\",\"@id\":\"https:\/\/luchonoticias.com\/editor\/#\/schema\/person\/image\/\",\"url\":\"https:\/\/luchonoticias.com\/editor\/wp-content\/uploads\/2024\/02\/cropped-cropped-logolu.webp\",\"contentUrl\":\"https:\/\/luchonoticias.com\/editor\/wp-content\/uploads\/2024\/02\/cropped-cropped-logolu.webp\",\"width\":382,\"height\":170,\"caption\":\"admin\"},\"logo\":{\"@id\":\"https:\/\/luchonoticias.com\/editor\/#\/schema\/person\/image\/\"},\"sameAs\":[\"https:\/\/www.facebook.com\/luchonoticiasneiva\"]},{\"@type\":\"Person\",\"@id\":\"https:\/\/luchonoticias.com\/editor\/#\/schema\/person\/29217990ddf6f14e35912b2866d591fb\",\"name\":\"Editor General\",\"image\":{\"@type\":\"ImageObject\",\"inLanguage\":\"es\",\"@id\":\"https:\/\/luchonoticias.com\/editor\/#\/schema\/person\/image\/\",\"url\":\"https:\/\/luchonoticias.com\/editor\/wp-content\/uploads\/2024\/02\/cropped-cropped-logolu-150x150.webp\",\"contentUrl\":\"https:\/\/luchonoticias.com\/editor\/wp-content\/uploads\/2024\/02\/cropped-cropped-logolu-150x150.webp\",\"caption\":\"Editor General\"},\"sameAs\":[\"https:\/\/luchonoticias.com\/\"],\"url\":\"https:\/\/luchonoticias.com\/editor\/author\/editor-general\/\"}]}<\/script>\n<!-- \/ Yoast SEO plugin. -->","yoast_head_json":{"title":"M\u00e1s acuerdos para acelerar la reforma agraria -","description":"Junto con las organizaciones campesinas se concertaron puntos clave en torno a tierras, proyectos productivos y reactivaci\u00f3n econ\u00f3mica para que la Reforma Agraria del Gobierno del Cambio siga avanzando.","robots":{"index":"index","follow":"follow","max-snippet":"max-snippet:-1","max-image-preview":"max-image-preview:large","max-video-preview":"max-video-preview:-1"},"canonical":"https:\/\/luchonoticias.com\/editor\/mas-acuerdos-para-acelerar-la-reforma-agraria\/","og_locale":"es_ES","og_type":"article","og_title":"M\u00e1s acuerdos para acelerar la reforma agraria -","og_description":"Junto con las organizaciones campesinas se concertaron puntos clave en torno a tierras, proyectos productivos y reactivaci\u00f3n econ\u00f3mica para que la Reforma Agraria del Gobierno del Cambio siga avanzando.","og_url":"https:\/\/luchonoticias.com\/editor\/mas-acuerdos-para-acelerar-la-reforma-agraria\/","article_publisher":"https:\/\/www.facebook.com\/luchonoticiasneiva","article_published_time":"2024-07-12T12:06:56+00:00","og_image":[{"width":700,"height":400,"url":"https:\/\/luchonoticias.com\/editor\/wp-content\/uploads\/2024\/07\/campo-1.jpg","type":"image\/jpeg"}],"author":"Editor General","twitter_card":"summary_large_image","twitter_misc":{"Escrito por":"Editor General","Tiempo de lectura":"2 minutos"},"schema":{"@context":"https:\/\/schema.org","@graph":[{"@type":"Article","@id":"https:\/\/luchonoticias.com\/editor\/mas-acuerdos-para-acelerar-la-reforma-agraria\/#article","isPartOf":{"@id":"https:\/\/luchonoticias.com\/editor\/mas-acuerdos-para-acelerar-la-reforma-agraria\/"},"author":{"name":"Editor General","@id":"https:\/\/luchonoticias.com\/editor\/#\/schema\/person\/29217990ddf6f14e35912b2866d591fb"},"headline":"M\u00e1s acuerdos para acelerar la reforma agraria","datePublished":"2024-07-12T12:06:56+00:00","mainEntityOfPage":{"@id":"https:\/\/luchonoticias.com\/editor\/mas-acuerdos-para-acelerar-la-reforma-agraria\/"},"wordCount":419,"publisher":{"@id":"https:\/\/luchonoticias.com\/editor\/#\/schema\/person\/7a7fd911f58561fd056dbac7b55af9cd"},"image":{"@id":"https:\/\/luchonoticias.com\/editor\/mas-acuerdos-para-acelerar-la-reforma-agraria\/#primaryimage"},"thumbnailUrl":"https:\/\/luchonoticias.com\/editor\/wp-content\/uploads\/2024\/07\/campo-1.jpg","articleSection":["Actualidad"],"inLanguage":"es"},{"@type":"WebPage","@id":"https:\/\/luchonoticias.com\/editor\/mas-acuerdos-para-acelerar-la-reforma-agraria\/","url":"https:\/\/luchonoticias.com\/editor\/mas-acuerdos-para-acelerar-la-reforma-agraria\/","name":"M\u00e1s acuerdos para acelerar la reforma agraria -","isPartOf":{"@id":"https:\/\/luchonoticias.com\/editor\/#website"},"primaryImageOfPage":{"@id":"https:\/\/luchonoticias.com\/editor\/mas-acuerdos-para-acelerar-la-reforma-agraria\/#primaryimage"},"image":{"@id":"https:\/\/luchonoticias.com\/editor\/mas-acuerdos-para-acelerar-la-reforma-agraria\/#primaryimage"},"thumbnailUrl":"https:\/\/luchonoticias.com\/editor\/wp-content\/uploads\/2024\/07\/campo-1.jpg","datePublished":"2024-07-12T12:06:56+00:00","description":"Junto con las organizaciones campesinas se concertaron puntos clave en torno a tierras, proyectos productivos y reactivaci\u00f3n econ\u00f3mica para que la Reforma Agraria del Gobierno del Cambio siga avanzando.","breadcrumb":{"@id":"https:\/\/luchonoticias.com\/editor\/mas-acuerdos-para-acelerar-la-reforma-agraria\/#breadcrumb"},"inLanguage":"es","potentialAction":[{"@type":"ReadAction","target":["https:\/\/luchonoticias.com\/editor\/mas-acuerdos-para-acelerar-la-reforma-agraria\/"]}]},{"@type":"ImageObject","inLanguage":"es","@id":"https:\/\/luchonoticias.com\/editor\/mas-acuerdos-para-acelerar-la-reforma-agraria\/#primaryimage","url":"https:\/\/luchonoticias.com\/editor\/wp-content\/uploads\/2024\/07\/campo-1.jpg","contentUrl":"https:\/\/luchonoticias.com\/editor\/wp-content\/uploads\/2024\/07\/campo-1.jpg","width":700,"height":400},{"@type":"BreadcrumbList","@id":"https:\/\/luchonoticias.com\/editor\/mas-acuerdos-para-acelerar-la-reforma-agraria\/#breadcrumb","itemListElement":[{"@type":"ListItem","position":1,"name":"Portada","item":"https:\/\/luchonoticias.com\/editor\/"},{"@type":"ListItem","position":2,"name":"M\u00e1s acuerdos para acelerar la reforma agraria"}]},{"@type":"WebSite","@id":"https:\/\/luchonoticias.com\/editor\/#website","url":"https:\/\/luchonoticias.com\/editor\/","name":"","description":"","publisher":{"@id":"https:\/\/luchonoticias.com\/editor\/#\/schema\/person\/7a7fd911f58561fd056dbac7b55af9cd"},"potentialAction":[{"@type":"SearchAction","target":{"@type":"EntryPoint","urlTemplate":"https:\/\/luchonoticias.com\/editor\/?s={search_term_string}"},"query-input":{"@type":"PropertyValueSpecification","valueRequired":true,"valueName":"search_term_string"}}],"inLanguage":"es"},{"@type":["Person","Organization"],"@id":"https:\/\/luchonoticias.com\/editor\/#\/schema\/person\/7a7fd911f58561fd056dbac7b55af9cd","name":"admin","image":{"@type":"ImageObject","inLanguage":"es","@id":"https:\/\/luchonoticias.com\/editor\/#\/schema\/person\/image\/","url":"https:\/\/luchonoticias.com\/editor\/wp-content\/uploads\/2024\/02\/cropped-cropped-logolu.webp","contentUrl":"https:\/\/luchonoticias.com\/editor\/wp-content\/uploads\/2024\/02\/cropped-cropped-logolu.webp","width":382,"height":170,"caption":"admin"},"logo":{"@id":"https:\/\/luchonoticias.com\/editor\/#\/schema\/person\/image\/"},"sameAs":["https:\/\/www.facebook.com\/luchonoticiasneiva"]},{"@type":"Person","@id":"https:\/\/luchonoticias.com\/editor\/#\/schema\/person\/29217990ddf6f14e35912b2866d591fb","name":"Editor General","image":{"@type":"ImageObject","inLanguage":"es","@id":"https:\/\/luchonoticias.com\/editor\/#\/schema\/person\/image\/","url":"https:\/\/luchonoticias.com\/editor\/wp-content\/uploads\/2024\/02\/cropped-cropped-logolu-150x150.webp","contentUrl":"https:\/\/luchonoticias.com\/editor\/wp-content\/uploads\/2024\/02\/cropped-cropped-logolu-150x150.webp","caption":"Editor General"},"sameAs":["https:\/\/luchonoticias.com\/"],"url":"https:\/\/luchonoticias.com\/editor\/author\/editor-general\/"}]}},"_links":{"self":[{"href":"https:\/\/luchonoticias.com\/editor\/wp-json\/wp\/v2\/posts\/74904","targetHints":{"allow":["GET"]}}],"collection":[{"href":"https:\/\/luchonoticias.com\/editor\/wp-json\/wp\/v2\/posts"}],"about":[{"href":"https:\/\/luchonoticias.com\/editor\/wp-json\/wp\/v2\/types\/post"}],"author":[{"embeddable":true,"href":"https:\/\/luchonoticias.com\/editor\/wp-json\/wp\/v2\/users\/2"}],"replies":[{"embeddable":true,"href":"https:\/\/luchonoticias.com\/editor\/wp-json\/wp\/v2\/comments?post=74904"}],"version-history":[{"count":1,"href":"https:\/\/luchonoticias.com\/editor\/wp-json\/wp\/v2\/posts\/74904\/revisions"}],"predecessor-version":[{"id":74906,"href":"https:\/\/luchonoticias.com\/editor\/wp-json\/wp\/v2\/posts\/74904\/revisions\/74906"}],"wp:featuredmedia":[{"embeddable":true,"href":"https:\/\/luchonoticias.com\/editor\/wp-json\/wp\/v2\/media\/74905"}],"wp:attachment":[{"href":"https:\/\/luchonoticias.com\/editor\/wp-json\/wp\/v2\/media?parent=74904"}],"wp:term":[{"taxonomy":"category","embeddable":true,"href":"https:\/\/luchonoticias.com\/editor\/wp-json\/wp\/v2\/categories?post=74904"},{"taxonomy":"post_tag","embeddable":true,"href":"https:\/\/luchonoticias.com\/editor\/wp-json\/wp\/v2\/tags?post=74904"}],"curies":[{"name":"wp","href":"https:\/\/api.w.org\/{rel}","templated":true}]}}